{"id":1146,"date":"2020-08-25T10:44:33","date_gmt":"2020-08-25T10:44:33","guid":{"rendered":"https:\/\/www.nautaran.org\/el-ayuntamiento-de-naut-aran-instala-dos-cubiertas-de-proteccion-solar-en-la-guarderia-eth-cargolh-de-tredos\/"},"modified":"2020-08-25T10:58:41","modified_gmt":"2020-08-25T10:58:41","slug":"el-ayuntamiento-de-naut-aran-instala-dos-cubiertas-de-proteccion-solar-en-la-guarderia-eth-cargolh-de-tredos","status":"publish","type":"post","link":"https:\/\/www.nautaran.org\/ca\/noticies\/el-ayuntamiento-de-naut-aran-instala-dos-cubiertas-de-proteccion-solar-en-la-guarderia-eth-cargolh-de-tredos\/","title":{"rendered":"L&#8217;ajuntament de Naut Aran instal\u00b7la dues cobertes de protecci\u00f3 solar a l&#8217;escola bressol &#8220;Eth Cargolh&#8221; de Tred\u00f2s"},"content":{"rendered":"<p>L&#8217;Ajuntament de Naut Aran ha instal\u00b7lat dues cobertes de protecci\u00f3 solar a l&#8217;escola bressol &#8220;Eth Cargolh&#8221; de Tred\u00f2s. Aquestes, cobriran 60 metres quadrats d&#8217;extensi\u00f3 del pati exterior del centre educatiu situat en el nostre municipi.<\/p>\n<p>En total, s&#8217;han destinat 9500 euros entre aquests dos elements que serviran per protegir als petits nens i nenes dels rajos del sol als moments en qu\u00e8 faci molta calor, aix\u00ed com facilitar el treball als educadors.<\/p>\n<p><img loading=\"lazy\" decoding=\"async\" class=\"aligncenter size-full wp-image-1138\" src=\"https:\/\/www.nautaran.org\/wp-content\/uploads\/2020\/08\/IMG_5556.jpg\" alt=\"\" width=\"4032\" height=\"3024\" srcset=\"https:\/\/www.nautaran.org\/wp-content\/uploads\/2020\/08\/IMG_5556.jpg 4032w, https:\/\/www.nautaran.org\/wp-content\/uploads\/2020\/08\/IMG_5556-1280x960.jpg 1280w, https:\/\/www.nautaran.org\/wp-content\/uploads\/2020\/08\/IMG_5556-980x735.jpg 980w, https:\/\/www.nautaran.org\/wp-content\/uploads\/2020\/08\/IMG_5556-480x360.jpg 480w\" sizes=\"auto, (min-width: 0px) and (max-width: 480px) 480px, (min-width: 481px) and (max-width: 980px) 980px, (min-width: 981px) and (max-width: 1280px) 1280px, (min-width: 1281px) 4032px, 100vw\" \/><\/p>\n<p>L&#8217;alcalde de l&#8217;Ajuntament de Naut Aran, Cesar Ruiz-Canela Nieto, considera que &#8220;\u00e9s fonamental protegir als m\u00e9s petits de l&#8217;exposici\u00f3 al sol, i amb aquesta mesura creiem que ho haurem aconseguit&#8221;<\/p>\n","protected":false},"excerpt":{"rendered":"<p>L&#8217;Ajuntament de Naut Aran ha instal\u00b7lat dues cobertes de protecci\u00f3 solar a l&#8217;escola bressol &#8220;Eth Cargolh&#8221; de Tred\u00f2s. Aquestes, cobriran 60 metres quadrats d&#8217;extensi\u00f3 del pati exterior del centre educatiu situat en el nostre municipi. En total, s&#8217;han destinat 9500 euros entre aquests dos elements que serviran per protegir als petits nens i nenes dels [&hellip;]<\/p>\n","protected":false},"author":4,"featured_media":1143,"comment_status":"closed","ping_status":"closed","sticky":false,"template":"","format":"standard","meta":{"_acf_changed":false,"_et_pb_use_builder":"","_et_pb_old_content":"","_et_gb_content_width":"","footnotes":""},"categories":[32,35],"tags":[],"class_list":["post-1146","post","type-post","status-publish","format-standard","has-post-thumbnail","hentry","category-noticies","category-accio-social"],"acf":[],"yoast_head":"<!-- This site is optimized with the Yoast SEO plugin v26.8 - https:\/\/yoast.com\/product\/yoast-seo-wordpress\/ -->\n<title>L&#039;ajuntament de Naut Aran instal\u00b7la dues cobertes de protecci\u00f3 solar a l&#039;escola bressol &quot;Eth Cargolh&quot; de Tred\u00f2s - Ajuntament de Naut Aran<\/title>\n<meta name=\"robots\" content=\"index, follow, max-snippet:-1, max-image-preview:large, max-video-preview:-1\" \/>\n<link rel=\"canonical\" href=\"https:\/\/www.nautaran.org\/ca\/noticies\/el-ayuntamiento-de-naut-aran-instala-dos-cubiertas-de-proteccion-solar-en-la-guarderia-eth-cargolh-de-tredos\/\" \/>\n<meta property=\"og:locale\" content=\"ca_ES\" \/>\n<meta property=\"og:type\" content=\"article\" \/>\n<meta property=\"og:title\" content=\"L&#039;ajuntament de Naut Aran instal\u00b7la dues cobertes de protecci\u00f3 solar a l&#039;escola bressol &quot;Eth Cargolh&quot; de Tred\u00f2s - Ajuntament de Naut Aran\" \/>\n<meta property=\"og:description\" content=\"L&#8217;Ajuntament de Naut Aran ha instal\u00b7lat dues cobertes de protecci\u00f3 solar a l&#8217;escola bressol &#8220;Eth Cargolh&#8221; de Tred\u00f2s. Aquestes, cobriran 60 metres quadrats d&#8217;extensi\u00f3 del pati exterior del centre educatiu situat en el nostre municipi. En total, s&#8217;han destinat 9500 euros entre aquests dos elements que serviran per protegir als petits nens i nenes dels [&hellip;]\" \/>\n<meta property=\"og:url\" content=\"https:\/\/www.nautaran.org\/ca\/noticies\/el-ayuntamiento-de-naut-aran-instala-dos-cubiertas-de-proteccion-solar-en-la-guarderia-eth-cargolh-de-tredos\/\" \/>\n<meta property=\"og:site_name\" content=\"Ajuntament de Naut Aran\" \/>\n<meta property=\"article:published_time\" content=\"2020-08-25T10:44:33+00:00\" \/>\n<meta property=\"article:modified_time\" content=\"2020-08-25T10:58:41+00:00\" \/>\n<meta property=\"og:image\" content=\"https:\/\/www.nautaran.org\/wp-content\/uploads\/2020\/08\/IMG_5557-1024x768.jpg\" \/>\n\t<meta property=\"og:image:width\" content=\"1024\" \/>\n\t<meta property=\"og:image:height\" content=\"768\" \/>\n\t<meta property=\"og:image:type\" content=\"image\/jpeg\" \/>\n<meta name=\"author\" content=\"nautaran\" \/>\n<meta name=\"twitter:card\" content=\"summary_large_image\" \/>\n<meta name=\"twitter:label1\" content=\"Written by\" \/>\n\t<meta name=\"twitter:data1\" content=\"nautaran\" \/>\n\t<meta name=\"twitter:label2\" content=\"Est. reading time\" \/>\n\t<meta name=\"twitter:data2\" content=\"1 minute\" \/>\n<script type=\"application\/ld+json\" class=\"yoast-schema-graph\">{\"@context\":\"https:\/\/schema.org\",\"@graph\":[{\"@type\":\"Article\",\"@id\":\"https:\/\/www.nautaran.org\/ca\/noticies\/el-ayuntamiento-de-naut-aran-instala-dos-cubiertas-de-proteccion-solar-en-la-guarderia-eth-cargolh-de-tredos\/#article\",\"isPartOf\":{\"@id\":\"https:\/\/www.nautaran.org\/ca\/noticies\/el-ayuntamiento-de-naut-aran-instala-dos-cubiertas-de-proteccion-solar-en-la-guarderia-eth-cargolh-de-tredos\/\"},\"author\":{\"name\":\"nautaran\",\"@id\":\"https:\/\/www.nautaran.org\/#\/schema\/person\/d1534bc0cff9cbd7d1b5cfc12e946a35\"},\"headline\":\"L&#8217;ajuntament de Naut Aran instal\u00b7la dues cobertes de protecci\u00f3 solar a l&#8217;escola bressol &#8220;Eth Cargolh&#8221; de Tred\u00f2s\",\"datePublished\":\"2020-08-25T10:44:33+00:00\",\"dateModified\":\"2020-08-25T10:58:41+00:00\",\"mainEntityOfPage\":{\"@id\":\"https:\/\/www.nautaran.org\/ca\/noticies\/el-ayuntamiento-de-naut-aran-instala-dos-cubiertas-de-proteccion-solar-en-la-guarderia-eth-cargolh-de-tredos\/\"},\"wordCount\":131,\"image\":{\"@id\":\"https:\/\/www.nautaran.org\/ca\/noticies\/el-ayuntamiento-de-naut-aran-instala-dos-cubiertas-de-proteccion-solar-en-la-guarderia-eth-cargolh-de-tredos\/#primaryimage\"},\"thumbnailUrl\":\"https:\/\/www.nautaran.org\/wp-content\/uploads\/2020\/08\/IMG_5557.jpg\",\"articleSection\":[\"Not\u00edcies\",\"Not\u00edcies | Acci\u00f3 social\"],\"inLanguage\":\"ca-ES\"},{\"@type\":\"WebPage\",\"@id\":\"https:\/\/www.nautaran.org\/ca\/noticies\/el-ayuntamiento-de-naut-aran-instala-dos-cubiertas-de-proteccion-solar-en-la-guarderia-eth-cargolh-de-tredos\/\",\"url\":\"https:\/\/www.nautaran.org\/ca\/noticies\/el-ayuntamiento-de-naut-aran-instala-dos-cubiertas-de-proteccion-solar-en-la-guarderia-eth-cargolh-de-tredos\/\",\"name\":\"L'ajuntament de Naut Aran instal\u00b7la dues cobertes de protecci\u00f3 solar a l'escola bressol \\\"Eth Cargolh\\\" de Tred\u00f2s - Ajuntament de Naut Aran\",\"isPartOf\":{\"@id\":\"https:\/\/www.nautaran.org\/#website\"},\"primaryImageOfPage\":{\"@id\":\"https:\/\/www.nautaran.org\/ca\/noticies\/el-ayuntamiento-de-naut-aran-instala-dos-cubiertas-de-proteccion-solar-en-la-guarderia-eth-cargolh-de-tredos\/#primaryimage\"},\"image\":{\"@id\":\"https:\/\/www.nautaran.org\/ca\/noticies\/el-ayuntamiento-de-naut-aran-instala-dos-cubiertas-de-proteccion-solar-en-la-guarderia-eth-cargolh-de-tredos\/#primaryimage\"},\"thumbnailUrl\":\"https:\/\/www.nautaran.org\/wp-content\/uploads\/2020\/08\/IMG_5557.jpg\",\"datePublished\":\"2020-08-25T10:44:33+00:00\",\"dateModified\":\"2020-08-25T10:58:41+00:00\",\"author\":{\"@id\":\"https:\/\/www.nautaran.org\/#\/schema\/person\/d1534bc0cff9cbd7d1b5cfc12e946a35\"},\"breadcrumb\":{\"@id\":\"https:\/\/www.nautaran.org\/ca\/noticies\/el-ayuntamiento-de-naut-aran-instala-dos-cubiertas-de-proteccion-solar-en-la-guarderia-eth-cargolh-de-tredos\/#breadcrumb\"},\"inLanguage\":\"ca-ES\",\"potentialAction\":[{\"@type\":\"ReadAction\",\"target\":[\"https:\/\/www.nautaran.org\/ca\/noticies\/el-ayuntamiento-de-naut-aran-instala-dos-cubiertas-de-proteccion-solar-en-la-guarderia-eth-cargolh-de-tredos\/\"]}]},{\"@type\":\"ImageObject\",\"inLanguage\":\"ca-ES\",\"@id\":\"https:\/\/www.nautaran.org\/ca\/noticies\/el-ayuntamiento-de-naut-aran-instala-dos-cubiertas-de-proteccion-solar-en-la-guarderia-eth-cargolh-de-tredos\/#primaryimage\",\"url\":\"https:\/\/www.nautaran.org\/wp-content\/uploads\/2020\/08\/IMG_5557.jpg\",\"contentUrl\":\"https:\/\/www.nautaran.org\/wp-content\/uploads\/2020\/08\/IMG_5557.jpg\",\"width\":4032,\"height\":3024,\"caption\":\"Esc\u00f2la Mairau\"},{\"@type\":\"BreadcrumbList\",\"@id\":\"https:\/\/www.nautaran.org\/ca\/noticies\/el-ayuntamiento-de-naut-aran-instala-dos-cubiertas-de-proteccion-solar-en-la-guarderia-eth-cargolh-de-tredos\/#breadcrumb\",\"itemListElement\":[{\"@type\":\"ListItem\",\"position\":1,\"name\":\"Portada\",\"item\":\"https:\/\/www.nautaran.org\/ca\/home-2\/\"},{\"@type\":\"ListItem\",\"position\":2,\"name\":\"L&#8217;ajuntament de Naut Aran instal\u00b7la dues cobertes de protecci\u00f3 solar a l&#8217;escola bressol &#8220;Eth Cargolh&#8221; de Tred\u00f2s\"}]},{\"@type\":\"WebSite\",\"@id\":\"https:\/\/www.nautaran.org\/#website\",\"url\":\"https:\/\/www.nautaran.org\/\",\"name\":\"Ajuntament de Naut Aran\",\"description\":\"Naut Aran\",\"potentialAction\":[{\"@type\":\"SearchAction\",\"target\":{\"@type\":\"EntryPoint\",\"urlTemplate\":\"https:\/\/www.nautaran.org\/?s={search_term_string}\"},\"query-input\":{\"@type\":\"PropertyValueSpecification\",\"valueRequired\":true,\"valueName\":\"search_term_string\"}}],\"inLanguage\":\"ca-ES\"},{\"@type\":\"Person\",\"@id\":\"https:\/\/www.nautaran.org\/#\/schema\/person\/d1534bc0cff9cbd7d1b5cfc12e946a35\",\"name\":\"nautaran\",\"image\":{\"@type\":\"ImageObject\",\"inLanguage\":\"ca-ES\",\"@id\":\"https:\/\/www.nautaran.org\/#\/schema\/person\/image\/\",\"url\":\"https:\/\/secure.gravatar.com\/avatar\/80a09b1f8ae692a4acce17816a6597a844f3f59cda069b47a176c85e26e41c03?s=96&d=mm&r=g\",\"contentUrl\":\"https:\/\/secure.gravatar.com\/avatar\/80a09b1f8ae692a4acce17816a6597a844f3f59cda069b47a176c85e26e41c03?s=96&d=mm&r=g\",\"caption\":\"nautaran\"},\"url\":\"https:\/\/www.nautaran.org\/ca\/author\/nautaran\/\"}]}<\/script>\n<!-- \/ Yoast SEO plugin. -->","yoast_head_json":{"title":"L'ajuntament de Naut Aran instal\u00b7la dues cobertes de protecci\u00f3 solar a l'escola bressol \"Eth Cargolh\" de Tred\u00f2s - Ajuntament de Naut Aran","robots":{"index":"index","follow":"follow","max-snippet":"max-snippet:-1","max-image-preview":"max-image-preview:large","max-video-preview":"max-video-preview:-1"},"canonical":"https:\/\/www.nautaran.org\/ca\/noticies\/el-ayuntamiento-de-naut-aran-instala-dos-cubiertas-de-proteccion-solar-en-la-guarderia-eth-cargolh-de-tredos\/","og_locale":"ca_ES","og_type":"article","og_title":"L'ajuntament de Naut Aran instal\u00b7la dues cobertes de protecci\u00f3 solar a l'escola bressol \"Eth Cargolh\" de Tred\u00f2s - Ajuntament de Naut Aran","og_description":"L&#8217;Ajuntament de Naut Aran ha instal\u00b7lat dues cobertes de protecci\u00f3 solar a l&#8217;escola bressol &#8220;Eth Cargolh&#8221; de Tred\u00f2s. Aquestes, cobriran 60 metres quadrats d&#8217;extensi\u00f3 del pati exterior del centre educatiu situat en el nostre municipi. En total, s&#8217;han destinat 9500 euros entre aquests dos elements que serviran per protegir als petits nens i nenes dels [&hellip;]","og_url":"https:\/\/www.nautaran.org\/ca\/noticies\/el-ayuntamiento-de-naut-aran-instala-dos-cubiertas-de-proteccion-solar-en-la-guarderia-eth-cargolh-de-tredos\/","og_site_name":"Ajuntament de Naut Aran","article_published_time":"2020-08-25T10:44:33+00:00","article_modified_time":"2020-08-25T10:58:41+00:00","og_image":[{"width":1024,"height":768,"url":"https:\/\/www.nautaran.org\/wp-content\/uploads\/2020\/08\/IMG_5557-1024x768.jpg","type":"image\/jpeg"}],"author":"nautaran","twitter_card":"summary_large_image","twitter_misc":{"Written by":"nautaran","Est. reading time":"1 minute"},"schema":{"@context":"https:\/\/schema.org","@graph":[{"@type":"Article","@id":"https:\/\/www.nautaran.org\/ca\/noticies\/el-ayuntamiento-de-naut-aran-instala-dos-cubiertas-de-proteccion-solar-en-la-guarderia-eth-cargolh-de-tredos\/#article","isPartOf":{"@id":"https:\/\/www.nautaran.org\/ca\/noticies\/el-ayuntamiento-de-naut-aran-instala-dos-cubiertas-de-proteccion-solar-en-la-guarderia-eth-cargolh-de-tredos\/"},"author":{"name":"nautaran","@id":"https:\/\/www.nautaran.org\/#\/schema\/person\/d1534bc0cff9cbd7d1b5cfc12e946a35"},"headline":"L&#8217;ajuntament de Naut Aran instal\u00b7la dues cobertes de protecci\u00f3 solar a l&#8217;escola bressol &#8220;Eth Cargolh&#8221; de Tred\u00f2s","datePublished":"2020-08-25T10:44:33+00:00","dateModified":"2020-08-25T10:58:41+00:00","mainEntityOfPage":{"@id":"https:\/\/www.nautaran.org\/ca\/noticies\/el-ayuntamiento-de-naut-aran-instala-dos-cubiertas-de-proteccion-solar-en-la-guarderia-eth-cargolh-de-tredos\/"},"wordCount":131,"image":{"@id":"https:\/\/www.nautaran.org\/ca\/noticies\/el-ayuntamiento-de-naut-aran-instala-dos-cubiertas-de-proteccion-solar-en-la-guarderia-eth-cargolh-de-tredos\/#primaryimage"},"thumbnailUrl":"https:\/\/www.nautaran.org\/wp-content\/uploads\/2020\/08\/IMG_5557.jpg","articleSection":["Not\u00edcies","Not\u00edcies | Acci\u00f3 social"],"inLanguage":"ca-ES"},{"@type":"WebPage","@id":"https:\/\/www.nautaran.org\/ca\/noticies\/el-ayuntamiento-de-naut-aran-instala-dos-cubiertas-de-proteccion-solar-en-la-guarderia-eth-cargolh-de-tredos\/","url":"https:\/\/www.nautaran.org\/ca\/noticies\/el-ayuntamiento-de-naut-aran-instala-dos-cubiertas-de-proteccion-solar-en-la-guarderia-eth-cargolh-de-tredos\/","name":"L'ajuntament de Naut Aran instal\u00b7la dues cobertes de protecci\u00f3 solar a l'escola bressol \"Eth Cargolh\" de Tred\u00f2s - Ajuntament de Naut Aran","isPartOf":{"@id":"https:\/\/www.nautaran.org\/#website"},"primaryImageOfPage":{"@id":"https:\/\/www.nautaran.org\/ca\/noticies\/el-ayuntamiento-de-naut-aran-instala-dos-cubiertas-de-proteccion-solar-en-la-guarderia-eth-cargolh-de-tredos\/#primaryimage"},"image":{"@id":"https:\/\/www.nautaran.org\/ca\/noticies\/el-ayuntamiento-de-naut-aran-instala-dos-cubiertas-de-proteccion-solar-en-la-guarderia-eth-cargolh-de-tredos\/#primaryimage"},"thumbnailUrl":"https:\/\/www.nautaran.org\/wp-content\/uploads\/2020\/08\/IMG_5557.jpg","datePublished":"2020-08-25T10:44:33+00:00","dateModified":"2020-08-25T10:58:41+00:00","author":{"@id":"https:\/\/www.nautaran.org\/#\/schema\/person\/d1534bc0cff9cbd7d1b5cfc12e946a35"},"breadcrumb":{"@id":"https:\/\/www.nautaran.org\/ca\/noticies\/el-ayuntamiento-de-naut-aran-instala-dos-cubiertas-de-proteccion-solar-en-la-guarderia-eth-cargolh-de-tredos\/#breadcrumb"},"inLanguage":"ca-ES","potentialAction":[{"@type":"ReadAction","target":["https:\/\/www.nautaran.org\/ca\/noticies\/el-ayuntamiento-de-naut-aran-instala-dos-cubiertas-de-proteccion-solar-en-la-guarderia-eth-cargolh-de-tredos\/"]}]},{"@type":"ImageObject","inLanguage":"ca-ES","@id":"https:\/\/www.nautaran.org\/ca\/noticies\/el-ayuntamiento-de-naut-aran-instala-dos-cubiertas-de-proteccion-solar-en-la-guarderia-eth-cargolh-de-tredos\/#primaryimage","url":"https:\/\/www.nautaran.org\/wp-content\/uploads\/2020\/08\/IMG_5557.jpg","contentUrl":"https:\/\/www.nautaran.org\/wp-content\/uploads\/2020\/08\/IMG_5557.jpg","width":4032,"height":3024,"caption":"Esc\u00f2la Mairau"},{"@type":"BreadcrumbList","@id":"https:\/\/www.nautaran.org\/ca\/noticies\/el-ayuntamiento-de-naut-aran-instala-dos-cubiertas-de-proteccion-solar-en-la-guarderia-eth-cargolh-de-tredos\/#breadcrumb","itemListElement":[{"@type":"ListItem","position":1,"name":"Portada","item":"https:\/\/www.nautaran.org\/ca\/home-2\/"},{"@type":"ListItem","position":2,"name":"L&#8217;ajuntament de Naut Aran instal\u00b7la dues cobertes de protecci\u00f3 solar a l&#8217;escola bressol &#8220;Eth Cargolh&#8221; de Tred\u00f2s"}]},{"@type":"WebSite","@id":"https:\/\/www.nautaran.org\/#website","url":"https:\/\/www.nautaran.org\/","name":"Ajuntament de Naut Aran","description":"Naut Aran","potentialAction":[{"@type":"SearchAction","target":{"@type":"EntryPoint","urlTemplate":"https:\/\/www.nautaran.org\/?s={search_term_string}"},"query-input":{"@type":"PropertyValueSpecification","valueRequired":true,"valueName":"search_term_string"}}],"inLanguage":"ca-ES"},{"@type":"Person","@id":"https:\/\/www.nautaran.org\/#\/schema\/person\/d1534bc0cff9cbd7d1b5cfc12e946a35","name":"nautaran","image":{"@type":"ImageObject","inLanguage":"ca-ES","@id":"https:\/\/www.nautaran.org\/#\/schema\/person\/image\/","url":"https:\/\/secure.gravatar.com\/avatar\/80a09b1f8ae692a4acce17816a6597a844f3f59cda069b47a176c85e26e41c03?s=96&d=mm&r=g","contentUrl":"https:\/\/secure.gravatar.com\/avatar\/80a09b1f8ae692a4acce17816a6597a844f3f59cda069b47a176c85e26e41c03?s=96&d=mm&r=g","caption":"nautaran"},"url":"https:\/\/www.nautaran.org\/ca\/author\/nautaran\/"}]}},"_links":{"self":[{"href":"https:\/\/www.nautaran.org\/ca\/wp-json\/wp\/v2\/posts\/1146","targetHints":{"allow":["GET"]}}],"collection":[{"href":"https:\/\/www.nautaran.org\/ca\/wp-json\/wp\/v2\/posts"}],"about":[{"href":"https:\/\/www.nautaran.org\/ca\/wp-json\/wp\/v2\/types\/post"}],"author":[{"embeddable":true,"href":"https:\/\/www.nautaran.org\/ca\/wp-json\/wp\/v2\/users\/4"}],"replies":[{"embeddable":true,"href":"https:\/\/www.nautaran.org\/ca\/wp-json\/wp\/v2\/comments?post=1146"}],"version-history":[{"count":2,"href":"https:\/\/www.nautaran.org\/ca\/wp-json\/wp\/v2\/posts\/1146\/revisions"}],"predecessor-version":[{"id":1150,"href":"https:\/\/www.nautaran.org\/ca\/wp-json\/wp\/v2\/posts\/1146\/revisions\/1150"}],"wp:featuredmedia":[{"embeddable":true,"href":"https:\/\/www.nautaran.org\/ca\/wp-json\/wp\/v2\/media\/1143"}],"wp:attachment":[{"href":"https:\/\/www.nautaran.org\/ca\/wp-json\/wp\/v2\/media?parent=1146"}],"wp:term":[{"taxonomy":"category","embeddable":true,"href":"https:\/\/www.nautaran.org\/ca\/wp-json\/wp\/v2\/categories?post=1146"},{"taxonomy":"post_tag","embeddable":true,"href":"https:\/\/www.nautaran.org\/ca\/wp-json\/wp\/v2\/tags?post=1146"}],"curies":[{"name":"wp","href":"https:\/\/api.w.org\/{rel}","templated":true}]}}