{"id":21003,"date":"2024-07-10T15:50:45","date_gmt":"2024-07-10T14:50:45","guid":{"rendered":"https:\/\/www.nautaran.org\/agenda-naut-aran-mes-de-junhsega-e-agost\/"},"modified":"2024-07-10T15:50:45","modified_gmt":"2024-07-10T14:50:45","slug":"agenda-naut-aran-mes-de-junhsega-e-agost","status":"publish","type":"post","link":"https:\/\/www.nautaran.org\/ca\/destacat-portada-ca\/agenda-naut-aran-mes-de-junhsega-e-agost\/","title":{"rendered":"Agenda Naut Aran mes de junhs\u00e8ga e agost"},"content":{"rendered":"<p>Vos rebrembam diu\u00e8rses accions qu\u2019amiaram a t\u00e8rme pendent es pr\u00f2pl\u00e8u setmanes a niv\u00e8u culturau e familhar ena Val d\u2019Aran.<\/p>\n<p>Vos convidam a gaudir der ostieu en Naut Aran.<\/p>\n<p><a href=\"https:\/\/www.nautaran.org\/wp-content\/uploads\/2024\/07\/bed8efa3-90b4-4520-9eb9-8fa1bf0baf89.jpg\"><img loading=\"lazy\" decoding=\"async\" class=\"alignnone wp-image-20999 size-full\" src=\"https:\/\/www.nautaran.org\/wp-content\/uploads\/2024\/07\/bed8efa3-90b4-4520-9eb9-8fa1bf0baf89.jpg\" alt=\"\" width=\"1142\" height=\"1600\" srcset=\"https:\/\/www.nautaran.org\/wp-content\/uploads\/2024\/07\/bed8efa3-90b4-4520-9eb9-8fa1bf0baf89.jpg 1142w, https:\/\/www.nautaran.org\/wp-content\/uploads\/2024\/07\/bed8efa3-90b4-4520-9eb9-8fa1bf0baf89-980x1373.jpg 980w, https:\/\/www.nautaran.org\/wp-content\/uploads\/2024\/07\/bed8efa3-90b4-4520-9eb9-8fa1bf0baf89-480x673.jpg 480w\" sizes=\"auto, (min-width: 0px) and (max-width: 480px) 480px, (min-width: 481px) and (max-width: 980px) 980px, (min-width: 981px) 1142px, 100vw\" \/><\/a><\/p>\n","protected":false},"excerpt":{"rendered":"<p>Vos rebrembam diu\u00e8rses accions qu\u2019amiaram a t\u00e8rme pendent es pr\u00f2pl\u00e8u setmanes a niv\u00e8u culturau e familhar ena Val d\u2019Aran. Vos convidam a gaudir der ostieu en Naut Aran.<\/p>\n","protected":false},"author":4,"featured_media":20997,"comment_status":"closed","ping_status":"closed","sticky":false,"template":"","format":"standard","meta":{"_acf_changed":false,"_et_pb_use_builder":"","_et_pb_old_content":"","_et_gb_content_width":"","footnotes":""},"categories":[31,32,35,36,44],"tags":[],"class_list":["post-21003","post","type-post","status-publish","format-standard","has-post-thumbnail","hentry","category-destacat-portada-ca","category-noticies","category-accio-social","category-cultura-ca","category-turisme"],"acf":[],"yoast_head":"<!-- This site is optimized with the Yoast SEO plugin v26.8 - https:\/\/yoast.com\/product\/yoast-seo-wordpress\/ -->\n<title>Agenda Naut Aran mes de junhs\u00e8ga e agost - Ajuntament de Naut Aran<\/title>\n<meta name=\"robots\" content=\"index, follow, max-snippet:-1, max-image-preview:large, max-video-preview:-1\" \/>\n<link rel=\"canonical\" href=\"https:\/\/www.nautaran.org\/ca\/agenda-naut-aran-mes-de-junhsega-e-agost\/\" \/>\n<meta property=\"og:locale\" content=\"ca_ES\" \/>\n<meta property=\"og:type\" content=\"article\" \/>\n<meta property=\"og:title\" content=\"Agenda Naut Aran mes de junhs\u00e8ga e agost - Ajuntament de Naut Aran\" \/>\n<meta property=\"og:description\" content=\"Vos rebrembam diu\u00e8rses accions qu\u2019amiaram a t\u00e8rme pendent es pr\u00f2pl\u00e8u setmanes a niv\u00e8u culturau e familhar ena Val d\u2019Aran. Vos convidam a gaudir der ostieu en Naut Aran.\" \/>\n<meta property=\"og:url\" content=\"https:\/\/www.nautaran.org\/ca\/agenda-naut-aran-mes-de-junhsega-e-agost\/\" \/>\n<meta property=\"og:site_name\" content=\"Ajuntament de Naut Aran\" \/>\n<meta property=\"article:published_time\" content=\"2024-07-10T14:50:45+00:00\" \/>\n<meta property=\"og:image\" content=\"https:\/\/www.nautaran.org\/wp-content\/uploads\/2024\/07\/bed8efa3-90b4-4520-9eb9-8fa1bf0baf89.jpg\" \/>\n<meta name=\"author\" content=\"nautaran\" \/>\n<meta name=\"twitter:card\" content=\"summary_large_image\" \/>\n<meta name=\"twitter:label1\" content=\"Written by\" \/>\n\t<meta name=\"twitter:data1\" content=\"nautaran\" \/>\n<script type=\"application\/ld+json\" class=\"yoast-schema-graph\">{\"@context\":\"https:\/\/schema.org\",\"@graph\":[{\"@type\":\"Article\",\"@id\":\"https:\/\/www.nautaran.org\/ca\/agenda-naut-aran-mes-de-junhsega-e-agost\/#article\",\"isPartOf\":{\"@id\":\"https:\/\/www.nautaran.org\/ca\/agenda-naut-aran-mes-de-junhsega-e-agost\/\"},\"author\":{\"name\":\"nautaran\",\"@id\":\"https:\/\/www.nautaran.org\/#\/schema\/person\/d1534bc0cff9cbd7d1b5cfc12e946a35\"},\"headline\":\"Agenda Naut Aran mes de junhs\u00e8ga e agost\",\"datePublished\":\"2024-07-10T14:50:45+00:00\",\"mainEntityOfPage\":{\"@id\":\"https:\/\/www.nautaran.org\/ca\/agenda-naut-aran-mes-de-junhsega-e-agost\/\"},\"wordCount\":44,\"image\":{\"@id\":\"https:\/\/www.nautaran.org\/ca\/agenda-naut-aran-mes-de-junhsega-e-agost\/#primaryimage\"},\"thumbnailUrl\":\"https:\/\/www.nautaran.org\/wp-content\/uploads\/2024\/07\/ea54b394-41ae-41b8-b755-05caf1e51dd8.jpg\",\"articleSection\":[\"Destacat portada\",\"Not\u00edcies\",\"Not\u00edcies | Acci\u00f3 social\",\"Not\u00edcies | Cultura\",\"Not\u00edcies | Turisme\"],\"inLanguage\":\"ca-ES\"},{\"@type\":\"WebPage\",\"@id\":\"https:\/\/www.nautaran.org\/ca\/agenda-naut-aran-mes-de-junhsega-e-agost\/\",\"url\":\"https:\/\/www.nautaran.org\/ca\/agenda-naut-aran-mes-de-junhsega-e-agost\/\",\"name\":\"Agenda Naut Aran mes de junhs\u00e8ga e agost - Ajuntament de Naut Aran\",\"isPartOf\":{\"@id\":\"https:\/\/www.nautaran.org\/#website\"},\"primaryImageOfPage\":{\"@id\":\"https:\/\/www.nautaran.org\/ca\/agenda-naut-aran-mes-de-junhsega-e-agost\/#primaryimage\"},\"image\":{\"@id\":\"https:\/\/www.nautaran.org\/ca\/agenda-naut-aran-mes-de-junhsega-e-agost\/#primaryimage\"},\"thumbnailUrl\":\"https:\/\/www.nautaran.org\/wp-content\/uploads\/2024\/07\/ea54b394-41ae-41b8-b755-05caf1e51dd8.jpg\",\"datePublished\":\"2024-07-10T14:50:45+00:00\",\"author\":{\"@id\":\"https:\/\/www.nautaran.org\/#\/schema\/person\/d1534bc0cff9cbd7d1b5cfc12e946a35\"},\"breadcrumb\":{\"@id\":\"https:\/\/www.nautaran.org\/ca\/agenda-naut-aran-mes-de-junhsega-e-agost\/#breadcrumb\"},\"inLanguage\":\"ca-ES\",\"potentialAction\":[{\"@type\":\"ReadAction\",\"target\":[\"https:\/\/www.nautaran.org\/ca\/agenda-naut-aran-mes-de-junhsega-e-agost\/\"]}]},{\"@type\":\"ImageObject\",\"inLanguage\":\"ca-ES\",\"@id\":\"https:\/\/www.nautaran.org\/ca\/agenda-naut-aran-mes-de-junhsega-e-agost\/#primaryimage\",\"url\":\"https:\/\/www.nautaran.org\/wp-content\/uploads\/2024\/07\/ea54b394-41ae-41b8-b755-05caf1e51dd8.jpg\",\"contentUrl\":\"https:\/\/www.nautaran.org\/wp-content\/uploads\/2024\/07\/ea54b394-41ae-41b8-b755-05caf1e51dd8.jpg\",\"width\":1131,\"height\":1600},{\"@type\":\"BreadcrumbList\",\"@id\":\"https:\/\/www.nautaran.org\/ca\/agenda-naut-aran-mes-de-junhsega-e-agost\/#breadcrumb\",\"itemListElement\":[{\"@type\":\"ListItem\",\"position\":1,\"name\":\"Portada\",\"item\":\"https:\/\/www.nautaran.org\/ca\/home-2\/\"},{\"@type\":\"ListItem\",\"position\":2,\"name\":\"Agenda Naut Aran mes de junhs\u00e8ga e agost\"}]},{\"@type\":\"WebSite\",\"@id\":\"https:\/\/www.nautaran.org\/#website\",\"url\":\"https:\/\/www.nautaran.org\/\",\"name\":\"Ajuntament de Naut Aran\",\"description\":\"Naut Aran\",\"potentialAction\":[{\"@type\":\"SearchAction\",\"target\":{\"@type\":\"EntryPoint\",\"urlTemplate\":\"https:\/\/www.nautaran.org\/?s={search_term_string}\"},\"query-input\":{\"@type\":\"PropertyValueSpecification\",\"valueRequired\":true,\"valueName\":\"search_term_string\"}}],\"inLanguage\":\"ca-ES\"},{\"@type\":\"Person\",\"@id\":\"https:\/\/www.nautaran.org\/#\/schema\/person\/d1534bc0cff9cbd7d1b5cfc12e946a35\",\"name\":\"nautaran\",\"image\":{\"@type\":\"ImageObject\",\"inLanguage\":\"ca-ES\",\"@id\":\"https:\/\/www.nautaran.org\/#\/schema\/person\/image\/\",\"url\":\"https:\/\/secure.gravatar.com\/avatar\/80a09b1f8ae692a4acce17816a6597a844f3f59cda069b47a176c85e26e41c03?s=96&d=mm&r=g\",\"contentUrl\":\"https:\/\/secure.gravatar.com\/avatar\/80a09b1f8ae692a4acce17816a6597a844f3f59cda069b47a176c85e26e41c03?s=96&d=mm&r=g\",\"caption\":\"nautaran\"},\"url\":\"https:\/\/www.nautaran.org\/ca\/author\/nautaran\/\"}]}<\/script>\n<!-- \/ Yoast SEO plugin. -->","yoast_head_json":{"title":"Agenda Naut Aran mes de junhs\u00e8ga e agost - Ajuntament de Naut Aran","robots":{"index":"index","follow":"follow","max-snippet":"max-snippet:-1","max-image-preview":"max-image-preview:large","max-video-preview":"max-video-preview:-1"},"canonical":"https:\/\/www.nautaran.org\/ca\/agenda-naut-aran-mes-de-junhsega-e-agost\/","og_locale":"ca_ES","og_type":"article","og_title":"Agenda Naut Aran mes de junhs\u00e8ga e agost - Ajuntament de Naut Aran","og_description":"Vos rebrembam diu\u00e8rses accions qu\u2019amiaram a t\u00e8rme pendent es pr\u00f2pl\u00e8u setmanes a niv\u00e8u culturau e familhar ena Val d\u2019Aran. Vos convidam a gaudir der ostieu en Naut Aran.","og_url":"https:\/\/www.nautaran.org\/ca\/agenda-naut-aran-mes-de-junhsega-e-agost\/","og_site_name":"Ajuntament de Naut Aran","article_published_time":"2024-07-10T14:50:45+00:00","og_image":[{"url":"https:\/\/www.nautaran.org\/wp-content\/uploads\/2024\/07\/bed8efa3-90b4-4520-9eb9-8fa1bf0baf89.jpg","type":"","width":"","height":""}],"author":"nautaran","twitter_card":"summary_large_image","twitter_misc":{"Written by":"nautaran"},"schema":{"@context":"https:\/\/schema.org","@graph":[{"@type":"Article","@id":"https:\/\/www.nautaran.org\/ca\/agenda-naut-aran-mes-de-junhsega-e-agost\/#article","isPartOf":{"@id":"https:\/\/www.nautaran.org\/ca\/agenda-naut-aran-mes-de-junhsega-e-agost\/"},"author":{"name":"nautaran","@id":"https:\/\/www.nautaran.org\/#\/schema\/person\/d1534bc0cff9cbd7d1b5cfc12e946a35"},"headline":"Agenda Naut Aran mes de junhs\u00e8ga e agost","datePublished":"2024-07-10T14:50:45+00:00","mainEntityOfPage":{"@id":"https:\/\/www.nautaran.org\/ca\/agenda-naut-aran-mes-de-junhsega-e-agost\/"},"wordCount":44,"image":{"@id":"https:\/\/www.nautaran.org\/ca\/agenda-naut-aran-mes-de-junhsega-e-agost\/#primaryimage"},"thumbnailUrl":"https:\/\/www.nautaran.org\/wp-content\/uploads\/2024\/07\/ea54b394-41ae-41b8-b755-05caf1e51dd8.jpg","articleSection":["Destacat portada","Not\u00edcies","Not\u00edcies | Acci\u00f3 social","Not\u00edcies | Cultura","Not\u00edcies | Turisme"],"inLanguage":"ca-ES"},{"@type":"WebPage","@id":"https:\/\/www.nautaran.org\/ca\/agenda-naut-aran-mes-de-junhsega-e-agost\/","url":"https:\/\/www.nautaran.org\/ca\/agenda-naut-aran-mes-de-junhsega-e-agost\/","name":"Agenda Naut Aran mes de junhs\u00e8ga e agost - Ajuntament de Naut Aran","isPartOf":{"@id":"https:\/\/www.nautaran.org\/#website"},"primaryImageOfPage":{"@id":"https:\/\/www.nautaran.org\/ca\/agenda-naut-aran-mes-de-junhsega-e-agost\/#primaryimage"},"image":{"@id":"https:\/\/www.nautaran.org\/ca\/agenda-naut-aran-mes-de-junhsega-e-agost\/#primaryimage"},"thumbnailUrl":"https:\/\/www.nautaran.org\/wp-content\/uploads\/2024\/07\/ea54b394-41ae-41b8-b755-05caf1e51dd8.jpg","datePublished":"2024-07-10T14:50:45+00:00","author":{"@id":"https:\/\/www.nautaran.org\/#\/schema\/person\/d1534bc0cff9cbd7d1b5cfc12e946a35"},"breadcrumb":{"@id":"https:\/\/www.nautaran.org\/ca\/agenda-naut-aran-mes-de-junhsega-e-agost\/#breadcrumb"},"inLanguage":"ca-ES","potentialAction":[{"@type":"ReadAction","target":["https:\/\/www.nautaran.org\/ca\/agenda-naut-aran-mes-de-junhsega-e-agost\/"]}]},{"@type":"ImageObject","inLanguage":"ca-ES","@id":"https:\/\/www.nautaran.org\/ca\/agenda-naut-aran-mes-de-junhsega-e-agost\/#primaryimage","url":"https:\/\/www.nautaran.org\/wp-content\/uploads\/2024\/07\/ea54b394-41ae-41b8-b755-05caf1e51dd8.jpg","contentUrl":"https:\/\/www.nautaran.org\/wp-content\/uploads\/2024\/07\/ea54b394-41ae-41b8-b755-05caf1e51dd8.jpg","width":1131,"height":1600},{"@type":"BreadcrumbList","@id":"https:\/\/www.nautaran.org\/ca\/agenda-naut-aran-mes-de-junhsega-e-agost\/#breadcrumb","itemListElement":[{"@type":"ListItem","position":1,"name":"Portada","item":"https:\/\/www.nautaran.org\/ca\/home-2\/"},{"@type":"ListItem","position":2,"name":"Agenda Naut Aran mes de junhs\u00e8ga e agost"}]},{"@type":"WebSite","@id":"https:\/\/www.nautaran.org\/#website","url":"https:\/\/www.nautaran.org\/","name":"Ajuntament de Naut Aran","description":"Naut Aran","potentialAction":[{"@type":"SearchAction","target":{"@type":"EntryPoint","urlTemplate":"https:\/\/www.nautaran.org\/?s={search_term_string}"},"query-input":{"@type":"PropertyValueSpecification","valueRequired":true,"valueName":"search_term_string"}}],"inLanguage":"ca-ES"},{"@type":"Person","@id":"https:\/\/www.nautaran.org\/#\/schema\/person\/d1534bc0cff9cbd7d1b5cfc12e946a35","name":"nautaran","image":{"@type":"ImageObject","inLanguage":"ca-ES","@id":"https:\/\/www.nautaran.org\/#\/schema\/person\/image\/","url":"https:\/\/secure.gravatar.com\/avatar\/80a09b1f8ae692a4acce17816a6597a844f3f59cda069b47a176c85e26e41c03?s=96&d=mm&r=g","contentUrl":"https:\/\/secure.gravatar.com\/avatar\/80a09b1f8ae692a4acce17816a6597a844f3f59cda069b47a176c85e26e41c03?s=96&d=mm&r=g","caption":"nautaran"},"url":"https:\/\/www.nautaran.org\/ca\/author\/nautaran\/"}]}},"_links":{"self":[{"href":"https:\/\/www.nautaran.org\/ca\/wp-json\/wp\/v2\/posts\/21003","targetHints":{"allow":["GET"]}}],"collection":[{"href":"https:\/\/www.nautaran.org\/ca\/wp-json\/wp\/v2\/posts"}],"about":[{"href":"https:\/\/www.nautaran.org\/ca\/wp-json\/wp\/v2\/types\/post"}],"author":[{"embeddable":true,"href":"https:\/\/www.nautaran.org\/ca\/wp-json\/wp\/v2\/users\/4"}],"replies":[{"embeddable":true,"href":"https:\/\/www.nautaran.org\/ca\/wp-json\/wp\/v2\/comments?post=21003"}],"version-history":[{"count":0,"href":"https:\/\/www.nautaran.org\/ca\/wp-json\/wp\/v2\/posts\/21003\/revisions"}],"wp:featuredmedia":[{"embeddable":true,"href":"https:\/\/www.nautaran.org\/ca\/wp-json\/wp\/v2\/media\/20997"}],"wp:attachment":[{"href":"https:\/\/www.nautaran.org\/ca\/wp-json\/wp\/v2\/media?parent=21003"}],"wp:term":[{"taxonomy":"category","embeddable":true,"href":"https:\/\/www.nautaran.org\/ca\/wp-json\/wp\/v2\/categories?post=21003"},{"taxonomy":"post_tag","embeddable":true,"href":"https:\/\/www.nautaran.org\/ca\/wp-json\/wp\/v2\/tags?post=21003"}],"curies":[{"name":"wp","href":"https:\/\/api.w.org\/{rel}","templated":true}]}}