{"id":21774,"date":"2024-10-25T12:29:06","date_gmt":"2024-10-25T11:29:06","guid":{"rendered":"https:\/\/www.nautaran.org\/jornades-sus-ciberseguretat-en-aran\/"},"modified":"2024-10-25T12:31:33","modified_gmt":"2024-10-25T11:31:33","slug":"jornades-sus-ciberseguretat-en-aran","status":"publish","type":"post","link":"https:\/\/www.nautaran.org\/ca\/destacat-portada-ca\/jornades-sus-ciberseguretat-en-aran\/","title":{"rendered":"Jornades de ciberseguretat a l&#8217;Aran"},"content":{"rendered":"<p>Des de l&#8217;Ajuntament de Naut Aran hem assistit al primer Congr\u00e9s de Ciberseguretat dut a terme durant aquests dies a la poblaci\u00f3 de Vielha amb la pres\u00e8ncia del nostre t\u00e8cnic inform\u00e0tic TIC, Adri\u00e0 Cuevas.<\/p>\n<p>La tasca principal \u00e9s el d&#8217;aprofitar els coneixements dels excel\u00b7lents ponents que es troben en aquest indret per adquirir noves aptituts i aplicar-les en el dia a dia en el propi consistori.<\/p>\n<p>Una bona ocasi\u00f3 per potenciar les vessants en aquest camp i intercanviar t\u00e8cniques per un futur m\u00e9s segur.<\/p>\n<p><a href=\"https:\/\/www.nautaran.org\/wp-content\/uploads\/2024\/10\/Ciberseguretat5.jpg\"><img loading=\"lazy\" decoding=\"async\" class=\"alignnone wp-image-21767 size-full\" src=\"https:\/\/www.nautaran.org\/wp-content\/uploads\/2024\/10\/Ciberseguretat5.jpg\" alt=\"\" width=\"1600\" height=\"1200\" srcset=\"https:\/\/www.nautaran.org\/wp-content\/uploads\/2024\/10\/Ciberseguretat5.jpg 1600w, https:\/\/www.nautaran.org\/wp-content\/uploads\/2024\/10\/Ciberseguretat5-1280x960.jpg 1280w, https:\/\/www.nautaran.org\/wp-content\/uploads\/2024\/10\/Ciberseguretat5-980x735.jpg 980w, https:\/\/www.nautaran.org\/wp-content\/uploads\/2024\/10\/Ciberseguretat5-480x360.jpg 480w\" sizes=\"auto, (min-width: 0px) and (max-width: 480px) 480px, (min-width: 481px) and (max-width: 980px) 980px, (min-width: 981px) and (max-width: 1280px) 1280px, (min-width: 1281px) 1600px, 100vw\" \/><\/a><\/p>\n","protected":false},"excerpt":{"rendered":"<p>Des de l&#8217;Ajuntament de Naut Aran hem assistit al primer Congr\u00e9s de Ciberseguretat dut a terme durant aquests dies a la poblaci\u00f3 de Vielha amb la pres\u00e8ncia del nostre t\u00e8cnic inform\u00e0tic TIC, Adri\u00e0 Cuevas. La tasca principal \u00e9s el d&#8217;aprofitar els coneixements dels excel\u00b7lents ponents que es troben en aquest indret per adquirir noves aptituts [&hellip;]<\/p>\n","protected":false},"author":4,"featured_media":21771,"comment_status":"closed","ping_status":"closed","sticky":false,"template":"","format":"standard","meta":{"_acf_changed":false,"_et_pb_use_builder":"","_et_pb_old_content":"","_et_gb_content_width":"","footnotes":""},"categories":[31,32,815,818,821,814,816,832,817,820,819,35,36],"tags":[],"class_list":["post-21774","post","type-post","status-publish","format-standard","has-post-thumbnail","hentry","category-destacat-portada-ca","category-noticies","category-noticies-poble-arties","category-noticies-poble-bagergue","category-noticies-poble-baqueira","category-noticies-poble-garos","category-noticies-poble-gessa","category-noticies-poble-mongarri-ca","category-noticies-poble-salardu","category-noticies-poble-tredos","category-noticies-poble-unha","category-accio-social","category-cultura-ca"],"acf":[],"yoast_head":"<!-- This site is optimized with the Yoast SEO plugin v26.8 - https:\/\/yoast.com\/product\/yoast-seo-wordpress\/ -->\n<title>Jornades de ciberseguretat a l&#039;Aran - Ajuntament de Naut Aran<\/title>\n<meta name=\"robots\" content=\"index, follow, max-snippet:-1, max-image-preview:large, max-video-preview:-1\" \/>\n<link rel=\"canonical\" href=\"https:\/\/www.nautaran.org\/ca\/destacat-portada-ca\/jornades-sus-ciberseguretat-en-aran\/\" \/>\n<meta property=\"og:locale\" content=\"ca_ES\" \/>\n<meta property=\"og:type\" content=\"article\" \/>\n<meta property=\"og:title\" content=\"Jornades de ciberseguretat a l&#039;Aran - Ajuntament de Naut Aran\" \/>\n<meta property=\"og:description\" content=\"Des de l&#8217;Ajuntament de Naut Aran hem assistit al primer Congr\u00e9s de Ciberseguretat dut a terme durant aquests dies a la poblaci\u00f3 de Vielha amb la pres\u00e8ncia del nostre t\u00e8cnic inform\u00e0tic TIC, Adri\u00e0 Cuevas. La tasca principal \u00e9s el d&#8217;aprofitar els coneixements dels excel\u00b7lents ponents que es troben en aquest indret per adquirir noves aptituts [&hellip;]\" \/>\n<meta property=\"og:url\" content=\"https:\/\/www.nautaran.org\/ca\/destacat-portada-ca\/jornades-sus-ciberseguretat-en-aran\/\" \/>\n<meta property=\"og:site_name\" content=\"Ajuntament de Naut Aran\" \/>\n<meta property=\"article:published_time\" content=\"2024-10-25T11:29:06+00:00\" \/>\n<meta property=\"article:modified_time\" content=\"2024-10-25T11:31:33+00:00\" \/>\n<meta property=\"og:image\" content=\"https:\/\/www.nautaran.org\/wp-content\/uploads\/2024\/10\/Ciberseguretat6.jpg\" \/>\n\t<meta property=\"og:image:width\" content=\"1600\" \/>\n\t<meta property=\"og:image:height\" content=\"900\" \/>\n\t<meta property=\"og:image:type\" content=\"image\/jpeg\" \/>\n<meta name=\"author\" content=\"nautaran\" \/>\n<meta name=\"twitter:card\" content=\"summary_large_image\" \/>\n<meta name=\"twitter:label1\" content=\"Written by\" \/>\n\t<meta name=\"twitter:data1\" content=\"nautaran\" \/>\n\t<meta name=\"twitter:label2\" content=\"Est. reading time\" \/>\n\t<meta name=\"twitter:data2\" content=\"1 minute\" \/>\n<script type=\"application\/ld+json\" class=\"yoast-schema-graph\">{\"@context\":\"https:\/\/schema.org\",\"@graph\":[{\"@type\":\"Article\",\"@id\":\"https:\/\/www.nautaran.org\/ca\/destacat-portada-ca\/jornades-sus-ciberseguretat-en-aran\/#article\",\"isPartOf\":{\"@id\":\"https:\/\/www.nautaran.org\/ca\/destacat-portada-ca\/jornades-sus-ciberseguretat-en-aran\/\"},\"author\":{\"name\":\"nautaran\",\"@id\":\"https:\/\/www.nautaran.org\/#\/schema\/person\/d1534bc0cff9cbd7d1b5cfc12e946a35\"},\"headline\":\"Jornades de ciberseguretat a l&#8217;Aran\",\"datePublished\":\"2024-10-25T11:29:06+00:00\",\"dateModified\":\"2024-10-25T11:31:33+00:00\",\"mainEntityOfPage\":{\"@id\":\"https:\/\/www.nautaran.org\/ca\/destacat-portada-ca\/jornades-sus-ciberseguretat-en-aran\/\"},\"wordCount\":99,\"image\":{\"@id\":\"https:\/\/www.nautaran.org\/ca\/destacat-portada-ca\/jornades-sus-ciberseguretat-en-aran\/#primaryimage\"},\"thumbnailUrl\":\"https:\/\/www.nautaran.org\/wp-content\/uploads\/2024\/10\/Ciberseguretat6.jpg\",\"articleSection\":[\"Destacat portada\",\"Not\u00edcies\",\"Noticies Poble Arties\",\"Noticies Poble Bagergue\",\"Noticies Poble Baqueira\",\"Noticies Poble Gar\u00f2s\",\"Noticies Poble Gessa\",\"Noticies Poble Mongarri\",\"Noticies Poble Salard\u00fa\",\"Noticies Poble Tred\u00f2s\",\"Noticies Poble Unha\",\"Not\u00edcies | Acci\u00f3 social\",\"Not\u00edcies | Cultura\"],\"inLanguage\":\"ca-ES\"},{\"@type\":\"WebPage\",\"@id\":\"https:\/\/www.nautaran.org\/ca\/destacat-portada-ca\/jornades-sus-ciberseguretat-en-aran\/\",\"url\":\"https:\/\/www.nautaran.org\/ca\/destacat-portada-ca\/jornades-sus-ciberseguretat-en-aran\/\",\"name\":\"Jornades de ciberseguretat a l'Aran - Ajuntament de Naut Aran\",\"isPartOf\":{\"@id\":\"https:\/\/www.nautaran.org\/#website\"},\"primaryImageOfPage\":{\"@id\":\"https:\/\/www.nautaran.org\/ca\/destacat-portada-ca\/jornades-sus-ciberseguretat-en-aran\/#primaryimage\"},\"image\":{\"@id\":\"https:\/\/www.nautaran.org\/ca\/destacat-portada-ca\/jornades-sus-ciberseguretat-en-aran\/#primaryimage\"},\"thumbnailUrl\":\"https:\/\/www.nautaran.org\/wp-content\/uploads\/2024\/10\/Ciberseguretat6.jpg\",\"datePublished\":\"2024-10-25T11:29:06+00:00\",\"dateModified\":\"2024-10-25T11:31:33+00:00\",\"author\":{\"@id\":\"https:\/\/www.nautaran.org\/#\/schema\/person\/d1534bc0cff9cbd7d1b5cfc12e946a35\"},\"breadcrumb\":{\"@id\":\"https:\/\/www.nautaran.org\/ca\/destacat-portada-ca\/jornades-sus-ciberseguretat-en-aran\/#breadcrumb\"},\"inLanguage\":\"ca-ES\",\"potentialAction\":[{\"@type\":\"ReadAction\",\"target\":[\"https:\/\/www.nautaran.org\/ca\/destacat-portada-ca\/jornades-sus-ciberseguretat-en-aran\/\"]}]},{\"@type\":\"ImageObject\",\"inLanguage\":\"ca-ES\",\"@id\":\"https:\/\/www.nautaran.org\/ca\/destacat-portada-ca\/jornades-sus-ciberseguretat-en-aran\/#primaryimage\",\"url\":\"https:\/\/www.nautaran.org\/wp-content\/uploads\/2024\/10\/Ciberseguretat6.jpg\",\"contentUrl\":\"https:\/\/www.nautaran.org\/wp-content\/uploads\/2024\/10\/Ciberseguretat6.jpg\",\"width\":1600,\"height\":900},{\"@type\":\"BreadcrumbList\",\"@id\":\"https:\/\/www.nautaran.org\/ca\/destacat-portada-ca\/jornades-sus-ciberseguretat-en-aran\/#breadcrumb\",\"itemListElement\":[{\"@type\":\"ListItem\",\"position\":1,\"name\":\"Portada\",\"item\":\"https:\/\/www.nautaran.org\/ca\/home-2\/\"},{\"@type\":\"ListItem\",\"position\":2,\"name\":\"Jornades de ciberseguretat a l'Aran\"}]},{\"@type\":\"WebSite\",\"@id\":\"https:\/\/www.nautaran.org\/#website\",\"url\":\"https:\/\/www.nautaran.org\/\",\"name\":\"Ajuntament de Naut Aran\",\"description\":\"Naut Aran\",\"potentialAction\":[{\"@type\":\"SearchAction\",\"target\":{\"@type\":\"EntryPoint\",\"urlTemplate\":\"https:\/\/www.nautaran.org\/?s={search_term_string}\"},\"query-input\":{\"@type\":\"PropertyValueSpecification\",\"valueRequired\":true,\"valueName\":\"search_term_string\"}}],\"inLanguage\":\"ca-ES\"},{\"@type\":\"Person\",\"@id\":\"https:\/\/www.nautaran.org\/#\/schema\/person\/d1534bc0cff9cbd7d1b5cfc12e946a35\",\"name\":\"nautaran\",\"image\":{\"@type\":\"ImageObject\",\"inLanguage\":\"ca-ES\",\"@id\":\"https:\/\/www.nautaran.org\/#\/schema\/person\/image\/\",\"url\":\"https:\/\/secure.gravatar.com\/avatar\/80a09b1f8ae692a4acce17816a6597a844f3f59cda069b47a176c85e26e41c03?s=96&d=mm&r=g\",\"contentUrl\":\"https:\/\/secure.gravatar.com\/avatar\/80a09b1f8ae692a4acce17816a6597a844f3f59cda069b47a176c85e26e41c03?s=96&d=mm&r=g\",\"caption\":\"nautaran\"},\"url\":\"https:\/\/www.nautaran.org\/ca\/author\/nautaran\/\"}]}<\/script>\n<!-- \/ Yoast SEO plugin. -->","yoast_head_json":{"title":"Jornades de ciberseguretat a l'Aran - Ajuntament de Naut Aran","robots":{"index":"index","follow":"follow","max-snippet":"max-snippet:-1","max-image-preview":"max-image-preview:large","max-video-preview":"max-video-preview:-1"},"canonical":"https:\/\/www.nautaran.org\/ca\/destacat-portada-ca\/jornades-sus-ciberseguretat-en-aran\/","og_locale":"ca_ES","og_type":"article","og_title":"Jornades de ciberseguretat a l'Aran - Ajuntament de Naut Aran","og_description":"Des de l&#8217;Ajuntament de Naut Aran hem assistit al primer Congr\u00e9s de Ciberseguretat dut a terme durant aquests dies a la poblaci\u00f3 de Vielha amb la pres\u00e8ncia del nostre t\u00e8cnic inform\u00e0tic TIC, Adri\u00e0 Cuevas. La tasca principal \u00e9s el d&#8217;aprofitar els coneixements dels excel\u00b7lents ponents que es troben en aquest indret per adquirir noves aptituts [&hellip;]","og_url":"https:\/\/www.nautaran.org\/ca\/destacat-portada-ca\/jornades-sus-ciberseguretat-en-aran\/","og_site_name":"Ajuntament de Naut Aran","article_published_time":"2024-10-25T11:29:06+00:00","article_modified_time":"2024-10-25T11:31:33+00:00","og_image":[{"width":1600,"height":900,"url":"https:\/\/www.nautaran.org\/wp-content\/uploads\/2024\/10\/Ciberseguretat6.jpg","type":"image\/jpeg"}],"author":"nautaran","twitter_card":"summary_large_image","twitter_misc":{"Written by":"nautaran","Est. reading time":"1 minute"},"schema":{"@context":"https:\/\/schema.org","@graph":[{"@type":"Article","@id":"https:\/\/www.nautaran.org\/ca\/destacat-portada-ca\/jornades-sus-ciberseguretat-en-aran\/#article","isPartOf":{"@id":"https:\/\/www.nautaran.org\/ca\/destacat-portada-ca\/jornades-sus-ciberseguretat-en-aran\/"},"author":{"name":"nautaran","@id":"https:\/\/www.nautaran.org\/#\/schema\/person\/d1534bc0cff9cbd7d1b5cfc12e946a35"},"headline":"Jornades de ciberseguretat a l&#8217;Aran","datePublished":"2024-10-25T11:29:06+00:00","dateModified":"2024-10-25T11:31:33+00:00","mainEntityOfPage":{"@id":"https:\/\/www.nautaran.org\/ca\/destacat-portada-ca\/jornades-sus-ciberseguretat-en-aran\/"},"wordCount":99,"image":{"@id":"https:\/\/www.nautaran.org\/ca\/destacat-portada-ca\/jornades-sus-ciberseguretat-en-aran\/#primaryimage"},"thumbnailUrl":"https:\/\/www.nautaran.org\/wp-content\/uploads\/2024\/10\/Ciberseguretat6.jpg","articleSection":["Destacat portada","Not\u00edcies","Noticies Poble Arties","Noticies Poble Bagergue","Noticies Poble Baqueira","Noticies Poble Gar\u00f2s","Noticies Poble Gessa","Noticies Poble Mongarri","Noticies Poble Salard\u00fa","Noticies Poble Tred\u00f2s","Noticies Poble Unha","Not\u00edcies | Acci\u00f3 social","Not\u00edcies | Cultura"],"inLanguage":"ca-ES"},{"@type":"WebPage","@id":"https:\/\/www.nautaran.org\/ca\/destacat-portada-ca\/jornades-sus-ciberseguretat-en-aran\/","url":"https:\/\/www.nautaran.org\/ca\/destacat-portada-ca\/jornades-sus-ciberseguretat-en-aran\/","name":"Jornades de ciberseguretat a l'Aran - Ajuntament de Naut Aran","isPartOf":{"@id":"https:\/\/www.nautaran.org\/#website"},"primaryImageOfPage":{"@id":"https:\/\/www.nautaran.org\/ca\/destacat-portada-ca\/jornades-sus-ciberseguretat-en-aran\/#primaryimage"},"image":{"@id":"https:\/\/www.nautaran.org\/ca\/destacat-portada-ca\/jornades-sus-ciberseguretat-en-aran\/#primaryimage"},"thumbnailUrl":"https:\/\/www.nautaran.org\/wp-content\/uploads\/2024\/10\/Ciberseguretat6.jpg","datePublished":"2024-10-25T11:29:06+00:00","dateModified":"2024-10-25T11:31:33+00:00","author":{"@id":"https:\/\/www.nautaran.org\/#\/schema\/person\/d1534bc0cff9cbd7d1b5cfc12e946a35"},"breadcrumb":{"@id":"https:\/\/www.nautaran.org\/ca\/destacat-portada-ca\/jornades-sus-ciberseguretat-en-aran\/#breadcrumb"},"inLanguage":"ca-ES","potentialAction":[{"@type":"ReadAction","target":["https:\/\/www.nautaran.org\/ca\/destacat-portada-ca\/jornades-sus-ciberseguretat-en-aran\/"]}]},{"@type":"ImageObject","inLanguage":"ca-ES","@id":"https:\/\/www.nautaran.org\/ca\/destacat-portada-ca\/jornades-sus-ciberseguretat-en-aran\/#primaryimage","url":"https:\/\/www.nautaran.org\/wp-content\/uploads\/2024\/10\/Ciberseguretat6.jpg","contentUrl":"https:\/\/www.nautaran.org\/wp-content\/uploads\/2024\/10\/Ciberseguretat6.jpg","width":1600,"height":900},{"@type":"BreadcrumbList","@id":"https:\/\/www.nautaran.org\/ca\/destacat-portada-ca\/jornades-sus-ciberseguretat-en-aran\/#breadcrumb","itemListElement":[{"@type":"ListItem","position":1,"name":"Portada","item":"https:\/\/www.nautaran.org\/ca\/home-2\/"},{"@type":"ListItem","position":2,"name":"Jornades de ciberseguretat a l'Aran"}]},{"@type":"WebSite","@id":"https:\/\/www.nautaran.org\/#website","url":"https:\/\/www.nautaran.org\/","name":"Ajuntament de Naut Aran","description":"Naut Aran","potentialAction":[{"@type":"SearchAction","target":{"@type":"EntryPoint","urlTemplate":"https:\/\/www.nautaran.org\/?s={search_term_string}"},"query-input":{"@type":"PropertyValueSpecification","valueRequired":true,"valueName":"search_term_string"}}],"inLanguage":"ca-ES"},{"@type":"Person","@id":"https:\/\/www.nautaran.org\/#\/schema\/person\/d1534bc0cff9cbd7d1b5cfc12e946a35","name":"nautaran","image":{"@type":"ImageObject","inLanguage":"ca-ES","@id":"https:\/\/www.nautaran.org\/#\/schema\/person\/image\/","url":"https:\/\/secure.gravatar.com\/avatar\/80a09b1f8ae692a4acce17816a6597a844f3f59cda069b47a176c85e26e41c03?s=96&d=mm&r=g","contentUrl":"https:\/\/secure.gravatar.com\/avatar\/80a09b1f8ae692a4acce17816a6597a844f3f59cda069b47a176c85e26e41c03?s=96&d=mm&r=g","caption":"nautaran"},"url":"https:\/\/www.nautaran.org\/ca\/author\/nautaran\/"}]}},"_links":{"self":[{"href":"https:\/\/www.nautaran.org\/ca\/wp-json\/wp\/v2\/posts\/21774","targetHints":{"allow":["GET"]}}],"collection":[{"href":"https:\/\/www.nautaran.org\/ca\/wp-json\/wp\/v2\/posts"}],"about":[{"href":"https:\/\/www.nautaran.org\/ca\/wp-json\/wp\/v2\/types\/post"}],"author":[{"embeddable":true,"href":"https:\/\/www.nautaran.org\/ca\/wp-json\/wp\/v2\/users\/4"}],"replies":[{"embeddable":true,"href":"https:\/\/www.nautaran.org\/ca\/wp-json\/wp\/v2\/comments?post=21774"}],"version-history":[{"count":2,"href":"https:\/\/www.nautaran.org\/ca\/wp-json\/wp\/v2\/posts\/21774\/revisions"}],"predecessor-version":[{"id":21777,"href":"https:\/\/www.nautaran.org\/ca\/wp-json\/wp\/v2\/posts\/21774\/revisions\/21777"}],"wp:featuredmedia":[{"embeddable":true,"href":"https:\/\/www.nautaran.org\/ca\/wp-json\/wp\/v2\/media\/21771"}],"wp:attachment":[{"href":"https:\/\/www.nautaran.org\/ca\/wp-json\/wp\/v2\/media?parent=21774"}],"wp:term":[{"taxonomy":"category","embeddable":true,"href":"https:\/\/www.nautaran.org\/ca\/wp-json\/wp\/v2\/categories?post=21774"},{"taxonomy":"post_tag","embeddable":true,"href":"https:\/\/www.nautaran.org\/ca\/wp-json\/wp\/v2\/tags?post=21774"}],"curies":[{"name":"wp","href":"https:\/\/api.w.org\/{rel}","templated":true}]}}