{"id":21983,"date":"2024-11-21T12:35:33","date_gmt":"2024-11-21T11:35:33","guid":{"rendered":"https:\/\/www.nautaran.org\/naut-aran-aprove-eth-pressupost-mes-naut-dera-sua-istoria\/"},"modified":"2024-11-21T12:37:42","modified_gmt":"2024-11-21T11:37:42","slug":"naut-aran-aprova-el-pressupost-mes-alt-de-la-seva-historia","status":"publish","type":"post","link":"https:\/\/www.nautaran.org\/ca\/destacat-portada-ca\/naut-aran-aprova-el-pressupost-mes-alt-de-la-seva-historia\/","title":{"rendered":"Naut Aran aprova el pressupost m\u00e9s alt de la seva hist\u00f2ria"},"content":{"rendered":"<p>El Ple de l&#8217;Ajuntament de Naut Aran ha aprovat inicialment aquest mat\u00ed amb els vots a favor de l&#8217;equip de govern de Converg\u00e8ncia Aranesa i les abstencions d\u2019Unitat d\u2019Aran i d&#8217;Aran Amassa el pressupost m\u00e9s alt de tota la hist\u00f2ria amb un total de 9.450.000 \u20ac que suposa un creixement d&#8217;un 6% respecte el de l&#8217;any passat.<\/p>\n<p>Entre les q\u00fcestions m\u00e9s destacades d&#8217;aquest increment es reflecteix la renovaci\u00f3 del consultori d&#8217;Arties (260.000\u20ac, els quals 250.000\u20ac s\u00f3n per subvenci\u00f3), es cobrir\u00e0 la pista de padel d\u2019Arties (111.000\u20ac), la reforma del carrer Sant Mart\u00ed d&#8217;Unha (120.000\u20ac) amb la col\u00b7locaci\u00f3 de comptadors pels dip\u00f2sits, millorar la travessa de Salard\u00fa (30.000\u20ac) i calefactar el cam\u00ed de Puj\u00f2 (125.000\u20ac). El c\u00e0non de Baqueira cobrat l&#8217;any passat va ascendir als 2.300.000\u20ac i la previsi\u00f3 d&#8217;enguany s&#8217;ha situat en els 2.000.000\u20ac.<\/p>\n<p>A m\u00e9s, altres actuacions previstes en el 2024 que s&#8217;executaran al llarg d&#8217;aquest 2025 s\u00f3n les d&#8217;habitatge. All\u00e0 s&#8217;inclouen les obres per al pis de lloguer assequible a Tred\u00f2s (115.000\u20ac), els quatre habitatges i nou places d&#8217;aparcament a la Pla\u00e7a de la Pica de Salard\u00fa (1.200.000\u20ac), que el mes de gener es licitaria i s&#8217;iniciarien les obres el mes de maig de 2025 o el contracte del projecte de l&#8217;obra del Centre C\u00edvic i Social de Salard\u00fa (1.015.000\u20ac) que el 12 de desembre se sabr\u00e0 l&#8217;empresa encarregada de portar endavant el projecte executiu amb un inici d&#8217;obres previst per a maig de 2026.<\/p>\n<p>En quant a actuacions en energies renovables que tamb\u00e9 s&#8217;executaran enguany, un dels projectes m\u00e9s ambiciosos del consistori \u00e9s el de la creaci\u00f3 del \u2018District Heating\u2019, la central de calor a Salard\u00fa amb un pressupost d&#8217;1.569.000\u20ac i que comen\u00e7aran les obres el mes de febrer per a situar els receptors de calor en els diferents equipaments p\u00fablics com el poliesportiu o l&#8217;esgl\u00e9sia Sant Andr\u00e8u de Salard\u00fa. A l&#8217;abril, amb l&#8217;arribada de la primavera, es far\u00e0 l&#8217;obra central de la nau d&#8217;estella i la sala de calderes.<\/p>\n<p>L&#8217;alcalde de Naut Aran, C\u00e9sar Ruiz-Canela, afirma que \u201c\u00e9s una legislatura molt ambiciosa per a nosaltres. Projectem moltes actuacions importants en moltes mat\u00e8ries que beneficiaran a tots els nostres ve\u00efns del municipi. Habitatge, esports, cultura, acci\u00f3 social, noves energies renovables, tot est\u00e0 contemplat dins d&#8217;aquest pressupost hist\u00f2ric que potenciar\u00e0 Naut Aran com una destinaci\u00f3 de primer nivell.\u201d<\/p>\n<p><a href=\"https:\/\/www.nautaran.org\/wp-content\/uploads\/2024\/11\/Plen2-rotated.jpg\"><img loading=\"lazy\" decoding=\"async\" class=\"alignnone wp-image-21976 size-full\" src=\"https:\/\/www.nautaran.org\/wp-content\/uploads\/2024\/11\/Plen2-rotated.jpg\" alt=\"\" width=\"3024\" height=\"4032\" srcset=\"https:\/\/www.nautaran.org\/wp-content\/uploads\/2024\/11\/Plen2-rotated.jpg 3024w, https:\/\/www.nautaran.org\/wp-content\/uploads\/2024\/11\/Plen2-1280x1707.jpg 1280w, https:\/\/www.nautaran.org\/wp-content\/uploads\/2024\/11\/Plen2-980x1307.jpg 980w, https:\/\/www.nautaran.org\/wp-content\/uploads\/2024\/11\/Plen2-480x640.jpg 480w\" sizes=\"auto, (min-width: 0px) and (max-width: 480px) 480px, (min-width: 481px) and (max-width: 980px) 980px, (min-width: 981px) and (max-width: 1280px) 1280px, (min-width: 1281px) 3024px, 100vw\" \/><\/a><\/p>\n<p>A m\u00e9s, s&#8217;ha aprovat per unanimitat la modificaci\u00f3 de l&#8217;ordenan\u00e7a fiscal reguladora de l&#8217;impost sobre b\u00e9ns immobles per a introduir la bonificaci\u00f3 en la instal\u00b7laci\u00f3 de sistemes per a l&#8217;aprofitament t\u00e8rmic o el\u00e8ctric de l&#8217;energia solar en aquests b\u00e9ns del municipi.<\/p>\n","protected":false},"excerpt":{"rendered":"<p>El Ple de l&#8217;Ajuntament de Naut Aran ha aprovat inicialment aquest mat\u00ed amb els vots a favor de l&#8217;equip de govern de Converg\u00e8ncia Aranesa i les abstencions d\u2019Unitat d\u2019Aran i d&#8217;Aran Amassa el pressupost m\u00e9s alt de tota la hist\u00f2ria amb un total de 9.450.000 \u20ac que suposa un creixement d&#8217;un 6% respecte el de [&hellip;]<\/p>\n","protected":false},"author":4,"featured_media":21971,"comment_status":"closed","ping_status":"closed","sticky":false,"template":"","format":"standard","meta":{"_acf_changed":false,"_et_pb_use_builder":"","_et_pb_old_content":"","_et_gb_content_width":"","footnotes":""},"categories":[31,32,815,818,821,814,816,832,817,820,819,35,36,39,40,43,44],"tags":[838,839,840],"class_list":["post-21983","post","type-post","status-publish","format-standard","has-post-thumbnail","hentry","category-destacat-portada-ca","category-noticies","category-noticies-poble-arties","category-noticies-poble-bagergue","category-noticies-poble-baqueira","category-noticies-poble-garos","category-noticies-poble-gessa","category-noticies-poble-mongarri-ca","category-noticies-poble-salardu","category-noticies-poble-tredos","category-noticies-poble-unha","category-accio-social","category-cultura-ca","category-esports-ca","category-infraestructures","category-mitja-natural","category-turisme","tag-cesar-ruiz-canela-ca","tag-naut-aran-ca","tag-pressupost-ca"],"acf":[],"yoast_head":"<!-- This site is optimized with the Yoast SEO plugin v26.8 - https:\/\/yoast.com\/product\/yoast-seo-wordpress\/ -->\n<title>Naut Aran aprova el pressupost m\u00e9s alt de la seva hist\u00f2ria - Ajuntament de Naut Aran<\/title>\n<meta name=\"robots\" content=\"index, follow, max-snippet:-1, max-image-preview:large, max-video-preview:-1\" \/>\n<link rel=\"canonical\" href=\"https:\/\/www.nautaran.org\/ca\/destacat-portada-ca\/naut-aran-aprova-el-pressupost-mes-alt-de-la-seva-historia\/\" \/>\n<meta property=\"og:locale\" content=\"ca_ES\" \/>\n<meta property=\"og:type\" content=\"article\" \/>\n<meta property=\"og:title\" content=\"Naut Aran aprova el pressupost m\u00e9s alt de la seva hist\u00f2ria - Ajuntament de Naut Aran\" \/>\n<meta property=\"og:description\" content=\"El Ple de l&#8217;Ajuntament de Naut Aran ha aprovat inicialment aquest mat\u00ed amb els vots a favor de l&#8217;equip de govern de Converg\u00e8ncia Aranesa i les abstencions d\u2019Unitat d\u2019Aran i d&#8217;Aran Amassa el pressupost m\u00e9s alt de tota la hist\u00f2ria amb un total de 9.450.000 \u20ac que suposa un creixement d&#8217;un 6% respecte el de [&hellip;]\" \/>\n<meta property=\"og:url\" content=\"https:\/\/www.nautaran.org\/ca\/destacat-portada-ca\/naut-aran-aprova-el-pressupost-mes-alt-de-la-seva-historia\/\" \/>\n<meta property=\"og:site_name\" content=\"Ajuntament de Naut Aran\" \/>\n<meta property=\"article:published_time\" content=\"2024-11-21T11:35:33+00:00\" \/>\n<meta property=\"article:modified_time\" content=\"2024-11-21T11:37:42+00:00\" \/>\n<meta property=\"og:image\" content=\"https:\/\/www.nautaran.org\/wp-content\/uploads\/2024\/11\/Plen-1024x768.jpg\" \/>\n\t<meta property=\"og:image:width\" content=\"1024\" \/>\n\t<meta property=\"og:image:height\" content=\"768\" \/>\n\t<meta property=\"og:image:type\" content=\"image\/jpeg\" \/>\n<meta name=\"author\" content=\"nautaran\" \/>\n<meta name=\"twitter:card\" content=\"summary_large_image\" \/>\n<meta name=\"twitter:label1\" content=\"Written by\" \/>\n\t<meta name=\"twitter:data1\" content=\"nautaran\" \/>\n\t<meta name=\"twitter:label2\" content=\"Est. reading time\" \/>\n\t<meta name=\"twitter:data2\" content=\"3 minutes\" \/>\n<script type=\"application\/ld+json\" class=\"yoast-schema-graph\">{\"@context\":\"https:\/\/schema.org\",\"@graph\":[{\"@type\":\"Article\",\"@id\":\"https:\/\/www.nautaran.org\/ca\/destacat-portada-ca\/naut-aran-aprova-el-pressupost-mes-alt-de-la-seva-historia\/#article\",\"isPartOf\":{\"@id\":\"https:\/\/www.nautaran.org\/ca\/destacat-portada-ca\/naut-aran-aprova-el-pressupost-mes-alt-de-la-seva-historia\/\"},\"author\":{\"name\":\"nautaran\",\"@id\":\"https:\/\/www.nautaran.org\/#\/schema\/person\/d1534bc0cff9cbd7d1b5cfc12e946a35\"},\"headline\":\"Naut Aran aprova el pressupost m\u00e9s alt de la seva hist\u00f2ria\",\"datePublished\":\"2024-11-21T11:35:33+00:00\",\"dateModified\":\"2024-11-21T11:37:42+00:00\",\"mainEntityOfPage\":{\"@id\":\"https:\/\/www.nautaran.org\/ca\/destacat-portada-ca\/naut-aran-aprova-el-pressupost-mes-alt-de-la-seva-historia\/\"},\"wordCount\":481,\"image\":{\"@id\":\"https:\/\/www.nautaran.org\/ca\/destacat-portada-ca\/naut-aran-aprova-el-pressupost-mes-alt-de-la-seva-historia\/#primaryimage\"},\"thumbnailUrl\":\"https:\/\/www.nautaran.org\/wp-content\/uploads\/2024\/11\/Plen.jpg\",\"keywords\":[\"C\u00e9sar Ruiz-Canela\",\"Naut Aran\",\"pressup\u00f2st\"],\"articleSection\":[\"Destacat portada\",\"Not\u00edcies\",\"Noticies Poble Arties\",\"Noticies Poble Bagergue\",\"Noticies Poble Baqueira\",\"Noticies Poble Gar\u00f2s\",\"Noticies Poble Gessa\",\"Noticies Poble Mongarri\",\"Noticies Poble Salard\u00fa\",\"Noticies Poble Tred\u00f2s\",\"Noticies Poble Unha\",\"Not\u00edcies | Acci\u00f3 social\",\"Not\u00edcies | Cultura\",\"Not\u00edcies | Esports\",\"Not\u00edcies | Infraestructures\",\"Not\u00edcies | Medi Natural\",\"Not\u00edcies | Turisme\"],\"inLanguage\":\"ca-ES\"},{\"@type\":\"WebPage\",\"@id\":\"https:\/\/www.nautaran.org\/ca\/destacat-portada-ca\/naut-aran-aprova-el-pressupost-mes-alt-de-la-seva-historia\/\",\"url\":\"https:\/\/www.nautaran.org\/ca\/destacat-portada-ca\/naut-aran-aprova-el-pressupost-mes-alt-de-la-seva-historia\/\",\"name\":\"Naut Aran aprova el pressupost m\u00e9s alt de la seva hist\u00f2ria - Ajuntament de Naut Aran\",\"isPartOf\":{\"@id\":\"https:\/\/www.nautaran.org\/#website\"},\"primaryImageOfPage\":{\"@id\":\"https:\/\/www.nautaran.org\/ca\/destacat-portada-ca\/naut-aran-aprova-el-pressupost-mes-alt-de-la-seva-historia\/#primaryimage\"},\"image\":{\"@id\":\"https:\/\/www.nautaran.org\/ca\/destacat-portada-ca\/naut-aran-aprova-el-pressupost-mes-alt-de-la-seva-historia\/#primaryimage\"},\"thumbnailUrl\":\"https:\/\/www.nautaran.org\/wp-content\/uploads\/2024\/11\/Plen.jpg\",\"datePublished\":\"2024-11-21T11:35:33+00:00\",\"dateModified\":\"2024-11-21T11:37:42+00:00\",\"author\":{\"@id\":\"https:\/\/www.nautaran.org\/#\/schema\/person\/d1534bc0cff9cbd7d1b5cfc12e946a35\"},\"breadcrumb\":{\"@id\":\"https:\/\/www.nautaran.org\/ca\/destacat-portada-ca\/naut-aran-aprova-el-pressupost-mes-alt-de-la-seva-historia\/#breadcrumb\"},\"inLanguage\":\"ca-ES\",\"potentialAction\":[{\"@type\":\"ReadAction\",\"target\":[\"https:\/\/www.nautaran.org\/ca\/destacat-portada-ca\/naut-aran-aprova-el-pressupost-mes-alt-de-la-seva-historia\/\"]}]},{\"@type\":\"ImageObject\",\"inLanguage\":\"ca-ES\",\"@id\":\"https:\/\/www.nautaran.org\/ca\/destacat-portada-ca\/naut-aran-aprova-el-pressupost-mes-alt-de-la-seva-historia\/#primaryimage\",\"url\":\"https:\/\/www.nautaran.org\/wp-content\/uploads\/2024\/11\/Plen.jpg\",\"contentUrl\":\"https:\/\/www.nautaran.org\/wp-content\/uploads\/2024\/11\/Plen.jpg\",\"width\":4032,\"height\":3024},{\"@type\":\"BreadcrumbList\",\"@id\":\"https:\/\/www.nautaran.org\/ca\/destacat-portada-ca\/naut-aran-aprova-el-pressupost-mes-alt-de-la-seva-historia\/#breadcrumb\",\"itemListElement\":[{\"@type\":\"ListItem\",\"position\":1,\"name\":\"Portada\",\"item\":\"https:\/\/www.nautaran.org\/ca\/home-2\/\"},{\"@type\":\"ListItem\",\"position\":2,\"name\":\"Naut Aran aprova el pressupost m\u00e9s alt de la seva hist\u00f2ria\"}]},{\"@type\":\"WebSite\",\"@id\":\"https:\/\/www.nautaran.org\/#website\",\"url\":\"https:\/\/www.nautaran.org\/\",\"name\":\"Ajuntament de Naut Aran\",\"description\":\"Naut Aran\",\"potentialAction\":[{\"@type\":\"SearchAction\",\"target\":{\"@type\":\"EntryPoint\",\"urlTemplate\":\"https:\/\/www.nautaran.org\/?s={search_term_string}\"},\"query-input\":{\"@type\":\"PropertyValueSpecification\",\"valueRequired\":true,\"valueName\":\"search_term_string\"}}],\"inLanguage\":\"ca-ES\"},{\"@type\":\"Person\",\"@id\":\"https:\/\/www.nautaran.org\/#\/schema\/person\/d1534bc0cff9cbd7d1b5cfc12e946a35\",\"name\":\"nautaran\",\"image\":{\"@type\":\"ImageObject\",\"inLanguage\":\"ca-ES\",\"@id\":\"https:\/\/www.nautaran.org\/#\/schema\/person\/image\/\",\"url\":\"https:\/\/secure.gravatar.com\/avatar\/80a09b1f8ae692a4acce17816a6597a844f3f59cda069b47a176c85e26e41c03?s=96&d=mm&r=g\",\"contentUrl\":\"https:\/\/secure.gravatar.com\/avatar\/80a09b1f8ae692a4acce17816a6597a844f3f59cda069b47a176c85e26e41c03?s=96&d=mm&r=g\",\"caption\":\"nautaran\"},\"url\":\"https:\/\/www.nautaran.org\/ca\/author\/nautaran\/\"}]}<\/script>\n<!-- \/ Yoast SEO plugin. -->","yoast_head_json":{"title":"Naut Aran aprova el pressupost m\u00e9s alt de la seva hist\u00f2ria - Ajuntament de Naut Aran","robots":{"index":"index","follow":"follow","max-snippet":"max-snippet:-1","max-image-preview":"max-image-preview:large","max-video-preview":"max-video-preview:-1"},"canonical":"https:\/\/www.nautaran.org\/ca\/destacat-portada-ca\/naut-aran-aprova-el-pressupost-mes-alt-de-la-seva-historia\/","og_locale":"ca_ES","og_type":"article","og_title":"Naut Aran aprova el pressupost m\u00e9s alt de la seva hist\u00f2ria - Ajuntament de Naut Aran","og_description":"El Ple de l&#8217;Ajuntament de Naut Aran ha aprovat inicialment aquest mat\u00ed amb els vots a favor de l&#8217;equip de govern de Converg\u00e8ncia Aranesa i les abstencions d\u2019Unitat d\u2019Aran i d&#8217;Aran Amassa el pressupost m\u00e9s alt de tota la hist\u00f2ria amb un total de 9.450.000 \u20ac que suposa un creixement d&#8217;un 6% respecte el de [&hellip;]","og_url":"https:\/\/www.nautaran.org\/ca\/destacat-portada-ca\/naut-aran-aprova-el-pressupost-mes-alt-de-la-seva-historia\/","og_site_name":"Ajuntament de Naut Aran","article_published_time":"2024-11-21T11:35:33+00:00","article_modified_time":"2024-11-21T11:37:42+00:00","og_image":[{"width":1024,"height":768,"url":"https:\/\/www.nautaran.org\/wp-content\/uploads\/2024\/11\/Plen-1024x768.jpg","type":"image\/jpeg"}],"author":"nautaran","twitter_card":"summary_large_image","twitter_misc":{"Written by":"nautaran","Est. reading time":"3 minutes"},"schema":{"@context":"https:\/\/schema.org","@graph":[{"@type":"Article","@id":"https:\/\/www.nautaran.org\/ca\/destacat-portada-ca\/naut-aran-aprova-el-pressupost-mes-alt-de-la-seva-historia\/#article","isPartOf":{"@id":"https:\/\/www.nautaran.org\/ca\/destacat-portada-ca\/naut-aran-aprova-el-pressupost-mes-alt-de-la-seva-historia\/"},"author":{"name":"nautaran","@id":"https:\/\/www.nautaran.org\/#\/schema\/person\/d1534bc0cff9cbd7d1b5cfc12e946a35"},"headline":"Naut Aran aprova el pressupost m\u00e9s alt de la seva hist\u00f2ria","datePublished":"2024-11-21T11:35:33+00:00","dateModified":"2024-11-21T11:37:42+00:00","mainEntityOfPage":{"@id":"https:\/\/www.nautaran.org\/ca\/destacat-portada-ca\/naut-aran-aprova-el-pressupost-mes-alt-de-la-seva-historia\/"},"wordCount":481,"image":{"@id":"https:\/\/www.nautaran.org\/ca\/destacat-portada-ca\/naut-aran-aprova-el-pressupost-mes-alt-de-la-seva-historia\/#primaryimage"},"thumbnailUrl":"https:\/\/www.nautaran.org\/wp-content\/uploads\/2024\/11\/Plen.jpg","keywords":["C\u00e9sar Ruiz-Canela","Naut Aran","pressup\u00f2st"],"articleSection":["Destacat portada","Not\u00edcies","Noticies Poble Arties","Noticies Poble Bagergue","Noticies Poble Baqueira","Noticies Poble Gar\u00f2s","Noticies Poble Gessa","Noticies Poble Mongarri","Noticies Poble Salard\u00fa","Noticies Poble Tred\u00f2s","Noticies Poble Unha","Not\u00edcies | Acci\u00f3 social","Not\u00edcies | Cultura","Not\u00edcies | Esports","Not\u00edcies | Infraestructures","Not\u00edcies | Medi Natural","Not\u00edcies | Turisme"],"inLanguage":"ca-ES"},{"@type":"WebPage","@id":"https:\/\/www.nautaran.org\/ca\/destacat-portada-ca\/naut-aran-aprova-el-pressupost-mes-alt-de-la-seva-historia\/","url":"https:\/\/www.nautaran.org\/ca\/destacat-portada-ca\/naut-aran-aprova-el-pressupost-mes-alt-de-la-seva-historia\/","name":"Naut Aran aprova el pressupost m\u00e9s alt de la seva hist\u00f2ria - Ajuntament de Naut Aran","isPartOf":{"@id":"https:\/\/www.nautaran.org\/#website"},"primaryImageOfPage":{"@id":"https:\/\/www.nautaran.org\/ca\/destacat-portada-ca\/naut-aran-aprova-el-pressupost-mes-alt-de-la-seva-historia\/#primaryimage"},"image":{"@id":"https:\/\/www.nautaran.org\/ca\/destacat-portada-ca\/naut-aran-aprova-el-pressupost-mes-alt-de-la-seva-historia\/#primaryimage"},"thumbnailUrl":"https:\/\/www.nautaran.org\/wp-content\/uploads\/2024\/11\/Plen.jpg","datePublished":"2024-11-21T11:35:33+00:00","dateModified":"2024-11-21T11:37:42+00:00","author":{"@id":"https:\/\/www.nautaran.org\/#\/schema\/person\/d1534bc0cff9cbd7d1b5cfc12e946a35"},"breadcrumb":{"@id":"https:\/\/www.nautaran.org\/ca\/destacat-portada-ca\/naut-aran-aprova-el-pressupost-mes-alt-de-la-seva-historia\/#breadcrumb"},"inLanguage":"ca-ES","potentialAction":[{"@type":"ReadAction","target":["https:\/\/www.nautaran.org\/ca\/destacat-portada-ca\/naut-aran-aprova-el-pressupost-mes-alt-de-la-seva-historia\/"]}]},{"@type":"ImageObject","inLanguage":"ca-ES","@id":"https:\/\/www.nautaran.org\/ca\/destacat-portada-ca\/naut-aran-aprova-el-pressupost-mes-alt-de-la-seva-historia\/#primaryimage","url":"https:\/\/www.nautaran.org\/wp-content\/uploads\/2024\/11\/Plen.jpg","contentUrl":"https:\/\/www.nautaran.org\/wp-content\/uploads\/2024\/11\/Plen.jpg","width":4032,"height":3024},{"@type":"BreadcrumbList","@id":"https:\/\/www.nautaran.org\/ca\/destacat-portada-ca\/naut-aran-aprova-el-pressupost-mes-alt-de-la-seva-historia\/#breadcrumb","itemListElement":[{"@type":"ListItem","position":1,"name":"Portada","item":"https:\/\/www.nautaran.org\/ca\/home-2\/"},{"@type":"ListItem","position":2,"name":"Naut Aran aprova el pressupost m\u00e9s alt de la seva hist\u00f2ria"}]},{"@type":"WebSite","@id":"https:\/\/www.nautaran.org\/#website","url":"https:\/\/www.nautaran.org\/","name":"Ajuntament de Naut Aran","description":"Naut Aran","potentialAction":[{"@type":"SearchAction","target":{"@type":"EntryPoint","urlTemplate":"https:\/\/www.nautaran.org\/?s={search_term_string}"},"query-input":{"@type":"PropertyValueSpecification","valueRequired":true,"valueName":"search_term_string"}}],"inLanguage":"ca-ES"},{"@type":"Person","@id":"https:\/\/www.nautaran.org\/#\/schema\/person\/d1534bc0cff9cbd7d1b5cfc12e946a35","name":"nautaran","image":{"@type":"ImageObject","inLanguage":"ca-ES","@id":"https:\/\/www.nautaran.org\/#\/schema\/person\/image\/","url":"https:\/\/secure.gravatar.com\/avatar\/80a09b1f8ae692a4acce17816a6597a844f3f59cda069b47a176c85e26e41c03?s=96&d=mm&r=g","contentUrl":"https:\/\/secure.gravatar.com\/avatar\/80a09b1f8ae692a4acce17816a6597a844f3f59cda069b47a176c85e26e41c03?s=96&d=mm&r=g","caption":"nautaran"},"url":"https:\/\/www.nautaran.org\/ca\/author\/nautaran\/"}]}},"_links":{"self":[{"href":"https:\/\/www.nautaran.org\/ca\/wp-json\/wp\/v2\/posts\/21983","targetHints":{"allow":["GET"]}}],"collection":[{"href":"https:\/\/www.nautaran.org\/ca\/wp-json\/wp\/v2\/posts"}],"about":[{"href":"https:\/\/www.nautaran.org\/ca\/wp-json\/wp\/v2\/types\/post"}],"author":[{"embeddable":true,"href":"https:\/\/www.nautaran.org\/ca\/wp-json\/wp\/v2\/users\/4"}],"replies":[{"embeddable":true,"href":"https:\/\/www.nautaran.org\/ca\/wp-json\/wp\/v2\/comments?post=21983"}],"version-history":[{"count":1,"href":"https:\/\/www.nautaran.org\/ca\/wp-json\/wp\/v2\/posts\/21983\/revisions"}],"predecessor-version":[{"id":21985,"href":"https:\/\/www.nautaran.org\/ca\/wp-json\/wp\/v2\/posts\/21983\/revisions\/21985"}],"wp:featuredmedia":[{"embeddable":true,"href":"https:\/\/www.nautaran.org\/ca\/wp-json\/wp\/v2\/media\/21971"}],"wp:attachment":[{"href":"https:\/\/www.nautaran.org\/ca\/wp-json\/wp\/v2\/media?parent=21983"}],"wp:term":[{"taxonomy":"category","embeddable":true,"href":"https:\/\/www.nautaran.org\/ca\/wp-json\/wp\/v2\/categories?post=21983"},{"taxonomy":"post_tag","embeddable":true,"href":"https:\/\/www.nautaran.org\/ca\/wp-json\/wp\/v2\/tags?post=21983"}],"curies":[{"name":"wp","href":"https:\/\/api.w.org\/{rel}","templated":true}]}}