{"id":22122,"date":"2024-12-03T16:15:19","date_gmt":"2024-12-03T15:15:19","guid":{"rendered":"https:\/\/www.nautaran.org\/sinicie-era-regulacion-per-parquimetre-en-tres-parcatges-de-naut-aran\/"},"modified":"2024-12-03T16:17:35","modified_gmt":"2024-12-03T15:17:35","slug":"sinicia-la-regulacio-per-parquimetre-en-tres-aparcaments-de-naut-aran","status":"publish","type":"post","link":"https:\/\/www.nautaran.org\/ca\/destacat-portada-ca\/sinicia-la-regulacio-per-parquimetre-en-tres-aparcaments-de-naut-aran\/","title":{"rendered":"S&#8217;inicia la regulaci\u00f3 per parqu\u00edmetre en tres aparcaments de Naut Aran"},"content":{"rendered":"<p>El ple de l&#8217;Ajuntament de Naut Aran va donar llum verda el passat 19 de setembre de 2024 a la prova pilot de regulaci\u00f3 per parqu\u00edmetre en tres estacionaments de les poblacions de Gar\u00f2s, Arties i Salard\u00fa. Durant la jornada del 3 de desembre de 2024, aquesta nova normativa \u00e9s una realitat i es troba en funcionament amb l&#8217;objectiu de regular l&#8217;aparcament en el municipi aix\u00ed com generar una contraprestaci\u00f3 en les finques que t\u00e9 llogades el consistori anualment.<\/p>\n<p>Els aparcaments es troben localitzats a Arties, a l&#8217;altura de la carretera C-28 a la sortida del poble a m\u00e0 dreta en direcci\u00f3 a Salard\u00fa, a Gar\u00f2s, al Carrer deth Fort en una zona de terra, i al Carrer des Arroquets de Salard\u00fa. Cal recordar que en aquests llocs es cobrar\u00e0 a un preu de 0,30 c\u00e8ntims l&#8217;hora, amb una hora gratu\u00efta per a tots els usuaris. Aix\u00ed mateix, els ve\u00efns de Naut Aran que ho desitgin, podran aparcar el seu vehicle de manera gratu\u00efta el temps que vulguin gr\u00e0cies a la bonificaci\u00f3 pel pagament de l&#8217;impost de circulaci\u00f3 en el propi municipi. Podran recollir un adhesiu distintiu en el consistori que els permetr\u00e0 el lliure ingr\u00e9s a aquests espais.<\/p>\n<p>Dins d&#8217;aquestes finques, es podr\u00e0 estacionar el temps que es desitgi i la forma de pagament ser\u00e0 mitjan\u00e7ant efectiu, amb monedes, o a trav\u00e9s de l&#8217;aplicaci\u00f3 m\u00f2bil \u2018Paymeter\u2019 que permetr\u00e0 als usuaris poder controlar el temps d&#8217;estada o altres modificacions de forma m\u00e9s senzilla.<\/p>\n<p><a href=\"https:\/\/www.nautaran.org\/wp-content\/uploads\/2024\/12\/Parc7.jpg\"><img loading=\"lazy\" decoding=\"async\" class=\"alignnone wp-image-22118 size-full\" src=\"https:\/\/www.nautaran.org\/wp-content\/uploads\/2024\/12\/Parc7.jpg\" alt=\"\" width=\"1200\" height=\"1600\" srcset=\"https:\/\/www.nautaran.org\/wp-content\/uploads\/2024\/12\/Parc7.jpg 1200w, https:\/\/www.nautaran.org\/wp-content\/uploads\/2024\/12\/Parc7-980x1307.jpg 980w, https:\/\/www.nautaran.org\/wp-content\/uploads\/2024\/12\/Parc7-480x640.jpg 480w\" sizes=\"auto, (min-width: 0px) and (max-width: 480px) 480px, (min-width: 481px) and (max-width: 980px) 980px, (min-width: 981px) 1200px, 100vw\" \/><\/a><\/p>\n<p>L&#8217;alcalde de Naut Aran, C\u00e9sar Ruiz-Canela, destaca que \u201caquesta prova pilot que hem impulsat en els aparcaments del nostre municipi la fem \u00fanicament en aquelles finques que ens costa un lloguer anual. El nostre objectiu \u00e9s que pugui haver-hi una rotaci\u00f3 de vehicles en aquests aparcaments regulats perqu\u00e8 no es quedin remolcs o altres mitjans de transport durant mesos all\u00e0\u201d.<\/p>\n<p>En el cas que es detecti que un vehicle no ha validat el pagament en efectiu o mitjan\u00e7ant l&#8217;aplicaci\u00f3 m\u00f2bil \u2018Paymeter\u2019 es procedir\u00e0 a sancionar al titular amb un import de 7,20\u20ac que suposa un preu de 24 hores de tarifa.<\/p>\n","protected":false},"excerpt":{"rendered":"<p>El ple de l&#8217;Ajuntament de Naut Aran va donar llum verda el passat 19 de setembre de 2024 a la prova pilot de regulaci\u00f3 per parqu\u00edmetre en tres estacionaments de les poblacions de Gar\u00f2s, Arties i Salard\u00fa. Durant la jornada del 3 de desembre de 2024, aquesta nova normativa \u00e9s una realitat i es troba [&hellip;]<\/p>\n","protected":false},"author":4,"featured_media":22116,"comment_status":"closed","ping_status":"closed","sticky":false,"template":"","format":"standard","meta":{"_acf_changed":false,"_et_pb_use_builder":"","_et_pb_old_content":"","_et_gb_content_width":"","footnotes":""},"categories":[31,32,815,814,817,40,44],"tags":[849,850,839,851,852,853],"class_list":["post-22122","post","type-post","status-publish","format-standard","has-post-thumbnail","hentry","category-destacat-portada-ca","category-noticies","category-noticies-poble-arties","category-noticies-poble-garos","category-noticies-poble-salardu","category-infraestructures","category-turisme","tag-arties-ca","tag-garos-ca","tag-naut-aran-ca","tag-parquimetres-ca","tag-paymeter-ca","tag-salardu-ca"],"acf":[],"yoast_head":"<!-- This site is optimized with the Yoast SEO plugin v26.8 - https:\/\/yoast.com\/product\/yoast-seo-wordpress\/ -->\n<title>S&#039;inicia la regulaci\u00f3 per parqu\u00edmetre en tres aparcaments de Naut Aran - Ajuntament de Naut Aran<\/title>\n<meta name=\"robots\" content=\"index, follow, max-snippet:-1, max-image-preview:large, max-video-preview:-1\" \/>\n<link rel=\"canonical\" href=\"https:\/\/www.nautaran.org\/ca\/destacat-portada-ca\/sinicia-la-regulacio-per-parquimetre-en-tres-aparcaments-de-naut-aran\/\" \/>\n<meta property=\"og:locale\" content=\"ca_ES\" \/>\n<meta property=\"og:type\" content=\"article\" \/>\n<meta property=\"og:title\" content=\"S&#039;inicia la regulaci\u00f3 per parqu\u00edmetre en tres aparcaments de Naut Aran - Ajuntament de Naut Aran\" \/>\n<meta property=\"og:description\" content=\"El ple de l&#8217;Ajuntament de Naut Aran va donar llum verda el passat 19 de setembre de 2024 a la prova pilot de regulaci\u00f3 per parqu\u00edmetre en tres estacionaments de les poblacions de Gar\u00f2s, Arties i Salard\u00fa. Durant la jornada del 3 de desembre de 2024, aquesta nova normativa \u00e9s una realitat i es troba [&hellip;]\" \/>\n<meta property=\"og:url\" content=\"https:\/\/www.nautaran.org\/ca\/destacat-portada-ca\/sinicia-la-regulacio-per-parquimetre-en-tres-aparcaments-de-naut-aran\/\" \/>\n<meta property=\"og:site_name\" content=\"Ajuntament de Naut Aran\" \/>\n<meta property=\"article:published_time\" content=\"2024-12-03T15:15:19+00:00\" \/>\n<meta property=\"article:modified_time\" content=\"2024-12-03T15:17:35+00:00\" \/>\n<meta property=\"og:image\" content=\"https:\/\/www.nautaran.org\/wp-content\/uploads\/2024\/12\/Parc3.jpg\" \/>\n\t<meta property=\"og:image:width\" content=\"1008\" \/>\n\t<meta property=\"og:image:height\" content=\"630\" \/>\n\t<meta property=\"og:image:type\" content=\"image\/jpeg\" \/>\n<meta name=\"author\" content=\"nautaran\" \/>\n<meta name=\"twitter:card\" content=\"summary_large_image\" \/>\n<meta name=\"twitter:label1\" content=\"Written by\" \/>\n\t<meta name=\"twitter:data1\" content=\"nautaran\" \/>\n\t<meta name=\"twitter:label2\" content=\"Est. reading time\" \/>\n\t<meta name=\"twitter:data2\" content=\"2 minutes\" \/>\n<script type=\"application\/ld+json\" class=\"yoast-schema-graph\">{\"@context\":\"https:\/\/schema.org\",\"@graph\":[{\"@type\":\"Article\",\"@id\":\"https:\/\/www.nautaran.org\/ca\/destacat-portada-ca\/sinicia-la-regulacio-per-parquimetre-en-tres-aparcaments-de-naut-aran\/#article\",\"isPartOf\":{\"@id\":\"https:\/\/www.nautaran.org\/ca\/destacat-portada-ca\/sinicia-la-regulacio-per-parquimetre-en-tres-aparcaments-de-naut-aran\/\"},\"author\":{\"name\":\"nautaran\",\"@id\":\"https:\/\/www.nautaran.org\/#\/schema\/person\/d1534bc0cff9cbd7d1b5cfc12e946a35\"},\"headline\":\"S&#8217;inicia la regulaci\u00f3 per parqu\u00edmetre en tres aparcaments de Naut Aran\",\"datePublished\":\"2024-12-03T15:15:19+00:00\",\"dateModified\":\"2024-12-03T15:17:35+00:00\",\"mainEntityOfPage\":{\"@id\":\"https:\/\/www.nautaran.org\/ca\/destacat-portada-ca\/sinicia-la-regulacio-per-parquimetre-en-tres-aparcaments-de-naut-aran\/\"},\"wordCount\":377,\"image\":{\"@id\":\"https:\/\/www.nautaran.org\/ca\/destacat-portada-ca\/sinicia-la-regulacio-per-parquimetre-en-tres-aparcaments-de-naut-aran\/#primaryimage\"},\"thumbnailUrl\":\"https:\/\/www.nautaran.org\/wp-content\/uploads\/2024\/12\/Parc3.jpg\",\"keywords\":[\"Arties\",\"Gar\u00f2s\",\"Naut Aran\",\"Parquim\u00e8tres\",\"Paymeter\",\"Salard\u00fa\"],\"articleSection\":[\"Destacat portada\",\"Not\u00edcies\",\"Noticies Poble Arties\",\"Noticies Poble Gar\u00f2s\",\"Noticies Poble Salard\u00fa\",\"Not\u00edcies | Infraestructures\",\"Not\u00edcies | Turisme\"],\"inLanguage\":\"ca-ES\"},{\"@type\":\"WebPage\",\"@id\":\"https:\/\/www.nautaran.org\/ca\/destacat-portada-ca\/sinicia-la-regulacio-per-parquimetre-en-tres-aparcaments-de-naut-aran\/\",\"url\":\"https:\/\/www.nautaran.org\/ca\/destacat-portada-ca\/sinicia-la-regulacio-per-parquimetre-en-tres-aparcaments-de-naut-aran\/\",\"name\":\"S'inicia la regulaci\u00f3 per parqu\u00edmetre en tres aparcaments de Naut Aran - Ajuntament de Naut Aran\",\"isPartOf\":{\"@id\":\"https:\/\/www.nautaran.org\/#website\"},\"primaryImageOfPage\":{\"@id\":\"https:\/\/www.nautaran.org\/ca\/destacat-portada-ca\/sinicia-la-regulacio-per-parquimetre-en-tres-aparcaments-de-naut-aran\/#primaryimage\"},\"image\":{\"@id\":\"https:\/\/www.nautaran.org\/ca\/destacat-portada-ca\/sinicia-la-regulacio-per-parquimetre-en-tres-aparcaments-de-naut-aran\/#primaryimage\"},\"thumbnailUrl\":\"https:\/\/www.nautaran.org\/wp-content\/uploads\/2024\/12\/Parc3.jpg\",\"datePublished\":\"2024-12-03T15:15:19+00:00\",\"dateModified\":\"2024-12-03T15:17:35+00:00\",\"author\":{\"@id\":\"https:\/\/www.nautaran.org\/#\/schema\/person\/d1534bc0cff9cbd7d1b5cfc12e946a35\"},\"breadcrumb\":{\"@id\":\"https:\/\/www.nautaran.org\/ca\/destacat-portada-ca\/sinicia-la-regulacio-per-parquimetre-en-tres-aparcaments-de-naut-aran\/#breadcrumb\"},\"inLanguage\":\"ca-ES\",\"potentialAction\":[{\"@type\":\"ReadAction\",\"target\":[\"https:\/\/www.nautaran.org\/ca\/destacat-portada-ca\/sinicia-la-regulacio-per-parquimetre-en-tres-aparcaments-de-naut-aran\/\"]}]},{\"@type\":\"ImageObject\",\"inLanguage\":\"ca-ES\",\"@id\":\"https:\/\/www.nautaran.org\/ca\/destacat-portada-ca\/sinicia-la-regulacio-per-parquimetre-en-tres-aparcaments-de-naut-aran\/#primaryimage\",\"url\":\"https:\/\/www.nautaran.org\/wp-content\/uploads\/2024\/12\/Parc3.jpg\",\"contentUrl\":\"https:\/\/www.nautaran.org\/wp-content\/uploads\/2024\/12\/Parc3.jpg\",\"width\":1008,\"height\":630},{\"@type\":\"BreadcrumbList\",\"@id\":\"https:\/\/www.nautaran.org\/ca\/destacat-portada-ca\/sinicia-la-regulacio-per-parquimetre-en-tres-aparcaments-de-naut-aran\/#breadcrumb\",\"itemListElement\":[{\"@type\":\"ListItem\",\"position\":1,\"name\":\"Portada\",\"item\":\"https:\/\/www.nautaran.org\/ca\/home-2\/\"},{\"@type\":\"ListItem\",\"position\":2,\"name\":\"S'inicia la regulaci\u00f3 per parqu\u00edmetre en tres aparcaments de Naut Aran\"}]},{\"@type\":\"WebSite\",\"@id\":\"https:\/\/www.nautaran.org\/#website\",\"url\":\"https:\/\/www.nautaran.org\/\",\"name\":\"Ajuntament de Naut Aran\",\"description\":\"Naut Aran\",\"potentialAction\":[{\"@type\":\"SearchAction\",\"target\":{\"@type\":\"EntryPoint\",\"urlTemplate\":\"https:\/\/www.nautaran.org\/?s={search_term_string}\"},\"query-input\":{\"@type\":\"PropertyValueSpecification\",\"valueRequired\":true,\"valueName\":\"search_term_string\"}}],\"inLanguage\":\"ca-ES\"},{\"@type\":\"Person\",\"@id\":\"https:\/\/www.nautaran.org\/#\/schema\/person\/d1534bc0cff9cbd7d1b5cfc12e946a35\",\"name\":\"nautaran\",\"image\":{\"@type\":\"ImageObject\",\"inLanguage\":\"ca-ES\",\"@id\":\"https:\/\/www.nautaran.org\/#\/schema\/person\/image\/\",\"url\":\"https:\/\/secure.gravatar.com\/avatar\/80a09b1f8ae692a4acce17816a6597a844f3f59cda069b47a176c85e26e41c03?s=96&d=mm&r=g\",\"contentUrl\":\"https:\/\/secure.gravatar.com\/avatar\/80a09b1f8ae692a4acce17816a6597a844f3f59cda069b47a176c85e26e41c03?s=96&d=mm&r=g\",\"caption\":\"nautaran\"},\"url\":\"https:\/\/www.nautaran.org\/ca\/author\/nautaran\/\"}]}<\/script>\n<!-- \/ Yoast SEO plugin. -->","yoast_head_json":{"title":"S'inicia la regulaci\u00f3 per parqu\u00edmetre en tres aparcaments de Naut Aran - Ajuntament de Naut Aran","robots":{"index":"index","follow":"follow","max-snippet":"max-snippet:-1","max-image-preview":"max-image-preview:large","max-video-preview":"max-video-preview:-1"},"canonical":"https:\/\/www.nautaran.org\/ca\/destacat-portada-ca\/sinicia-la-regulacio-per-parquimetre-en-tres-aparcaments-de-naut-aran\/","og_locale":"ca_ES","og_type":"article","og_title":"S'inicia la regulaci\u00f3 per parqu\u00edmetre en tres aparcaments de Naut Aran - Ajuntament de Naut Aran","og_description":"El ple de l&#8217;Ajuntament de Naut Aran va donar llum verda el passat 19 de setembre de 2024 a la prova pilot de regulaci\u00f3 per parqu\u00edmetre en tres estacionaments de les poblacions de Gar\u00f2s, Arties i Salard\u00fa. Durant la jornada del 3 de desembre de 2024, aquesta nova normativa \u00e9s una realitat i es troba [&hellip;]","og_url":"https:\/\/www.nautaran.org\/ca\/destacat-portada-ca\/sinicia-la-regulacio-per-parquimetre-en-tres-aparcaments-de-naut-aran\/","og_site_name":"Ajuntament de Naut Aran","article_published_time":"2024-12-03T15:15:19+00:00","article_modified_time":"2024-12-03T15:17:35+00:00","og_image":[{"width":1008,"height":630,"url":"https:\/\/www.nautaran.org\/wp-content\/uploads\/2024\/12\/Parc3.jpg","type":"image\/jpeg"}],"author":"nautaran","twitter_card":"summary_large_image","twitter_misc":{"Written by":"nautaran","Est. reading time":"2 minutes"},"schema":{"@context":"https:\/\/schema.org","@graph":[{"@type":"Article","@id":"https:\/\/www.nautaran.org\/ca\/destacat-portada-ca\/sinicia-la-regulacio-per-parquimetre-en-tres-aparcaments-de-naut-aran\/#article","isPartOf":{"@id":"https:\/\/www.nautaran.org\/ca\/destacat-portada-ca\/sinicia-la-regulacio-per-parquimetre-en-tres-aparcaments-de-naut-aran\/"},"author":{"name":"nautaran","@id":"https:\/\/www.nautaran.org\/#\/schema\/person\/d1534bc0cff9cbd7d1b5cfc12e946a35"},"headline":"S&#8217;inicia la regulaci\u00f3 per parqu\u00edmetre en tres aparcaments de Naut Aran","datePublished":"2024-12-03T15:15:19+00:00","dateModified":"2024-12-03T15:17:35+00:00","mainEntityOfPage":{"@id":"https:\/\/www.nautaran.org\/ca\/destacat-portada-ca\/sinicia-la-regulacio-per-parquimetre-en-tres-aparcaments-de-naut-aran\/"},"wordCount":377,"image":{"@id":"https:\/\/www.nautaran.org\/ca\/destacat-portada-ca\/sinicia-la-regulacio-per-parquimetre-en-tres-aparcaments-de-naut-aran\/#primaryimage"},"thumbnailUrl":"https:\/\/www.nautaran.org\/wp-content\/uploads\/2024\/12\/Parc3.jpg","keywords":["Arties","Gar\u00f2s","Naut Aran","Parquim\u00e8tres","Paymeter","Salard\u00fa"],"articleSection":["Destacat portada","Not\u00edcies","Noticies Poble Arties","Noticies Poble Gar\u00f2s","Noticies Poble Salard\u00fa","Not\u00edcies | Infraestructures","Not\u00edcies | Turisme"],"inLanguage":"ca-ES"},{"@type":"WebPage","@id":"https:\/\/www.nautaran.org\/ca\/destacat-portada-ca\/sinicia-la-regulacio-per-parquimetre-en-tres-aparcaments-de-naut-aran\/","url":"https:\/\/www.nautaran.org\/ca\/destacat-portada-ca\/sinicia-la-regulacio-per-parquimetre-en-tres-aparcaments-de-naut-aran\/","name":"S'inicia la regulaci\u00f3 per parqu\u00edmetre en tres aparcaments de Naut Aran - Ajuntament de Naut Aran","isPartOf":{"@id":"https:\/\/www.nautaran.org\/#website"},"primaryImageOfPage":{"@id":"https:\/\/www.nautaran.org\/ca\/destacat-portada-ca\/sinicia-la-regulacio-per-parquimetre-en-tres-aparcaments-de-naut-aran\/#primaryimage"},"image":{"@id":"https:\/\/www.nautaran.org\/ca\/destacat-portada-ca\/sinicia-la-regulacio-per-parquimetre-en-tres-aparcaments-de-naut-aran\/#primaryimage"},"thumbnailUrl":"https:\/\/www.nautaran.org\/wp-content\/uploads\/2024\/12\/Parc3.jpg","datePublished":"2024-12-03T15:15:19+00:00","dateModified":"2024-12-03T15:17:35+00:00","author":{"@id":"https:\/\/www.nautaran.org\/#\/schema\/person\/d1534bc0cff9cbd7d1b5cfc12e946a35"},"breadcrumb":{"@id":"https:\/\/www.nautaran.org\/ca\/destacat-portada-ca\/sinicia-la-regulacio-per-parquimetre-en-tres-aparcaments-de-naut-aran\/#breadcrumb"},"inLanguage":"ca-ES","potentialAction":[{"@type":"ReadAction","target":["https:\/\/www.nautaran.org\/ca\/destacat-portada-ca\/sinicia-la-regulacio-per-parquimetre-en-tres-aparcaments-de-naut-aran\/"]}]},{"@type":"ImageObject","inLanguage":"ca-ES","@id":"https:\/\/www.nautaran.org\/ca\/destacat-portada-ca\/sinicia-la-regulacio-per-parquimetre-en-tres-aparcaments-de-naut-aran\/#primaryimage","url":"https:\/\/www.nautaran.org\/wp-content\/uploads\/2024\/12\/Parc3.jpg","contentUrl":"https:\/\/www.nautaran.org\/wp-content\/uploads\/2024\/12\/Parc3.jpg","width":1008,"height":630},{"@type":"BreadcrumbList","@id":"https:\/\/www.nautaran.org\/ca\/destacat-portada-ca\/sinicia-la-regulacio-per-parquimetre-en-tres-aparcaments-de-naut-aran\/#breadcrumb","itemListElement":[{"@type":"ListItem","position":1,"name":"Portada","item":"https:\/\/www.nautaran.org\/ca\/home-2\/"},{"@type":"ListItem","position":2,"name":"S'inicia la regulaci\u00f3 per parqu\u00edmetre en tres aparcaments de Naut Aran"}]},{"@type":"WebSite","@id":"https:\/\/www.nautaran.org\/#website","url":"https:\/\/www.nautaran.org\/","name":"Ajuntament de Naut Aran","description":"Naut Aran","potentialAction":[{"@type":"SearchAction","target":{"@type":"EntryPoint","urlTemplate":"https:\/\/www.nautaran.org\/?s={search_term_string}"},"query-input":{"@type":"PropertyValueSpecification","valueRequired":true,"valueName":"search_term_string"}}],"inLanguage":"ca-ES"},{"@type":"Person","@id":"https:\/\/www.nautaran.org\/#\/schema\/person\/d1534bc0cff9cbd7d1b5cfc12e946a35","name":"nautaran","image":{"@type":"ImageObject","inLanguage":"ca-ES","@id":"https:\/\/www.nautaran.org\/#\/schema\/person\/image\/","url":"https:\/\/secure.gravatar.com\/avatar\/80a09b1f8ae692a4acce17816a6597a844f3f59cda069b47a176c85e26e41c03?s=96&d=mm&r=g","contentUrl":"https:\/\/secure.gravatar.com\/avatar\/80a09b1f8ae692a4acce17816a6597a844f3f59cda069b47a176c85e26e41c03?s=96&d=mm&r=g","caption":"nautaran"},"url":"https:\/\/www.nautaran.org\/ca\/author\/nautaran\/"}]}},"_links":{"self":[{"href":"https:\/\/www.nautaran.org\/ca\/wp-json\/wp\/v2\/posts\/22122","targetHints":{"allow":["GET"]}}],"collection":[{"href":"https:\/\/www.nautaran.org\/ca\/wp-json\/wp\/v2\/posts"}],"about":[{"href":"https:\/\/www.nautaran.org\/ca\/wp-json\/wp\/v2\/types\/post"}],"author":[{"embeddable":true,"href":"https:\/\/www.nautaran.org\/ca\/wp-json\/wp\/v2\/users\/4"}],"replies":[{"embeddable":true,"href":"https:\/\/www.nautaran.org\/ca\/wp-json\/wp\/v2\/comments?post=22122"}],"version-history":[{"count":1,"href":"https:\/\/www.nautaran.org\/ca\/wp-json\/wp\/v2\/posts\/22122\/revisions"}],"predecessor-version":[{"id":22124,"href":"https:\/\/www.nautaran.org\/ca\/wp-json\/wp\/v2\/posts\/22122\/revisions\/22124"}],"wp:featuredmedia":[{"embeddable":true,"href":"https:\/\/www.nautaran.org\/ca\/wp-json\/wp\/v2\/media\/22116"}],"wp:attachment":[{"href":"https:\/\/www.nautaran.org\/ca\/wp-json\/wp\/v2\/media?parent=22122"}],"wp:term":[{"taxonomy":"category","embeddable":true,"href":"https:\/\/www.nautaran.org\/ca\/wp-json\/wp\/v2\/categories?post=22122"},{"taxonomy":"post_tag","embeddable":true,"href":"https:\/\/www.nautaran.org\/ca\/wp-json\/wp\/v2\/tags?post=22122"}],"curies":[{"name":"wp","href":"https:\/\/api.w.org\/{rel}","templated":true}]}}