{"id":22206,"date":"2024-12-18T10:00:08","date_gmt":"2024-12-18T09:00:08","guid":{"rendered":"https:\/\/www.nautaran.org\/comunicat-de-naut-aran-respecte-eth-traspas-de-mossen-jusep-amiell\/"},"modified":"2024-12-18T09:56:32","modified_gmt":"2024-12-18T08:56:32","slug":"comunicat-de-naut-aran-respecte-la-defuncio-de-mossen-jusep-amiell","status":"publish","type":"post","link":"https:\/\/www.nautaran.org\/ca\/destacat-portada-ca\/comunicat-de-naut-aran-respecte-la-defuncio-de-mossen-jusep-amiell\/","title":{"rendered":"Comunicat de Naut Aran respecte la defunci\u00f3 de Moss\u00e8n Jus\u00e8p Amiell"},"content":{"rendered":"<p>L&#8217;Ajuntament de Naut Aran vol transmetre el seu m\u00e9s sentit condol a familiars i amics del sacerdot aran\u00e8s i ve\u00ed de Naut Aran, Mossen Jus\u00e8p Amiell Sol\u00e8. Sacerdot i escriptor aran\u00e8s, Amiell va estudiar en el Seminari de la Seu d&#8217;Urgell i va ser ordenat sacerdot el 1954. Ha estat rector de Boss\u00f2st l&#8217;any 1973 i de la Pobla de Segur el 1977. El 17 de gener de 1979 va donar a la Capella del Pater Noster de Jerusalen el Pare nostre en aran\u00e8s.<br \/>\nPosteriorment va ser director espiritual del Seminari Dioces\u00e0 i el 1991 va ser nomenat rector de Vielha i arxiprest de la Val d&#8217;Aran de 1991 a 2005. Actualment era canonge del Cap\u00edtol Catedralici del Bisbat d\u2019Urgell, el primer aran\u00e8s designat per a aquest c\u00e0rrec des de 1805.<\/p>\n<p>Ha participat activament en l\u2019impuls de la cultura aranesa i ha estat secretari de la fundaci\u00f3 Mus\u00e8u Etnologic dera Val d\u2019Aran, membre del Patronat deth Mus\u00e8u dera Val d\u2019Aran i cofundador de la revista T\u00e8rra Aranesa. Tamb\u00e9 ha tradu\u00eft a l&#8217;aran\u00e8s el Nou Testament (2010) i els Salms (2011), aix\u00ed com tamb\u00e9 ha escrit Goigs de sants venerats a la Val d&#8217;Aran.<\/p>\n<p>Per la seva labor de defensa i promoci\u00f3 de la llengua aranesa, per la seva normalitzaci\u00f3 en la lit\u00fargia i la vida quotidiana, ha rebut entre altres guardons el Premi Llengua Viua el 2004, la \u2018Midalha d\u2019\u00d2r\u2019 del Conselh Generau d\u2019Aran el 2010 i la Creu de Sant Jordi el 2012. A l&#8217;agost de 2018 es va realitzar un homenatge en vida al Moss\u00e8n Jos\u00e8p Amiell amb la col\u00b7locaci\u00f3 d&#8217;un bust davant de l&#8217;esgl\u00e9sia de Sant Juli\u00e0 en la localitat de Gar\u00f2s.<\/p>\n<p>Defensor del patrimoni aran\u00e8s i del seu poble, Gar\u00f2s, va finan\u00e7ar amb fons propis la rehabilitaci\u00f3 del comunidor, un espai religi\u00f3s que servia per a protegir als ve\u00efns de fen\u00f2mens adversos.<\/p>\n<p>L&#8217;alcalde de Naut Aran, ha lamentat la p\u00e8rdua de Amiell destacant la seva figura afirmant que \u201c\u00e9s amb tota probabilitat l&#8217;aran\u00e8s m\u00e9s il\u00b7lustre que ha viscut mai abans en el nostre municipi. Ha fet grans treballs de divulgaci\u00f3 de la fe i la cultura i llengua araneses i \u00e9s sens dubte una gran p\u00e8rdua per a tots els ve\u00efns que residim, no sols en el municipi, sin\u00f3 en la resta de la Val d&#8217;Aran. Vam decidir construir un bust per a preservar la seva mem\u00f2ria en el 2018 i \u00e9s un dels grans llegats que ens queda, aix\u00ed com tot el trajecte vital que ha recorregut i brillat en la seva pres\u00e8ncia.\u201d<\/p>\n<p><a href=\"https:\/\/www.nautaran.org\/wp-content\/uploads\/2024\/12\/Acte-Bust-agost-2018.jpg\"><img loading=\"lazy\" decoding=\"async\" class=\"alignnone wp-image-22199 size-full\" src=\"https:\/\/www.nautaran.org\/wp-content\/uploads\/2024\/12\/Acte-Bust-agost-2018.jpg\" alt=\"\" width=\"1600\" height=\"1200\" srcset=\"https:\/\/www.nautaran.org\/wp-content\/uploads\/2024\/12\/Acte-Bust-agost-2018.jpg 1600w, https:\/\/www.nautaran.org\/wp-content\/uploads\/2024\/12\/Acte-Bust-agost-2018-1280x960.jpg 1280w, https:\/\/www.nautaran.org\/wp-content\/uploads\/2024\/12\/Acte-Bust-agost-2018-980x735.jpg 980w, https:\/\/www.nautaran.org\/wp-content\/uploads\/2024\/12\/Acte-Bust-agost-2018-480x360.jpg 480w\" sizes=\"auto, (min-width: 0px) and (max-width: 480px) 480px, (min-width: 481px) and (max-width: 980px) 980px, (min-width: 981px) and (max-width: 1280px) 1280px, (min-width: 1281px) 1600px, 100vw\" \/><\/a><\/p>\n","protected":false},"excerpt":{"rendered":"<p>L&#8217;Ajuntament de Naut Aran vol transmetre el seu m\u00e9s sentit condol a familiars i amics del sacerdot aran\u00e8s i ve\u00ed de Naut Aran, Mossen Jus\u00e8p Amiell Sol\u00e8. Sacerdot i escriptor aran\u00e8s, Amiell va estudiar en el Seminari de la Seu d&#8217;Urgell i va ser ordenat sacerdot el 1954. Ha estat rector de Boss\u00f2st l&#8217;any 1973 [&hellip;]<\/p>\n","protected":false},"author":4,"featured_media":22203,"comment_status":"closed","ping_status":"closed","sticky":false,"template":"","format":"standard","meta":{"_acf_changed":false,"_et_pb_use_builder":"","_et_pb_old_content":"","_et_gb_content_width":"","footnotes":""},"categories":[31,32,815,818,821,814,816,832,817,820,819,35,36,39,40,43,44],"tags":[],"class_list":["post-22206","post","type-post","status-publish","format-standard","has-post-thumbnail","hentry","category-destacat-portada-ca","category-noticies","category-noticies-poble-arties","category-noticies-poble-bagergue","category-noticies-poble-baqueira","category-noticies-poble-garos","category-noticies-poble-gessa","category-noticies-poble-mongarri-ca","category-noticies-poble-salardu","category-noticies-poble-tredos","category-noticies-poble-unha","category-accio-social","category-cultura-ca","category-esports-ca","category-infraestructures","category-mitja-natural","category-turisme"],"acf":[],"yoast_head":"<!-- This site is optimized with the Yoast SEO plugin v26.8 - https:\/\/yoast.com\/product\/yoast-seo-wordpress\/ -->\n<title>Comunicat de Naut Aran respecte la defunci\u00f3 de Moss\u00e8n Jus\u00e8p Amiell - Ajuntament de Naut Aran<\/title>\n<meta name=\"robots\" content=\"index, follow, max-snippet:-1, max-image-preview:large, max-video-preview:-1\" \/>\n<link rel=\"canonical\" href=\"https:\/\/www.nautaran.org\/ca\/destacat-portada-ca\/comunicat-de-naut-aran-respecte-la-defuncio-de-mossen-jusep-amiell\/\" \/>\n<meta property=\"og:locale\" content=\"ca_ES\" \/>\n<meta property=\"og:type\" content=\"article\" \/>\n<meta property=\"og:title\" content=\"Comunicat de Naut Aran respecte la defunci\u00f3 de Moss\u00e8n Jus\u00e8p Amiell - Ajuntament de Naut Aran\" \/>\n<meta property=\"og:description\" content=\"L&#8217;Ajuntament de Naut Aran vol transmetre el seu m\u00e9s sentit condol a familiars i amics del sacerdot aran\u00e8s i ve\u00ed de Naut Aran, Mossen Jus\u00e8p Amiell Sol\u00e8. Sacerdot i escriptor aran\u00e8s, Amiell va estudiar en el Seminari de la Seu d&#8217;Urgell i va ser ordenat sacerdot el 1954. Ha estat rector de Boss\u00f2st l&#8217;any 1973 [&hellip;]\" \/>\n<meta property=\"og:url\" content=\"https:\/\/www.nautaran.org\/ca\/destacat-portada-ca\/comunicat-de-naut-aran-respecte-la-defuncio-de-mossen-jusep-amiell\/\" \/>\n<meta property=\"og:site_name\" content=\"Ajuntament de Naut Aran\" \/>\n<meta property=\"article:published_time\" content=\"2024-12-18T09:00:08+00:00\" \/>\n<meta property=\"og:image\" content=\"https:\/\/www.nautaran.org\/wp-content\/uploads\/2024\/12\/MossenAmiell-1024x546.png\" \/>\n\t<meta property=\"og:image:width\" content=\"1024\" \/>\n\t<meta property=\"og:image:height\" content=\"546\" \/>\n\t<meta property=\"og:image:type\" content=\"image\/png\" \/>\n<meta name=\"author\" content=\"nautaran\" \/>\n<meta name=\"twitter:card\" content=\"summary_large_image\" \/>\n<meta name=\"twitter:label1\" content=\"Written by\" \/>\n\t<meta name=\"twitter:data1\" content=\"nautaran\" \/>\n\t<meta name=\"twitter:label2\" content=\"Est. reading time\" \/>\n\t<meta name=\"twitter:data2\" content=\"3 minutes\" \/>\n<script type=\"application\/ld+json\" class=\"yoast-schema-graph\">{\"@context\":\"https:\/\/schema.org\",\"@graph\":[{\"@type\":\"Article\",\"@id\":\"https:\/\/www.nautaran.org\/ca\/destacat-portada-ca\/comunicat-de-naut-aran-respecte-la-defuncio-de-mossen-jusep-amiell\/#article\",\"isPartOf\":{\"@id\":\"https:\/\/www.nautaran.org\/ca\/destacat-portada-ca\/comunicat-de-naut-aran-respecte-la-defuncio-de-mossen-jusep-amiell\/\"},\"author\":{\"name\":\"nautaran\",\"@id\":\"https:\/\/www.nautaran.org\/#\/schema\/person\/d1534bc0cff9cbd7d1b5cfc12e946a35\"},\"headline\":\"Comunicat de Naut Aran respecte la defunci\u00f3 de Moss\u00e8n Jus\u00e8p Amiell\",\"datePublished\":\"2024-12-18T09:00:08+00:00\",\"mainEntityOfPage\":{\"@id\":\"https:\/\/www.nautaran.org\/ca\/destacat-portada-ca\/comunicat-de-naut-aran-respecte-la-defuncio-de-mossen-jusep-amiell\/\"},\"wordCount\":467,\"image\":{\"@id\":\"https:\/\/www.nautaran.org\/ca\/destacat-portada-ca\/comunicat-de-naut-aran-respecte-la-defuncio-de-mossen-jusep-amiell\/#primaryimage\"},\"thumbnailUrl\":\"https:\/\/www.nautaran.org\/wp-content\/uploads\/2024\/12\/MossenAmiell.png\",\"articleSection\":[\"Destacat portada\",\"Not\u00edcies\",\"Noticies Poble Arties\",\"Noticies Poble Bagergue\",\"Noticies Poble Baqueira\",\"Noticies Poble Gar\u00f2s\",\"Noticies Poble Gessa\",\"Noticies Poble Mongarri\",\"Noticies Poble Salard\u00fa\",\"Noticies Poble Tred\u00f2s\",\"Noticies Poble Unha\",\"Not\u00edcies | Acci\u00f3 social\",\"Not\u00edcies | Cultura\",\"Not\u00edcies | Esports\",\"Not\u00edcies | Infraestructures\",\"Not\u00edcies | Medi Natural\",\"Not\u00edcies | Turisme\"],\"inLanguage\":\"ca-ES\"},{\"@type\":\"WebPage\",\"@id\":\"https:\/\/www.nautaran.org\/ca\/destacat-portada-ca\/comunicat-de-naut-aran-respecte-la-defuncio-de-mossen-jusep-amiell\/\",\"url\":\"https:\/\/www.nautaran.org\/ca\/destacat-portada-ca\/comunicat-de-naut-aran-respecte-la-defuncio-de-mossen-jusep-amiell\/\",\"name\":\"Comunicat de Naut Aran respecte la defunci\u00f3 de Moss\u00e8n Jus\u00e8p Amiell - Ajuntament de Naut Aran\",\"isPartOf\":{\"@id\":\"https:\/\/www.nautaran.org\/#website\"},\"primaryImageOfPage\":{\"@id\":\"https:\/\/www.nautaran.org\/ca\/destacat-portada-ca\/comunicat-de-naut-aran-respecte-la-defuncio-de-mossen-jusep-amiell\/#primaryimage\"},\"image\":{\"@id\":\"https:\/\/www.nautaran.org\/ca\/destacat-portada-ca\/comunicat-de-naut-aran-respecte-la-defuncio-de-mossen-jusep-amiell\/#primaryimage\"},\"thumbnailUrl\":\"https:\/\/www.nautaran.org\/wp-content\/uploads\/2024\/12\/MossenAmiell.png\",\"datePublished\":\"2024-12-18T09:00:08+00:00\",\"author\":{\"@id\":\"https:\/\/www.nautaran.org\/#\/schema\/person\/d1534bc0cff9cbd7d1b5cfc12e946a35\"},\"breadcrumb\":{\"@id\":\"https:\/\/www.nautaran.org\/ca\/destacat-portada-ca\/comunicat-de-naut-aran-respecte-la-defuncio-de-mossen-jusep-amiell\/#breadcrumb\"},\"inLanguage\":\"ca-ES\",\"potentialAction\":[{\"@type\":\"ReadAction\",\"target\":[\"https:\/\/www.nautaran.org\/ca\/destacat-portada-ca\/comunicat-de-naut-aran-respecte-la-defuncio-de-mossen-jusep-amiell\/\"]}]},{\"@type\":\"ImageObject\",\"inLanguage\":\"ca-ES\",\"@id\":\"https:\/\/www.nautaran.org\/ca\/destacat-portada-ca\/comunicat-de-naut-aran-respecte-la-defuncio-de-mossen-jusep-amiell\/#primaryimage\",\"url\":\"https:\/\/www.nautaran.org\/wp-content\/uploads\/2024\/12\/MossenAmiell.png\",\"contentUrl\":\"https:\/\/www.nautaran.org\/wp-content\/uploads\/2024\/12\/MossenAmiell.png\",\"width\":1170,\"height\":624},{\"@type\":\"BreadcrumbList\",\"@id\":\"https:\/\/www.nautaran.org\/ca\/destacat-portada-ca\/comunicat-de-naut-aran-respecte-la-defuncio-de-mossen-jusep-amiell\/#breadcrumb\",\"itemListElement\":[{\"@type\":\"ListItem\",\"position\":1,\"name\":\"Portada\",\"item\":\"https:\/\/www.nautaran.org\/ca\/home-2\/\"},{\"@type\":\"ListItem\",\"position\":2,\"name\":\"Comunicat de Naut Aran respecte la defunci\u00f3 de Moss\u00e8n Jus\u00e8p Amiell\"}]},{\"@type\":\"WebSite\",\"@id\":\"https:\/\/www.nautaran.org\/#website\",\"url\":\"https:\/\/www.nautaran.org\/\",\"name\":\"Ajuntament de Naut Aran\",\"description\":\"Naut Aran\",\"potentialAction\":[{\"@type\":\"SearchAction\",\"target\":{\"@type\":\"EntryPoint\",\"urlTemplate\":\"https:\/\/www.nautaran.org\/?s={search_term_string}\"},\"query-input\":{\"@type\":\"PropertyValueSpecification\",\"valueRequired\":true,\"valueName\":\"search_term_string\"}}],\"inLanguage\":\"ca-ES\"},{\"@type\":\"Person\",\"@id\":\"https:\/\/www.nautaran.org\/#\/schema\/person\/d1534bc0cff9cbd7d1b5cfc12e946a35\",\"name\":\"nautaran\",\"image\":{\"@type\":\"ImageObject\",\"inLanguage\":\"ca-ES\",\"@id\":\"https:\/\/www.nautaran.org\/#\/schema\/person\/image\/\",\"url\":\"https:\/\/secure.gravatar.com\/avatar\/80a09b1f8ae692a4acce17816a6597a844f3f59cda069b47a176c85e26e41c03?s=96&d=mm&r=g\",\"contentUrl\":\"https:\/\/secure.gravatar.com\/avatar\/80a09b1f8ae692a4acce17816a6597a844f3f59cda069b47a176c85e26e41c03?s=96&d=mm&r=g\",\"caption\":\"nautaran\"},\"url\":\"https:\/\/www.nautaran.org\/ca\/author\/nautaran\/\"}]}<\/script>\n<!-- \/ Yoast SEO plugin. -->","yoast_head_json":{"title":"Comunicat de Naut Aran respecte la defunci\u00f3 de Moss\u00e8n Jus\u00e8p Amiell - Ajuntament de Naut Aran","robots":{"index":"index","follow":"follow","max-snippet":"max-snippet:-1","max-image-preview":"max-image-preview:large","max-video-preview":"max-video-preview:-1"},"canonical":"https:\/\/www.nautaran.org\/ca\/destacat-portada-ca\/comunicat-de-naut-aran-respecte-la-defuncio-de-mossen-jusep-amiell\/","og_locale":"ca_ES","og_type":"article","og_title":"Comunicat de Naut Aran respecte la defunci\u00f3 de Moss\u00e8n Jus\u00e8p Amiell - Ajuntament de Naut Aran","og_description":"L&#8217;Ajuntament de Naut Aran vol transmetre el seu m\u00e9s sentit condol a familiars i amics del sacerdot aran\u00e8s i ve\u00ed de Naut Aran, Mossen Jus\u00e8p Amiell Sol\u00e8. Sacerdot i escriptor aran\u00e8s, Amiell va estudiar en el Seminari de la Seu d&#8217;Urgell i va ser ordenat sacerdot el 1954. Ha estat rector de Boss\u00f2st l&#8217;any 1973 [&hellip;]","og_url":"https:\/\/www.nautaran.org\/ca\/destacat-portada-ca\/comunicat-de-naut-aran-respecte-la-defuncio-de-mossen-jusep-amiell\/","og_site_name":"Ajuntament de Naut Aran","article_published_time":"2024-12-18T09:00:08+00:00","og_image":[{"width":1024,"height":546,"url":"https:\/\/www.nautaran.org\/wp-content\/uploads\/2024\/12\/MossenAmiell-1024x546.png","type":"image\/png"}],"author":"nautaran","twitter_card":"summary_large_image","twitter_misc":{"Written by":"nautaran","Est. reading time":"3 minutes"},"schema":{"@context":"https:\/\/schema.org","@graph":[{"@type":"Article","@id":"https:\/\/www.nautaran.org\/ca\/destacat-portada-ca\/comunicat-de-naut-aran-respecte-la-defuncio-de-mossen-jusep-amiell\/#article","isPartOf":{"@id":"https:\/\/www.nautaran.org\/ca\/destacat-portada-ca\/comunicat-de-naut-aran-respecte-la-defuncio-de-mossen-jusep-amiell\/"},"author":{"name":"nautaran","@id":"https:\/\/www.nautaran.org\/#\/schema\/person\/d1534bc0cff9cbd7d1b5cfc12e946a35"},"headline":"Comunicat de Naut Aran respecte la defunci\u00f3 de Moss\u00e8n Jus\u00e8p Amiell","datePublished":"2024-12-18T09:00:08+00:00","mainEntityOfPage":{"@id":"https:\/\/www.nautaran.org\/ca\/destacat-portada-ca\/comunicat-de-naut-aran-respecte-la-defuncio-de-mossen-jusep-amiell\/"},"wordCount":467,"image":{"@id":"https:\/\/www.nautaran.org\/ca\/destacat-portada-ca\/comunicat-de-naut-aran-respecte-la-defuncio-de-mossen-jusep-amiell\/#primaryimage"},"thumbnailUrl":"https:\/\/www.nautaran.org\/wp-content\/uploads\/2024\/12\/MossenAmiell.png","articleSection":["Destacat portada","Not\u00edcies","Noticies Poble Arties","Noticies Poble Bagergue","Noticies Poble Baqueira","Noticies Poble Gar\u00f2s","Noticies Poble Gessa","Noticies Poble Mongarri","Noticies Poble Salard\u00fa","Noticies Poble Tred\u00f2s","Noticies Poble Unha","Not\u00edcies | Acci\u00f3 social","Not\u00edcies | Cultura","Not\u00edcies | Esports","Not\u00edcies | Infraestructures","Not\u00edcies | Medi Natural","Not\u00edcies | Turisme"],"inLanguage":"ca-ES"},{"@type":"WebPage","@id":"https:\/\/www.nautaran.org\/ca\/destacat-portada-ca\/comunicat-de-naut-aran-respecte-la-defuncio-de-mossen-jusep-amiell\/","url":"https:\/\/www.nautaran.org\/ca\/destacat-portada-ca\/comunicat-de-naut-aran-respecte-la-defuncio-de-mossen-jusep-amiell\/","name":"Comunicat de Naut Aran respecte la defunci\u00f3 de Moss\u00e8n Jus\u00e8p Amiell - Ajuntament de Naut Aran","isPartOf":{"@id":"https:\/\/www.nautaran.org\/#website"},"primaryImageOfPage":{"@id":"https:\/\/www.nautaran.org\/ca\/destacat-portada-ca\/comunicat-de-naut-aran-respecte-la-defuncio-de-mossen-jusep-amiell\/#primaryimage"},"image":{"@id":"https:\/\/www.nautaran.org\/ca\/destacat-portada-ca\/comunicat-de-naut-aran-respecte-la-defuncio-de-mossen-jusep-amiell\/#primaryimage"},"thumbnailUrl":"https:\/\/www.nautaran.org\/wp-content\/uploads\/2024\/12\/MossenAmiell.png","datePublished":"2024-12-18T09:00:08+00:00","author":{"@id":"https:\/\/www.nautaran.org\/#\/schema\/person\/d1534bc0cff9cbd7d1b5cfc12e946a35"},"breadcrumb":{"@id":"https:\/\/www.nautaran.org\/ca\/destacat-portada-ca\/comunicat-de-naut-aran-respecte-la-defuncio-de-mossen-jusep-amiell\/#breadcrumb"},"inLanguage":"ca-ES","potentialAction":[{"@type":"ReadAction","target":["https:\/\/www.nautaran.org\/ca\/destacat-portada-ca\/comunicat-de-naut-aran-respecte-la-defuncio-de-mossen-jusep-amiell\/"]}]},{"@type":"ImageObject","inLanguage":"ca-ES","@id":"https:\/\/www.nautaran.org\/ca\/destacat-portada-ca\/comunicat-de-naut-aran-respecte-la-defuncio-de-mossen-jusep-amiell\/#primaryimage","url":"https:\/\/www.nautaran.org\/wp-content\/uploads\/2024\/12\/MossenAmiell.png","contentUrl":"https:\/\/www.nautaran.org\/wp-content\/uploads\/2024\/12\/MossenAmiell.png","width":1170,"height":624},{"@type":"BreadcrumbList","@id":"https:\/\/www.nautaran.org\/ca\/destacat-portada-ca\/comunicat-de-naut-aran-respecte-la-defuncio-de-mossen-jusep-amiell\/#breadcrumb","itemListElement":[{"@type":"ListItem","position":1,"name":"Portada","item":"https:\/\/www.nautaran.org\/ca\/home-2\/"},{"@type":"ListItem","position":2,"name":"Comunicat de Naut Aran respecte la defunci\u00f3 de Moss\u00e8n Jus\u00e8p Amiell"}]},{"@type":"WebSite","@id":"https:\/\/www.nautaran.org\/#website","url":"https:\/\/www.nautaran.org\/","name":"Ajuntament de Naut Aran","description":"Naut Aran","potentialAction":[{"@type":"SearchAction","target":{"@type":"EntryPoint","urlTemplate":"https:\/\/www.nautaran.org\/?s={search_term_string}"},"query-input":{"@type":"PropertyValueSpecification","valueRequired":true,"valueName":"search_term_string"}}],"inLanguage":"ca-ES"},{"@type":"Person","@id":"https:\/\/www.nautaran.org\/#\/schema\/person\/d1534bc0cff9cbd7d1b5cfc12e946a35","name":"nautaran","image":{"@type":"ImageObject","inLanguage":"ca-ES","@id":"https:\/\/www.nautaran.org\/#\/schema\/person\/image\/","url":"https:\/\/secure.gravatar.com\/avatar\/80a09b1f8ae692a4acce17816a6597a844f3f59cda069b47a176c85e26e41c03?s=96&d=mm&r=g","contentUrl":"https:\/\/secure.gravatar.com\/avatar\/80a09b1f8ae692a4acce17816a6597a844f3f59cda069b47a176c85e26e41c03?s=96&d=mm&r=g","caption":"nautaran"},"url":"https:\/\/www.nautaran.org\/ca\/author\/nautaran\/"}]}},"_links":{"self":[{"href":"https:\/\/www.nautaran.org\/ca\/wp-json\/wp\/v2\/posts\/22206","targetHints":{"allow":["GET"]}}],"collection":[{"href":"https:\/\/www.nautaran.org\/ca\/wp-json\/wp\/v2\/posts"}],"about":[{"href":"https:\/\/www.nautaran.org\/ca\/wp-json\/wp\/v2\/types\/post"}],"author":[{"embeddable":true,"href":"https:\/\/www.nautaran.org\/ca\/wp-json\/wp\/v2\/users\/4"}],"replies":[{"embeddable":true,"href":"https:\/\/www.nautaran.org\/ca\/wp-json\/wp\/v2\/comments?post=22206"}],"version-history":[{"count":2,"href":"https:\/\/www.nautaran.org\/ca\/wp-json\/wp\/v2\/posts\/22206\/revisions"}],"predecessor-version":[{"id":22209,"href":"https:\/\/www.nautaran.org\/ca\/wp-json\/wp\/v2\/posts\/22206\/revisions\/22209"}],"wp:featuredmedia":[{"embeddable":true,"href":"https:\/\/www.nautaran.org\/ca\/wp-json\/wp\/v2\/media\/22203"}],"wp:attachment":[{"href":"https:\/\/www.nautaran.org\/ca\/wp-json\/wp\/v2\/media?parent=22206"}],"wp:term":[{"taxonomy":"category","embeddable":true,"href":"https:\/\/www.nautaran.org\/ca\/wp-json\/wp\/v2\/categories?post=22206"},{"taxonomy":"post_tag","embeddable":true,"href":"https:\/\/www.nautaran.org\/ca\/wp-json\/wp\/v2\/tags?post=22206"}],"curies":[{"name":"wp","href":"https:\/\/api.w.org\/{rel}","templated":true}]}}