{"id":22412,"date":"2025-02-13T18:42:42","date_gmt":"2025-02-13T17:42:42","guid":{"rendered":"https:\/\/www.nautaran.org\/naut-aran-tre-a-licitacion-es-4-viuendes-e-9-places-de-parcatge-dera-placa-dera-pica-de-salardu\/"},"modified":"2025-02-13T18:43:43","modified_gmt":"2025-02-13T17:43:43","slug":"naut-aran-treu-a-licitacio-les-4-vivendes-i-9-places-daparcament-de-la-placa-de-la-pica-de-salardu","status":"publish","type":"post","link":"https:\/\/www.nautaran.org\/ca\/destacat-portada-ca\/naut-aran-treu-a-licitacio-les-4-vivendes-i-9-places-daparcament-de-la-placa-de-la-pica-de-salardu\/","title":{"rendered":"Naut Aran treu a licitaci\u00f3 les 4 vivendes i 9 places d&#8217;aparcament de la Pla\u00e7a de la Pica de Salard\u00fa"},"content":{"rendered":"<p>El Ple de l&#8217;Ajuntament de Naut Aran ha aprovat aquest mat\u00ed per unanimitat la licitaci\u00f3 per l&#8217;adjudicaci\u00f3 del contracte d\u2019obres per les 4 vivendes i 9 places d&#8217;aparcament que es construiran a la Pla\u00e7a de la Pica de Salard\u00fa. Aquesta acci\u00f3, impulsada per l&#8217;equip de govern de Converg\u00e9ncia Aranesa, t\u00e9 com a objectiu potenciar el parc de vivenda assequible municipal.<\/p>\n<p>Aquesta aprovaci\u00f3 comptar\u00e0 amb 1 mes d\u2019exposici\u00f3 i, en cas de no tenir cap al\u00b7legaci\u00f3 ni suggeriment ser\u00e0 considerada aprovada definitivament. El pressupost de sortida d\u2019aquesta licitaci\u00f3 ser\u00e0 916.000 euros IVA incl\u00f2s aproximadament.<\/p>\n<p>Seran, en total, dues vivendes de dos dormitoris i dues vivendes de tres dormitoris. El preu de lloguer seguir\u00e0 els mateixos criteris que les de la vivenda assequible de Gar\u00f2s. Per tant, de dos dormitoris el preu final ser\u00e0 de 450\u20ac de lloguer mensual, i els de tres dormitoris, de 600\u20ac de preu mensual. A m\u00e9s, tamb\u00e9 es construiran 9 places d&#8217;aparcament que s\u2019oferiran de lloguer primer als futurs habitants de les vivendes.<\/p>\n<p>L&#8217;alcalde de Naut Aran, C\u00e9sar Ruiz-Canela, destaca que \u201cseguim treballant pels nostres ve\u00efns de Naut Aran. El nostre ajuntament treballa per crear mesures directes que puguin tenir un benefici per la nostra ciutadania i aquesta n\u2019\u00e9s un exemple m\u00e9s. La creaci\u00f3 de 4 vivendes directes m\u00e9s, sumades a la de Gar\u00f2s i la de Tred\u00f2s, ens fa afirmar que el parc de vivenda assequible municipal ser\u00e0 una realitat ben aviat\u201d.<\/p>\n<p>El per\u00edode d\u2019execuci\u00f3 de l&#8217;obra ser\u00e0 15 mesos. A finals de l&#8217;any 2026 s&#8217;espera que ja puguin entrar-hi a viure ve\u00efns en aquestes vivendes a Salard\u00fa.<\/p>\n","protected":false},"excerpt":{"rendered":"<p>El Ple de l&#8217;Ajuntament de Naut Aran ha aprovat aquest mat\u00ed per unanimitat la licitaci\u00f3 per l&#8217;adjudicaci\u00f3 del contracte d\u2019obres per les 4 vivendes i 9 places d&#8217;aparcament que es construiran a la Pla\u00e7a de la Pica de Salard\u00fa. Aquesta acci\u00f3, impulsada per l&#8217;equip de govern de Converg\u00e9ncia Aranesa, t\u00e9 com a objectiu potenciar el [&hellip;]<\/p>\n","protected":false},"author":4,"featured_media":22409,"comment_status":"closed","ping_status":"closed","sticky":false,"template":"","format":"standard","meta":{"_acf_changed":false,"_et_pb_use_builder":"","_et_pb_old_content":"","_et_gb_content_width":"","footnotes":""},"categories":[31,32,815,818,821,814,816,832,817,820,819,35,36,39,40,43,44],"tags":[],"class_list":["post-22412","post","type-post","status-publish","format-standard","has-post-thumbnail","hentry","category-destacat-portada-ca","category-noticies","category-noticies-poble-arties","category-noticies-poble-bagergue","category-noticies-poble-baqueira","category-noticies-poble-garos","category-noticies-poble-gessa","category-noticies-poble-mongarri-ca","category-noticies-poble-salardu","category-noticies-poble-tredos","category-noticies-poble-unha","category-accio-social","category-cultura-ca","category-esports-ca","category-infraestructures","category-mitja-natural","category-turisme"],"acf":[],"yoast_head":"<!-- This site is optimized with the Yoast SEO plugin v26.8 - https:\/\/yoast.com\/product\/yoast-seo-wordpress\/ -->\n<title>Naut Aran treu a licitaci\u00f3 les 4 vivendes i 9 places d&#039;aparcament de la Pla\u00e7a de la Pica de Salard\u00fa - Ajuntament de Naut Aran<\/title>\n<meta name=\"robots\" content=\"index, follow, max-snippet:-1, max-image-preview:large, max-video-preview:-1\" \/>\n<link rel=\"canonical\" href=\"https:\/\/www.nautaran.org\/ca\/destacat-portada-ca\/naut-aran-treu-a-licitacio-les-4-vivendes-i-9-places-daparcament-de-la-placa-de-la-pica-de-salardu\/\" \/>\n<meta property=\"og:locale\" content=\"ca_ES\" \/>\n<meta property=\"og:type\" content=\"article\" \/>\n<meta property=\"og:title\" content=\"Naut Aran treu a licitaci\u00f3 les 4 vivendes i 9 places d&#039;aparcament de la Pla\u00e7a de la Pica de Salard\u00fa - Ajuntament de Naut Aran\" \/>\n<meta property=\"og:description\" content=\"El Ple de l&#8217;Ajuntament de Naut Aran ha aprovat aquest mat\u00ed per unanimitat la licitaci\u00f3 per l&#8217;adjudicaci\u00f3 del contracte d\u2019obres per les 4 vivendes i 9 places d&#8217;aparcament que es construiran a la Pla\u00e7a de la Pica de Salard\u00fa. Aquesta acci\u00f3, impulsada per l&#8217;equip de govern de Converg\u00e9ncia Aranesa, t\u00e9 com a objectiu potenciar el [&hellip;]\" \/>\n<meta property=\"og:url\" content=\"https:\/\/www.nautaran.org\/ca\/destacat-portada-ca\/naut-aran-treu-a-licitacio-les-4-vivendes-i-9-places-daparcament-de-la-placa-de-la-pica-de-salardu\/\" \/>\n<meta property=\"og:site_name\" content=\"Ajuntament de Naut Aran\" \/>\n<meta property=\"article:published_time\" content=\"2025-02-13T17:42:42+00:00\" \/>\n<meta property=\"article:modified_time\" content=\"2025-02-13T17:43:43+00:00\" \/>\n<meta property=\"og:image\" content=\"https:\/\/www.nautaran.org\/wp-content\/uploads\/2025\/02\/250213-Plen-NautAran2.jpg\" \/>\n\t<meta property=\"og:image:width\" content=\"2048\" \/>\n\t<meta property=\"og:image:height\" content=\"1536\" \/>\n\t<meta property=\"og:image:type\" content=\"image\/jpeg\" \/>\n<meta name=\"author\" content=\"nautaran\" \/>\n<meta name=\"twitter:card\" content=\"summary_large_image\" \/>\n<meta name=\"twitter:label1\" content=\"Written by\" \/>\n\t<meta name=\"twitter:data1\" content=\"nautaran\" \/>\n\t<meta name=\"twitter:label2\" content=\"Est. reading time\" \/>\n\t<meta name=\"twitter:data2\" content=\"2 minutes\" \/>\n<script type=\"application\/ld+json\" class=\"yoast-schema-graph\">{\"@context\":\"https:\/\/schema.org\",\"@graph\":[{\"@type\":\"Article\",\"@id\":\"https:\/\/www.nautaran.org\/ca\/destacat-portada-ca\/naut-aran-treu-a-licitacio-les-4-vivendes-i-9-places-daparcament-de-la-placa-de-la-pica-de-salardu\/#article\",\"isPartOf\":{\"@id\":\"https:\/\/www.nautaran.org\/ca\/destacat-portada-ca\/naut-aran-treu-a-licitacio-les-4-vivendes-i-9-places-daparcament-de-la-placa-de-la-pica-de-salardu\/\"},\"author\":{\"name\":\"nautaran\",\"@id\":\"https:\/\/www.nautaran.org\/#\/schema\/person\/d1534bc0cff9cbd7d1b5cfc12e946a35\"},\"headline\":\"Naut Aran treu a licitaci\u00f3 les 4 vivendes i 9 places d&#8217;aparcament de la Pla\u00e7a de la Pica de Salard\u00fa\",\"datePublished\":\"2025-02-13T17:42:42+00:00\",\"dateModified\":\"2025-02-13T17:43:43+00:00\",\"mainEntityOfPage\":{\"@id\":\"https:\/\/www.nautaran.org\/ca\/destacat-portada-ca\/naut-aran-treu-a-licitacio-les-4-vivendes-i-9-places-daparcament-de-la-placa-de-la-pica-de-salardu\/\"},\"wordCount\":301,\"image\":{\"@id\":\"https:\/\/www.nautaran.org\/ca\/destacat-portada-ca\/naut-aran-treu-a-licitacio-les-4-vivendes-i-9-places-daparcament-de-la-placa-de-la-pica-de-salardu\/#primaryimage\"},\"thumbnailUrl\":\"https:\/\/www.nautaran.org\/wp-content\/uploads\/2025\/02\/250213-Plen-NautAran2.jpg\",\"articleSection\":[\"Destacat portada\",\"Not\u00edcies\",\"Noticies Poble Arties\",\"Noticies Poble Bagergue\",\"Noticies Poble Baqueira\",\"Noticies Poble Gar\u00f2s\",\"Noticies Poble Gessa\",\"Noticies Poble Mongarri\",\"Noticies Poble Salard\u00fa\",\"Noticies Poble Tred\u00f2s\",\"Noticies Poble Unha\",\"Not\u00edcies | Acci\u00f3 social\",\"Not\u00edcies | Cultura\",\"Not\u00edcies | Esports\",\"Not\u00edcies | Infraestructures\",\"Not\u00edcies | Medi Natural\",\"Not\u00edcies | Turisme\"],\"inLanguage\":\"ca-ES\"},{\"@type\":\"WebPage\",\"@id\":\"https:\/\/www.nautaran.org\/ca\/destacat-portada-ca\/naut-aran-treu-a-licitacio-les-4-vivendes-i-9-places-daparcament-de-la-placa-de-la-pica-de-salardu\/\",\"url\":\"https:\/\/www.nautaran.org\/ca\/destacat-portada-ca\/naut-aran-treu-a-licitacio-les-4-vivendes-i-9-places-daparcament-de-la-placa-de-la-pica-de-salardu\/\",\"name\":\"Naut Aran treu a licitaci\u00f3 les 4 vivendes i 9 places d'aparcament de la Pla\u00e7a de la Pica de Salard\u00fa - Ajuntament de Naut Aran\",\"isPartOf\":{\"@id\":\"https:\/\/www.nautaran.org\/#website\"},\"primaryImageOfPage\":{\"@id\":\"https:\/\/www.nautaran.org\/ca\/destacat-portada-ca\/naut-aran-treu-a-licitacio-les-4-vivendes-i-9-places-daparcament-de-la-placa-de-la-pica-de-salardu\/#primaryimage\"},\"image\":{\"@id\":\"https:\/\/www.nautaran.org\/ca\/destacat-portada-ca\/naut-aran-treu-a-licitacio-les-4-vivendes-i-9-places-daparcament-de-la-placa-de-la-pica-de-salardu\/#primaryimage\"},\"thumbnailUrl\":\"https:\/\/www.nautaran.org\/wp-content\/uploads\/2025\/02\/250213-Plen-NautAran2.jpg\",\"datePublished\":\"2025-02-13T17:42:42+00:00\",\"dateModified\":\"2025-02-13T17:43:43+00:00\",\"author\":{\"@id\":\"https:\/\/www.nautaran.org\/#\/schema\/person\/d1534bc0cff9cbd7d1b5cfc12e946a35\"},\"breadcrumb\":{\"@id\":\"https:\/\/www.nautaran.org\/ca\/destacat-portada-ca\/naut-aran-treu-a-licitacio-les-4-vivendes-i-9-places-daparcament-de-la-placa-de-la-pica-de-salardu\/#breadcrumb\"},\"inLanguage\":\"ca-ES\",\"potentialAction\":[{\"@type\":\"ReadAction\",\"target\":[\"https:\/\/www.nautaran.org\/ca\/destacat-portada-ca\/naut-aran-treu-a-licitacio-les-4-vivendes-i-9-places-daparcament-de-la-placa-de-la-pica-de-salardu\/\"]}]},{\"@type\":\"ImageObject\",\"inLanguage\":\"ca-ES\",\"@id\":\"https:\/\/www.nautaran.org\/ca\/destacat-portada-ca\/naut-aran-treu-a-licitacio-les-4-vivendes-i-9-places-daparcament-de-la-placa-de-la-pica-de-salardu\/#primaryimage\",\"url\":\"https:\/\/www.nautaran.org\/wp-content\/uploads\/2025\/02\/250213-Plen-NautAran2.jpg\",\"contentUrl\":\"https:\/\/www.nautaran.org\/wp-content\/uploads\/2025\/02\/250213-Plen-NautAran2.jpg\",\"width\":2048,\"height\":1536},{\"@type\":\"BreadcrumbList\",\"@id\":\"https:\/\/www.nautaran.org\/ca\/destacat-portada-ca\/naut-aran-treu-a-licitacio-les-4-vivendes-i-9-places-daparcament-de-la-placa-de-la-pica-de-salardu\/#breadcrumb\",\"itemListElement\":[{\"@type\":\"ListItem\",\"position\":1,\"name\":\"Portada\",\"item\":\"https:\/\/www.nautaran.org\/ca\/home-2\/\"},{\"@type\":\"ListItem\",\"position\":2,\"name\":\"Naut Aran treu a licitaci\u00f3 les 4 vivendes i 9 places d'aparcament de la Pla\u00e7a de la Pica de Salard\u00fa\"}]},{\"@type\":\"WebSite\",\"@id\":\"https:\/\/www.nautaran.org\/#website\",\"url\":\"https:\/\/www.nautaran.org\/\",\"name\":\"Ajuntament de Naut Aran\",\"description\":\"Naut Aran\",\"potentialAction\":[{\"@type\":\"SearchAction\",\"target\":{\"@type\":\"EntryPoint\",\"urlTemplate\":\"https:\/\/www.nautaran.org\/?s={search_term_string}\"},\"query-input\":{\"@type\":\"PropertyValueSpecification\",\"valueRequired\":true,\"valueName\":\"search_term_string\"}}],\"inLanguage\":\"ca-ES\"},{\"@type\":\"Person\",\"@id\":\"https:\/\/www.nautaran.org\/#\/schema\/person\/d1534bc0cff9cbd7d1b5cfc12e946a35\",\"name\":\"nautaran\",\"image\":{\"@type\":\"ImageObject\",\"inLanguage\":\"ca-ES\",\"@id\":\"https:\/\/www.nautaran.org\/#\/schema\/person\/image\/\",\"url\":\"https:\/\/secure.gravatar.com\/avatar\/80a09b1f8ae692a4acce17816a6597a844f3f59cda069b47a176c85e26e41c03?s=96&d=mm&r=g\",\"contentUrl\":\"https:\/\/secure.gravatar.com\/avatar\/80a09b1f8ae692a4acce17816a6597a844f3f59cda069b47a176c85e26e41c03?s=96&d=mm&r=g\",\"caption\":\"nautaran\"},\"url\":\"https:\/\/www.nautaran.org\/ca\/author\/nautaran\/\"}]}<\/script>\n<!-- \/ Yoast SEO plugin. -->","yoast_head_json":{"title":"Naut Aran treu a licitaci\u00f3 les 4 vivendes i 9 places d'aparcament de la Pla\u00e7a de la Pica de Salard\u00fa - Ajuntament de Naut Aran","robots":{"index":"index","follow":"follow","max-snippet":"max-snippet:-1","max-image-preview":"max-image-preview:large","max-video-preview":"max-video-preview:-1"},"canonical":"https:\/\/www.nautaran.org\/ca\/destacat-portada-ca\/naut-aran-treu-a-licitacio-les-4-vivendes-i-9-places-daparcament-de-la-placa-de-la-pica-de-salardu\/","og_locale":"ca_ES","og_type":"article","og_title":"Naut Aran treu a licitaci\u00f3 les 4 vivendes i 9 places d'aparcament de la Pla\u00e7a de la Pica de Salard\u00fa - Ajuntament de Naut Aran","og_description":"El Ple de l&#8217;Ajuntament de Naut Aran ha aprovat aquest mat\u00ed per unanimitat la licitaci\u00f3 per l&#8217;adjudicaci\u00f3 del contracte d\u2019obres per les 4 vivendes i 9 places d&#8217;aparcament que es construiran a la Pla\u00e7a de la Pica de Salard\u00fa. Aquesta acci\u00f3, impulsada per l&#8217;equip de govern de Converg\u00e9ncia Aranesa, t\u00e9 com a objectiu potenciar el [&hellip;]","og_url":"https:\/\/www.nautaran.org\/ca\/destacat-portada-ca\/naut-aran-treu-a-licitacio-les-4-vivendes-i-9-places-daparcament-de-la-placa-de-la-pica-de-salardu\/","og_site_name":"Ajuntament de Naut Aran","article_published_time":"2025-02-13T17:42:42+00:00","article_modified_time":"2025-02-13T17:43:43+00:00","og_image":[{"width":2048,"height":1536,"url":"https:\/\/www.nautaran.org\/wp-content\/uploads\/2025\/02\/250213-Plen-NautAran2.jpg","type":"image\/jpeg"}],"author":"nautaran","twitter_card":"summary_large_image","twitter_misc":{"Written by":"nautaran","Est. reading time":"2 minutes"},"schema":{"@context":"https:\/\/schema.org","@graph":[{"@type":"Article","@id":"https:\/\/www.nautaran.org\/ca\/destacat-portada-ca\/naut-aran-treu-a-licitacio-les-4-vivendes-i-9-places-daparcament-de-la-placa-de-la-pica-de-salardu\/#article","isPartOf":{"@id":"https:\/\/www.nautaran.org\/ca\/destacat-portada-ca\/naut-aran-treu-a-licitacio-les-4-vivendes-i-9-places-daparcament-de-la-placa-de-la-pica-de-salardu\/"},"author":{"name":"nautaran","@id":"https:\/\/www.nautaran.org\/#\/schema\/person\/d1534bc0cff9cbd7d1b5cfc12e946a35"},"headline":"Naut Aran treu a licitaci\u00f3 les 4 vivendes i 9 places d&#8217;aparcament de la Pla\u00e7a de la Pica de Salard\u00fa","datePublished":"2025-02-13T17:42:42+00:00","dateModified":"2025-02-13T17:43:43+00:00","mainEntityOfPage":{"@id":"https:\/\/www.nautaran.org\/ca\/destacat-portada-ca\/naut-aran-treu-a-licitacio-les-4-vivendes-i-9-places-daparcament-de-la-placa-de-la-pica-de-salardu\/"},"wordCount":301,"image":{"@id":"https:\/\/www.nautaran.org\/ca\/destacat-portada-ca\/naut-aran-treu-a-licitacio-les-4-vivendes-i-9-places-daparcament-de-la-placa-de-la-pica-de-salardu\/#primaryimage"},"thumbnailUrl":"https:\/\/www.nautaran.org\/wp-content\/uploads\/2025\/02\/250213-Plen-NautAran2.jpg","articleSection":["Destacat portada","Not\u00edcies","Noticies Poble Arties","Noticies Poble Bagergue","Noticies Poble Baqueira","Noticies Poble Gar\u00f2s","Noticies Poble Gessa","Noticies Poble Mongarri","Noticies Poble Salard\u00fa","Noticies Poble Tred\u00f2s","Noticies Poble Unha","Not\u00edcies | Acci\u00f3 social","Not\u00edcies | Cultura","Not\u00edcies | Esports","Not\u00edcies | Infraestructures","Not\u00edcies | Medi Natural","Not\u00edcies | Turisme"],"inLanguage":"ca-ES"},{"@type":"WebPage","@id":"https:\/\/www.nautaran.org\/ca\/destacat-portada-ca\/naut-aran-treu-a-licitacio-les-4-vivendes-i-9-places-daparcament-de-la-placa-de-la-pica-de-salardu\/","url":"https:\/\/www.nautaran.org\/ca\/destacat-portada-ca\/naut-aran-treu-a-licitacio-les-4-vivendes-i-9-places-daparcament-de-la-placa-de-la-pica-de-salardu\/","name":"Naut Aran treu a licitaci\u00f3 les 4 vivendes i 9 places d'aparcament de la Pla\u00e7a de la Pica de Salard\u00fa - Ajuntament de Naut Aran","isPartOf":{"@id":"https:\/\/www.nautaran.org\/#website"},"primaryImageOfPage":{"@id":"https:\/\/www.nautaran.org\/ca\/destacat-portada-ca\/naut-aran-treu-a-licitacio-les-4-vivendes-i-9-places-daparcament-de-la-placa-de-la-pica-de-salardu\/#primaryimage"},"image":{"@id":"https:\/\/www.nautaran.org\/ca\/destacat-portada-ca\/naut-aran-treu-a-licitacio-les-4-vivendes-i-9-places-daparcament-de-la-placa-de-la-pica-de-salardu\/#primaryimage"},"thumbnailUrl":"https:\/\/www.nautaran.org\/wp-content\/uploads\/2025\/02\/250213-Plen-NautAran2.jpg","datePublished":"2025-02-13T17:42:42+00:00","dateModified":"2025-02-13T17:43:43+00:00","author":{"@id":"https:\/\/www.nautaran.org\/#\/schema\/person\/d1534bc0cff9cbd7d1b5cfc12e946a35"},"breadcrumb":{"@id":"https:\/\/www.nautaran.org\/ca\/destacat-portada-ca\/naut-aran-treu-a-licitacio-les-4-vivendes-i-9-places-daparcament-de-la-placa-de-la-pica-de-salardu\/#breadcrumb"},"inLanguage":"ca-ES","potentialAction":[{"@type":"ReadAction","target":["https:\/\/www.nautaran.org\/ca\/destacat-portada-ca\/naut-aran-treu-a-licitacio-les-4-vivendes-i-9-places-daparcament-de-la-placa-de-la-pica-de-salardu\/"]}]},{"@type":"ImageObject","inLanguage":"ca-ES","@id":"https:\/\/www.nautaran.org\/ca\/destacat-portada-ca\/naut-aran-treu-a-licitacio-les-4-vivendes-i-9-places-daparcament-de-la-placa-de-la-pica-de-salardu\/#primaryimage","url":"https:\/\/www.nautaran.org\/wp-content\/uploads\/2025\/02\/250213-Plen-NautAran2.jpg","contentUrl":"https:\/\/www.nautaran.org\/wp-content\/uploads\/2025\/02\/250213-Plen-NautAran2.jpg","width":2048,"height":1536},{"@type":"BreadcrumbList","@id":"https:\/\/www.nautaran.org\/ca\/destacat-portada-ca\/naut-aran-treu-a-licitacio-les-4-vivendes-i-9-places-daparcament-de-la-placa-de-la-pica-de-salardu\/#breadcrumb","itemListElement":[{"@type":"ListItem","position":1,"name":"Portada","item":"https:\/\/www.nautaran.org\/ca\/home-2\/"},{"@type":"ListItem","position":2,"name":"Naut Aran treu a licitaci\u00f3 les 4 vivendes i 9 places d'aparcament de la Pla\u00e7a de la Pica de Salard\u00fa"}]},{"@type":"WebSite","@id":"https:\/\/www.nautaran.org\/#website","url":"https:\/\/www.nautaran.org\/","name":"Ajuntament de Naut Aran","description":"Naut Aran","potentialAction":[{"@type":"SearchAction","target":{"@type":"EntryPoint","urlTemplate":"https:\/\/www.nautaran.org\/?s={search_term_string}"},"query-input":{"@type":"PropertyValueSpecification","valueRequired":true,"valueName":"search_term_string"}}],"inLanguage":"ca-ES"},{"@type":"Person","@id":"https:\/\/www.nautaran.org\/#\/schema\/person\/d1534bc0cff9cbd7d1b5cfc12e946a35","name":"nautaran","image":{"@type":"ImageObject","inLanguage":"ca-ES","@id":"https:\/\/www.nautaran.org\/#\/schema\/person\/image\/","url":"https:\/\/secure.gravatar.com\/avatar\/80a09b1f8ae692a4acce17816a6597a844f3f59cda069b47a176c85e26e41c03?s=96&d=mm&r=g","contentUrl":"https:\/\/secure.gravatar.com\/avatar\/80a09b1f8ae692a4acce17816a6597a844f3f59cda069b47a176c85e26e41c03?s=96&d=mm&r=g","caption":"nautaran"},"url":"https:\/\/www.nautaran.org\/ca\/author\/nautaran\/"}]}},"_links":{"self":[{"href":"https:\/\/www.nautaran.org\/ca\/wp-json\/wp\/v2\/posts\/22412","targetHints":{"allow":["GET"]}}],"collection":[{"href":"https:\/\/www.nautaran.org\/ca\/wp-json\/wp\/v2\/posts"}],"about":[{"href":"https:\/\/www.nautaran.org\/ca\/wp-json\/wp\/v2\/types\/post"}],"author":[{"embeddable":true,"href":"https:\/\/www.nautaran.org\/ca\/wp-json\/wp\/v2\/users\/4"}],"replies":[{"embeddable":true,"href":"https:\/\/www.nautaran.org\/ca\/wp-json\/wp\/v2\/comments?post=22412"}],"version-history":[{"count":1,"href":"https:\/\/www.nautaran.org\/ca\/wp-json\/wp\/v2\/posts\/22412\/revisions"}],"predecessor-version":[{"id":22414,"href":"https:\/\/www.nautaran.org\/ca\/wp-json\/wp\/v2\/posts\/22412\/revisions\/22414"}],"wp:featuredmedia":[{"embeddable":true,"href":"https:\/\/www.nautaran.org\/ca\/wp-json\/wp\/v2\/media\/22409"}],"wp:attachment":[{"href":"https:\/\/www.nautaran.org\/ca\/wp-json\/wp\/v2\/media?parent=22412"}],"wp:term":[{"taxonomy":"category","embeddable":true,"href":"https:\/\/www.nautaran.org\/ca\/wp-json\/wp\/v2\/categories?post=22412"},{"taxonomy":"post_tag","embeddable":true,"href":"https:\/\/www.nautaran.org\/ca\/wp-json\/wp\/v2\/tags?post=22412"}],"curies":[{"name":"wp","href":"https:\/\/api.w.org\/{rel}","templated":true}]}}