{"id":22550,"date":"2025-03-04T17:09:57","date_gmt":"2025-03-04T16:09:57","guid":{"rendered":"https:\/\/www.nautaran.org\/naut-aran-dauris-es-sollicituds-entath-pis-de-loguer-assequible-de-garos\/"},"modified":"2025-03-04T17:13:41","modified_gmt":"2025-03-04T16:13:41","slug":"naut-aran-obre-les-sol%c2%b7licituds-per-al-pis-de-lloguer-assequible-de-garos","status":"publish","type":"post","link":"https:\/\/www.nautaran.org\/ca\/destacat-portada-ca\/naut-aran-obre-les-sol%c2%b7licituds-per-al-pis-de-lloguer-assequible-de-garos\/","title":{"rendered":"Naut Aran obre les sol\u00b7licituds per al pis de lloguer assequible de Gar\u00f2s"},"content":{"rendered":"<p>L&#8217;Ajuntament de Naut Aran ha obert oficialment les sol\u00b7licituds per a tenir la possibilitat de viure en el pis de lloguer assequible de la poblaci\u00f3 de Gar\u00f2s durant un termini de cinc anys aix\u00ed com estableixen les bases regulades pel propi consistori que van ser aprovades per la Comissi\u00f3 d&#8217;Habitatge en la qual es troben representats tots els grups pol\u00edtics amb representaci\u00f3 en el ple.<\/p>\n<p>El pis, situat al carrer Solei n\u00famero 11 de Gar\u00f2s, \u00e9s el primer que ofereix l&#8217;equip de govern i amb el qual pret\u00e9n situar la primera pedra de l\u2019anomenat parc d&#8217;habitatge municipal que projecta l&#8217;ajuntament. Una vegada finalitzat el proc\u00e9s de sol\u00b7licituds i atorgat a un particular o fam\u00edlia, el preu que haur\u00e0 de pagar per mensualitat l&#8217;inquil\u00ed o inquilins ser\u00e0 de 450\u20ac, despeses a part.<\/p>\n<p>Entre les caracter\u00edstiques de l&#8217;habitatge, destaca un ampli sal\u00f3, una cuina completament equipada amb acabats d&#8217;alta qualitat, un bany complet, sala de calderes, rentadora i assecadora aix\u00ed com dues habitacions. El seu preu en mercat podria duplicar actualment i fins i tot superar aquesta xifra de la qual s&#8217;ofereix com a lloguer assequible.<\/p>\n<p>L&#8217;alcalde de Naut Aran, C\u00e9sar Ruiz-Canela, destaca que \u201cestem molt contents de poder anunciar que els ve\u00efns ja poden sol\u00b7licitar viure en el pis de lloguer assequible que projectem a Gar\u00f2s des de l&#8217;ajuntament. Nosaltres treballem per a beneficiar al m\u00e0xim als ve\u00efns del nostre municipi en tots els \u00e0mbits i, l&#8217;habitatge, \u00e9s un dels principals pilars, sin\u00f3 el m\u00e9s important, que desenvoluparem durant aquesta legislatura. Es tracta del primer dels 8 que tindrem a la fi de 2026 per a ells en el qual es veuran beneficiades un gran nombre de persones i fam\u00edlies\u201d.<\/p>\n<p>El per\u00edode de presentaci\u00f3 de sol\u00b7licituds estar\u00e0 vigent durant 20 dies h\u00e0bils des de la publicaci\u00f3 de la convocat\u00f2ria en el Butllet\u00ed Oficial de la Prov\u00edncia.<\/p>\n<p><a href=\"https:\/\/content.eagora.app\/content_attachments\/1\/tr1yujdmm.pdf\">BOP oficial per veure les condicions:<\/a><\/p>\n","protected":false},"excerpt":{"rendered":"<p>L&#8217;Ajuntament de Naut Aran ha obert oficialment les sol\u00b7licituds per a tenir la possibilitat de viure en el pis de lloguer assequible de la poblaci\u00f3 de Gar\u00f2s durant un termini de cinc anys aix\u00ed com estableixen les bases regulades pel propi consistori que van ser aprovades per la Comissi\u00f3 d&#8217;Habitatge en la qual es troben [&hellip;]<\/p>\n","protected":false},"author":4,"featured_media":22547,"comment_status":"closed","ping_status":"closed","sticky":false,"template":"","format":"standard","meta":{"_acf_changed":false,"_et_pb_use_builder":"","_et_pb_old_content":"","_et_gb_content_width":"","footnotes":""},"categories":[31,32,814,35,40],"tags":[850,839,861,862],"class_list":["post-22550","post","type-post","status-publish","format-standard","has-post-thumbnail","hentry","category-destacat-portada-ca","category-noticies","category-noticies-poble-garos","category-accio-social","category-infraestructures","tag-garos-ca","tag-naut-aran-ca","tag-pis-loguer-assequible-ca","tag-viuenda-ca"],"acf":[],"yoast_head":"<!-- This site is optimized with the Yoast SEO plugin v26.8 - https:\/\/yoast.com\/product\/yoast-seo-wordpress\/ -->\n<title>Naut Aran obre les sol\u00b7licituds per al pis de lloguer assequible de Gar\u00f2s - Ajuntament de Naut Aran<\/title>\n<meta name=\"robots\" content=\"index, follow, max-snippet:-1, max-image-preview:large, max-video-preview:-1\" \/>\n<link rel=\"canonical\" href=\"https:\/\/www.nautaran.org\/ca\/destacat-portada-ca\/naut-aran-obre-les-sol\u00b7licituds-per-al-pis-de-lloguer-assequible-de-garos\/\" \/>\n<meta property=\"og:locale\" content=\"ca_ES\" \/>\n<meta property=\"og:type\" content=\"article\" \/>\n<meta property=\"og:title\" content=\"Naut Aran obre les sol\u00b7licituds per al pis de lloguer assequible de Gar\u00f2s - Ajuntament de Naut Aran\" \/>\n<meta property=\"og:description\" content=\"L&#8217;Ajuntament de Naut Aran ha obert oficialment les sol\u00b7licituds per a tenir la possibilitat de viure en el pis de lloguer assequible de la poblaci\u00f3 de Gar\u00f2s durant un termini de cinc anys aix\u00ed com estableixen les bases regulades pel propi consistori que van ser aprovades per la Comissi\u00f3 d&#8217;Habitatge en la qual es troben [&hellip;]\" \/>\n<meta property=\"og:url\" content=\"https:\/\/www.nautaran.org\/ca\/destacat-portada-ca\/naut-aran-obre-les-sol\u00b7licituds-per-al-pis-de-lloguer-assequible-de-garos\/\" \/>\n<meta property=\"og:site_name\" content=\"Ajuntament de Naut Aran\" \/>\n<meta property=\"article:published_time\" content=\"2025-03-04T16:09:57+00:00\" \/>\n<meta property=\"article:modified_time\" content=\"2025-03-04T16:13:41+00:00\" \/>\n<meta property=\"og:image\" content=\"https:\/\/www.nautaran.org\/wp-content\/uploads\/2025\/03\/V-Garos2-1024x768.jpg\" \/>\n\t<meta property=\"og:image:width\" content=\"1024\" \/>\n\t<meta property=\"og:image:height\" content=\"768\" \/>\n\t<meta property=\"og:image:type\" content=\"image\/jpeg\" \/>\n<meta name=\"author\" content=\"nautaran\" \/>\n<meta name=\"twitter:card\" content=\"summary_large_image\" \/>\n<meta name=\"twitter:label1\" content=\"Written by\" \/>\n\t<meta name=\"twitter:data1\" content=\"nautaran\" \/>\n\t<meta name=\"twitter:label2\" content=\"Est. reading time\" \/>\n\t<meta name=\"twitter:data2\" content=\"2 minutes\" \/>\n<script type=\"application\/ld+json\" class=\"yoast-schema-graph\">{\"@context\":\"https:\/\/schema.org\",\"@graph\":[{\"@type\":\"Article\",\"@id\":\"https:\/\/www.nautaran.org\/ca\/destacat-portada-ca\/naut-aran-obre-les-sol%c2%b7licituds-per-al-pis-de-lloguer-assequible-de-garos\/#article\",\"isPartOf\":{\"@id\":\"https:\/\/www.nautaran.org\/ca\/destacat-portada-ca\/naut-aran-obre-les-sol%c2%b7licituds-per-al-pis-de-lloguer-assequible-de-garos\/\"},\"author\":{\"name\":\"nautaran\",\"@id\":\"https:\/\/www.nautaran.org\/#\/schema\/person\/d1534bc0cff9cbd7d1b5cfc12e946a35\"},\"headline\":\"Naut Aran obre les sol\u00b7licituds per al pis de lloguer assequible de Gar\u00f2s\",\"datePublished\":\"2025-03-04T16:09:57+00:00\",\"dateModified\":\"2025-03-04T16:13:41+00:00\",\"mainEntityOfPage\":{\"@id\":\"https:\/\/www.nautaran.org\/ca\/destacat-portada-ca\/naut-aran-obre-les-sol%c2%b7licituds-per-al-pis-de-lloguer-assequible-de-garos\/\"},\"wordCount\":357,\"image\":{\"@id\":\"https:\/\/www.nautaran.org\/ca\/destacat-portada-ca\/naut-aran-obre-les-sol%c2%b7licituds-per-al-pis-de-lloguer-assequible-de-garos\/#primaryimage\"},\"thumbnailUrl\":\"https:\/\/www.nautaran.org\/wp-content\/uploads\/2025\/03\/V-Garos2.jpg\",\"keywords\":[\"Gar\u00f2s\",\"Naut Aran\",\"Pis logu\u00e8r assequible\",\"Viuenda\"],\"articleSection\":[\"Destacat portada\",\"Not\u00edcies\",\"Noticies Poble Gar\u00f2s\",\"Not\u00edcies | Acci\u00f3 social\",\"Not\u00edcies | Infraestructures\"],\"inLanguage\":\"ca-ES\"},{\"@type\":\"WebPage\",\"@id\":\"https:\/\/www.nautaran.org\/ca\/destacat-portada-ca\/naut-aran-obre-les-sol%c2%b7licituds-per-al-pis-de-lloguer-assequible-de-garos\/\",\"url\":\"https:\/\/www.nautaran.org\/ca\/destacat-portada-ca\/naut-aran-obre-les-sol%c2%b7licituds-per-al-pis-de-lloguer-assequible-de-garos\/\",\"name\":\"Naut Aran obre les sol\u00b7licituds per al pis de lloguer assequible de Gar\u00f2s - Ajuntament de Naut Aran\",\"isPartOf\":{\"@id\":\"https:\/\/www.nautaran.org\/#website\"},\"primaryImageOfPage\":{\"@id\":\"https:\/\/www.nautaran.org\/ca\/destacat-portada-ca\/naut-aran-obre-les-sol%c2%b7licituds-per-al-pis-de-lloguer-assequible-de-garos\/#primaryimage\"},\"image\":{\"@id\":\"https:\/\/www.nautaran.org\/ca\/destacat-portada-ca\/naut-aran-obre-les-sol%c2%b7licituds-per-al-pis-de-lloguer-assequible-de-garos\/#primaryimage\"},\"thumbnailUrl\":\"https:\/\/www.nautaran.org\/wp-content\/uploads\/2025\/03\/V-Garos2.jpg\",\"datePublished\":\"2025-03-04T16:09:57+00:00\",\"dateModified\":\"2025-03-04T16:13:41+00:00\",\"author\":{\"@id\":\"https:\/\/www.nautaran.org\/#\/schema\/person\/d1534bc0cff9cbd7d1b5cfc12e946a35\"},\"breadcrumb\":{\"@id\":\"https:\/\/www.nautaran.org\/ca\/destacat-portada-ca\/naut-aran-obre-les-sol%c2%b7licituds-per-al-pis-de-lloguer-assequible-de-garos\/#breadcrumb\"},\"inLanguage\":\"ca-ES\",\"potentialAction\":[{\"@type\":\"ReadAction\",\"target\":[\"https:\/\/www.nautaran.org\/ca\/destacat-portada-ca\/naut-aran-obre-les-sol%c2%b7licituds-per-al-pis-de-lloguer-assequible-de-garos\/\"]}]},{\"@type\":\"ImageObject\",\"inLanguage\":\"ca-ES\",\"@id\":\"https:\/\/www.nautaran.org\/ca\/destacat-portada-ca\/naut-aran-obre-les-sol%c2%b7licituds-per-al-pis-de-lloguer-assequible-de-garos\/#primaryimage\",\"url\":\"https:\/\/www.nautaran.org\/wp-content\/uploads\/2025\/03\/V-Garos2.jpg\",\"contentUrl\":\"https:\/\/www.nautaran.org\/wp-content\/uploads\/2025\/03\/V-Garos2.jpg\",\"width\":4032,\"height\":3024},{\"@type\":\"BreadcrumbList\",\"@id\":\"https:\/\/www.nautaran.org\/ca\/destacat-portada-ca\/naut-aran-obre-les-sol%c2%b7licituds-per-al-pis-de-lloguer-assequible-de-garos\/#breadcrumb\",\"itemListElement\":[{\"@type\":\"ListItem\",\"position\":1,\"name\":\"Portada\",\"item\":\"https:\/\/www.nautaran.org\/ca\/home-2\/\"},{\"@type\":\"ListItem\",\"position\":2,\"name\":\"Naut Aran obre les sol\u00b7licituds per al pis de lloguer assequible de Gar\u00f2s\"}]},{\"@type\":\"WebSite\",\"@id\":\"https:\/\/www.nautaran.org\/#website\",\"url\":\"https:\/\/www.nautaran.org\/\",\"name\":\"Ajuntament de Naut Aran\",\"description\":\"Naut Aran\",\"potentialAction\":[{\"@type\":\"SearchAction\",\"target\":{\"@type\":\"EntryPoint\",\"urlTemplate\":\"https:\/\/www.nautaran.org\/?s={search_term_string}\"},\"query-input\":{\"@type\":\"PropertyValueSpecification\",\"valueRequired\":true,\"valueName\":\"search_term_string\"}}],\"inLanguage\":\"ca-ES\"},{\"@type\":\"Person\",\"@id\":\"https:\/\/www.nautaran.org\/#\/schema\/person\/d1534bc0cff9cbd7d1b5cfc12e946a35\",\"name\":\"nautaran\",\"image\":{\"@type\":\"ImageObject\",\"inLanguage\":\"ca-ES\",\"@id\":\"https:\/\/www.nautaran.org\/#\/schema\/person\/image\/\",\"url\":\"https:\/\/secure.gravatar.com\/avatar\/80a09b1f8ae692a4acce17816a6597a844f3f59cda069b47a176c85e26e41c03?s=96&d=mm&r=g\",\"contentUrl\":\"https:\/\/secure.gravatar.com\/avatar\/80a09b1f8ae692a4acce17816a6597a844f3f59cda069b47a176c85e26e41c03?s=96&d=mm&r=g\",\"caption\":\"nautaran\"},\"url\":\"https:\/\/www.nautaran.org\/ca\/author\/nautaran\/\"}]}<\/script>\n<!-- \/ Yoast SEO plugin. -->","yoast_head_json":{"title":"Naut Aran obre les sol\u00b7licituds per al pis de lloguer assequible de Gar\u00f2s - Ajuntament de Naut Aran","robots":{"index":"index","follow":"follow","max-snippet":"max-snippet:-1","max-image-preview":"max-image-preview:large","max-video-preview":"max-video-preview:-1"},"canonical":"https:\/\/www.nautaran.org\/ca\/destacat-portada-ca\/naut-aran-obre-les-sol\u00b7licituds-per-al-pis-de-lloguer-assequible-de-garos\/","og_locale":"ca_ES","og_type":"article","og_title":"Naut Aran obre les sol\u00b7licituds per al pis de lloguer assequible de Gar\u00f2s - Ajuntament de Naut Aran","og_description":"L&#8217;Ajuntament de Naut Aran ha obert oficialment les sol\u00b7licituds per a tenir la possibilitat de viure en el pis de lloguer assequible de la poblaci\u00f3 de Gar\u00f2s durant un termini de cinc anys aix\u00ed com estableixen les bases regulades pel propi consistori que van ser aprovades per la Comissi\u00f3 d&#8217;Habitatge en la qual es troben [&hellip;]","og_url":"https:\/\/www.nautaran.org\/ca\/destacat-portada-ca\/naut-aran-obre-les-sol\u00b7licituds-per-al-pis-de-lloguer-assequible-de-garos\/","og_site_name":"Ajuntament de Naut Aran","article_published_time":"2025-03-04T16:09:57+00:00","article_modified_time":"2025-03-04T16:13:41+00:00","og_image":[{"width":1024,"height":768,"url":"https:\/\/www.nautaran.org\/wp-content\/uploads\/2025\/03\/V-Garos2-1024x768.jpg","type":"image\/jpeg"}],"author":"nautaran","twitter_card":"summary_large_image","twitter_misc":{"Written by":"nautaran","Est. reading time":"2 minutes"},"schema":{"@context":"https:\/\/schema.org","@graph":[{"@type":"Article","@id":"https:\/\/www.nautaran.org\/ca\/destacat-portada-ca\/naut-aran-obre-les-sol%c2%b7licituds-per-al-pis-de-lloguer-assequible-de-garos\/#article","isPartOf":{"@id":"https:\/\/www.nautaran.org\/ca\/destacat-portada-ca\/naut-aran-obre-les-sol%c2%b7licituds-per-al-pis-de-lloguer-assequible-de-garos\/"},"author":{"name":"nautaran","@id":"https:\/\/www.nautaran.org\/#\/schema\/person\/d1534bc0cff9cbd7d1b5cfc12e946a35"},"headline":"Naut Aran obre les sol\u00b7licituds per al pis de lloguer assequible de Gar\u00f2s","datePublished":"2025-03-04T16:09:57+00:00","dateModified":"2025-03-04T16:13:41+00:00","mainEntityOfPage":{"@id":"https:\/\/www.nautaran.org\/ca\/destacat-portada-ca\/naut-aran-obre-les-sol%c2%b7licituds-per-al-pis-de-lloguer-assequible-de-garos\/"},"wordCount":357,"image":{"@id":"https:\/\/www.nautaran.org\/ca\/destacat-portada-ca\/naut-aran-obre-les-sol%c2%b7licituds-per-al-pis-de-lloguer-assequible-de-garos\/#primaryimage"},"thumbnailUrl":"https:\/\/www.nautaran.org\/wp-content\/uploads\/2025\/03\/V-Garos2.jpg","keywords":["Gar\u00f2s","Naut Aran","Pis logu\u00e8r assequible","Viuenda"],"articleSection":["Destacat portada","Not\u00edcies","Noticies Poble Gar\u00f2s","Not\u00edcies | Acci\u00f3 social","Not\u00edcies | Infraestructures"],"inLanguage":"ca-ES"},{"@type":"WebPage","@id":"https:\/\/www.nautaran.org\/ca\/destacat-portada-ca\/naut-aran-obre-les-sol%c2%b7licituds-per-al-pis-de-lloguer-assequible-de-garos\/","url":"https:\/\/www.nautaran.org\/ca\/destacat-portada-ca\/naut-aran-obre-les-sol%c2%b7licituds-per-al-pis-de-lloguer-assequible-de-garos\/","name":"Naut Aran obre les sol\u00b7licituds per al pis de lloguer assequible de Gar\u00f2s - Ajuntament de Naut Aran","isPartOf":{"@id":"https:\/\/www.nautaran.org\/#website"},"primaryImageOfPage":{"@id":"https:\/\/www.nautaran.org\/ca\/destacat-portada-ca\/naut-aran-obre-les-sol%c2%b7licituds-per-al-pis-de-lloguer-assequible-de-garos\/#primaryimage"},"image":{"@id":"https:\/\/www.nautaran.org\/ca\/destacat-portada-ca\/naut-aran-obre-les-sol%c2%b7licituds-per-al-pis-de-lloguer-assequible-de-garos\/#primaryimage"},"thumbnailUrl":"https:\/\/www.nautaran.org\/wp-content\/uploads\/2025\/03\/V-Garos2.jpg","datePublished":"2025-03-04T16:09:57+00:00","dateModified":"2025-03-04T16:13:41+00:00","author":{"@id":"https:\/\/www.nautaran.org\/#\/schema\/person\/d1534bc0cff9cbd7d1b5cfc12e946a35"},"breadcrumb":{"@id":"https:\/\/www.nautaran.org\/ca\/destacat-portada-ca\/naut-aran-obre-les-sol%c2%b7licituds-per-al-pis-de-lloguer-assequible-de-garos\/#breadcrumb"},"inLanguage":"ca-ES","potentialAction":[{"@type":"ReadAction","target":["https:\/\/www.nautaran.org\/ca\/destacat-portada-ca\/naut-aran-obre-les-sol%c2%b7licituds-per-al-pis-de-lloguer-assequible-de-garos\/"]}]},{"@type":"ImageObject","inLanguage":"ca-ES","@id":"https:\/\/www.nautaran.org\/ca\/destacat-portada-ca\/naut-aran-obre-les-sol%c2%b7licituds-per-al-pis-de-lloguer-assequible-de-garos\/#primaryimage","url":"https:\/\/www.nautaran.org\/wp-content\/uploads\/2025\/03\/V-Garos2.jpg","contentUrl":"https:\/\/www.nautaran.org\/wp-content\/uploads\/2025\/03\/V-Garos2.jpg","width":4032,"height":3024},{"@type":"BreadcrumbList","@id":"https:\/\/www.nautaran.org\/ca\/destacat-portada-ca\/naut-aran-obre-les-sol%c2%b7licituds-per-al-pis-de-lloguer-assequible-de-garos\/#breadcrumb","itemListElement":[{"@type":"ListItem","position":1,"name":"Portada","item":"https:\/\/www.nautaran.org\/ca\/home-2\/"},{"@type":"ListItem","position":2,"name":"Naut Aran obre les sol\u00b7licituds per al pis de lloguer assequible de Gar\u00f2s"}]},{"@type":"WebSite","@id":"https:\/\/www.nautaran.org\/#website","url":"https:\/\/www.nautaran.org\/","name":"Ajuntament de Naut Aran","description":"Naut Aran","potentialAction":[{"@type":"SearchAction","target":{"@type":"EntryPoint","urlTemplate":"https:\/\/www.nautaran.org\/?s={search_term_string}"},"query-input":{"@type":"PropertyValueSpecification","valueRequired":true,"valueName":"search_term_string"}}],"inLanguage":"ca-ES"},{"@type":"Person","@id":"https:\/\/www.nautaran.org\/#\/schema\/person\/d1534bc0cff9cbd7d1b5cfc12e946a35","name":"nautaran","image":{"@type":"ImageObject","inLanguage":"ca-ES","@id":"https:\/\/www.nautaran.org\/#\/schema\/person\/image\/","url":"https:\/\/secure.gravatar.com\/avatar\/80a09b1f8ae692a4acce17816a6597a844f3f59cda069b47a176c85e26e41c03?s=96&d=mm&r=g","contentUrl":"https:\/\/secure.gravatar.com\/avatar\/80a09b1f8ae692a4acce17816a6597a844f3f59cda069b47a176c85e26e41c03?s=96&d=mm&r=g","caption":"nautaran"},"url":"https:\/\/www.nautaran.org\/ca\/author\/nautaran\/"}]}},"_links":{"self":[{"href":"https:\/\/www.nautaran.org\/ca\/wp-json\/wp\/v2\/posts\/22550","targetHints":{"allow":["GET"]}}],"collection":[{"href":"https:\/\/www.nautaran.org\/ca\/wp-json\/wp\/v2\/posts"}],"about":[{"href":"https:\/\/www.nautaran.org\/ca\/wp-json\/wp\/v2\/types\/post"}],"author":[{"embeddable":true,"href":"https:\/\/www.nautaran.org\/ca\/wp-json\/wp\/v2\/users\/4"}],"replies":[{"embeddable":true,"href":"https:\/\/www.nautaran.org\/ca\/wp-json\/wp\/v2\/comments?post=22550"}],"version-history":[{"count":2,"href":"https:\/\/www.nautaran.org\/ca\/wp-json\/wp\/v2\/posts\/22550\/revisions"}],"predecessor-version":[{"id":22557,"href":"https:\/\/www.nautaran.org\/ca\/wp-json\/wp\/v2\/posts\/22550\/revisions\/22557"}],"wp:featuredmedia":[{"embeddable":true,"href":"https:\/\/www.nautaran.org\/ca\/wp-json\/wp\/v2\/media\/22547"}],"wp:attachment":[{"href":"https:\/\/www.nautaran.org\/ca\/wp-json\/wp\/v2\/media?parent=22550"}],"wp:term":[{"taxonomy":"category","embeddable":true,"href":"https:\/\/www.nautaran.org\/ca\/wp-json\/wp\/v2\/categories?post=22550"},{"taxonomy":"post_tag","embeddable":true,"href":"https:\/\/www.nautaran.org\/ca\/wp-json\/wp\/v2\/tags?post=22550"}],"curies":[{"name":"wp","href":"https:\/\/api.w.org\/{rel}","templated":true}]}}