{"id":22674,"date":"2025-04-02T11:24:25","date_gmt":"2025-04-02T10:24:25","guid":{"rendered":"https:\/\/www.nautaran.org\/dotze-sollicituds-entath-pis-de-loguer-assequible-de-garos\/"},"modified":"2025-04-02T11:25:53","modified_gmt":"2025-04-02T10:25:53","slug":"dotze-sol%c2%b7licituds-per-al-pis-de-lloguer-assequible-de-garos","status":"publish","type":"post","link":"https:\/\/www.nautaran.org\/ca\/destacat-portada-ca\/dotze-sol%c2%b7licituds-per-al-pis-de-lloguer-assequible-de-garos\/","title":{"rendered":"Dotze sol\u00b7licituds per al pis de lloguer assequible de Gar\u00f2s"},"content":{"rendered":"<p>L&#8217;Ajuntament de Naut Aran ha finalitzat oficialment el per\u00edode per a sol\u00b7licitar la possibilitat de viure en el pis de lloguer assequible de la poblaci\u00f3 de Gar\u00f2s durant un termini de cinc anys aix\u00ed com establien les bases regulades pel propi consistori que van ser aprovades per la Comissi\u00f3 d&#8217;Habitatge en la qual es troben representats tots els grups pol\u00edtics amb representaci\u00f3 en el ple.<\/p>\n<p>El pis, situat al carrer Solei n\u00famero 11 de Gar\u00f2s, \u00e9s el primer que ha ofert l&#8217;equip de govern i amb el qual pret\u00e9n posar la primera pedra de l&#8217;anomenat parc d&#8217;habitatge municipal que projecta l&#8217;ajuntament. Una vegada finalitzat el proc\u00e9s de sol\u00b7licituds i atorgat a un particular o fam\u00edlia, el preu que haur\u00e0 de pagar per mensualitat l&#8217;inquil\u00ed o inquilins ser\u00e0 de 450\u20ac, despeses a part.<\/p>\n<p>En total, s&#8217;han presentat 12 sol\u00b7licituds per part de ve\u00efns del municipi de Naut Aran. Durant la setmana vinent es reunir\u00e0 la Comissi\u00f3 d&#8217;Habitatge per a fer la ponderaci\u00f3 de cadascun dels casos i es resoldr\u00e0 parcialment la que ser\u00e0 la candidatura guanyadora del primer habitatge de lloguer assequible en la zona. La previsi\u00f3 del consistori \u00e9s que, durant el mes de juny, ja pugui habitar una fam\u00edlia en ell.<\/p>\n<p>L&#8217;alcalde, C\u00e9sar Ruiz-Canela, destaca que \u201cestem molt feli\u00e7os que hi hagi hagut aquest nombre de sol\u00b7licituds perqu\u00e8 demostra que falta habitatge de lloguer assequible. Treballem de manera activa en aquesta q\u00fcesti\u00f3 i el nostre objectiu \u00e9s, durant els pr\u00f2xims tres anys, impulsar fins a 30 habitatges de lloguer assequible entre els diversos projectes que durem a terme.\u201d<\/p>\n<p>Entre les caracter\u00edstiques de l&#8217;habitatge de Gar\u00f2s, destaca un ampli sal\u00f3, una cuina completament equipada amb acabats d&#8217;alta qualitat, un bany complet, sala de calderes, rentadora i assecadora aix\u00ed com dues habitacions. El seu preu en mercat podria duplicar actualment i fins i tot superar aquesta xifra de la qual s&#8217;ofereix com a lloguer assequible.<\/p>\n","protected":false},"excerpt":{"rendered":"<p>L&#8217;Ajuntament de Naut Aran ha finalitzat oficialment el per\u00edode per a sol\u00b7licitar la possibilitat de viure en el pis de lloguer assequible de la poblaci\u00f3 de Gar\u00f2s durant un termini de cinc anys aix\u00ed com establien les bases regulades pel propi consistori que van ser aprovades per la Comissi\u00f3 d&#8217;Habitatge en la qual es troben [&hellip;]<\/p>\n","protected":false},"author":4,"featured_media":20088,"comment_status":"closed","ping_status":"closed","sticky":false,"template":"","format":"standard","meta":{"_acf_changed":false,"_et_pb_use_builder":"","_et_pb_old_content":"","_et_gb_content_width":"","footnotes":""},"categories":[31,32,815,814,35,40,44],"tags":[850,861],"class_list":["post-22674","post","type-post","status-publish","format-standard","has-post-thumbnail","hentry","category-destacat-portada-ca","category-noticies","category-noticies-poble-arties","category-noticies-poble-garos","category-accio-social","category-infraestructures","category-turisme","tag-garos-ca","tag-pis-loguer-assequible-ca"],"acf":[],"yoast_head":"<!-- This site is optimized with the Yoast SEO plugin v26.8 - https:\/\/yoast.com\/product\/yoast-seo-wordpress\/ -->\n<title>Dotze sol\u00b7licituds per al pis de lloguer assequible de Gar\u00f2s - Ajuntament de Naut Aran<\/title>\n<meta name=\"robots\" content=\"index, follow, max-snippet:-1, max-image-preview:large, max-video-preview:-1\" \/>\n<link rel=\"canonical\" href=\"https:\/\/www.nautaran.org\/ca\/destacat-portada-ca\/dotze-sol\u00b7licituds-per-al-pis-de-lloguer-assequible-de-garos\/\" \/>\n<meta property=\"og:locale\" content=\"ca_ES\" \/>\n<meta property=\"og:type\" content=\"article\" \/>\n<meta property=\"og:title\" content=\"Dotze sol\u00b7licituds per al pis de lloguer assequible de Gar\u00f2s - Ajuntament de Naut Aran\" \/>\n<meta property=\"og:description\" content=\"L&#8217;Ajuntament de Naut Aran ha finalitzat oficialment el per\u00edode per a sol\u00b7licitar la possibilitat de viure en el pis de lloguer assequible de la poblaci\u00f3 de Gar\u00f2s durant un termini de cinc anys aix\u00ed com establien les bases regulades pel propi consistori que van ser aprovades per la Comissi\u00f3 d&#8217;Habitatge en la qual es troben [&hellip;]\" \/>\n<meta property=\"og:url\" content=\"https:\/\/www.nautaran.org\/ca\/destacat-portada-ca\/dotze-sol\u00b7licituds-per-al-pis-de-lloguer-assequible-de-garos\/\" \/>\n<meta property=\"og:site_name\" content=\"Ajuntament de Naut Aran\" \/>\n<meta property=\"article:published_time\" content=\"2025-04-02T10:24:25+00:00\" \/>\n<meta property=\"article:modified_time\" content=\"2025-04-02T10:25:53+00:00\" \/>\n<meta property=\"og:image\" content=\"https:\/\/www.nautaran.org\/wp-content\/uploads\/2024\/04\/Garos-1024x768.jpg\" \/>\n\t<meta property=\"og:image:width\" content=\"1024\" \/>\n\t<meta property=\"og:image:height\" content=\"768\" \/>\n\t<meta property=\"og:image:type\" content=\"image\/jpeg\" \/>\n<meta name=\"author\" content=\"nautaran\" \/>\n<meta name=\"twitter:card\" content=\"summary_large_image\" \/>\n<meta name=\"twitter:label1\" content=\"Written by\" \/>\n\t<meta name=\"twitter:data1\" content=\"nautaran\" \/>\n\t<meta name=\"twitter:label2\" content=\"Est. reading time\" \/>\n\t<meta name=\"twitter:data2\" content=\"2 minutes\" \/>\n<script type=\"application\/ld+json\" class=\"yoast-schema-graph\">{\"@context\":\"https:\/\/schema.org\",\"@graph\":[{\"@type\":\"Article\",\"@id\":\"https:\/\/www.nautaran.org\/ca\/destacat-portada-ca\/dotze-sol%c2%b7licituds-per-al-pis-de-lloguer-assequible-de-garos\/#article\",\"isPartOf\":{\"@id\":\"https:\/\/www.nautaran.org\/ca\/destacat-portada-ca\/dotze-sol%c2%b7licituds-per-al-pis-de-lloguer-assequible-de-garos\/\"},\"author\":{\"name\":\"nautaran\",\"@id\":\"https:\/\/www.nautaran.org\/#\/schema\/person\/d1534bc0cff9cbd7d1b5cfc12e946a35\"},\"headline\":\"Dotze sol\u00b7licituds per al pis de lloguer assequible de Gar\u00f2s\",\"datePublished\":\"2025-04-02T10:24:25+00:00\",\"dateModified\":\"2025-04-02T10:25:53+00:00\",\"mainEntityOfPage\":{\"@id\":\"https:\/\/www.nautaran.org\/ca\/destacat-portada-ca\/dotze-sol%c2%b7licituds-per-al-pis-de-lloguer-assequible-de-garos\/\"},\"wordCount\":355,\"image\":{\"@id\":\"https:\/\/www.nautaran.org\/ca\/destacat-portada-ca\/dotze-sol%c2%b7licituds-per-al-pis-de-lloguer-assequible-de-garos\/#primaryimage\"},\"thumbnailUrl\":\"https:\/\/www.nautaran.org\/wp-content\/uploads\/2024\/04\/Garos.jpg\",\"keywords\":[\"Gar\u00f2s\",\"Pis logu\u00e8r assequible\"],\"articleSection\":[\"Destacat portada\",\"Not\u00edcies\",\"Noticies Poble Arties\",\"Noticies Poble Gar\u00f2s\",\"Not\u00edcies | Acci\u00f3 social\",\"Not\u00edcies | Infraestructures\",\"Not\u00edcies | Turisme\"],\"inLanguage\":\"ca-ES\"},{\"@type\":\"WebPage\",\"@id\":\"https:\/\/www.nautaran.org\/ca\/destacat-portada-ca\/dotze-sol%c2%b7licituds-per-al-pis-de-lloguer-assequible-de-garos\/\",\"url\":\"https:\/\/www.nautaran.org\/ca\/destacat-portada-ca\/dotze-sol%c2%b7licituds-per-al-pis-de-lloguer-assequible-de-garos\/\",\"name\":\"Dotze sol\u00b7licituds per al pis de lloguer assequible de Gar\u00f2s - Ajuntament de Naut Aran\",\"isPartOf\":{\"@id\":\"https:\/\/www.nautaran.org\/#website\"},\"primaryImageOfPage\":{\"@id\":\"https:\/\/www.nautaran.org\/ca\/destacat-portada-ca\/dotze-sol%c2%b7licituds-per-al-pis-de-lloguer-assequible-de-garos\/#primaryimage\"},\"image\":{\"@id\":\"https:\/\/www.nautaran.org\/ca\/destacat-portada-ca\/dotze-sol%c2%b7licituds-per-al-pis-de-lloguer-assequible-de-garos\/#primaryimage\"},\"thumbnailUrl\":\"https:\/\/www.nautaran.org\/wp-content\/uploads\/2024\/04\/Garos.jpg\",\"datePublished\":\"2025-04-02T10:24:25+00:00\",\"dateModified\":\"2025-04-02T10:25:53+00:00\",\"author\":{\"@id\":\"https:\/\/www.nautaran.org\/#\/schema\/person\/d1534bc0cff9cbd7d1b5cfc12e946a35\"},\"breadcrumb\":{\"@id\":\"https:\/\/www.nautaran.org\/ca\/destacat-portada-ca\/dotze-sol%c2%b7licituds-per-al-pis-de-lloguer-assequible-de-garos\/#breadcrumb\"},\"inLanguage\":\"ca-ES\",\"potentialAction\":[{\"@type\":\"ReadAction\",\"target\":[\"https:\/\/www.nautaran.org\/ca\/destacat-portada-ca\/dotze-sol%c2%b7licituds-per-al-pis-de-lloguer-assequible-de-garos\/\"]}]},{\"@type\":\"ImageObject\",\"inLanguage\":\"ca-ES\",\"@id\":\"https:\/\/www.nautaran.org\/ca\/destacat-portada-ca\/dotze-sol%c2%b7licituds-per-al-pis-de-lloguer-assequible-de-garos\/#primaryimage\",\"url\":\"https:\/\/www.nautaran.org\/wp-content\/uploads\/2024\/04\/Garos.jpg\",\"contentUrl\":\"https:\/\/www.nautaran.org\/wp-content\/uploads\/2024\/04\/Garos.jpg\",\"width\":4032,\"height\":3024},{\"@type\":\"BreadcrumbList\",\"@id\":\"https:\/\/www.nautaran.org\/ca\/destacat-portada-ca\/dotze-sol%c2%b7licituds-per-al-pis-de-lloguer-assequible-de-garos\/#breadcrumb\",\"itemListElement\":[{\"@type\":\"ListItem\",\"position\":1,\"name\":\"Portada\",\"item\":\"https:\/\/www.nautaran.org\/ca\/home-2\/\"},{\"@type\":\"ListItem\",\"position\":2,\"name\":\"Dotze sol\u00b7licituds per al pis de lloguer assequible de Gar\u00f2s\"}]},{\"@type\":\"WebSite\",\"@id\":\"https:\/\/www.nautaran.org\/#website\",\"url\":\"https:\/\/www.nautaran.org\/\",\"name\":\"Ajuntament de Naut Aran\",\"description\":\"Naut Aran\",\"potentialAction\":[{\"@type\":\"SearchAction\",\"target\":{\"@type\":\"EntryPoint\",\"urlTemplate\":\"https:\/\/www.nautaran.org\/?s={search_term_string}\"},\"query-input\":{\"@type\":\"PropertyValueSpecification\",\"valueRequired\":true,\"valueName\":\"search_term_string\"}}],\"inLanguage\":\"ca-ES\"},{\"@type\":\"Person\",\"@id\":\"https:\/\/www.nautaran.org\/#\/schema\/person\/d1534bc0cff9cbd7d1b5cfc12e946a35\",\"name\":\"nautaran\",\"image\":{\"@type\":\"ImageObject\",\"inLanguage\":\"ca-ES\",\"@id\":\"https:\/\/www.nautaran.org\/#\/schema\/person\/image\/\",\"url\":\"https:\/\/secure.gravatar.com\/avatar\/80a09b1f8ae692a4acce17816a6597a844f3f59cda069b47a176c85e26e41c03?s=96&d=mm&r=g\",\"contentUrl\":\"https:\/\/secure.gravatar.com\/avatar\/80a09b1f8ae692a4acce17816a6597a844f3f59cda069b47a176c85e26e41c03?s=96&d=mm&r=g\",\"caption\":\"nautaran\"},\"url\":\"https:\/\/www.nautaran.org\/ca\/author\/nautaran\/\"}]}<\/script>\n<!-- \/ Yoast SEO plugin. -->","yoast_head_json":{"title":"Dotze sol\u00b7licituds per al pis de lloguer assequible de Gar\u00f2s - Ajuntament de Naut Aran","robots":{"index":"index","follow":"follow","max-snippet":"max-snippet:-1","max-image-preview":"max-image-preview:large","max-video-preview":"max-video-preview:-1"},"canonical":"https:\/\/www.nautaran.org\/ca\/destacat-portada-ca\/dotze-sol\u00b7licituds-per-al-pis-de-lloguer-assequible-de-garos\/","og_locale":"ca_ES","og_type":"article","og_title":"Dotze sol\u00b7licituds per al pis de lloguer assequible de Gar\u00f2s - Ajuntament de Naut Aran","og_description":"L&#8217;Ajuntament de Naut Aran ha finalitzat oficialment el per\u00edode per a sol\u00b7licitar la possibilitat de viure en el pis de lloguer assequible de la poblaci\u00f3 de Gar\u00f2s durant un termini de cinc anys aix\u00ed com establien les bases regulades pel propi consistori que van ser aprovades per la Comissi\u00f3 d&#8217;Habitatge en la qual es troben [&hellip;]","og_url":"https:\/\/www.nautaran.org\/ca\/destacat-portada-ca\/dotze-sol\u00b7licituds-per-al-pis-de-lloguer-assequible-de-garos\/","og_site_name":"Ajuntament de Naut Aran","article_published_time":"2025-04-02T10:24:25+00:00","article_modified_time":"2025-04-02T10:25:53+00:00","og_image":[{"width":1024,"height":768,"url":"https:\/\/www.nautaran.org\/wp-content\/uploads\/2024\/04\/Garos-1024x768.jpg","type":"image\/jpeg"}],"author":"nautaran","twitter_card":"summary_large_image","twitter_misc":{"Written by":"nautaran","Est. reading time":"2 minutes"},"schema":{"@context":"https:\/\/schema.org","@graph":[{"@type":"Article","@id":"https:\/\/www.nautaran.org\/ca\/destacat-portada-ca\/dotze-sol%c2%b7licituds-per-al-pis-de-lloguer-assequible-de-garos\/#article","isPartOf":{"@id":"https:\/\/www.nautaran.org\/ca\/destacat-portada-ca\/dotze-sol%c2%b7licituds-per-al-pis-de-lloguer-assequible-de-garos\/"},"author":{"name":"nautaran","@id":"https:\/\/www.nautaran.org\/#\/schema\/person\/d1534bc0cff9cbd7d1b5cfc12e946a35"},"headline":"Dotze sol\u00b7licituds per al pis de lloguer assequible de Gar\u00f2s","datePublished":"2025-04-02T10:24:25+00:00","dateModified":"2025-04-02T10:25:53+00:00","mainEntityOfPage":{"@id":"https:\/\/www.nautaran.org\/ca\/destacat-portada-ca\/dotze-sol%c2%b7licituds-per-al-pis-de-lloguer-assequible-de-garos\/"},"wordCount":355,"image":{"@id":"https:\/\/www.nautaran.org\/ca\/destacat-portada-ca\/dotze-sol%c2%b7licituds-per-al-pis-de-lloguer-assequible-de-garos\/#primaryimage"},"thumbnailUrl":"https:\/\/www.nautaran.org\/wp-content\/uploads\/2024\/04\/Garos.jpg","keywords":["Gar\u00f2s","Pis logu\u00e8r assequible"],"articleSection":["Destacat portada","Not\u00edcies","Noticies Poble Arties","Noticies Poble Gar\u00f2s","Not\u00edcies | Acci\u00f3 social","Not\u00edcies | Infraestructures","Not\u00edcies | Turisme"],"inLanguage":"ca-ES"},{"@type":"WebPage","@id":"https:\/\/www.nautaran.org\/ca\/destacat-portada-ca\/dotze-sol%c2%b7licituds-per-al-pis-de-lloguer-assequible-de-garos\/","url":"https:\/\/www.nautaran.org\/ca\/destacat-portada-ca\/dotze-sol%c2%b7licituds-per-al-pis-de-lloguer-assequible-de-garos\/","name":"Dotze sol\u00b7licituds per al pis de lloguer assequible de Gar\u00f2s - Ajuntament de Naut Aran","isPartOf":{"@id":"https:\/\/www.nautaran.org\/#website"},"primaryImageOfPage":{"@id":"https:\/\/www.nautaran.org\/ca\/destacat-portada-ca\/dotze-sol%c2%b7licituds-per-al-pis-de-lloguer-assequible-de-garos\/#primaryimage"},"image":{"@id":"https:\/\/www.nautaran.org\/ca\/destacat-portada-ca\/dotze-sol%c2%b7licituds-per-al-pis-de-lloguer-assequible-de-garos\/#primaryimage"},"thumbnailUrl":"https:\/\/www.nautaran.org\/wp-content\/uploads\/2024\/04\/Garos.jpg","datePublished":"2025-04-02T10:24:25+00:00","dateModified":"2025-04-02T10:25:53+00:00","author":{"@id":"https:\/\/www.nautaran.org\/#\/schema\/person\/d1534bc0cff9cbd7d1b5cfc12e946a35"},"breadcrumb":{"@id":"https:\/\/www.nautaran.org\/ca\/destacat-portada-ca\/dotze-sol%c2%b7licituds-per-al-pis-de-lloguer-assequible-de-garos\/#breadcrumb"},"inLanguage":"ca-ES","potentialAction":[{"@type":"ReadAction","target":["https:\/\/www.nautaran.org\/ca\/destacat-portada-ca\/dotze-sol%c2%b7licituds-per-al-pis-de-lloguer-assequible-de-garos\/"]}]},{"@type":"ImageObject","inLanguage":"ca-ES","@id":"https:\/\/www.nautaran.org\/ca\/destacat-portada-ca\/dotze-sol%c2%b7licituds-per-al-pis-de-lloguer-assequible-de-garos\/#primaryimage","url":"https:\/\/www.nautaran.org\/wp-content\/uploads\/2024\/04\/Garos.jpg","contentUrl":"https:\/\/www.nautaran.org\/wp-content\/uploads\/2024\/04\/Garos.jpg","width":4032,"height":3024},{"@type":"BreadcrumbList","@id":"https:\/\/www.nautaran.org\/ca\/destacat-portada-ca\/dotze-sol%c2%b7licituds-per-al-pis-de-lloguer-assequible-de-garos\/#breadcrumb","itemListElement":[{"@type":"ListItem","position":1,"name":"Portada","item":"https:\/\/www.nautaran.org\/ca\/home-2\/"},{"@type":"ListItem","position":2,"name":"Dotze sol\u00b7licituds per al pis de lloguer assequible de Gar\u00f2s"}]},{"@type":"WebSite","@id":"https:\/\/www.nautaran.org\/#website","url":"https:\/\/www.nautaran.org\/","name":"Ajuntament de Naut Aran","description":"Naut Aran","potentialAction":[{"@type":"SearchAction","target":{"@type":"EntryPoint","urlTemplate":"https:\/\/www.nautaran.org\/?s={search_term_string}"},"query-input":{"@type":"PropertyValueSpecification","valueRequired":true,"valueName":"search_term_string"}}],"inLanguage":"ca-ES"},{"@type":"Person","@id":"https:\/\/www.nautaran.org\/#\/schema\/person\/d1534bc0cff9cbd7d1b5cfc12e946a35","name":"nautaran","image":{"@type":"ImageObject","inLanguage":"ca-ES","@id":"https:\/\/www.nautaran.org\/#\/schema\/person\/image\/","url":"https:\/\/secure.gravatar.com\/avatar\/80a09b1f8ae692a4acce17816a6597a844f3f59cda069b47a176c85e26e41c03?s=96&d=mm&r=g","contentUrl":"https:\/\/secure.gravatar.com\/avatar\/80a09b1f8ae692a4acce17816a6597a844f3f59cda069b47a176c85e26e41c03?s=96&d=mm&r=g","caption":"nautaran"},"url":"https:\/\/www.nautaran.org\/ca\/author\/nautaran\/"}]}},"_links":{"self":[{"href":"https:\/\/www.nautaran.org\/ca\/wp-json\/wp\/v2\/posts\/22674","targetHints":{"allow":["GET"]}}],"collection":[{"href":"https:\/\/www.nautaran.org\/ca\/wp-json\/wp\/v2\/posts"}],"about":[{"href":"https:\/\/www.nautaran.org\/ca\/wp-json\/wp\/v2\/types\/post"}],"author":[{"embeddable":true,"href":"https:\/\/www.nautaran.org\/ca\/wp-json\/wp\/v2\/users\/4"}],"replies":[{"embeddable":true,"href":"https:\/\/www.nautaran.org\/ca\/wp-json\/wp\/v2\/comments?post=22674"}],"version-history":[{"count":1,"href":"https:\/\/www.nautaran.org\/ca\/wp-json\/wp\/v2\/posts\/22674\/revisions"}],"predecessor-version":[{"id":22677,"href":"https:\/\/www.nautaran.org\/ca\/wp-json\/wp\/v2\/posts\/22674\/revisions\/22677"}],"wp:featuredmedia":[{"embeddable":true,"href":"https:\/\/www.nautaran.org\/ca\/wp-json\/wp\/v2\/media\/20088"}],"wp:attachment":[{"href":"https:\/\/www.nautaran.org\/ca\/wp-json\/wp\/v2\/media?parent=22674"}],"wp:term":[{"taxonomy":"category","embeddable":true,"href":"https:\/\/www.nautaran.org\/ca\/wp-json\/wp\/v2\/categories?post=22674"},{"taxonomy":"post_tag","embeddable":true,"href":"https:\/\/www.nautaran.org\/ca\/wp-json\/wp\/v2\/tags?post=22674"}],"curies":[{"name":"wp","href":"https:\/\/api.w.org\/{rel}","templated":true}]}}