{"id":22703,"date":"2025-04-15T16:19:43","date_gmt":"2025-04-15T15:19:43","guid":{"rendered":"https:\/\/www.nautaran.org\/naut-aran-potencie-era-cultura-e-istoria-de-salardu\/"},"modified":"2025-04-15T16:20:47","modified_gmt":"2025-04-15T15:20:47","slug":"naut-aran-potencia-la-cultura-i-historia-de-salardu","status":"publish","type":"post","link":"https:\/\/www.nautaran.org\/ca\/destacat-portada-ca\/naut-aran-potencia-la-cultura-i-historia-de-salardu\/","title":{"rendered":"Naut Aran potencia la cultura i hist\u00f2ria de Salard\u00fa"},"content":{"rendered":"<p>L&#8217;Ajuntament de Naut Aran ha impulsat una acci\u00f3 amb qu\u00e8 pret\u00e8n potenciar m\u00e9s la cultura del municipi i, especialment de la poblaci\u00f3 de Salard\u00fa, situant una exposici\u00f3 fotogr\u00e0fica on es troba la porta de Salard\u00fa.<\/p>\n<p>Aquesta mostra il\u00b7lustra com era una de les entrades principals al casc antic i la muralla de Salard\u00fa segles enrere. A m\u00e9s, en les imatges, tamb\u00e9 pot apreciar-se d\u2019altres entorns d\u2019aquest indret en \u00e8poques m\u00e9s antigues aportant m\u00e9s riquesa a l&#8217;acci\u00f3. El gener de 2021 es van finalitzar les obres de la porta de Salard\u00fa despr\u00e9s de molt mesos de treball. Aquest element vol escenificar el que hi representava anys enrere a la poblaci\u00f3 i convertir-se en un atractiu tur\u00edstic m\u00e9s al municipi.<\/p>\n<p>L&#8217;alcalde de Naut Aran, C\u00e9sar Ruiz-Canela, destaca que \u201cdurant aquesta legislatura hem volgut potenciar la cultura del municipi amb moltes actuacions i aquesta n\u2019\u00e9s una d\u2019elles. Hem consolidat un projecte que ve de l&#8217;any 2021 i s\u2019ha dignificat amb el pas dels anys sent un nou referent per visitar a Salard\u00fa. Amb un pressupost molt redu\u00eft hem executat aquest afer amb molt efici\u00e8ncia\u201d.<\/p>\n<p>Durant aquests 4 anys d\u2019en\u00e7\u00e0 de la seva creaci\u00f3 s\u2019ha anat acondicionat per esdevindre una aturada obligat\u00f2ria de visita per les persones que s\u2019apropen al municipi.<\/p>\n","protected":false},"excerpt":{"rendered":"<p>L&#8217;Ajuntament de Naut Aran ha impulsat una acci\u00f3 amb qu\u00e8 pret\u00e8n potenciar m\u00e9s la cultura del municipi i, especialment de la poblaci\u00f3 de Salard\u00fa, situant una exposici\u00f3 fotogr\u00e0fica on es troba la porta de Salard\u00fa. Aquesta mostra il\u00b7lustra com era una de les entrades principals al casc antic i la muralla de Salard\u00fa segles enrere. [&hellip;]<\/p>\n","protected":false},"author":4,"featured_media":22700,"comment_status":"closed","ping_status":"closed","sticky":false,"template":"","format":"standard","meta":{"_acf_changed":false,"_et_pb_use_builder":"","_et_pb_old_content":"","_et_gb_content_width":"","footnotes":""},"categories":[31,32,817,35,36,40,44],"tags":[],"class_list":["post-22703","post","type-post","status-publish","format-standard","has-post-thumbnail","hentry","category-destacat-portada-ca","category-noticies","category-noticies-poble-salardu","category-accio-social","category-cultura-ca","category-infraestructures","category-turisme"],"acf":[],"yoast_head":"<!-- This site is optimized with the Yoast SEO plugin v26.8 - https:\/\/yoast.com\/product\/yoast-seo-wordpress\/ -->\n<title>Naut Aran potencia la cultura i hist\u00f2ria de Salard\u00fa - Ajuntament de Naut Aran<\/title>\n<meta name=\"robots\" content=\"index, follow, max-snippet:-1, max-image-preview:large, max-video-preview:-1\" \/>\n<link rel=\"canonical\" href=\"https:\/\/www.nautaran.org\/ca\/destacat-portada-ca\/naut-aran-potencia-la-cultura-i-historia-de-salardu\/\" \/>\n<meta property=\"og:locale\" content=\"ca_ES\" \/>\n<meta property=\"og:type\" content=\"article\" \/>\n<meta property=\"og:title\" content=\"Naut Aran potencia la cultura i hist\u00f2ria de Salard\u00fa - Ajuntament de Naut Aran\" \/>\n<meta property=\"og:description\" content=\"L&#8217;Ajuntament de Naut Aran ha impulsat una acci\u00f3 amb qu\u00e8 pret\u00e8n potenciar m\u00e9s la cultura del municipi i, especialment de la poblaci\u00f3 de Salard\u00fa, situant una exposici\u00f3 fotogr\u00e0fica on es troba la porta de Salard\u00fa. Aquesta mostra il\u00b7lustra com era una de les entrades principals al casc antic i la muralla de Salard\u00fa segles enrere. [&hellip;]\" \/>\n<meta property=\"og:url\" content=\"https:\/\/www.nautaran.org\/ca\/destacat-portada-ca\/naut-aran-potencia-la-cultura-i-historia-de-salardu\/\" \/>\n<meta property=\"og:site_name\" content=\"Ajuntament de Naut Aran\" \/>\n<meta property=\"article:published_time\" content=\"2025-04-15T15:19:43+00:00\" \/>\n<meta property=\"article:modified_time\" content=\"2025-04-15T15:20:47+00:00\" \/>\n<meta property=\"og:image\" content=\"https:\/\/www.nautaran.org\/wp-content\/uploads\/2025\/04\/Porta-2.jpg\" \/>\n\t<meta property=\"og:image:width\" content=\"2016\" \/>\n\t<meta property=\"og:image:height\" content=\"1512\" \/>\n\t<meta property=\"og:image:type\" content=\"image\/jpeg\" \/>\n<meta name=\"author\" content=\"nautaran\" \/>\n<meta name=\"twitter:card\" content=\"summary_large_image\" \/>\n<meta name=\"twitter:label1\" content=\"Written by\" \/>\n\t<meta name=\"twitter:data1\" content=\"nautaran\" \/>\n\t<meta name=\"twitter:label2\" content=\"Est. reading time\" \/>\n\t<meta name=\"twitter:data2\" content=\"1 minute\" \/>\n<script type=\"application\/ld+json\" class=\"yoast-schema-graph\">{\"@context\":\"https:\/\/schema.org\",\"@graph\":[{\"@type\":\"Article\",\"@id\":\"https:\/\/www.nautaran.org\/ca\/destacat-portada-ca\/naut-aran-potencia-la-cultura-i-historia-de-salardu\/#article\",\"isPartOf\":{\"@id\":\"https:\/\/www.nautaran.org\/ca\/destacat-portada-ca\/naut-aran-potencia-la-cultura-i-historia-de-salardu\/\"},\"author\":{\"name\":\"nautaran\",\"@id\":\"https:\/\/www.nautaran.org\/#\/schema\/person\/d1534bc0cff9cbd7d1b5cfc12e946a35\"},\"headline\":\"Naut Aran potencia la cultura i hist\u00f2ria de Salard\u00fa\",\"datePublished\":\"2025-04-15T15:19:43+00:00\",\"dateModified\":\"2025-04-15T15:20:47+00:00\",\"mainEntityOfPage\":{\"@id\":\"https:\/\/www.nautaran.org\/ca\/destacat-portada-ca\/naut-aran-potencia-la-cultura-i-historia-de-salardu\/\"},\"wordCount\":240,\"image\":{\"@id\":\"https:\/\/www.nautaran.org\/ca\/destacat-portada-ca\/naut-aran-potencia-la-cultura-i-historia-de-salardu\/#primaryimage\"},\"thumbnailUrl\":\"https:\/\/www.nautaran.org\/wp-content\/uploads\/2025\/04\/Porta-2.jpg\",\"articleSection\":[\"Destacat portada\",\"Not\u00edcies\",\"Noticies Poble Salard\u00fa\",\"Not\u00edcies | Acci\u00f3 social\",\"Not\u00edcies | Cultura\",\"Not\u00edcies | Infraestructures\",\"Not\u00edcies | Turisme\"],\"inLanguage\":\"ca-ES\"},{\"@type\":\"WebPage\",\"@id\":\"https:\/\/www.nautaran.org\/ca\/destacat-portada-ca\/naut-aran-potencia-la-cultura-i-historia-de-salardu\/\",\"url\":\"https:\/\/www.nautaran.org\/ca\/destacat-portada-ca\/naut-aran-potencia-la-cultura-i-historia-de-salardu\/\",\"name\":\"Naut Aran potencia la cultura i hist\u00f2ria de Salard\u00fa - Ajuntament de Naut Aran\",\"isPartOf\":{\"@id\":\"https:\/\/www.nautaran.org\/#website\"},\"primaryImageOfPage\":{\"@id\":\"https:\/\/www.nautaran.org\/ca\/destacat-portada-ca\/naut-aran-potencia-la-cultura-i-historia-de-salardu\/#primaryimage\"},\"image\":{\"@id\":\"https:\/\/www.nautaran.org\/ca\/destacat-portada-ca\/naut-aran-potencia-la-cultura-i-historia-de-salardu\/#primaryimage\"},\"thumbnailUrl\":\"https:\/\/www.nautaran.org\/wp-content\/uploads\/2025\/04\/Porta-2.jpg\",\"datePublished\":\"2025-04-15T15:19:43+00:00\",\"dateModified\":\"2025-04-15T15:20:47+00:00\",\"author\":{\"@id\":\"https:\/\/www.nautaran.org\/#\/schema\/person\/d1534bc0cff9cbd7d1b5cfc12e946a35\"},\"breadcrumb\":{\"@id\":\"https:\/\/www.nautaran.org\/ca\/destacat-portada-ca\/naut-aran-potencia-la-cultura-i-historia-de-salardu\/#breadcrumb\"},\"inLanguage\":\"ca-ES\",\"potentialAction\":[{\"@type\":\"ReadAction\",\"target\":[\"https:\/\/www.nautaran.org\/ca\/destacat-portada-ca\/naut-aran-potencia-la-cultura-i-historia-de-salardu\/\"]}]},{\"@type\":\"ImageObject\",\"inLanguage\":\"ca-ES\",\"@id\":\"https:\/\/www.nautaran.org\/ca\/destacat-portada-ca\/naut-aran-potencia-la-cultura-i-historia-de-salardu\/#primaryimage\",\"url\":\"https:\/\/www.nautaran.org\/wp-content\/uploads\/2025\/04\/Porta-2.jpg\",\"contentUrl\":\"https:\/\/www.nautaran.org\/wp-content\/uploads\/2025\/04\/Porta-2.jpg\",\"width\":2016,\"height\":1512},{\"@type\":\"BreadcrumbList\",\"@id\":\"https:\/\/www.nautaran.org\/ca\/destacat-portada-ca\/naut-aran-potencia-la-cultura-i-historia-de-salardu\/#breadcrumb\",\"itemListElement\":[{\"@type\":\"ListItem\",\"position\":1,\"name\":\"Portada\",\"item\":\"https:\/\/www.nautaran.org\/ca\/home-2\/\"},{\"@type\":\"ListItem\",\"position\":2,\"name\":\"Naut Aran potencia la cultura i hist\u00f2ria de Salard\u00fa\"}]},{\"@type\":\"WebSite\",\"@id\":\"https:\/\/www.nautaran.org\/#website\",\"url\":\"https:\/\/www.nautaran.org\/\",\"name\":\"Ajuntament de Naut Aran\",\"description\":\"Naut Aran\",\"potentialAction\":[{\"@type\":\"SearchAction\",\"target\":{\"@type\":\"EntryPoint\",\"urlTemplate\":\"https:\/\/www.nautaran.org\/?s={search_term_string}\"},\"query-input\":{\"@type\":\"PropertyValueSpecification\",\"valueRequired\":true,\"valueName\":\"search_term_string\"}}],\"inLanguage\":\"ca-ES\"},{\"@type\":\"Person\",\"@id\":\"https:\/\/www.nautaran.org\/#\/schema\/person\/d1534bc0cff9cbd7d1b5cfc12e946a35\",\"name\":\"nautaran\",\"image\":{\"@type\":\"ImageObject\",\"inLanguage\":\"ca-ES\",\"@id\":\"https:\/\/www.nautaran.org\/#\/schema\/person\/image\/\",\"url\":\"https:\/\/secure.gravatar.com\/avatar\/80a09b1f8ae692a4acce17816a6597a844f3f59cda069b47a176c85e26e41c03?s=96&d=mm&r=g\",\"contentUrl\":\"https:\/\/secure.gravatar.com\/avatar\/80a09b1f8ae692a4acce17816a6597a844f3f59cda069b47a176c85e26e41c03?s=96&d=mm&r=g\",\"caption\":\"nautaran\"},\"url\":\"https:\/\/www.nautaran.org\/ca\/author\/nautaran\/\"}]}<\/script>\n<!-- \/ Yoast SEO plugin. -->","yoast_head_json":{"title":"Naut Aran potencia la cultura i hist\u00f2ria de Salard\u00fa - Ajuntament de Naut Aran","robots":{"index":"index","follow":"follow","max-snippet":"max-snippet:-1","max-image-preview":"max-image-preview:large","max-video-preview":"max-video-preview:-1"},"canonical":"https:\/\/www.nautaran.org\/ca\/destacat-portada-ca\/naut-aran-potencia-la-cultura-i-historia-de-salardu\/","og_locale":"ca_ES","og_type":"article","og_title":"Naut Aran potencia la cultura i hist\u00f2ria de Salard\u00fa - Ajuntament de Naut Aran","og_description":"L&#8217;Ajuntament de Naut Aran ha impulsat una acci\u00f3 amb qu\u00e8 pret\u00e8n potenciar m\u00e9s la cultura del municipi i, especialment de la poblaci\u00f3 de Salard\u00fa, situant una exposici\u00f3 fotogr\u00e0fica on es troba la porta de Salard\u00fa. Aquesta mostra il\u00b7lustra com era una de les entrades principals al casc antic i la muralla de Salard\u00fa segles enrere. [&hellip;]","og_url":"https:\/\/www.nautaran.org\/ca\/destacat-portada-ca\/naut-aran-potencia-la-cultura-i-historia-de-salardu\/","og_site_name":"Ajuntament de Naut Aran","article_published_time":"2025-04-15T15:19:43+00:00","article_modified_time":"2025-04-15T15:20:47+00:00","og_image":[{"width":2016,"height":1512,"url":"https:\/\/www.nautaran.org\/wp-content\/uploads\/2025\/04\/Porta-2.jpg","type":"image\/jpeg"}],"author":"nautaran","twitter_card":"summary_large_image","twitter_misc":{"Written by":"nautaran","Est. reading time":"1 minute"},"schema":{"@context":"https:\/\/schema.org","@graph":[{"@type":"Article","@id":"https:\/\/www.nautaran.org\/ca\/destacat-portada-ca\/naut-aran-potencia-la-cultura-i-historia-de-salardu\/#article","isPartOf":{"@id":"https:\/\/www.nautaran.org\/ca\/destacat-portada-ca\/naut-aran-potencia-la-cultura-i-historia-de-salardu\/"},"author":{"name":"nautaran","@id":"https:\/\/www.nautaran.org\/#\/schema\/person\/d1534bc0cff9cbd7d1b5cfc12e946a35"},"headline":"Naut Aran potencia la cultura i hist\u00f2ria de Salard\u00fa","datePublished":"2025-04-15T15:19:43+00:00","dateModified":"2025-04-15T15:20:47+00:00","mainEntityOfPage":{"@id":"https:\/\/www.nautaran.org\/ca\/destacat-portada-ca\/naut-aran-potencia-la-cultura-i-historia-de-salardu\/"},"wordCount":240,"image":{"@id":"https:\/\/www.nautaran.org\/ca\/destacat-portada-ca\/naut-aran-potencia-la-cultura-i-historia-de-salardu\/#primaryimage"},"thumbnailUrl":"https:\/\/www.nautaran.org\/wp-content\/uploads\/2025\/04\/Porta-2.jpg","articleSection":["Destacat portada","Not\u00edcies","Noticies Poble Salard\u00fa","Not\u00edcies | Acci\u00f3 social","Not\u00edcies | Cultura","Not\u00edcies | Infraestructures","Not\u00edcies | Turisme"],"inLanguage":"ca-ES"},{"@type":"WebPage","@id":"https:\/\/www.nautaran.org\/ca\/destacat-portada-ca\/naut-aran-potencia-la-cultura-i-historia-de-salardu\/","url":"https:\/\/www.nautaran.org\/ca\/destacat-portada-ca\/naut-aran-potencia-la-cultura-i-historia-de-salardu\/","name":"Naut Aran potencia la cultura i hist\u00f2ria de Salard\u00fa - Ajuntament de Naut Aran","isPartOf":{"@id":"https:\/\/www.nautaran.org\/#website"},"primaryImageOfPage":{"@id":"https:\/\/www.nautaran.org\/ca\/destacat-portada-ca\/naut-aran-potencia-la-cultura-i-historia-de-salardu\/#primaryimage"},"image":{"@id":"https:\/\/www.nautaran.org\/ca\/destacat-portada-ca\/naut-aran-potencia-la-cultura-i-historia-de-salardu\/#primaryimage"},"thumbnailUrl":"https:\/\/www.nautaran.org\/wp-content\/uploads\/2025\/04\/Porta-2.jpg","datePublished":"2025-04-15T15:19:43+00:00","dateModified":"2025-04-15T15:20:47+00:00","author":{"@id":"https:\/\/www.nautaran.org\/#\/schema\/person\/d1534bc0cff9cbd7d1b5cfc12e946a35"},"breadcrumb":{"@id":"https:\/\/www.nautaran.org\/ca\/destacat-portada-ca\/naut-aran-potencia-la-cultura-i-historia-de-salardu\/#breadcrumb"},"inLanguage":"ca-ES","potentialAction":[{"@type":"ReadAction","target":["https:\/\/www.nautaran.org\/ca\/destacat-portada-ca\/naut-aran-potencia-la-cultura-i-historia-de-salardu\/"]}]},{"@type":"ImageObject","inLanguage":"ca-ES","@id":"https:\/\/www.nautaran.org\/ca\/destacat-portada-ca\/naut-aran-potencia-la-cultura-i-historia-de-salardu\/#primaryimage","url":"https:\/\/www.nautaran.org\/wp-content\/uploads\/2025\/04\/Porta-2.jpg","contentUrl":"https:\/\/www.nautaran.org\/wp-content\/uploads\/2025\/04\/Porta-2.jpg","width":2016,"height":1512},{"@type":"BreadcrumbList","@id":"https:\/\/www.nautaran.org\/ca\/destacat-portada-ca\/naut-aran-potencia-la-cultura-i-historia-de-salardu\/#breadcrumb","itemListElement":[{"@type":"ListItem","position":1,"name":"Portada","item":"https:\/\/www.nautaran.org\/ca\/home-2\/"},{"@type":"ListItem","position":2,"name":"Naut Aran potencia la cultura i hist\u00f2ria de Salard\u00fa"}]},{"@type":"WebSite","@id":"https:\/\/www.nautaran.org\/#website","url":"https:\/\/www.nautaran.org\/","name":"Ajuntament de Naut Aran","description":"Naut Aran","potentialAction":[{"@type":"SearchAction","target":{"@type":"EntryPoint","urlTemplate":"https:\/\/www.nautaran.org\/?s={search_term_string}"},"query-input":{"@type":"PropertyValueSpecification","valueRequired":true,"valueName":"search_term_string"}}],"inLanguage":"ca-ES"},{"@type":"Person","@id":"https:\/\/www.nautaran.org\/#\/schema\/person\/d1534bc0cff9cbd7d1b5cfc12e946a35","name":"nautaran","image":{"@type":"ImageObject","inLanguage":"ca-ES","@id":"https:\/\/www.nautaran.org\/#\/schema\/person\/image\/","url":"https:\/\/secure.gravatar.com\/avatar\/80a09b1f8ae692a4acce17816a6597a844f3f59cda069b47a176c85e26e41c03?s=96&d=mm&r=g","contentUrl":"https:\/\/secure.gravatar.com\/avatar\/80a09b1f8ae692a4acce17816a6597a844f3f59cda069b47a176c85e26e41c03?s=96&d=mm&r=g","caption":"nautaran"},"url":"https:\/\/www.nautaran.org\/ca\/author\/nautaran\/"}]}},"_links":{"self":[{"href":"https:\/\/www.nautaran.org\/ca\/wp-json\/wp\/v2\/posts\/22703","targetHints":{"allow":["GET"]}}],"collection":[{"href":"https:\/\/www.nautaran.org\/ca\/wp-json\/wp\/v2\/posts"}],"about":[{"href":"https:\/\/www.nautaran.org\/ca\/wp-json\/wp\/v2\/types\/post"}],"author":[{"embeddable":true,"href":"https:\/\/www.nautaran.org\/ca\/wp-json\/wp\/v2\/users\/4"}],"replies":[{"embeddable":true,"href":"https:\/\/www.nautaran.org\/ca\/wp-json\/wp\/v2\/comments?post=22703"}],"version-history":[{"count":1,"href":"https:\/\/www.nautaran.org\/ca\/wp-json\/wp\/v2\/posts\/22703\/revisions"}],"predecessor-version":[{"id":22705,"href":"https:\/\/www.nautaran.org\/ca\/wp-json\/wp\/v2\/posts\/22703\/revisions\/22705"}],"wp:featuredmedia":[{"embeddable":true,"href":"https:\/\/www.nautaran.org\/ca\/wp-json\/wp\/v2\/media\/22700"}],"wp:attachment":[{"href":"https:\/\/www.nautaran.org\/ca\/wp-json\/wp\/v2\/media?parent=22703"}],"wp:term":[{"taxonomy":"category","embeddable":true,"href":"https:\/\/www.nautaran.org\/ca\/wp-json\/wp\/v2\/categories?post=22703"},{"taxonomy":"post_tag","embeddable":true,"href":"https:\/\/www.nautaran.org\/ca\/wp-json\/wp\/v2\/tags?post=22703"}],"curies":[{"name":"wp","href":"https:\/\/api.w.org\/{rel}","templated":true}]}}