{"id":23010,"date":"2025-06-03T13:32:44","date_gmt":"2025-06-03T12:32:44","guid":{"rendered":"https:\/\/www.nautaran.org\/naut-aran-daurira-era-piscina-municipau-eth-6-de-junh\/"},"modified":"2025-06-03T13:34:20","modified_gmt":"2025-06-03T12:34:20","slug":"naut-aran-obrira-la-piscina-municipal-el-6-de-juny","status":"publish","type":"post","link":"https:\/\/www.nautaran.org\/ca\/destacat-portada-ca\/naut-aran-obrira-la-piscina-municipal-el-6-de-juny\/","title":{"rendered":"Naut Aran obrir\u00e0 la piscina municipal el 6 de juny"},"content":{"rendered":"<p>L\u2019Ajuntament de Naut Aran treballa durant aquestes setmanes en l\u2019adequaci\u00f3 definitiva de l\u2019espai de la piscina climatitzada del municipi situada a Salard\u00fa perqu\u00e8 es trobi en perfectes condicions de cara a la seva obertura, prevista per a aquest pr\u00f2xim divendres 6 de juny.<\/p>\n<p>En aquest sentit, des del consistori, s\u2019oferir\u00e0 la possibilitat d\u2019accedir i gaudir d\u2019aquestes instal\u00b7lacions de manera completament gratu\u00efta en una jornada de portes obertes en aquesta data d\u2019estrena perqu\u00e8 puguin descobrir els usuaris tots els avantatges que disposaran al llarg de tota la temporada d\u2019estiu.<\/p>\n<p>A partir del dissabte dia 7 de juny l\u2019entrada al recinte tindr\u00e0 dos costos diferents, per als residents del municipi de Naut Aran, i per als de la resta de la Val d\u2019Aran i visitants. Sobre aix\u00f2, el cost per dia per als residents de Naut Aran menors de 7 anys ser\u00e0 gratu\u00eft; per als de 7 a menors de 18 anys, 2 euros per dia; per als adults de 18 a 65, 3 euros per dia i per als majors de 65, gratu\u00eft.<\/p>\n<p>En quant als abonaments de temporada pels ve\u00efns del municipi, el cost per als joves de 7 a menors de 18 anys, ser\u00e0 de 18 euros; de 18 a 65 anys tindr\u00e0 un cost de 30 euros i finalment tamb\u00e9 s\u2019ha proposat un pack familiar per valor de 50 euros.<\/p>\n<p>L\u2019alcalde de Naut Aran, C\u00e9sar Ruiz-Canela, destaca que \u201cla piscina municipal de Salard\u00fa \u00e9s un dels principals atractius amb qu\u00e8 comptem en el nostre territori perqu\u00e8 \u00e9s un complex espectacular amb dues piscines, una per als m\u00e9s petits, i una altra per a m\u00e9s grans, amb un bar i restaurant propi i unes condicions per a gaudir del bon temps durant un gran nombre d\u2019hores. Esperem una gran arribada de visitants durant aquesta temporada\u201d.<\/p>\n<p>El tancament del complex est\u00e0 contemplat per al dia 7 de setembre.<\/p>\n<p><a href=\"https:\/\/www.nautaran.org\/wp-content\/uploads\/2025\/06\/IMG_7865.png\"><img loading=\"lazy\" decoding=\"async\" class=\"alignnone wp-image-23005 size-full\" src=\"https:\/\/www.nautaran.org\/wp-content\/uploads\/2025\/06\/IMG_7865.png\" alt=\"\" width=\"1587\" height=\"2245\" srcset=\"https:\/\/www.nautaran.org\/wp-content\/uploads\/2025\/06\/IMG_7865.png 1587w, https:\/\/www.nautaran.org\/wp-content\/uploads\/2025\/06\/IMG_7865-1280x1811.png 1280w, https:\/\/www.nautaran.org\/wp-content\/uploads\/2025\/06\/IMG_7865-980x1386.png 980w, https:\/\/www.nautaran.org\/wp-content\/uploads\/2025\/06\/IMG_7865-480x679.png 480w\" sizes=\"auto, (min-width: 0px) and (max-width: 480px) 480px, (min-width: 481px) and (max-width: 980px) 980px, (min-width: 981px) and (max-width: 1280px) 1280px, (min-width: 1281px) 1587px, 100vw\" \/><\/a><\/p>\n","protected":false},"excerpt":{"rendered":"<p>L\u2019Ajuntament de Naut Aran treballa durant aquestes setmanes en l\u2019adequaci\u00f3 definitiva de l\u2019espai de la piscina climatitzada del municipi situada a Salard\u00fa perqu\u00e8 es trobi en perfectes condicions de cara a la seva obertura, prevista per a aquest pr\u00f2xim divendres 6 de juny. En aquest sentit, des del consistori, s\u2019oferir\u00e0 la possibilitat d\u2019accedir i gaudir [&hellip;]<\/p>\n","protected":false},"author":4,"featured_media":23003,"comment_status":"closed","ping_status":"closed","sticky":false,"template":"","format":"standard","meta":{"_acf_changed":false,"_et_pb_use_builder":"","_et_pb_old_content":"","_et_gb_content_width":"","footnotes":""},"categories":[31,32,817,35,40,44],"tags":[],"class_list":["post-23010","post","type-post","status-publish","format-standard","has-post-thumbnail","hentry","category-destacat-portada-ca","category-noticies","category-noticies-poble-salardu","category-accio-social","category-infraestructures","category-turisme"],"acf":[],"yoast_head":"<!-- This site is optimized with the Yoast SEO plugin v26.8 - https:\/\/yoast.com\/product\/yoast-seo-wordpress\/ -->\n<title>Naut Aran obrir\u00e0 la piscina municipal el 6 de juny - Ajuntament de Naut Aran<\/title>\n<meta name=\"robots\" content=\"index, follow, max-snippet:-1, max-image-preview:large, max-video-preview:-1\" \/>\n<link rel=\"canonical\" href=\"https:\/\/www.nautaran.org\/ca\/destacat-portada-ca\/naut-aran-obrira-la-piscina-municipal-el-6-de-juny\/\" \/>\n<meta property=\"og:locale\" content=\"ca_ES\" \/>\n<meta property=\"og:type\" content=\"article\" \/>\n<meta property=\"og:title\" content=\"Naut Aran obrir\u00e0 la piscina municipal el 6 de juny - Ajuntament de Naut Aran\" \/>\n<meta property=\"og:description\" content=\"L\u2019Ajuntament de Naut Aran treballa durant aquestes setmanes en l\u2019adequaci\u00f3 definitiva de l\u2019espai de la piscina climatitzada del municipi situada a Salard\u00fa perqu\u00e8 es trobi en perfectes condicions de cara a la seva obertura, prevista per a aquest pr\u00f2xim divendres 6 de juny. En aquest sentit, des del consistori, s\u2019oferir\u00e0 la possibilitat d\u2019accedir i gaudir [&hellip;]\" \/>\n<meta property=\"og:url\" content=\"https:\/\/www.nautaran.org\/ca\/destacat-portada-ca\/naut-aran-obrira-la-piscina-municipal-el-6-de-juny\/\" \/>\n<meta property=\"og:site_name\" content=\"Ajuntament de Naut Aran\" \/>\n<meta property=\"article:published_time\" content=\"2025-06-03T12:32:44+00:00\" \/>\n<meta property=\"article:modified_time\" content=\"2025-06-03T12:34:20+00:00\" \/>\n<meta property=\"og:image\" content=\"https:\/\/www.nautaran.org\/wp-content\/uploads\/2025\/06\/Piscina-1024x768.jpg\" \/>\n\t<meta property=\"og:image:width\" content=\"1024\" \/>\n\t<meta property=\"og:image:height\" content=\"768\" \/>\n\t<meta property=\"og:image:type\" content=\"image\/jpeg\" \/>\n<meta name=\"author\" content=\"nautaran\" \/>\n<meta name=\"twitter:card\" content=\"summary_large_image\" \/>\n<meta name=\"twitter:label1\" content=\"Written by\" \/>\n\t<meta name=\"twitter:data1\" content=\"nautaran\" \/>\n\t<meta name=\"twitter:label2\" content=\"Est. reading time\" \/>\n\t<meta name=\"twitter:data2\" content=\"2 minutes\" \/>\n<script type=\"application\/ld+json\" class=\"yoast-schema-graph\">{\"@context\":\"https:\/\/schema.org\",\"@graph\":[{\"@type\":\"Article\",\"@id\":\"https:\/\/www.nautaran.org\/ca\/destacat-portada-ca\/naut-aran-obrira-la-piscina-municipal-el-6-de-juny\/#article\",\"isPartOf\":{\"@id\":\"https:\/\/www.nautaran.org\/ca\/destacat-portada-ca\/naut-aran-obrira-la-piscina-municipal-el-6-de-juny\/\"},\"author\":{\"name\":\"nautaran\",\"@id\":\"https:\/\/www.nautaran.org\/#\/schema\/person\/d1534bc0cff9cbd7d1b5cfc12e946a35\"},\"headline\":\"Naut Aran obrir\u00e0 la piscina municipal el 6 de juny\",\"datePublished\":\"2025-06-03T12:32:44+00:00\",\"dateModified\":\"2025-06-03T12:34:20+00:00\",\"mainEntityOfPage\":{\"@id\":\"https:\/\/www.nautaran.org\/ca\/destacat-portada-ca\/naut-aran-obrira-la-piscina-municipal-el-6-de-juny\/\"},\"wordCount\":321,\"image\":{\"@id\":\"https:\/\/www.nautaran.org\/ca\/destacat-portada-ca\/naut-aran-obrira-la-piscina-municipal-el-6-de-juny\/#primaryimage\"},\"thumbnailUrl\":\"https:\/\/www.nautaran.org\/wp-content\/uploads\/2025\/06\/Piscina.jpg\",\"articleSection\":[\"Destacat portada\",\"Not\u00edcies\",\"Noticies Poble Salard\u00fa\",\"Not\u00edcies | Acci\u00f3 social\",\"Not\u00edcies | Infraestructures\",\"Not\u00edcies | Turisme\"],\"inLanguage\":\"ca-ES\"},{\"@type\":\"WebPage\",\"@id\":\"https:\/\/www.nautaran.org\/ca\/destacat-portada-ca\/naut-aran-obrira-la-piscina-municipal-el-6-de-juny\/\",\"url\":\"https:\/\/www.nautaran.org\/ca\/destacat-portada-ca\/naut-aran-obrira-la-piscina-municipal-el-6-de-juny\/\",\"name\":\"Naut Aran obrir\u00e0 la piscina municipal el 6 de juny - Ajuntament de Naut Aran\",\"isPartOf\":{\"@id\":\"https:\/\/www.nautaran.org\/#website\"},\"primaryImageOfPage\":{\"@id\":\"https:\/\/www.nautaran.org\/ca\/destacat-portada-ca\/naut-aran-obrira-la-piscina-municipal-el-6-de-juny\/#primaryimage\"},\"image\":{\"@id\":\"https:\/\/www.nautaran.org\/ca\/destacat-portada-ca\/naut-aran-obrira-la-piscina-municipal-el-6-de-juny\/#primaryimage\"},\"thumbnailUrl\":\"https:\/\/www.nautaran.org\/wp-content\/uploads\/2025\/06\/Piscina.jpg\",\"datePublished\":\"2025-06-03T12:32:44+00:00\",\"dateModified\":\"2025-06-03T12:34:20+00:00\",\"author\":{\"@id\":\"https:\/\/www.nautaran.org\/#\/schema\/person\/d1534bc0cff9cbd7d1b5cfc12e946a35\"},\"breadcrumb\":{\"@id\":\"https:\/\/www.nautaran.org\/ca\/destacat-portada-ca\/naut-aran-obrira-la-piscina-municipal-el-6-de-juny\/#breadcrumb\"},\"inLanguage\":\"ca-ES\",\"potentialAction\":[{\"@type\":\"ReadAction\",\"target\":[\"https:\/\/www.nautaran.org\/ca\/destacat-portada-ca\/naut-aran-obrira-la-piscina-municipal-el-6-de-juny\/\"]}]},{\"@type\":\"ImageObject\",\"inLanguage\":\"ca-ES\",\"@id\":\"https:\/\/www.nautaran.org\/ca\/destacat-portada-ca\/naut-aran-obrira-la-piscina-municipal-el-6-de-juny\/#primaryimage\",\"url\":\"https:\/\/www.nautaran.org\/wp-content\/uploads\/2025\/06\/Piscina.jpg\",\"contentUrl\":\"https:\/\/www.nautaran.org\/wp-content\/uploads\/2025\/06\/Piscina.jpg\",\"width\":4032,\"height\":3024},{\"@type\":\"BreadcrumbList\",\"@id\":\"https:\/\/www.nautaran.org\/ca\/destacat-portada-ca\/naut-aran-obrira-la-piscina-municipal-el-6-de-juny\/#breadcrumb\",\"itemListElement\":[{\"@type\":\"ListItem\",\"position\":1,\"name\":\"Portada\",\"item\":\"https:\/\/www.nautaran.org\/ca\/home-2\/\"},{\"@type\":\"ListItem\",\"position\":2,\"name\":\"Naut Aran obrir\u00e0 la piscina municipal el 6 de juny\"}]},{\"@type\":\"WebSite\",\"@id\":\"https:\/\/www.nautaran.org\/#website\",\"url\":\"https:\/\/www.nautaran.org\/\",\"name\":\"Ajuntament de Naut Aran\",\"description\":\"Naut Aran\",\"potentialAction\":[{\"@type\":\"SearchAction\",\"target\":{\"@type\":\"EntryPoint\",\"urlTemplate\":\"https:\/\/www.nautaran.org\/?s={search_term_string}\"},\"query-input\":{\"@type\":\"PropertyValueSpecification\",\"valueRequired\":true,\"valueName\":\"search_term_string\"}}],\"inLanguage\":\"ca-ES\"},{\"@type\":\"Person\",\"@id\":\"https:\/\/www.nautaran.org\/#\/schema\/person\/d1534bc0cff9cbd7d1b5cfc12e946a35\",\"name\":\"nautaran\",\"image\":{\"@type\":\"ImageObject\",\"inLanguage\":\"ca-ES\",\"@id\":\"https:\/\/www.nautaran.org\/#\/schema\/person\/image\/\",\"url\":\"https:\/\/secure.gravatar.com\/avatar\/80a09b1f8ae692a4acce17816a6597a844f3f59cda069b47a176c85e26e41c03?s=96&d=mm&r=g\",\"contentUrl\":\"https:\/\/secure.gravatar.com\/avatar\/80a09b1f8ae692a4acce17816a6597a844f3f59cda069b47a176c85e26e41c03?s=96&d=mm&r=g\",\"caption\":\"nautaran\"},\"url\":\"https:\/\/www.nautaran.org\/ca\/author\/nautaran\/\"}]}<\/script>\n<!-- \/ Yoast SEO plugin. -->","yoast_head_json":{"title":"Naut Aran obrir\u00e0 la piscina municipal el 6 de juny - Ajuntament de Naut Aran","robots":{"index":"index","follow":"follow","max-snippet":"max-snippet:-1","max-image-preview":"max-image-preview:large","max-video-preview":"max-video-preview:-1"},"canonical":"https:\/\/www.nautaran.org\/ca\/destacat-portada-ca\/naut-aran-obrira-la-piscina-municipal-el-6-de-juny\/","og_locale":"ca_ES","og_type":"article","og_title":"Naut Aran obrir\u00e0 la piscina municipal el 6 de juny - Ajuntament de Naut Aran","og_description":"L\u2019Ajuntament de Naut Aran treballa durant aquestes setmanes en l\u2019adequaci\u00f3 definitiva de l\u2019espai de la piscina climatitzada del municipi situada a Salard\u00fa perqu\u00e8 es trobi en perfectes condicions de cara a la seva obertura, prevista per a aquest pr\u00f2xim divendres 6 de juny. En aquest sentit, des del consistori, s\u2019oferir\u00e0 la possibilitat d\u2019accedir i gaudir [&hellip;]","og_url":"https:\/\/www.nautaran.org\/ca\/destacat-portada-ca\/naut-aran-obrira-la-piscina-municipal-el-6-de-juny\/","og_site_name":"Ajuntament de Naut Aran","article_published_time":"2025-06-03T12:32:44+00:00","article_modified_time":"2025-06-03T12:34:20+00:00","og_image":[{"width":1024,"height":768,"url":"https:\/\/www.nautaran.org\/wp-content\/uploads\/2025\/06\/Piscina-1024x768.jpg","type":"image\/jpeg"}],"author":"nautaran","twitter_card":"summary_large_image","twitter_misc":{"Written by":"nautaran","Est. reading time":"2 minutes"},"schema":{"@context":"https:\/\/schema.org","@graph":[{"@type":"Article","@id":"https:\/\/www.nautaran.org\/ca\/destacat-portada-ca\/naut-aran-obrira-la-piscina-municipal-el-6-de-juny\/#article","isPartOf":{"@id":"https:\/\/www.nautaran.org\/ca\/destacat-portada-ca\/naut-aran-obrira-la-piscina-municipal-el-6-de-juny\/"},"author":{"name":"nautaran","@id":"https:\/\/www.nautaran.org\/#\/schema\/person\/d1534bc0cff9cbd7d1b5cfc12e946a35"},"headline":"Naut Aran obrir\u00e0 la piscina municipal el 6 de juny","datePublished":"2025-06-03T12:32:44+00:00","dateModified":"2025-06-03T12:34:20+00:00","mainEntityOfPage":{"@id":"https:\/\/www.nautaran.org\/ca\/destacat-portada-ca\/naut-aran-obrira-la-piscina-municipal-el-6-de-juny\/"},"wordCount":321,"image":{"@id":"https:\/\/www.nautaran.org\/ca\/destacat-portada-ca\/naut-aran-obrira-la-piscina-municipal-el-6-de-juny\/#primaryimage"},"thumbnailUrl":"https:\/\/www.nautaran.org\/wp-content\/uploads\/2025\/06\/Piscina.jpg","articleSection":["Destacat portada","Not\u00edcies","Noticies Poble Salard\u00fa","Not\u00edcies | Acci\u00f3 social","Not\u00edcies | Infraestructures","Not\u00edcies | Turisme"],"inLanguage":"ca-ES"},{"@type":"WebPage","@id":"https:\/\/www.nautaran.org\/ca\/destacat-portada-ca\/naut-aran-obrira-la-piscina-municipal-el-6-de-juny\/","url":"https:\/\/www.nautaran.org\/ca\/destacat-portada-ca\/naut-aran-obrira-la-piscina-municipal-el-6-de-juny\/","name":"Naut Aran obrir\u00e0 la piscina municipal el 6 de juny - Ajuntament de Naut Aran","isPartOf":{"@id":"https:\/\/www.nautaran.org\/#website"},"primaryImageOfPage":{"@id":"https:\/\/www.nautaran.org\/ca\/destacat-portada-ca\/naut-aran-obrira-la-piscina-municipal-el-6-de-juny\/#primaryimage"},"image":{"@id":"https:\/\/www.nautaran.org\/ca\/destacat-portada-ca\/naut-aran-obrira-la-piscina-municipal-el-6-de-juny\/#primaryimage"},"thumbnailUrl":"https:\/\/www.nautaran.org\/wp-content\/uploads\/2025\/06\/Piscina.jpg","datePublished":"2025-06-03T12:32:44+00:00","dateModified":"2025-06-03T12:34:20+00:00","author":{"@id":"https:\/\/www.nautaran.org\/#\/schema\/person\/d1534bc0cff9cbd7d1b5cfc12e946a35"},"breadcrumb":{"@id":"https:\/\/www.nautaran.org\/ca\/destacat-portada-ca\/naut-aran-obrira-la-piscina-municipal-el-6-de-juny\/#breadcrumb"},"inLanguage":"ca-ES","potentialAction":[{"@type":"ReadAction","target":["https:\/\/www.nautaran.org\/ca\/destacat-portada-ca\/naut-aran-obrira-la-piscina-municipal-el-6-de-juny\/"]}]},{"@type":"ImageObject","inLanguage":"ca-ES","@id":"https:\/\/www.nautaran.org\/ca\/destacat-portada-ca\/naut-aran-obrira-la-piscina-municipal-el-6-de-juny\/#primaryimage","url":"https:\/\/www.nautaran.org\/wp-content\/uploads\/2025\/06\/Piscina.jpg","contentUrl":"https:\/\/www.nautaran.org\/wp-content\/uploads\/2025\/06\/Piscina.jpg","width":4032,"height":3024},{"@type":"BreadcrumbList","@id":"https:\/\/www.nautaran.org\/ca\/destacat-portada-ca\/naut-aran-obrira-la-piscina-municipal-el-6-de-juny\/#breadcrumb","itemListElement":[{"@type":"ListItem","position":1,"name":"Portada","item":"https:\/\/www.nautaran.org\/ca\/home-2\/"},{"@type":"ListItem","position":2,"name":"Naut Aran obrir\u00e0 la piscina municipal el 6 de juny"}]},{"@type":"WebSite","@id":"https:\/\/www.nautaran.org\/#website","url":"https:\/\/www.nautaran.org\/","name":"Ajuntament de Naut Aran","description":"Naut Aran","potentialAction":[{"@type":"SearchAction","target":{"@type":"EntryPoint","urlTemplate":"https:\/\/www.nautaran.org\/?s={search_term_string}"},"query-input":{"@type":"PropertyValueSpecification","valueRequired":true,"valueName":"search_term_string"}}],"inLanguage":"ca-ES"},{"@type":"Person","@id":"https:\/\/www.nautaran.org\/#\/schema\/person\/d1534bc0cff9cbd7d1b5cfc12e946a35","name":"nautaran","image":{"@type":"ImageObject","inLanguage":"ca-ES","@id":"https:\/\/www.nautaran.org\/#\/schema\/person\/image\/","url":"https:\/\/secure.gravatar.com\/avatar\/80a09b1f8ae692a4acce17816a6597a844f3f59cda069b47a176c85e26e41c03?s=96&d=mm&r=g","contentUrl":"https:\/\/secure.gravatar.com\/avatar\/80a09b1f8ae692a4acce17816a6597a844f3f59cda069b47a176c85e26e41c03?s=96&d=mm&r=g","caption":"nautaran"},"url":"https:\/\/www.nautaran.org\/ca\/author\/nautaran\/"}]}},"_links":{"self":[{"href":"https:\/\/www.nautaran.org\/ca\/wp-json\/wp\/v2\/posts\/23010","targetHints":{"allow":["GET"]}}],"collection":[{"href":"https:\/\/www.nautaran.org\/ca\/wp-json\/wp\/v2\/posts"}],"about":[{"href":"https:\/\/www.nautaran.org\/ca\/wp-json\/wp\/v2\/types\/post"}],"author":[{"embeddable":true,"href":"https:\/\/www.nautaran.org\/ca\/wp-json\/wp\/v2\/users\/4"}],"replies":[{"embeddable":true,"href":"https:\/\/www.nautaran.org\/ca\/wp-json\/wp\/v2\/comments?post=23010"}],"version-history":[{"count":1,"href":"https:\/\/www.nautaran.org\/ca\/wp-json\/wp\/v2\/posts\/23010\/revisions"}],"predecessor-version":[{"id":23012,"href":"https:\/\/www.nautaran.org\/ca\/wp-json\/wp\/v2\/posts\/23010\/revisions\/23012"}],"wp:featuredmedia":[{"embeddable":true,"href":"https:\/\/www.nautaran.org\/ca\/wp-json\/wp\/v2\/media\/23003"}],"wp:attachment":[{"href":"https:\/\/www.nautaran.org\/ca\/wp-json\/wp\/v2\/media?parent=23010"}],"wp:term":[{"taxonomy":"category","embeddable":true,"href":"https:\/\/www.nautaran.org\/ca\/wp-json\/wp\/v2\/categories?post=23010"},{"taxonomy":"post_tag","embeddable":true,"href":"https:\/\/www.nautaran.org\/ca\/wp-json\/wp\/v2\/tags?post=23010"}],"curies":[{"name":"wp","href":"https:\/\/api.w.org\/{rel}","templated":true}]}}