{"id":23813,"date":"2025-08-01T10:45:46","date_gmt":"2025-08-01T09:45:46","guid":{"rendered":"https:\/\/www.nautaran.org\/agenda-deveniments-naut-aran-en-agost\/"},"modified":"2025-08-01T10:51:26","modified_gmt":"2025-08-01T09:51:26","slug":"agenda-desdeveniments-naut-aran-a-lagost","status":"publish","type":"post","link":"https:\/\/www.nautaran.org\/ca\/destacat-portada-ca\/agenda-desdeveniments-naut-aran-a-lagost\/","title":{"rendered":"Agenda d&#8217;esdeveniments Naut Aran a l&#8217;agost"},"content":{"rendered":"<p><a href=\"https:\/\/www.nautaran.org\/wp-content\/uploads\/2025\/08\/agenda.jpg\"><img loading=\"lazy\" decoding=\"async\" class=\"alignnone wp-image-23809 size-full\" src=\"https:\/\/www.nautaran.org\/wp-content\/uploads\/2025\/08\/agenda.jpg\" alt=\"\" width=\"900\" height=\"1600\" srcset=\"https:\/\/www.nautaran.org\/wp-content\/uploads\/2025\/08\/agenda.jpg 900w, https:\/\/www.nautaran.org\/wp-content\/uploads\/2025\/08\/agenda-480x853.jpg 480w\" sizes=\"auto, (min-width: 0px) and (max-width: 480px) 480px, (min-width: 481px) 900px, 100vw\" \/><\/a><\/p>\n","protected":false},"excerpt":{"rendered":"","protected":false},"author":4,"featured_media":21306,"comment_status":"closed","ping_status":"closed","sticky":false,"template":"","format":"standard","meta":{"_acf_changed":false,"_et_pb_use_builder":"","_et_pb_old_content":"","_et_gb_content_width":"","footnotes":""},"categories":[31,32,815,818,821,814,816,832,817,820,819,35,36,39,44],"tags":[],"class_list":["post-23813","post","type-post","status-publish","format-standard","has-post-thumbnail","hentry","category-destacat-portada-ca","category-noticies","category-noticies-poble-arties","category-noticies-poble-bagergue","category-noticies-poble-baqueira","category-noticies-poble-garos","category-noticies-poble-gessa","category-noticies-poble-mongarri-ca","category-noticies-poble-salardu","category-noticies-poble-tredos","category-noticies-poble-unha","category-accio-social","category-cultura-ca","category-esports-ca","category-turisme"],"acf":[],"yoast_head":"<!-- This site is optimized with the Yoast SEO plugin v26.8 - https:\/\/yoast.com\/product\/yoast-seo-wordpress\/ -->\n<title>Agenda d&#039;esdeveniments Naut Aran a l&#039;agost - Ajuntament de Naut Aran<\/title>\n<meta name=\"robots\" content=\"index, follow, max-snippet:-1, max-image-preview:large, max-video-preview:-1\" \/>\n<link rel=\"canonical\" href=\"https:\/\/www.nautaran.org\/ca\/destacat-portada-ca\/agenda-desdeveniments-naut-aran-a-lagost\/\" \/>\n<meta property=\"og:locale\" content=\"ca_ES\" \/>\n<meta property=\"og:type\" content=\"article\" \/>\n<meta property=\"og:title\" content=\"Agenda d&#039;esdeveniments Naut Aran a l&#039;agost - Ajuntament de Naut Aran\" \/>\n<meta property=\"og:url\" content=\"https:\/\/www.nautaran.org\/ca\/destacat-portada-ca\/agenda-desdeveniments-naut-aran-a-lagost\/\" \/>\n<meta property=\"og:site_name\" content=\"Ajuntament de Naut Aran\" \/>\n<meta property=\"article:published_time\" content=\"2025-08-01T09:45:46+00:00\" \/>\n<meta property=\"article:modified_time\" content=\"2025-08-01T09:51:26+00:00\" \/>\n<meta property=\"og:image\" content=\"https:\/\/www.nautaran.org\/wp-content\/uploads\/2024\/09\/image_123650291-5.jpg\" \/>\n\t<meta property=\"og:image:width\" content=\"1429\" \/>\n\t<meta property=\"og:image:height\" content=\"2001\" \/>\n\t<meta property=\"og:image:type\" content=\"image\/jpeg\" \/>\n<meta name=\"author\" content=\"nautaran\" \/>\n<meta name=\"twitter:card\" content=\"summary_large_image\" \/>\n<meta name=\"twitter:label1\" content=\"Written by\" \/>\n\t<meta name=\"twitter:data1\" content=\"nautaran\" \/>\n\t<meta name=\"twitter:label2\" content=\"Est. reading time\" \/>\n\t<meta name=\"twitter:data2\" content=\"1 minute\" \/>\n<script type=\"application\/ld+json\" class=\"yoast-schema-graph\">{\"@context\":\"https:\/\/schema.org\",\"@graph\":[{\"@type\":\"Article\",\"@id\":\"https:\/\/www.nautaran.org\/ca\/destacat-portada-ca\/agenda-desdeveniments-naut-aran-a-lagost\/#article\",\"isPartOf\":{\"@id\":\"https:\/\/www.nautaran.org\/ca\/destacat-portada-ca\/agenda-desdeveniments-naut-aran-a-lagost\/\"},\"author\":{\"name\":\"nautaran\",\"@id\":\"https:\/\/www.nautaran.org\/#\/schema\/person\/d1534bc0cff9cbd7d1b5cfc12e946a35\"},\"headline\":\"Agenda d&#8217;esdeveniments Naut Aran a l&#8217;agost\",\"datePublished\":\"2025-08-01T09:45:46+00:00\",\"dateModified\":\"2025-08-01T09:51:26+00:00\",\"mainEntityOfPage\":{\"@id\":\"https:\/\/www.nautaran.org\/ca\/destacat-portada-ca\/agenda-desdeveniments-naut-aran-a-lagost\/\"},\"wordCount\":8,\"image\":{\"@id\":\"https:\/\/www.nautaran.org\/ca\/destacat-portada-ca\/agenda-desdeveniments-naut-aran-a-lagost\/#primaryimage\"},\"thumbnailUrl\":\"https:\/\/www.nautaran.org\/wp-content\/uploads\/2024\/09\/image_123650291-5.jpg\",\"articleSection\":[\"Destacat portada\",\"Not\u00edcies\",\"Noticies Poble Arties\",\"Noticies Poble Bagergue\",\"Noticies Poble Baqueira\",\"Noticies Poble Gar\u00f2s\",\"Noticies Poble Gessa\",\"Noticies Poble Mongarri\",\"Noticies Poble Salard\u00fa\",\"Noticies Poble Tred\u00f2s\",\"Noticies Poble Unha\",\"Not\u00edcies | Acci\u00f3 social\",\"Not\u00edcies | Cultura\",\"Not\u00edcies | Esports\",\"Not\u00edcies | Turisme\"],\"inLanguage\":\"ca-ES\"},{\"@type\":\"WebPage\",\"@id\":\"https:\/\/www.nautaran.org\/ca\/destacat-portada-ca\/agenda-desdeveniments-naut-aran-a-lagost\/\",\"url\":\"https:\/\/www.nautaran.org\/ca\/destacat-portada-ca\/agenda-desdeveniments-naut-aran-a-lagost\/\",\"name\":\"Agenda d'esdeveniments Naut Aran a l'agost - Ajuntament de Naut Aran\",\"isPartOf\":{\"@id\":\"https:\/\/www.nautaran.org\/#website\"},\"primaryImageOfPage\":{\"@id\":\"https:\/\/www.nautaran.org\/ca\/destacat-portada-ca\/agenda-desdeveniments-naut-aran-a-lagost\/#primaryimage\"},\"image\":{\"@id\":\"https:\/\/www.nautaran.org\/ca\/destacat-portada-ca\/agenda-desdeveniments-naut-aran-a-lagost\/#primaryimage\"},\"thumbnailUrl\":\"https:\/\/www.nautaran.org\/wp-content\/uploads\/2024\/09\/image_123650291-5.jpg\",\"datePublished\":\"2025-08-01T09:45:46+00:00\",\"dateModified\":\"2025-08-01T09:51:26+00:00\",\"author\":{\"@id\":\"https:\/\/www.nautaran.org\/#\/schema\/person\/d1534bc0cff9cbd7d1b5cfc12e946a35\"},\"breadcrumb\":{\"@id\":\"https:\/\/www.nautaran.org\/ca\/destacat-portada-ca\/agenda-desdeveniments-naut-aran-a-lagost\/#breadcrumb\"},\"inLanguage\":\"ca-ES\",\"potentialAction\":[{\"@type\":\"ReadAction\",\"target\":[\"https:\/\/www.nautaran.org\/ca\/destacat-portada-ca\/agenda-desdeveniments-naut-aran-a-lagost\/\"]}]},{\"@type\":\"ImageObject\",\"inLanguage\":\"ca-ES\",\"@id\":\"https:\/\/www.nautaran.org\/ca\/destacat-portada-ca\/agenda-desdeveniments-naut-aran-a-lagost\/#primaryimage\",\"url\":\"https:\/\/www.nautaran.org\/wp-content\/uploads\/2024\/09\/image_123650291-5.jpg\",\"contentUrl\":\"https:\/\/www.nautaran.org\/wp-content\/uploads\/2024\/09\/image_123650291-5.jpg\",\"width\":1429,\"height\":2001},{\"@type\":\"BreadcrumbList\",\"@id\":\"https:\/\/www.nautaran.org\/ca\/destacat-portada-ca\/agenda-desdeveniments-naut-aran-a-lagost\/#breadcrumb\",\"itemListElement\":[{\"@type\":\"ListItem\",\"position\":1,\"name\":\"Portada\",\"item\":\"https:\/\/www.nautaran.org\/ca\/home-2\/\"},{\"@type\":\"ListItem\",\"position\":2,\"name\":\"Agenda d'esdeveniments Naut Aran a l'agost\"}]},{\"@type\":\"WebSite\",\"@id\":\"https:\/\/www.nautaran.org\/#website\",\"url\":\"https:\/\/www.nautaran.org\/\",\"name\":\"Ajuntament de Naut Aran\",\"description\":\"Naut Aran\",\"potentialAction\":[{\"@type\":\"SearchAction\",\"target\":{\"@type\":\"EntryPoint\",\"urlTemplate\":\"https:\/\/www.nautaran.org\/?s={search_term_string}\"},\"query-input\":{\"@type\":\"PropertyValueSpecification\",\"valueRequired\":true,\"valueName\":\"search_term_string\"}}],\"inLanguage\":\"ca-ES\"},{\"@type\":\"Person\",\"@id\":\"https:\/\/www.nautaran.org\/#\/schema\/person\/d1534bc0cff9cbd7d1b5cfc12e946a35\",\"name\":\"nautaran\",\"image\":{\"@type\":\"ImageObject\",\"inLanguage\":\"ca-ES\",\"@id\":\"https:\/\/www.nautaran.org\/#\/schema\/person\/image\/\",\"url\":\"https:\/\/secure.gravatar.com\/avatar\/80a09b1f8ae692a4acce17816a6597a844f3f59cda069b47a176c85e26e41c03?s=96&d=mm&r=g\",\"contentUrl\":\"https:\/\/secure.gravatar.com\/avatar\/80a09b1f8ae692a4acce17816a6597a844f3f59cda069b47a176c85e26e41c03?s=96&d=mm&r=g\",\"caption\":\"nautaran\"},\"url\":\"https:\/\/www.nautaran.org\/ca\/author\/nautaran\/\"}]}<\/script>\n<!-- \/ Yoast SEO plugin. -->","yoast_head_json":{"title":"Agenda d'esdeveniments Naut Aran a l'agost - Ajuntament de Naut Aran","robots":{"index":"index","follow":"follow","max-snippet":"max-snippet:-1","max-image-preview":"max-image-preview:large","max-video-preview":"max-video-preview:-1"},"canonical":"https:\/\/www.nautaran.org\/ca\/destacat-portada-ca\/agenda-desdeveniments-naut-aran-a-lagost\/","og_locale":"ca_ES","og_type":"article","og_title":"Agenda d'esdeveniments Naut Aran a l'agost - Ajuntament de Naut Aran","og_url":"https:\/\/www.nautaran.org\/ca\/destacat-portada-ca\/agenda-desdeveniments-naut-aran-a-lagost\/","og_site_name":"Ajuntament de Naut Aran","article_published_time":"2025-08-01T09:45:46+00:00","article_modified_time":"2025-08-01T09:51:26+00:00","og_image":[{"width":1429,"height":2001,"url":"https:\/\/www.nautaran.org\/wp-content\/uploads\/2024\/09\/image_123650291-5.jpg","type":"image\/jpeg"}],"author":"nautaran","twitter_card":"summary_large_image","twitter_misc":{"Written by":"nautaran","Est. reading time":"1 minute"},"schema":{"@context":"https:\/\/schema.org","@graph":[{"@type":"Article","@id":"https:\/\/www.nautaran.org\/ca\/destacat-portada-ca\/agenda-desdeveniments-naut-aran-a-lagost\/#article","isPartOf":{"@id":"https:\/\/www.nautaran.org\/ca\/destacat-portada-ca\/agenda-desdeveniments-naut-aran-a-lagost\/"},"author":{"name":"nautaran","@id":"https:\/\/www.nautaran.org\/#\/schema\/person\/d1534bc0cff9cbd7d1b5cfc12e946a35"},"headline":"Agenda d&#8217;esdeveniments Naut Aran a l&#8217;agost","datePublished":"2025-08-01T09:45:46+00:00","dateModified":"2025-08-01T09:51:26+00:00","mainEntityOfPage":{"@id":"https:\/\/www.nautaran.org\/ca\/destacat-portada-ca\/agenda-desdeveniments-naut-aran-a-lagost\/"},"wordCount":8,"image":{"@id":"https:\/\/www.nautaran.org\/ca\/destacat-portada-ca\/agenda-desdeveniments-naut-aran-a-lagost\/#primaryimage"},"thumbnailUrl":"https:\/\/www.nautaran.org\/wp-content\/uploads\/2024\/09\/image_123650291-5.jpg","articleSection":["Destacat portada","Not\u00edcies","Noticies Poble Arties","Noticies Poble Bagergue","Noticies Poble Baqueira","Noticies Poble Gar\u00f2s","Noticies Poble Gessa","Noticies Poble Mongarri","Noticies Poble Salard\u00fa","Noticies Poble Tred\u00f2s","Noticies Poble Unha","Not\u00edcies | Acci\u00f3 social","Not\u00edcies | Cultura","Not\u00edcies | Esports","Not\u00edcies | Turisme"],"inLanguage":"ca-ES"},{"@type":"WebPage","@id":"https:\/\/www.nautaran.org\/ca\/destacat-portada-ca\/agenda-desdeveniments-naut-aran-a-lagost\/","url":"https:\/\/www.nautaran.org\/ca\/destacat-portada-ca\/agenda-desdeveniments-naut-aran-a-lagost\/","name":"Agenda d'esdeveniments Naut Aran a l'agost - Ajuntament de Naut Aran","isPartOf":{"@id":"https:\/\/www.nautaran.org\/#website"},"primaryImageOfPage":{"@id":"https:\/\/www.nautaran.org\/ca\/destacat-portada-ca\/agenda-desdeveniments-naut-aran-a-lagost\/#primaryimage"},"image":{"@id":"https:\/\/www.nautaran.org\/ca\/destacat-portada-ca\/agenda-desdeveniments-naut-aran-a-lagost\/#primaryimage"},"thumbnailUrl":"https:\/\/www.nautaran.org\/wp-content\/uploads\/2024\/09\/image_123650291-5.jpg","datePublished":"2025-08-01T09:45:46+00:00","dateModified":"2025-08-01T09:51:26+00:00","author":{"@id":"https:\/\/www.nautaran.org\/#\/schema\/person\/d1534bc0cff9cbd7d1b5cfc12e946a35"},"breadcrumb":{"@id":"https:\/\/www.nautaran.org\/ca\/destacat-portada-ca\/agenda-desdeveniments-naut-aran-a-lagost\/#breadcrumb"},"inLanguage":"ca-ES","potentialAction":[{"@type":"ReadAction","target":["https:\/\/www.nautaran.org\/ca\/destacat-portada-ca\/agenda-desdeveniments-naut-aran-a-lagost\/"]}]},{"@type":"ImageObject","inLanguage":"ca-ES","@id":"https:\/\/www.nautaran.org\/ca\/destacat-portada-ca\/agenda-desdeveniments-naut-aran-a-lagost\/#primaryimage","url":"https:\/\/www.nautaran.org\/wp-content\/uploads\/2024\/09\/image_123650291-5.jpg","contentUrl":"https:\/\/www.nautaran.org\/wp-content\/uploads\/2024\/09\/image_123650291-5.jpg","width":1429,"height":2001},{"@type":"BreadcrumbList","@id":"https:\/\/www.nautaran.org\/ca\/destacat-portada-ca\/agenda-desdeveniments-naut-aran-a-lagost\/#breadcrumb","itemListElement":[{"@type":"ListItem","position":1,"name":"Portada","item":"https:\/\/www.nautaran.org\/ca\/home-2\/"},{"@type":"ListItem","position":2,"name":"Agenda d'esdeveniments Naut Aran a l'agost"}]},{"@type":"WebSite","@id":"https:\/\/www.nautaran.org\/#website","url":"https:\/\/www.nautaran.org\/","name":"Ajuntament de Naut Aran","description":"Naut Aran","potentialAction":[{"@type":"SearchAction","target":{"@type":"EntryPoint","urlTemplate":"https:\/\/www.nautaran.org\/?s={search_term_string}"},"query-input":{"@type":"PropertyValueSpecification","valueRequired":true,"valueName":"search_term_string"}}],"inLanguage":"ca-ES"},{"@type":"Person","@id":"https:\/\/www.nautaran.org\/#\/schema\/person\/d1534bc0cff9cbd7d1b5cfc12e946a35","name":"nautaran","image":{"@type":"ImageObject","inLanguage":"ca-ES","@id":"https:\/\/www.nautaran.org\/#\/schema\/person\/image\/","url":"https:\/\/secure.gravatar.com\/avatar\/80a09b1f8ae692a4acce17816a6597a844f3f59cda069b47a176c85e26e41c03?s=96&d=mm&r=g","contentUrl":"https:\/\/secure.gravatar.com\/avatar\/80a09b1f8ae692a4acce17816a6597a844f3f59cda069b47a176c85e26e41c03?s=96&d=mm&r=g","caption":"nautaran"},"url":"https:\/\/www.nautaran.org\/ca\/author\/nautaran\/"}]}},"_links":{"self":[{"href":"https:\/\/www.nautaran.org\/ca\/wp-json\/wp\/v2\/posts\/23813","targetHints":{"allow":["GET"]}}],"collection":[{"href":"https:\/\/www.nautaran.org\/ca\/wp-json\/wp\/v2\/posts"}],"about":[{"href":"https:\/\/www.nautaran.org\/ca\/wp-json\/wp\/v2\/types\/post"}],"author":[{"embeddable":true,"href":"https:\/\/www.nautaran.org\/ca\/wp-json\/wp\/v2\/users\/4"}],"replies":[{"embeddable":true,"href":"https:\/\/www.nautaran.org\/ca\/wp-json\/wp\/v2\/comments?post=23813"}],"version-history":[{"count":2,"href":"https:\/\/www.nautaran.org\/ca\/wp-json\/wp\/v2\/posts\/23813\/revisions"}],"predecessor-version":[{"id":23818,"href":"https:\/\/www.nautaran.org\/ca\/wp-json\/wp\/v2\/posts\/23813\/revisions\/23818"}],"wp:featuredmedia":[{"embeddable":true,"href":"https:\/\/www.nautaran.org\/ca\/wp-json\/wp\/v2\/media\/21306"}],"wp:attachment":[{"href":"https:\/\/www.nautaran.org\/ca\/wp-json\/wp\/v2\/media?parent=23813"}],"wp:term":[{"taxonomy":"category","embeddable":true,"href":"https:\/\/www.nautaran.org\/ca\/wp-json\/wp\/v2\/categories?post=23813"},{"taxonomy":"post_tag","embeddable":true,"href":"https:\/\/www.nautaran.org\/ca\/wp-json\/wp\/v2\/tags?post=23813"}],"curies":[{"name":"wp","href":"https:\/\/api.w.org\/{rel}","templated":true}]}}