{"id":24191,"date":"2025-09-04T09:48:52","date_gmt":"2025-09-04T08:48:52","guid":{"rendered":"https:\/\/www.nautaran.org\/trabalhs-de-prevencion-dauant-daiguats-en-arriu-garona-en-salardu-e-tredos\/"},"modified":"2025-09-04T09:52:09","modified_gmt":"2025-09-04T08:52:09","slug":"treballs-de-prevencio-davant-inundacions-als-entorns-de-salardu-i-tredos","status":"publish","type":"post","link":"https:\/\/www.nautaran.org\/ca\/destacat-portada-ca\/treballs-de-prevencio-davant-inundacions-als-entorns-de-salardu-i-tredos\/","title":{"rendered":"Treballs de prevenci\u00f3 davant inundacions als entorns de Salard\u00fa i Tred\u00f2s"},"content":{"rendered":"<p>Aquests dies amb personal propi de l&#8217;ajuntament hem comen\u00e7at a desbrossar tota la zona del casc urb\u00e0 del riu Garona al seu pas per la poblaci\u00f3 de Salard\u00fa.<\/p>\n<p>Des del consistori, comptem amb el vist i plau de l&#8217;Ag\u00e8ncia Catalana de l&#8217;Aigua, la Confederaci\u00f3 Hidrogr\u00e0fica de l&#8217;Ebre aix\u00ed com l&#8217;informe de Medi ambient del Conselh Generau per dur endavant aquesta acci\u00f3. Tenim una subvenci\u00f3 de l&#8217;ACA per fer els treballs.<\/p>\n<p>Un viatge executat aquest tram urb\u00e0 a la zona de Salard\u00fa, ens despla\u00e7arem fins Tred\u00f2s per fer tamb\u00e9 la neteja d\u2019aquests entorns. Amb aquesta actuaci\u00f3 ens assegurem de tenir la llera del riu en bones condicions per si hi haguessin increments del caudal d\u2019aigua i no puguin produir-se majors incid\u00e8ncies.<\/p>\n","protected":false},"excerpt":{"rendered":"<p>Aquests dies amb personal propi de l&#8217;ajuntament hem comen\u00e7at a desbrossar tota la zona del casc urb\u00e0 del riu Garona al seu pas per la poblaci\u00f3 de Salard\u00fa. Des del consistori, comptem amb el vist i plau de l&#8217;Ag\u00e8ncia Catalana de l&#8217;Aigua, la Confederaci\u00f3 Hidrogr\u00e0fica de l&#8217;Ebre aix\u00ed com l&#8217;informe de Medi ambient del Conselh [&hellip;]<\/p>\n","protected":false},"author":4,"featured_media":24188,"comment_status":"closed","ping_status":"closed","sticky":false,"template":"","format":"standard","meta":{"_acf_changed":false,"_et_pb_use_builder":"","_et_pb_old_content":"","_et_gb_content_width":"","footnotes":""},"categories":[31,32,817,820,43],"tags":[],"class_list":["post-24191","post","type-post","status-publish","format-standard","has-post-thumbnail","hentry","category-destacat-portada-ca","category-noticies","category-noticies-poble-salardu","category-noticies-poble-tredos","category-mitja-natural"],"acf":[],"yoast_head":"<!-- This site is optimized with the Yoast SEO plugin v26.8 - https:\/\/yoast.com\/product\/yoast-seo-wordpress\/ -->\n<title>Treballs de prevenci\u00f3 davant inundacions als entorns de Salard\u00fa i Tred\u00f2s - Ajuntament de Naut Aran<\/title>\n<meta name=\"robots\" content=\"index, follow, max-snippet:-1, max-image-preview:large, max-video-preview:-1\" \/>\n<link rel=\"canonical\" href=\"https:\/\/www.nautaran.org\/ca\/destacat-portada-ca\/treballs-de-prevencio-davant-inundacions-als-entorns-de-salardu-i-tredos\/\" \/>\n<meta property=\"og:locale\" content=\"ca_ES\" \/>\n<meta property=\"og:type\" content=\"article\" \/>\n<meta property=\"og:title\" content=\"Treballs de prevenci\u00f3 davant inundacions als entorns de Salard\u00fa i Tred\u00f2s - Ajuntament de Naut Aran\" \/>\n<meta property=\"og:description\" content=\"Aquests dies amb personal propi de l&#8217;ajuntament hem comen\u00e7at a desbrossar tota la zona del casc urb\u00e0 del riu Garona al seu pas per la poblaci\u00f3 de Salard\u00fa. Des del consistori, comptem amb el vist i plau de l&#8217;Ag\u00e8ncia Catalana de l&#8217;Aigua, la Confederaci\u00f3 Hidrogr\u00e0fica de l&#8217;Ebre aix\u00ed com l&#8217;informe de Medi ambient del Conselh [&hellip;]\" \/>\n<meta property=\"og:url\" content=\"https:\/\/www.nautaran.org\/ca\/destacat-portada-ca\/treballs-de-prevencio-davant-inundacions-als-entorns-de-salardu-i-tredos\/\" \/>\n<meta property=\"og:site_name\" content=\"Ajuntament de Naut Aran\" \/>\n<meta property=\"article:published_time\" content=\"2025-09-04T08:48:52+00:00\" \/>\n<meta property=\"article:modified_time\" content=\"2025-09-04T08:52:09+00:00\" \/>\n<meta property=\"og:image\" content=\"https:\/\/www.nautaran.org\/wp-content\/uploads\/2025\/09\/C15D13A8-23A7-4723-BE20-4D33DCBEC8B7.jpg\" \/>\n\t<meta property=\"og:image:width\" content=\"1200\" \/>\n\t<meta property=\"og:image:height\" content=\"1500\" \/>\n\t<meta property=\"og:image:type\" content=\"image\/jpeg\" \/>\n<meta name=\"author\" content=\"nautaran\" \/>\n<meta name=\"twitter:card\" content=\"summary_large_image\" \/>\n<meta name=\"twitter:label1\" content=\"Written by\" \/>\n\t<meta name=\"twitter:data1\" content=\"nautaran\" \/>\n\t<meta name=\"twitter:label2\" content=\"Est. reading time\" \/>\n\t<meta name=\"twitter:data2\" content=\"1 minute\" \/>\n<script type=\"application\/ld+json\" class=\"yoast-schema-graph\">{\"@context\":\"https:\/\/schema.org\",\"@graph\":[{\"@type\":\"Article\",\"@id\":\"https:\/\/www.nautaran.org\/ca\/destacat-portada-ca\/treballs-de-prevencio-davant-inundacions-als-entorns-de-salardu-i-tredos\/#article\",\"isPartOf\":{\"@id\":\"https:\/\/www.nautaran.org\/ca\/destacat-portada-ca\/treballs-de-prevencio-davant-inundacions-als-entorns-de-salardu-i-tredos\/\"},\"author\":{\"name\":\"nautaran\",\"@id\":\"https:\/\/www.nautaran.org\/#\/schema\/person\/d1534bc0cff9cbd7d1b5cfc12e946a35\"},\"headline\":\"Treballs de prevenci\u00f3 davant inundacions als entorns de Salard\u00fa i Tred\u00f2s\",\"datePublished\":\"2025-09-04T08:48:52+00:00\",\"dateModified\":\"2025-09-04T08:52:09+00:00\",\"mainEntityOfPage\":{\"@id\":\"https:\/\/www.nautaran.org\/ca\/destacat-portada-ca\/treballs-de-prevencio-davant-inundacions-als-entorns-de-salardu-i-tredos\/\"},\"wordCount\":146,\"image\":{\"@id\":\"https:\/\/www.nautaran.org\/ca\/destacat-portada-ca\/treballs-de-prevencio-davant-inundacions-als-entorns-de-salardu-i-tredos\/#primaryimage\"},\"thumbnailUrl\":\"https:\/\/www.nautaran.org\/wp-content\/uploads\/2025\/09\/C15D13A8-23A7-4723-BE20-4D33DCBEC8B7.jpg\",\"articleSection\":[\"Destacat portada\",\"Not\u00edcies\",\"Noticies Poble Salard\u00fa\",\"Noticies Poble Tred\u00f2s\",\"Not\u00edcies | Medi Natural\"],\"inLanguage\":\"ca-ES\"},{\"@type\":\"WebPage\",\"@id\":\"https:\/\/www.nautaran.org\/ca\/destacat-portada-ca\/treballs-de-prevencio-davant-inundacions-als-entorns-de-salardu-i-tredos\/\",\"url\":\"https:\/\/www.nautaran.org\/ca\/destacat-portada-ca\/treballs-de-prevencio-davant-inundacions-als-entorns-de-salardu-i-tredos\/\",\"name\":\"Treballs de prevenci\u00f3 davant inundacions als entorns de Salard\u00fa i Tred\u00f2s - Ajuntament de Naut Aran\",\"isPartOf\":{\"@id\":\"https:\/\/www.nautaran.org\/#website\"},\"primaryImageOfPage\":{\"@id\":\"https:\/\/www.nautaran.org\/ca\/destacat-portada-ca\/treballs-de-prevencio-davant-inundacions-als-entorns-de-salardu-i-tredos\/#primaryimage\"},\"image\":{\"@id\":\"https:\/\/www.nautaran.org\/ca\/destacat-portada-ca\/treballs-de-prevencio-davant-inundacions-als-entorns-de-salardu-i-tredos\/#primaryimage\"},\"thumbnailUrl\":\"https:\/\/www.nautaran.org\/wp-content\/uploads\/2025\/09\/C15D13A8-23A7-4723-BE20-4D33DCBEC8B7.jpg\",\"datePublished\":\"2025-09-04T08:48:52+00:00\",\"dateModified\":\"2025-09-04T08:52:09+00:00\",\"author\":{\"@id\":\"https:\/\/www.nautaran.org\/#\/schema\/person\/d1534bc0cff9cbd7d1b5cfc12e946a35\"},\"breadcrumb\":{\"@id\":\"https:\/\/www.nautaran.org\/ca\/destacat-portada-ca\/treballs-de-prevencio-davant-inundacions-als-entorns-de-salardu-i-tredos\/#breadcrumb\"},\"inLanguage\":\"ca-ES\",\"potentialAction\":[{\"@type\":\"ReadAction\",\"target\":[\"https:\/\/www.nautaran.org\/ca\/destacat-portada-ca\/treballs-de-prevencio-davant-inundacions-als-entorns-de-salardu-i-tredos\/\"]}]},{\"@type\":\"ImageObject\",\"inLanguage\":\"ca-ES\",\"@id\":\"https:\/\/www.nautaran.org\/ca\/destacat-portada-ca\/treballs-de-prevencio-davant-inundacions-als-entorns-de-salardu-i-tredos\/#primaryimage\",\"url\":\"https:\/\/www.nautaran.org\/wp-content\/uploads\/2025\/09\/C15D13A8-23A7-4723-BE20-4D33DCBEC8B7.jpg\",\"contentUrl\":\"https:\/\/www.nautaran.org\/wp-content\/uploads\/2025\/09\/C15D13A8-23A7-4723-BE20-4D33DCBEC8B7.jpg\",\"width\":1200,\"height\":1500},{\"@type\":\"BreadcrumbList\",\"@id\":\"https:\/\/www.nautaran.org\/ca\/destacat-portada-ca\/treballs-de-prevencio-davant-inundacions-als-entorns-de-salardu-i-tredos\/#breadcrumb\",\"itemListElement\":[{\"@type\":\"ListItem\",\"position\":1,\"name\":\"Portada\",\"item\":\"https:\/\/www.nautaran.org\/ca\/home-2\/\"},{\"@type\":\"ListItem\",\"position\":2,\"name\":\"Treballs de prevenci\u00f3 davant inundacions als entorns de Salard\u00fa i Tred\u00f2s\"}]},{\"@type\":\"WebSite\",\"@id\":\"https:\/\/www.nautaran.org\/#website\",\"url\":\"https:\/\/www.nautaran.org\/\",\"name\":\"Ajuntament de Naut Aran\",\"description\":\"Naut Aran\",\"potentialAction\":[{\"@type\":\"SearchAction\",\"target\":{\"@type\":\"EntryPoint\",\"urlTemplate\":\"https:\/\/www.nautaran.org\/?s={search_term_string}\"},\"query-input\":{\"@type\":\"PropertyValueSpecification\",\"valueRequired\":true,\"valueName\":\"search_term_string\"}}],\"inLanguage\":\"ca-ES\"},{\"@type\":\"Person\",\"@id\":\"https:\/\/www.nautaran.org\/#\/schema\/person\/d1534bc0cff9cbd7d1b5cfc12e946a35\",\"name\":\"nautaran\",\"image\":{\"@type\":\"ImageObject\",\"inLanguage\":\"ca-ES\",\"@id\":\"https:\/\/www.nautaran.org\/#\/schema\/person\/image\/\",\"url\":\"https:\/\/secure.gravatar.com\/avatar\/80a09b1f8ae692a4acce17816a6597a844f3f59cda069b47a176c85e26e41c03?s=96&d=mm&r=g\",\"contentUrl\":\"https:\/\/secure.gravatar.com\/avatar\/80a09b1f8ae692a4acce17816a6597a844f3f59cda069b47a176c85e26e41c03?s=96&d=mm&r=g\",\"caption\":\"nautaran\"},\"url\":\"https:\/\/www.nautaran.org\/ca\/author\/nautaran\/\"}]}<\/script>\n<!-- \/ Yoast SEO plugin. -->","yoast_head_json":{"title":"Treballs de prevenci\u00f3 davant inundacions als entorns de Salard\u00fa i Tred\u00f2s - Ajuntament de Naut Aran","robots":{"index":"index","follow":"follow","max-snippet":"max-snippet:-1","max-image-preview":"max-image-preview:large","max-video-preview":"max-video-preview:-1"},"canonical":"https:\/\/www.nautaran.org\/ca\/destacat-portada-ca\/treballs-de-prevencio-davant-inundacions-als-entorns-de-salardu-i-tredos\/","og_locale":"ca_ES","og_type":"article","og_title":"Treballs de prevenci\u00f3 davant inundacions als entorns de Salard\u00fa i Tred\u00f2s - Ajuntament de Naut Aran","og_description":"Aquests dies amb personal propi de l&#8217;ajuntament hem comen\u00e7at a desbrossar tota la zona del casc urb\u00e0 del riu Garona al seu pas per la poblaci\u00f3 de Salard\u00fa. Des del consistori, comptem amb el vist i plau de l&#8217;Ag\u00e8ncia Catalana de l&#8217;Aigua, la Confederaci\u00f3 Hidrogr\u00e0fica de l&#8217;Ebre aix\u00ed com l&#8217;informe de Medi ambient del Conselh [&hellip;]","og_url":"https:\/\/www.nautaran.org\/ca\/destacat-portada-ca\/treballs-de-prevencio-davant-inundacions-als-entorns-de-salardu-i-tredos\/","og_site_name":"Ajuntament de Naut Aran","article_published_time":"2025-09-04T08:48:52+00:00","article_modified_time":"2025-09-04T08:52:09+00:00","og_image":[{"width":1200,"height":1500,"url":"https:\/\/www.nautaran.org\/wp-content\/uploads\/2025\/09\/C15D13A8-23A7-4723-BE20-4D33DCBEC8B7.jpg","type":"image\/jpeg"}],"author":"nautaran","twitter_card":"summary_large_image","twitter_misc":{"Written by":"nautaran","Est. reading time":"1 minute"},"schema":{"@context":"https:\/\/schema.org","@graph":[{"@type":"Article","@id":"https:\/\/www.nautaran.org\/ca\/destacat-portada-ca\/treballs-de-prevencio-davant-inundacions-als-entorns-de-salardu-i-tredos\/#article","isPartOf":{"@id":"https:\/\/www.nautaran.org\/ca\/destacat-portada-ca\/treballs-de-prevencio-davant-inundacions-als-entorns-de-salardu-i-tredos\/"},"author":{"name":"nautaran","@id":"https:\/\/www.nautaran.org\/#\/schema\/person\/d1534bc0cff9cbd7d1b5cfc12e946a35"},"headline":"Treballs de prevenci\u00f3 davant inundacions als entorns de Salard\u00fa i Tred\u00f2s","datePublished":"2025-09-04T08:48:52+00:00","dateModified":"2025-09-04T08:52:09+00:00","mainEntityOfPage":{"@id":"https:\/\/www.nautaran.org\/ca\/destacat-portada-ca\/treballs-de-prevencio-davant-inundacions-als-entorns-de-salardu-i-tredos\/"},"wordCount":146,"image":{"@id":"https:\/\/www.nautaran.org\/ca\/destacat-portada-ca\/treballs-de-prevencio-davant-inundacions-als-entorns-de-salardu-i-tredos\/#primaryimage"},"thumbnailUrl":"https:\/\/www.nautaran.org\/wp-content\/uploads\/2025\/09\/C15D13A8-23A7-4723-BE20-4D33DCBEC8B7.jpg","articleSection":["Destacat portada","Not\u00edcies","Noticies Poble Salard\u00fa","Noticies Poble Tred\u00f2s","Not\u00edcies | Medi Natural"],"inLanguage":"ca-ES"},{"@type":"WebPage","@id":"https:\/\/www.nautaran.org\/ca\/destacat-portada-ca\/treballs-de-prevencio-davant-inundacions-als-entorns-de-salardu-i-tredos\/","url":"https:\/\/www.nautaran.org\/ca\/destacat-portada-ca\/treballs-de-prevencio-davant-inundacions-als-entorns-de-salardu-i-tredos\/","name":"Treballs de prevenci\u00f3 davant inundacions als entorns de Salard\u00fa i Tred\u00f2s - Ajuntament de Naut Aran","isPartOf":{"@id":"https:\/\/www.nautaran.org\/#website"},"primaryImageOfPage":{"@id":"https:\/\/www.nautaran.org\/ca\/destacat-portada-ca\/treballs-de-prevencio-davant-inundacions-als-entorns-de-salardu-i-tredos\/#primaryimage"},"image":{"@id":"https:\/\/www.nautaran.org\/ca\/destacat-portada-ca\/treballs-de-prevencio-davant-inundacions-als-entorns-de-salardu-i-tredos\/#primaryimage"},"thumbnailUrl":"https:\/\/www.nautaran.org\/wp-content\/uploads\/2025\/09\/C15D13A8-23A7-4723-BE20-4D33DCBEC8B7.jpg","datePublished":"2025-09-04T08:48:52+00:00","dateModified":"2025-09-04T08:52:09+00:00","author":{"@id":"https:\/\/www.nautaran.org\/#\/schema\/person\/d1534bc0cff9cbd7d1b5cfc12e946a35"},"breadcrumb":{"@id":"https:\/\/www.nautaran.org\/ca\/destacat-portada-ca\/treballs-de-prevencio-davant-inundacions-als-entorns-de-salardu-i-tredos\/#breadcrumb"},"inLanguage":"ca-ES","potentialAction":[{"@type":"ReadAction","target":["https:\/\/www.nautaran.org\/ca\/destacat-portada-ca\/treballs-de-prevencio-davant-inundacions-als-entorns-de-salardu-i-tredos\/"]}]},{"@type":"ImageObject","inLanguage":"ca-ES","@id":"https:\/\/www.nautaran.org\/ca\/destacat-portada-ca\/treballs-de-prevencio-davant-inundacions-als-entorns-de-salardu-i-tredos\/#primaryimage","url":"https:\/\/www.nautaran.org\/wp-content\/uploads\/2025\/09\/C15D13A8-23A7-4723-BE20-4D33DCBEC8B7.jpg","contentUrl":"https:\/\/www.nautaran.org\/wp-content\/uploads\/2025\/09\/C15D13A8-23A7-4723-BE20-4D33DCBEC8B7.jpg","width":1200,"height":1500},{"@type":"BreadcrumbList","@id":"https:\/\/www.nautaran.org\/ca\/destacat-portada-ca\/treballs-de-prevencio-davant-inundacions-als-entorns-de-salardu-i-tredos\/#breadcrumb","itemListElement":[{"@type":"ListItem","position":1,"name":"Portada","item":"https:\/\/www.nautaran.org\/ca\/home-2\/"},{"@type":"ListItem","position":2,"name":"Treballs de prevenci\u00f3 davant inundacions als entorns de Salard\u00fa i Tred\u00f2s"}]},{"@type":"WebSite","@id":"https:\/\/www.nautaran.org\/#website","url":"https:\/\/www.nautaran.org\/","name":"Ajuntament de Naut Aran","description":"Naut Aran","potentialAction":[{"@type":"SearchAction","target":{"@type":"EntryPoint","urlTemplate":"https:\/\/www.nautaran.org\/?s={search_term_string}"},"query-input":{"@type":"PropertyValueSpecification","valueRequired":true,"valueName":"search_term_string"}}],"inLanguage":"ca-ES"},{"@type":"Person","@id":"https:\/\/www.nautaran.org\/#\/schema\/person\/d1534bc0cff9cbd7d1b5cfc12e946a35","name":"nautaran","image":{"@type":"ImageObject","inLanguage":"ca-ES","@id":"https:\/\/www.nautaran.org\/#\/schema\/person\/image\/","url":"https:\/\/secure.gravatar.com\/avatar\/80a09b1f8ae692a4acce17816a6597a844f3f59cda069b47a176c85e26e41c03?s=96&d=mm&r=g","contentUrl":"https:\/\/secure.gravatar.com\/avatar\/80a09b1f8ae692a4acce17816a6597a844f3f59cda069b47a176c85e26e41c03?s=96&d=mm&r=g","caption":"nautaran"},"url":"https:\/\/www.nautaran.org\/ca\/author\/nautaran\/"}]}},"_links":{"self":[{"href":"https:\/\/www.nautaran.org\/ca\/wp-json\/wp\/v2\/posts\/24191","targetHints":{"allow":["GET"]}}],"collection":[{"href":"https:\/\/www.nautaran.org\/ca\/wp-json\/wp\/v2\/posts"}],"about":[{"href":"https:\/\/www.nautaran.org\/ca\/wp-json\/wp\/v2\/types\/post"}],"author":[{"embeddable":true,"href":"https:\/\/www.nautaran.org\/ca\/wp-json\/wp\/v2\/users\/4"}],"replies":[{"embeddable":true,"href":"https:\/\/www.nautaran.org\/ca\/wp-json\/wp\/v2\/comments?post=24191"}],"version-history":[{"count":2,"href":"https:\/\/www.nautaran.org\/ca\/wp-json\/wp\/v2\/posts\/24191\/revisions"}],"predecessor-version":[{"id":24194,"href":"https:\/\/www.nautaran.org\/ca\/wp-json\/wp\/v2\/posts\/24191\/revisions\/24194"}],"wp:featuredmedia":[{"embeddable":true,"href":"https:\/\/www.nautaran.org\/ca\/wp-json\/wp\/v2\/media\/24188"}],"wp:attachment":[{"href":"https:\/\/www.nautaran.org\/ca\/wp-json\/wp\/v2\/media?parent=24191"}],"wp:term":[{"taxonomy":"category","embeddable":true,"href":"https:\/\/www.nautaran.org\/ca\/wp-json\/wp\/v2\/categories?post=24191"},{"taxonomy":"post_tag","embeddable":true,"href":"https:\/\/www.nautaran.org\/ca\/wp-json\/wp\/v2\/tags?post=24191"}],"curies":[{"name":"wp","href":"https:\/\/api.w.org\/{rel}","templated":true}]}}