{"id":25115,"date":"2025-12-04T19:51:54","date_gmt":"2025-12-04T18:51:54","guid":{"rendered":"https:\/\/www.nautaran.org\/arties-enlumene-eth-ceu-aguest-diuendres-5-de-deseme\/"},"modified":"2025-12-04T19:53:18","modified_gmt":"2025-12-04T18:53:18","slug":"arties-il%c2%b7lumina-el-cel-aquest-divendres-5-de-desembre","status":"publish","type":"post","link":"https:\/\/www.nautaran.org\/ca\/destacat-portada-ca\/arties-il%c2%b7lumina-el-cel-aquest-divendres-5-de-desembre\/","title":{"rendered":"Arties il\u00b7lumina el cel aquest divendres 5 de desembre"},"content":{"rendered":"<p>L&#8217;associaci\u00f3 de comerciants d\u2019Arties juntament amb l\u2019EMD d\u2019Arties e Gar\u00f2s donaran per iniciades les festes de Nadal a partir d\u2019aquest divendres 5 de desembre amb l\u2019encesa de l&#8217;arbre de Nadal juntament amb el llan\u00e7ament de fanals al cel, una de les accions m\u00e9s espectaculars i presenciades per m\u00e9s persones.<\/p>\n<p>Aquest esdeveniment, que t\u00e9 lloc a la Pla\u00e7a Ortau d\u2019Arties, apropa a centenars de persones vingudes del propi municipi de Naut Aran, aix\u00ed com la resta de la Val d\u2019Aran o de d\u2019altres punts del territori. La m\u00e0gia i simbolisme que es genera al llarg d\u2019aquesta tradici\u00f3, fa venir a un p\u00fablic familiar que gaudeix d\u2019una forma diferent de l&#8217;inici de la temporada. L&#8217;acte s\u2019iniciar\u00e0 a les 18:30 amb una mostra de dances araneses ofertes pel grup de ball \u2018Es Fradins de Vielha\u2019, que duran endavant un conjunt de dances fins les 19:00 de la tarda. Ser\u00e0 aleshores quan arribar\u00e0 el gran moment de la tarda, quan ja la oscuretat haur\u00e0 augmentat, i s\u2019encendr\u00e0 l&#8217;arbre i es procedir\u00e0 al llan\u00e7ament de fanals al cel oferint una espectacular i bonica imatge.<\/p>\n<p>L&#8217;alcaldessa de l\u2019EMD d\u2019Arties i Gar\u00f2s, Lina Fanlo destaca que \u201caquesta jornada no pot arribar en un millor moment. \u00c9s fant\u00e0stic comen\u00e7ar i donar l&#8217;inici a una nova temporada d\u2019hivern amb les nostres muntanyes plenes de neu i amb el fred. Hi ha una gran sensaci\u00f3 que ser\u00e0 una excel\u00b7lent temporada d\u2019esqu\u00ed. Vull convidar a tots els ve\u00efns, persones de la Val i resta d\u2019empla\u00e7aments que descobreixin Arties, que vinguin a gaudir de l&#8217;esdeveniment perqu\u00e8 \u00e9s una de les accions m\u00e9s emblem\u00e0tiques de l&#8217;any\u201d.<\/p>\n","protected":false},"excerpt":{"rendered":"<p>L&#8217;associaci\u00f3 de comerciants d\u2019Arties juntament amb l\u2019EMD d\u2019Arties e Gar\u00f2s donaran per iniciades les festes de Nadal a partir d\u2019aquest divendres 5 de desembre amb l\u2019encesa de l&#8217;arbre de Nadal juntament amb el llan\u00e7ament de fanals al cel, una de les accions m\u00e9s espectaculars i presenciades per m\u00e9s persones. Aquest esdeveniment, que t\u00e9 lloc a [&hellip;]<\/p>\n","protected":false},"author":4,"featured_media":25112,"comment_status":"closed","ping_status":"closed","sticky":false,"template":"","format":"standard","meta":{"_acf_changed":false,"_et_pb_use_builder":"","_et_pb_old_content":"","_et_gb_content_width":"","footnotes":""},"categories":[31,32,815,35,44],"tags":[849,974],"class_list":["post-25115","post","type-post","status-publish","format-standard","has-post-thumbnail","hentry","category-destacat-portada-ca","category-noticies","category-noticies-poble-arties","category-accio-social","category-turisme","tag-arties-ca","tag-lancament-de-fanaus-ca"],"acf":[],"yoast_head":"<!-- This site is optimized with the Yoast SEO plugin v26.8 - https:\/\/yoast.com\/product\/yoast-seo-wordpress\/ -->\n<title>Arties il\u00b7lumina el cel aquest divendres 5 de desembre - Ajuntament de Naut Aran<\/title>\n<meta name=\"robots\" content=\"index, follow, max-snippet:-1, max-image-preview:large, max-video-preview:-1\" \/>\n<link rel=\"canonical\" href=\"https:\/\/www.nautaran.org\/ca\/destacat-portada-ca\/arties-il\u00b7lumina-el-cel-aquest-divendres-5-de-desembre\/\" \/>\n<meta property=\"og:locale\" content=\"ca_ES\" \/>\n<meta property=\"og:type\" content=\"article\" \/>\n<meta property=\"og:title\" content=\"Arties il\u00b7lumina el cel aquest divendres 5 de desembre - Ajuntament de Naut Aran\" \/>\n<meta property=\"og:description\" content=\"L&#8217;associaci\u00f3 de comerciants d\u2019Arties juntament amb l\u2019EMD d\u2019Arties e Gar\u00f2s donaran per iniciades les festes de Nadal a partir d\u2019aquest divendres 5 de desembre amb l\u2019encesa de l&#8217;arbre de Nadal juntament amb el llan\u00e7ament de fanals al cel, una de les accions m\u00e9s espectaculars i presenciades per m\u00e9s persones. Aquest esdeveniment, que t\u00e9 lloc a [&hellip;]\" \/>\n<meta property=\"og:url\" content=\"https:\/\/www.nautaran.org\/ca\/destacat-portada-ca\/arties-il\u00b7lumina-el-cel-aquest-divendres-5-de-desembre\/\" \/>\n<meta property=\"og:site_name\" content=\"Ajuntament de Naut Aran\" \/>\n<meta property=\"article:published_time\" content=\"2025-12-04T18:51:54+00:00\" \/>\n<meta property=\"article:modified_time\" content=\"2025-12-04T18:53:18+00:00\" \/>\n<meta property=\"og:image\" content=\"https:\/\/www.nautaran.org\/wp-content\/uploads\/2025\/12\/VisitARties-Nadau.jpg\" \/>\n\t<meta property=\"og:image:width\" content=\"980\" \/>\n\t<meta property=\"og:image:height\" content=\"653\" \/>\n\t<meta property=\"og:image:type\" content=\"image\/jpeg\" \/>\n<meta name=\"author\" content=\"nautaran\" \/>\n<meta name=\"twitter:card\" content=\"summary_large_image\" \/>\n<meta name=\"twitter:label1\" content=\"Written by\" \/>\n\t<meta name=\"twitter:data1\" content=\"nautaran\" \/>\n\t<meta name=\"twitter:label2\" content=\"Est. reading time\" \/>\n\t<meta name=\"twitter:data2\" content=\"2 minutes\" \/>\n<script type=\"application\/ld+json\" class=\"yoast-schema-graph\">{\"@context\":\"https:\/\/schema.org\",\"@graph\":[{\"@type\":\"Article\",\"@id\":\"https:\/\/www.nautaran.org\/ca\/destacat-portada-ca\/arties-il%c2%b7lumina-el-cel-aquest-divendres-5-de-desembre\/#article\",\"isPartOf\":{\"@id\":\"https:\/\/www.nautaran.org\/ca\/destacat-portada-ca\/arties-il%c2%b7lumina-el-cel-aquest-divendres-5-de-desembre\/\"},\"author\":{\"name\":\"nautaran\",\"@id\":\"https:\/\/www.nautaran.org\/#\/schema\/person\/d1534bc0cff9cbd7d1b5cfc12e946a35\"},\"headline\":\"Arties il\u00b7lumina el cel aquest divendres 5 de desembre\",\"datePublished\":\"2025-12-04T18:51:54+00:00\",\"dateModified\":\"2025-12-04T18:53:18+00:00\",\"mainEntityOfPage\":{\"@id\":\"https:\/\/www.nautaran.org\/ca\/destacat-portada-ca\/arties-il%c2%b7lumina-el-cel-aquest-divendres-5-de-desembre\/\"},\"wordCount\":311,\"image\":{\"@id\":\"https:\/\/www.nautaran.org\/ca\/destacat-portada-ca\/arties-il%c2%b7lumina-el-cel-aquest-divendres-5-de-desembre\/#primaryimage\"},\"thumbnailUrl\":\"https:\/\/www.nautaran.org\/wp-content\/uploads\/2025\/12\/VisitARties-Nadau.jpg\",\"keywords\":[\"Arties\",\"lan\u00e7ament de fanaus\"],\"articleSection\":[\"Destacat portada\",\"Not\u00edcies\",\"Noticies Poble Arties\",\"Not\u00edcies | Acci\u00f3 social\",\"Not\u00edcies | Turisme\"],\"inLanguage\":\"ca-ES\"},{\"@type\":\"WebPage\",\"@id\":\"https:\/\/www.nautaran.org\/ca\/destacat-portada-ca\/arties-il%c2%b7lumina-el-cel-aquest-divendres-5-de-desembre\/\",\"url\":\"https:\/\/www.nautaran.org\/ca\/destacat-portada-ca\/arties-il%c2%b7lumina-el-cel-aquest-divendres-5-de-desembre\/\",\"name\":\"Arties il\u00b7lumina el cel aquest divendres 5 de desembre - Ajuntament de Naut Aran\",\"isPartOf\":{\"@id\":\"https:\/\/www.nautaran.org\/#website\"},\"primaryImageOfPage\":{\"@id\":\"https:\/\/www.nautaran.org\/ca\/destacat-portada-ca\/arties-il%c2%b7lumina-el-cel-aquest-divendres-5-de-desembre\/#primaryimage\"},\"image\":{\"@id\":\"https:\/\/www.nautaran.org\/ca\/destacat-portada-ca\/arties-il%c2%b7lumina-el-cel-aquest-divendres-5-de-desembre\/#primaryimage\"},\"thumbnailUrl\":\"https:\/\/www.nautaran.org\/wp-content\/uploads\/2025\/12\/VisitARties-Nadau.jpg\",\"datePublished\":\"2025-12-04T18:51:54+00:00\",\"dateModified\":\"2025-12-04T18:53:18+00:00\",\"author\":{\"@id\":\"https:\/\/www.nautaran.org\/#\/schema\/person\/d1534bc0cff9cbd7d1b5cfc12e946a35\"},\"breadcrumb\":{\"@id\":\"https:\/\/www.nautaran.org\/ca\/destacat-portada-ca\/arties-il%c2%b7lumina-el-cel-aquest-divendres-5-de-desembre\/#breadcrumb\"},\"inLanguage\":\"ca-ES\",\"potentialAction\":[{\"@type\":\"ReadAction\",\"target\":[\"https:\/\/www.nautaran.org\/ca\/destacat-portada-ca\/arties-il%c2%b7lumina-el-cel-aquest-divendres-5-de-desembre\/\"]}]},{\"@type\":\"ImageObject\",\"inLanguage\":\"ca-ES\",\"@id\":\"https:\/\/www.nautaran.org\/ca\/destacat-portada-ca\/arties-il%c2%b7lumina-el-cel-aquest-divendres-5-de-desembre\/#primaryimage\",\"url\":\"https:\/\/www.nautaran.org\/wp-content\/uploads\/2025\/12\/VisitARties-Nadau.jpg\",\"contentUrl\":\"https:\/\/www.nautaran.org\/wp-content\/uploads\/2025\/12\/VisitARties-Nadau.jpg\",\"width\":980,\"height\":653},{\"@type\":\"BreadcrumbList\",\"@id\":\"https:\/\/www.nautaran.org\/ca\/destacat-portada-ca\/arties-il%c2%b7lumina-el-cel-aquest-divendres-5-de-desembre\/#breadcrumb\",\"itemListElement\":[{\"@type\":\"ListItem\",\"position\":1,\"name\":\"Portada\",\"item\":\"https:\/\/www.nautaran.org\/ca\/home-2\/\"},{\"@type\":\"ListItem\",\"position\":2,\"name\":\"Arties il\u00b7lumina el cel aquest divendres 5 de desembre\"}]},{\"@type\":\"WebSite\",\"@id\":\"https:\/\/www.nautaran.org\/#website\",\"url\":\"https:\/\/www.nautaran.org\/\",\"name\":\"Ajuntament de Naut Aran\",\"description\":\"Naut Aran\",\"potentialAction\":[{\"@type\":\"SearchAction\",\"target\":{\"@type\":\"EntryPoint\",\"urlTemplate\":\"https:\/\/www.nautaran.org\/?s={search_term_string}\"},\"query-input\":{\"@type\":\"PropertyValueSpecification\",\"valueRequired\":true,\"valueName\":\"search_term_string\"}}],\"inLanguage\":\"ca-ES\"},{\"@type\":\"Person\",\"@id\":\"https:\/\/www.nautaran.org\/#\/schema\/person\/d1534bc0cff9cbd7d1b5cfc12e946a35\",\"name\":\"nautaran\",\"image\":{\"@type\":\"ImageObject\",\"inLanguage\":\"ca-ES\",\"@id\":\"https:\/\/www.nautaran.org\/#\/schema\/person\/image\/\",\"url\":\"https:\/\/secure.gravatar.com\/avatar\/80a09b1f8ae692a4acce17816a6597a844f3f59cda069b47a176c85e26e41c03?s=96&d=mm&r=g\",\"contentUrl\":\"https:\/\/secure.gravatar.com\/avatar\/80a09b1f8ae692a4acce17816a6597a844f3f59cda069b47a176c85e26e41c03?s=96&d=mm&r=g\",\"caption\":\"nautaran\"},\"url\":\"https:\/\/www.nautaran.org\/ca\/author\/nautaran\/\"}]}<\/script>\n<!-- \/ Yoast SEO plugin. -->","yoast_head_json":{"title":"Arties il\u00b7lumina el cel aquest divendres 5 de desembre - Ajuntament de Naut Aran","robots":{"index":"index","follow":"follow","max-snippet":"max-snippet:-1","max-image-preview":"max-image-preview:large","max-video-preview":"max-video-preview:-1"},"canonical":"https:\/\/www.nautaran.org\/ca\/destacat-portada-ca\/arties-il\u00b7lumina-el-cel-aquest-divendres-5-de-desembre\/","og_locale":"ca_ES","og_type":"article","og_title":"Arties il\u00b7lumina el cel aquest divendres 5 de desembre - Ajuntament de Naut Aran","og_description":"L&#8217;associaci\u00f3 de comerciants d\u2019Arties juntament amb l\u2019EMD d\u2019Arties e Gar\u00f2s donaran per iniciades les festes de Nadal a partir d\u2019aquest divendres 5 de desembre amb l\u2019encesa de l&#8217;arbre de Nadal juntament amb el llan\u00e7ament de fanals al cel, una de les accions m\u00e9s espectaculars i presenciades per m\u00e9s persones. Aquest esdeveniment, que t\u00e9 lloc a [&hellip;]","og_url":"https:\/\/www.nautaran.org\/ca\/destacat-portada-ca\/arties-il\u00b7lumina-el-cel-aquest-divendres-5-de-desembre\/","og_site_name":"Ajuntament de Naut Aran","article_published_time":"2025-12-04T18:51:54+00:00","article_modified_time":"2025-12-04T18:53:18+00:00","og_image":[{"width":980,"height":653,"url":"https:\/\/www.nautaran.org\/wp-content\/uploads\/2025\/12\/VisitARties-Nadau.jpg","type":"image\/jpeg"}],"author":"nautaran","twitter_card":"summary_large_image","twitter_misc":{"Written by":"nautaran","Est. reading time":"2 minutes"},"schema":{"@context":"https:\/\/schema.org","@graph":[{"@type":"Article","@id":"https:\/\/www.nautaran.org\/ca\/destacat-portada-ca\/arties-il%c2%b7lumina-el-cel-aquest-divendres-5-de-desembre\/#article","isPartOf":{"@id":"https:\/\/www.nautaran.org\/ca\/destacat-portada-ca\/arties-il%c2%b7lumina-el-cel-aquest-divendres-5-de-desembre\/"},"author":{"name":"nautaran","@id":"https:\/\/www.nautaran.org\/#\/schema\/person\/d1534bc0cff9cbd7d1b5cfc12e946a35"},"headline":"Arties il\u00b7lumina el cel aquest divendres 5 de desembre","datePublished":"2025-12-04T18:51:54+00:00","dateModified":"2025-12-04T18:53:18+00:00","mainEntityOfPage":{"@id":"https:\/\/www.nautaran.org\/ca\/destacat-portada-ca\/arties-il%c2%b7lumina-el-cel-aquest-divendres-5-de-desembre\/"},"wordCount":311,"image":{"@id":"https:\/\/www.nautaran.org\/ca\/destacat-portada-ca\/arties-il%c2%b7lumina-el-cel-aquest-divendres-5-de-desembre\/#primaryimage"},"thumbnailUrl":"https:\/\/www.nautaran.org\/wp-content\/uploads\/2025\/12\/VisitARties-Nadau.jpg","keywords":["Arties","lan\u00e7ament de fanaus"],"articleSection":["Destacat portada","Not\u00edcies","Noticies Poble Arties","Not\u00edcies | Acci\u00f3 social","Not\u00edcies | Turisme"],"inLanguage":"ca-ES"},{"@type":"WebPage","@id":"https:\/\/www.nautaran.org\/ca\/destacat-portada-ca\/arties-il%c2%b7lumina-el-cel-aquest-divendres-5-de-desembre\/","url":"https:\/\/www.nautaran.org\/ca\/destacat-portada-ca\/arties-il%c2%b7lumina-el-cel-aquest-divendres-5-de-desembre\/","name":"Arties il\u00b7lumina el cel aquest divendres 5 de desembre - Ajuntament de Naut Aran","isPartOf":{"@id":"https:\/\/www.nautaran.org\/#website"},"primaryImageOfPage":{"@id":"https:\/\/www.nautaran.org\/ca\/destacat-portada-ca\/arties-il%c2%b7lumina-el-cel-aquest-divendres-5-de-desembre\/#primaryimage"},"image":{"@id":"https:\/\/www.nautaran.org\/ca\/destacat-portada-ca\/arties-il%c2%b7lumina-el-cel-aquest-divendres-5-de-desembre\/#primaryimage"},"thumbnailUrl":"https:\/\/www.nautaran.org\/wp-content\/uploads\/2025\/12\/VisitARties-Nadau.jpg","datePublished":"2025-12-04T18:51:54+00:00","dateModified":"2025-12-04T18:53:18+00:00","author":{"@id":"https:\/\/www.nautaran.org\/#\/schema\/person\/d1534bc0cff9cbd7d1b5cfc12e946a35"},"breadcrumb":{"@id":"https:\/\/www.nautaran.org\/ca\/destacat-portada-ca\/arties-il%c2%b7lumina-el-cel-aquest-divendres-5-de-desembre\/#breadcrumb"},"inLanguage":"ca-ES","potentialAction":[{"@type":"ReadAction","target":["https:\/\/www.nautaran.org\/ca\/destacat-portada-ca\/arties-il%c2%b7lumina-el-cel-aquest-divendres-5-de-desembre\/"]}]},{"@type":"ImageObject","inLanguage":"ca-ES","@id":"https:\/\/www.nautaran.org\/ca\/destacat-portada-ca\/arties-il%c2%b7lumina-el-cel-aquest-divendres-5-de-desembre\/#primaryimage","url":"https:\/\/www.nautaran.org\/wp-content\/uploads\/2025\/12\/VisitARties-Nadau.jpg","contentUrl":"https:\/\/www.nautaran.org\/wp-content\/uploads\/2025\/12\/VisitARties-Nadau.jpg","width":980,"height":653},{"@type":"BreadcrumbList","@id":"https:\/\/www.nautaran.org\/ca\/destacat-portada-ca\/arties-il%c2%b7lumina-el-cel-aquest-divendres-5-de-desembre\/#breadcrumb","itemListElement":[{"@type":"ListItem","position":1,"name":"Portada","item":"https:\/\/www.nautaran.org\/ca\/home-2\/"},{"@type":"ListItem","position":2,"name":"Arties il\u00b7lumina el cel aquest divendres 5 de desembre"}]},{"@type":"WebSite","@id":"https:\/\/www.nautaran.org\/#website","url":"https:\/\/www.nautaran.org\/","name":"Ajuntament de Naut Aran","description":"Naut Aran","potentialAction":[{"@type":"SearchAction","target":{"@type":"EntryPoint","urlTemplate":"https:\/\/www.nautaran.org\/?s={search_term_string}"},"query-input":{"@type":"PropertyValueSpecification","valueRequired":true,"valueName":"search_term_string"}}],"inLanguage":"ca-ES"},{"@type":"Person","@id":"https:\/\/www.nautaran.org\/#\/schema\/person\/d1534bc0cff9cbd7d1b5cfc12e946a35","name":"nautaran","image":{"@type":"ImageObject","inLanguage":"ca-ES","@id":"https:\/\/www.nautaran.org\/#\/schema\/person\/image\/","url":"https:\/\/secure.gravatar.com\/avatar\/80a09b1f8ae692a4acce17816a6597a844f3f59cda069b47a176c85e26e41c03?s=96&d=mm&r=g","contentUrl":"https:\/\/secure.gravatar.com\/avatar\/80a09b1f8ae692a4acce17816a6597a844f3f59cda069b47a176c85e26e41c03?s=96&d=mm&r=g","caption":"nautaran"},"url":"https:\/\/www.nautaran.org\/ca\/author\/nautaran\/"}]}},"_links":{"self":[{"href":"https:\/\/www.nautaran.org\/ca\/wp-json\/wp\/v2\/posts\/25115","targetHints":{"allow":["GET"]}}],"collection":[{"href":"https:\/\/www.nautaran.org\/ca\/wp-json\/wp\/v2\/posts"}],"about":[{"href":"https:\/\/www.nautaran.org\/ca\/wp-json\/wp\/v2\/types\/post"}],"author":[{"embeddable":true,"href":"https:\/\/www.nautaran.org\/ca\/wp-json\/wp\/v2\/users\/4"}],"replies":[{"embeddable":true,"href":"https:\/\/www.nautaran.org\/ca\/wp-json\/wp\/v2\/comments?post=25115"}],"version-history":[{"count":1,"href":"https:\/\/www.nautaran.org\/ca\/wp-json\/wp\/v2\/posts\/25115\/revisions"}],"predecessor-version":[{"id":25117,"href":"https:\/\/www.nautaran.org\/ca\/wp-json\/wp\/v2\/posts\/25115\/revisions\/25117"}],"wp:featuredmedia":[{"embeddable":true,"href":"https:\/\/www.nautaran.org\/ca\/wp-json\/wp\/v2\/media\/25112"}],"wp:attachment":[{"href":"https:\/\/www.nautaran.org\/ca\/wp-json\/wp\/v2\/media?parent=25115"}],"wp:term":[{"taxonomy":"category","embeddable":true,"href":"https:\/\/www.nautaran.org\/ca\/wp-json\/wp\/v2\/categories?post=25115"},{"taxonomy":"post_tag","embeddable":true,"href":"https:\/\/www.nautaran.org\/ca\/wp-json\/wp\/v2\/tags?post=25115"}],"curies":[{"name":"wp","href":"https:\/\/api.w.org\/{rel}","templated":true}]}}