{"id":25186,"date":"2025-12-17T11:58:01","date_gmt":"2025-12-17T10:58:01","guid":{"rendered":"https:\/\/www.nautaran.org\/?p=25186"},"modified":"2025-12-17T12:02:39","modified_gmt":"2025-12-17T11:02:39","slug":"conde-diuern-2025-26-3a-edicion-de-conde-cuert-infantil-en-aranes","status":"publish","type":"post","link":"https:\/\/www.nautaran.org\/ca\/anuncis\/conde-diuern-2025-26-3a-edicion-de-conde-cuert-infantil-en-aranes\/","title":{"rendered":"&#8220;CONDE D\u2019IU\u00c8RN&#8221; 2025-26 3\u00aa Edici\u00f3 de conte curt infantil en aran\u00e9s."},"content":{"rendered":"<div>La Biblioteca Municipal de Salard\u00fa i l\u2019Ajuntament de Naut Aran convoquen la tercera edici\u00f3 del Conte d\u2019Hivern, que t\u00e9 com a objectiu promoure la creaci\u00f3 liter\u00e0ria en aran\u00e8s entre la mainada, mitjan\u00e7ant el format de c\u00f2mic.<\/div>\n<blockquote><p><strong>G\u00e8nere:<\/strong> c\u00f2mic.<\/p>\n<div>\n<p><strong>Edici\u00f3:<\/strong> Tercera edici\u00f3 oberta a nens i nenes de 8 a 16 anys.<\/p>\n<p><strong>Premi:<\/strong> Guanyador 150 euros. Acc\u00e8ssit 100 euros.<\/p>\n<p><strong>Convoca:<\/strong> Biblioteca Municipal de Salard\u00fa i Ajuntament de Naut Aran.<\/p>\n<p><strong>El per\u00edode de recepci\u00f3 dels c\u00f2mics ser\u00e0 del 21 de desembre de 2025 al 20 de mar\u00e7 de 2026.<\/strong><\/p>\n<\/div>\n<\/blockquote>\n<div>\n<p><strong>BASES<\/strong><\/p>\n<ol>\n<li>El treball presentat ha d\u2019estar escrit en aran\u00e8s.<\/li>\n<li>Requisits dels participants en dues categories:\n<ul>\n<li>INFANTIL: Nascuts entre els anys 2017 i 2014 (8\/11).<\/li>\n<li>JUVENIL: Nascuts entre els anys 2013 i 2009 (12\/16).<\/li>\n<\/ul>\n<\/li>\n<li>Tem\u00e0tica: <strong>L\u2019HIVERN L\u2019ANY 2076<\/strong>.<\/li>\n<li>Nom\u00e9s es podr\u00e0 presentar un c\u00f2mic per autor, el qual haur\u00e0 de ser in\u00e8dit i no haver estat premiat en concursos anteriors.<\/li>\n<li>Les obres es presentaran en format DIN A4, <strong>per una sola cara<\/strong>.\n<ul>\n<li>Tindran una extensi\u00f3 m\u00ednima de 2 p\u00e0gines i m\u00e0xima de 6.<\/li>\n<li>Les p\u00e0gines estaran numerades.<\/li>\n<li>Es podran realitzar en blanc i negre o a color.<\/li>\n<li>A la portada hi ha de figurar el t\u00edtol de l\u2019obra i el pseud\u00f2nim.<\/li>\n<\/ul>\n<\/li>\n<li>Els originals s\u2019hauran d\u2019enviar per correu electr\u00f2nic a biblioteca@nautaran.org amb el tema: Conte d\u2019Hivern.<\/li>\n<li>En el mateix correu, cal adjuntar dos documents PDF independents:\n<ul>\n<li>Un document contindr\u00e0 l\u2019obra, el nom de l\u2019obra i el pseud\u00f2nim.<\/li>\n<li>En el segon document, les dades personals: nom i cognoms, data de naixement, adre\u00e7a postal, tel\u00e8fon de contacte i correu electr\u00f2nic.<\/li>\n<\/ul>\n<\/li>\n<li>Els treballs que no compleixin algun dels requisits descrits en aquestes bases seran desestimats.<\/li>\n<li>El jurat escollir\u00e0 el relat guanyador que optar\u00e0 al premi. La decisi\u00f3 del jurat ser\u00e0 irrevocable i es reservar\u00e0 el dret a declarar el premi desert si el jurat considera que els treballs presentats no tenen suficient qualitat.<\/li>\n<li>La comunicaci\u00f3 del guanyador es publicar\u00e0 el 23 d\u2019abril de 2026.<\/li>\n<li>El premi consistir\u00e0 en:\n<ul>\n<li>Guanyador: 150 euros.<\/li>\n<li>Acc\u00e8ssit: 100 euros.<\/li>\n<\/ul>\n<\/li>\n<li>Per recollir el premi, el concursant s\u2019haur\u00e0 d\u2019identificar amb el document oport\u00fa.<\/li>\n<li>La participaci\u00f3 en aquest concurs suposa el coneixement i acceptaci\u00f3 \u00edntegra de les bases, aix\u00ed com obediencia de les decisions que adopti el jurat.<\/li>\n<li>Per a m\u00e9s informaci\u00f3: 973 64 55 32.<\/li>\n<\/ol>\n<\/div>\n<p><a href=\"https:\/\/www.nautaran.org\/wp-content\/uploads\/2025\/12\/condeiuern25-26.png\"><img loading=\"lazy\" decoding=\"async\" class=\"aligncenter size-large wp-image-25189\" src=\"https:\/\/www.nautaran.org\/wp-content\/uploads\/2025\/12\/condeiuern25-26-819x1024.png\" alt=\"\" width=\"819\" height=\"1024\" \/><\/a><\/p>\n<p>&nbsp;<\/p>\n","protected":false},"excerpt":{"rendered":"<p>La Biblioteca Municipal de Salard\u00fa i l\u2019Ajuntament de Naut Aran convoquen la tercera edici\u00f3 del Conte d\u2019Hivern, que t\u00e9 com a objectiu promoure la creaci\u00f3 liter\u00e0ria en aran\u00e8s entre la mainada, mitjan\u00e7ant el format de c\u00f2mic. G\u00e8nere: c\u00f2mic. Edici\u00f3: Tercera edici\u00f3 oberta a nens i nenes de 8 a 16 anys. Premi: Guanyador 150 euros. [&hellip;]<\/p>\n","protected":false},"author":6,"featured_media":0,"comment_status":"closed","ping_status":"closed","sticky":false,"template":"","format":"standard","meta":{"_acf_changed":false,"_et_pb_use_builder":"","_et_pb_old_content":"","_et_gb_content_width":"","footnotes":""},"categories":[70],"tags":[],"class_list":["post-25186","post","type-post","status-publish","format-standard","hentry","category-anuncis"],"acf":[],"yoast_head":"<!-- This site is optimized with the Yoast SEO plugin v26.8 - https:\/\/yoast.com\/product\/yoast-seo-wordpress\/ -->\n<title>&quot;CONDE D\u2019IU\u00c8RN&quot; 2025-26 3\u00aa Edici\u00f3 de conte curt infantil en aran\u00e9s. - Ajuntament de Naut Aran<\/title>\n<meta name=\"robots\" content=\"index, follow, max-snippet:-1, max-image-preview:large, max-video-preview:-1\" \/>\n<link rel=\"canonical\" href=\"https:\/\/www.nautaran.org\/ca\/anuncis\/conde-diuern-2025-26-3a-edicion-de-conde-cuert-infantil-en-aranes\/\" \/>\n<meta property=\"og:locale\" content=\"ca_ES\" \/>\n<meta property=\"og:type\" content=\"article\" \/>\n<meta property=\"og:title\" content=\"&quot;CONDE D\u2019IU\u00c8RN&quot; 2025-26 3\u00aa Edici\u00f3 de conte curt infantil en aran\u00e9s. - Ajuntament de Naut Aran\" \/>\n<meta property=\"og:description\" content=\"La Biblioteca Municipal de Salard\u00fa i l\u2019Ajuntament de Naut Aran convoquen la tercera edici\u00f3 del Conte d\u2019Hivern, que t\u00e9 com a objectiu promoure la creaci\u00f3 liter\u00e0ria en aran\u00e8s entre la mainada, mitjan\u00e7ant el format de c\u00f2mic. G\u00e8nere: c\u00f2mic. Edici\u00f3: Tercera edici\u00f3 oberta a nens i nenes de 8 a 16 anys. Premi: Guanyador 150 euros. [&hellip;]\" \/>\n<meta property=\"og:url\" content=\"https:\/\/www.nautaran.org\/ca\/anuncis\/conde-diuern-2025-26-3a-edicion-de-conde-cuert-infantil-en-aranes\/\" \/>\n<meta property=\"og:site_name\" content=\"Ajuntament de Naut Aran\" \/>\n<meta property=\"article:published_time\" content=\"2025-12-17T10:58:01+00:00\" \/>\n<meta property=\"article:modified_time\" content=\"2025-12-17T11:02:39+00:00\" \/>\n<meta property=\"og:image\" content=\"https:\/\/www.nautaran.org\/wp-content\/uploads\/2025\/12\/condeiuern25-26-819x1024.png\" \/>\n<meta name=\"author\" content=\"informatica\" \/>\n<meta name=\"twitter:card\" content=\"summary_large_image\" \/>\n<meta name=\"twitter:label1\" content=\"Written by\" \/>\n\t<meta name=\"twitter:data1\" content=\"informatica\" \/>\n\t<meta name=\"twitter:label2\" content=\"Est. reading time\" \/>\n\t<meta name=\"twitter:data2\" content=\"2 minutes\" \/>\n<script type=\"application\/ld+json\" class=\"yoast-schema-graph\">{\"@context\":\"https:\/\/schema.org\",\"@graph\":[{\"@type\":\"Article\",\"@id\":\"https:\/\/www.nautaran.org\/ca\/anuncis\/conde-diuern-2025-26-3a-edicion-de-conde-cuert-infantil-en-aranes\/#article\",\"isPartOf\":{\"@id\":\"https:\/\/www.nautaran.org\/ca\/anuncis\/conde-diuern-2025-26-3a-edicion-de-conde-cuert-infantil-en-aranes\/\"},\"author\":{\"name\":\"informatica\",\"@id\":\"https:\/\/www.nautaran.org\/#\/schema\/person\/8f71607aa003085aff1dc4f2a168f26b\"},\"headline\":\"&#8220;CONDE D\u2019IU\u00c8RN&#8221; 2025-26 3\u00aa Edici\u00f3 de conte curt infantil en aran\u00e9s.\",\"datePublished\":\"2025-12-17T10:58:01+00:00\",\"dateModified\":\"2025-12-17T11:02:39+00:00\",\"mainEntityOfPage\":{\"@id\":\"https:\/\/www.nautaran.org\/ca\/anuncis\/conde-diuern-2025-26-3a-edicion-de-conde-cuert-infantil-en-aranes\/\"},\"wordCount\":402,\"image\":{\"@id\":\"https:\/\/www.nautaran.org\/ca\/anuncis\/conde-diuern-2025-26-3a-edicion-de-conde-cuert-infantil-en-aranes\/#primaryimage\"},\"thumbnailUrl\":\"https:\/\/www.nautaran.org\/wp-content\/uploads\/2025\/12\/condeiuern25-26-819x1024.png\",\"articleSection\":[\"Anuncis\"],\"inLanguage\":\"ca-ES\"},{\"@type\":\"WebPage\",\"@id\":\"https:\/\/www.nautaran.org\/ca\/anuncis\/conde-diuern-2025-26-3a-edicion-de-conde-cuert-infantil-en-aranes\/\",\"url\":\"https:\/\/www.nautaran.org\/ca\/anuncis\/conde-diuern-2025-26-3a-edicion-de-conde-cuert-infantil-en-aranes\/\",\"name\":\"\\\"CONDE D\u2019IU\u00c8RN\\\" 2025-26 3\u00aa Edici\u00f3 de conte curt infantil en aran\u00e9s. - Ajuntament de Naut Aran\",\"isPartOf\":{\"@id\":\"https:\/\/www.nautaran.org\/#website\"},\"primaryImageOfPage\":{\"@id\":\"https:\/\/www.nautaran.org\/ca\/anuncis\/conde-diuern-2025-26-3a-edicion-de-conde-cuert-infantil-en-aranes\/#primaryimage\"},\"image\":{\"@id\":\"https:\/\/www.nautaran.org\/ca\/anuncis\/conde-diuern-2025-26-3a-edicion-de-conde-cuert-infantil-en-aranes\/#primaryimage\"},\"thumbnailUrl\":\"https:\/\/www.nautaran.org\/wp-content\/uploads\/2025\/12\/condeiuern25-26-819x1024.png\",\"datePublished\":\"2025-12-17T10:58:01+00:00\",\"dateModified\":\"2025-12-17T11:02:39+00:00\",\"author\":{\"@id\":\"https:\/\/www.nautaran.org\/#\/schema\/person\/8f71607aa003085aff1dc4f2a168f26b\"},\"breadcrumb\":{\"@id\":\"https:\/\/www.nautaran.org\/ca\/anuncis\/conde-diuern-2025-26-3a-edicion-de-conde-cuert-infantil-en-aranes\/#breadcrumb\"},\"inLanguage\":\"ca-ES\",\"potentialAction\":[{\"@type\":\"ReadAction\",\"target\":[\"https:\/\/www.nautaran.org\/ca\/anuncis\/conde-diuern-2025-26-3a-edicion-de-conde-cuert-infantil-en-aranes\/\"]}]},{\"@type\":\"ImageObject\",\"inLanguage\":\"ca-ES\",\"@id\":\"https:\/\/www.nautaran.org\/ca\/anuncis\/conde-diuern-2025-26-3a-edicion-de-conde-cuert-infantil-en-aranes\/#primaryimage\",\"url\":\"https:\/\/www.nautaran.org\/wp-content\/uploads\/2025\/12\/condeiuern25-26-819x1024.png\",\"contentUrl\":\"https:\/\/www.nautaran.org\/wp-content\/uploads\/2025\/12\/condeiuern25-26-819x1024.png\"},{\"@type\":\"BreadcrumbList\",\"@id\":\"https:\/\/www.nautaran.org\/ca\/anuncis\/conde-diuern-2025-26-3a-edicion-de-conde-cuert-infantil-en-aranes\/#breadcrumb\",\"itemListElement\":[{\"@type\":\"ListItem\",\"position\":1,\"name\":\"Portada\",\"item\":\"https:\/\/www.nautaran.org\/ca\/home-2\/\"},{\"@type\":\"ListItem\",\"position\":2,\"name\":\"\\\"CONDE D\u2019IU\u00c8RN\\\" 2025-26 3\u00aa Edici\u00f3 de conte curt infantil en aran\u00e9s.\"}]},{\"@type\":\"WebSite\",\"@id\":\"https:\/\/www.nautaran.org\/#website\",\"url\":\"https:\/\/www.nautaran.org\/\",\"name\":\"Ajuntament de Naut Aran\",\"description\":\"Naut Aran\",\"potentialAction\":[{\"@type\":\"SearchAction\",\"target\":{\"@type\":\"EntryPoint\",\"urlTemplate\":\"https:\/\/www.nautaran.org\/?s={search_term_string}\"},\"query-input\":{\"@type\":\"PropertyValueSpecification\",\"valueRequired\":true,\"valueName\":\"search_term_string\"}}],\"inLanguage\":\"ca-ES\"},{\"@type\":\"Person\",\"@id\":\"https:\/\/www.nautaran.org\/#\/schema\/person\/8f71607aa003085aff1dc4f2a168f26b\",\"name\":\"informatica\",\"image\":{\"@type\":\"ImageObject\",\"inLanguage\":\"ca-ES\",\"@id\":\"https:\/\/www.nautaran.org\/#\/schema\/person\/image\/\",\"url\":\"https:\/\/secure.gravatar.com\/avatar\/9f3f085cca4a986cfc788ecd854bd494076bc935f40d8232c246acb379688023?s=96&d=mm&r=g\",\"contentUrl\":\"https:\/\/secure.gravatar.com\/avatar\/9f3f085cca4a986cfc788ecd854bd494076bc935f40d8232c246acb379688023?s=96&d=mm&r=g\",\"caption\":\"informatica\"},\"url\":\"https:\/\/www.nautaran.org\/ca\/author\/informatica\/\"}]}<\/script>\n<!-- \/ Yoast SEO plugin. -->","yoast_head_json":{"title":"\"CONDE D\u2019IU\u00c8RN\" 2025-26 3\u00aa Edici\u00f3 de conte curt infantil en aran\u00e9s. - Ajuntament de Naut Aran","robots":{"index":"index","follow":"follow","max-snippet":"max-snippet:-1","max-image-preview":"max-image-preview:large","max-video-preview":"max-video-preview:-1"},"canonical":"https:\/\/www.nautaran.org\/ca\/anuncis\/conde-diuern-2025-26-3a-edicion-de-conde-cuert-infantil-en-aranes\/","og_locale":"ca_ES","og_type":"article","og_title":"\"CONDE D\u2019IU\u00c8RN\" 2025-26 3\u00aa Edici\u00f3 de conte curt infantil en aran\u00e9s. - Ajuntament de Naut Aran","og_description":"La Biblioteca Municipal de Salard\u00fa i l\u2019Ajuntament de Naut Aran convoquen la tercera edici\u00f3 del Conte d\u2019Hivern, que t\u00e9 com a objectiu promoure la creaci\u00f3 liter\u00e0ria en aran\u00e8s entre la mainada, mitjan\u00e7ant el format de c\u00f2mic. G\u00e8nere: c\u00f2mic. Edici\u00f3: Tercera edici\u00f3 oberta a nens i nenes de 8 a 16 anys. Premi: Guanyador 150 euros. [&hellip;]","og_url":"https:\/\/www.nautaran.org\/ca\/anuncis\/conde-diuern-2025-26-3a-edicion-de-conde-cuert-infantil-en-aranes\/","og_site_name":"Ajuntament de Naut Aran","article_published_time":"2025-12-17T10:58:01+00:00","article_modified_time":"2025-12-17T11:02:39+00:00","og_image":[{"url":"https:\/\/www.nautaran.org\/wp-content\/uploads\/2025\/12\/condeiuern25-26-819x1024.png","type":"","width":"","height":""}],"author":"informatica","twitter_card":"summary_large_image","twitter_misc":{"Written by":"informatica","Est. reading time":"2 minutes"},"schema":{"@context":"https:\/\/schema.org","@graph":[{"@type":"Article","@id":"https:\/\/www.nautaran.org\/ca\/anuncis\/conde-diuern-2025-26-3a-edicion-de-conde-cuert-infantil-en-aranes\/#article","isPartOf":{"@id":"https:\/\/www.nautaran.org\/ca\/anuncis\/conde-diuern-2025-26-3a-edicion-de-conde-cuert-infantil-en-aranes\/"},"author":{"name":"informatica","@id":"https:\/\/www.nautaran.org\/#\/schema\/person\/8f71607aa003085aff1dc4f2a168f26b"},"headline":"&#8220;CONDE D\u2019IU\u00c8RN&#8221; 2025-26 3\u00aa Edici\u00f3 de conte curt infantil en aran\u00e9s.","datePublished":"2025-12-17T10:58:01+00:00","dateModified":"2025-12-17T11:02:39+00:00","mainEntityOfPage":{"@id":"https:\/\/www.nautaran.org\/ca\/anuncis\/conde-diuern-2025-26-3a-edicion-de-conde-cuert-infantil-en-aranes\/"},"wordCount":402,"image":{"@id":"https:\/\/www.nautaran.org\/ca\/anuncis\/conde-diuern-2025-26-3a-edicion-de-conde-cuert-infantil-en-aranes\/#primaryimage"},"thumbnailUrl":"https:\/\/www.nautaran.org\/wp-content\/uploads\/2025\/12\/condeiuern25-26-819x1024.png","articleSection":["Anuncis"],"inLanguage":"ca-ES"},{"@type":"WebPage","@id":"https:\/\/www.nautaran.org\/ca\/anuncis\/conde-diuern-2025-26-3a-edicion-de-conde-cuert-infantil-en-aranes\/","url":"https:\/\/www.nautaran.org\/ca\/anuncis\/conde-diuern-2025-26-3a-edicion-de-conde-cuert-infantil-en-aranes\/","name":"\"CONDE D\u2019IU\u00c8RN\" 2025-26 3\u00aa Edici\u00f3 de conte curt infantil en aran\u00e9s. - Ajuntament de Naut Aran","isPartOf":{"@id":"https:\/\/www.nautaran.org\/#website"},"primaryImageOfPage":{"@id":"https:\/\/www.nautaran.org\/ca\/anuncis\/conde-diuern-2025-26-3a-edicion-de-conde-cuert-infantil-en-aranes\/#primaryimage"},"image":{"@id":"https:\/\/www.nautaran.org\/ca\/anuncis\/conde-diuern-2025-26-3a-edicion-de-conde-cuert-infantil-en-aranes\/#primaryimage"},"thumbnailUrl":"https:\/\/www.nautaran.org\/wp-content\/uploads\/2025\/12\/condeiuern25-26-819x1024.png","datePublished":"2025-12-17T10:58:01+00:00","dateModified":"2025-12-17T11:02:39+00:00","author":{"@id":"https:\/\/www.nautaran.org\/#\/schema\/person\/8f71607aa003085aff1dc4f2a168f26b"},"breadcrumb":{"@id":"https:\/\/www.nautaran.org\/ca\/anuncis\/conde-diuern-2025-26-3a-edicion-de-conde-cuert-infantil-en-aranes\/#breadcrumb"},"inLanguage":"ca-ES","potentialAction":[{"@type":"ReadAction","target":["https:\/\/www.nautaran.org\/ca\/anuncis\/conde-diuern-2025-26-3a-edicion-de-conde-cuert-infantil-en-aranes\/"]}]},{"@type":"ImageObject","inLanguage":"ca-ES","@id":"https:\/\/www.nautaran.org\/ca\/anuncis\/conde-diuern-2025-26-3a-edicion-de-conde-cuert-infantil-en-aranes\/#primaryimage","url":"https:\/\/www.nautaran.org\/wp-content\/uploads\/2025\/12\/condeiuern25-26-819x1024.png","contentUrl":"https:\/\/www.nautaran.org\/wp-content\/uploads\/2025\/12\/condeiuern25-26-819x1024.png"},{"@type":"BreadcrumbList","@id":"https:\/\/www.nautaran.org\/ca\/anuncis\/conde-diuern-2025-26-3a-edicion-de-conde-cuert-infantil-en-aranes\/#breadcrumb","itemListElement":[{"@type":"ListItem","position":1,"name":"Portada","item":"https:\/\/www.nautaran.org\/ca\/home-2\/"},{"@type":"ListItem","position":2,"name":"\"CONDE D\u2019IU\u00c8RN\" 2025-26 3\u00aa Edici\u00f3 de conte curt infantil en aran\u00e9s."}]},{"@type":"WebSite","@id":"https:\/\/www.nautaran.org\/#website","url":"https:\/\/www.nautaran.org\/","name":"Ajuntament de Naut Aran","description":"Naut Aran","potentialAction":[{"@type":"SearchAction","target":{"@type":"EntryPoint","urlTemplate":"https:\/\/www.nautaran.org\/?s={search_term_string}"},"query-input":{"@type":"PropertyValueSpecification","valueRequired":true,"valueName":"search_term_string"}}],"inLanguage":"ca-ES"},{"@type":"Person","@id":"https:\/\/www.nautaran.org\/#\/schema\/person\/8f71607aa003085aff1dc4f2a168f26b","name":"informatica","image":{"@type":"ImageObject","inLanguage":"ca-ES","@id":"https:\/\/www.nautaran.org\/#\/schema\/person\/image\/","url":"https:\/\/secure.gravatar.com\/avatar\/9f3f085cca4a986cfc788ecd854bd494076bc935f40d8232c246acb379688023?s=96&d=mm&r=g","contentUrl":"https:\/\/secure.gravatar.com\/avatar\/9f3f085cca4a986cfc788ecd854bd494076bc935f40d8232c246acb379688023?s=96&d=mm&r=g","caption":"informatica"},"url":"https:\/\/www.nautaran.org\/ca\/author\/informatica\/"}]}},"_links":{"self":[{"href":"https:\/\/www.nautaran.org\/ca\/wp-json\/wp\/v2\/posts\/25186","targetHints":{"allow":["GET"]}}],"collection":[{"href":"https:\/\/www.nautaran.org\/ca\/wp-json\/wp\/v2\/posts"}],"about":[{"href":"https:\/\/www.nautaran.org\/ca\/wp-json\/wp\/v2\/types\/post"}],"author":[{"embeddable":true,"href":"https:\/\/www.nautaran.org\/ca\/wp-json\/wp\/v2\/users\/6"}],"replies":[{"embeddable":true,"href":"https:\/\/www.nautaran.org\/ca\/wp-json\/wp\/v2\/comments?post=25186"}],"version-history":[{"count":4,"href":"https:\/\/www.nautaran.org\/ca\/wp-json\/wp\/v2\/posts\/25186\/revisions"}],"predecessor-version":[{"id":25199,"href":"https:\/\/www.nautaran.org\/ca\/wp-json\/wp\/v2\/posts\/25186\/revisions\/25199"}],"wp:attachment":[{"href":"https:\/\/www.nautaran.org\/ca\/wp-json\/wp\/v2\/media?parent=25186"}],"wp:term":[{"taxonomy":"category","embeddable":true,"href":"https:\/\/www.nautaran.org\/ca\/wp-json\/wp\/v2\/categories?post=25186"},{"taxonomy":"post_tag","embeddable":true,"href":"https:\/\/www.nautaran.org\/ca\/wp-json\/wp\/v2\/tags?post=25186"}],"curies":[{"name":"wp","href":"https:\/\/api.w.org\/{rel}","templated":true}]}}