{"id":3657,"date":"2020-10-17T12:27:43","date_gmt":"2020-10-17T10:27:43","guid":{"rendered":"https:\/\/www.nautaran.org\/el-ayuntamiento-de-naut-aran-mejora-el-parque-infantil-de-garos\/"},"modified":"2020-10-19T12:40:48","modified_gmt":"2020-10-19T10:40:48","slug":"lajuntament-de-naut-aran-millora-el-parc-infantil-de-garos","status":"publish","type":"post","link":"https:\/\/www.nautaran.org\/ca\/destacat-portada-ca\/lajuntament-de-naut-aran-millora-el-parc-infantil-de-garos\/","title":{"rendered":"L&#8217;Ajuntament de Naut Aran millora el parc infantil de Gar\u00f2s"},"content":{"rendered":"<p>Dins de les actuacions previstes en mat\u00e8ria social i joventut, l&#8217;Ajuntament de Naut Aran, ha creat amb un pressupost de 6000 euros, un s\u00f2l de 100m2 amb una base de formig\u00f3 i cautx\u00fa al parc infantil de Gar\u00f2s per millorar l&#8217;experi\u00e8ncia de les nenes i nens que vulguin gaudir-lo.<\/p>\n<p>L&#8217;objectiu del consistori amb aquesta acci\u00f3, \u00e9s la de protegir d&#8217;una forma m\u00e9s eficient als petits que utilitzen aquestes instal\u00b7lacions perqu\u00e8 si cauen al terra mentre usen la tirolina, el tobogan o altres gronxadors podien fer-se mal.<\/p>\n<p><img loading=\"lazy\" decoding=\"async\" class=\"aligncenter size-full wp-image-3622\" src=\"https:\/\/www.nautaran.org\/wp-content\/uploads\/2020\/10\/IMG_6757.jpg\" alt=\"\" width=\"4032\" height=\"3024\" srcset=\"https:\/\/www.nautaran.org\/wp-content\/uploads\/2020\/10\/IMG_6757.jpg 4032w, https:\/\/www.nautaran.org\/wp-content\/uploads\/2020\/10\/IMG_6757-1280x960.jpg 1280w, https:\/\/www.nautaran.org\/wp-content\/uploads\/2020\/10\/IMG_6757-980x735.jpg 980w, https:\/\/www.nautaran.org\/wp-content\/uploads\/2020\/10\/IMG_6757-480x360.jpg 480w\" sizes=\"auto, (min-width: 0px) and (max-width: 480px) 480px, (min-width: 481px) and (max-width: 980px) 980px, (min-width: 981px) and (max-width: 1280px) 1280px, (min-width: 1281px) 4032px, 100vw\" \/><\/p>\n<p>A m\u00e9s, i segons explica l&#8217;alcalde, Cesar Ruiz-Canela, \u201cuna de les grans problem\u00e0tiques que tenia aquest parc era que, quan plovia, es feien tolls molt grans i impossibilitava que es pogu\u00e9s fer \u00fas d&#8217;aquest espai. Els nens no podien jugar i era un fet que hav\u00edem de solucionar\u201d.<\/p>\n<p>Aix\u00ed mateix, des de l&#8217;ajuntament s&#8217;ha tornat a sembrar tota la zona per promocionar els espais verds i seguir amb la tend\u00e8ncia aplicada durant els \u00faltims mesos en qu\u00e8 es pret\u00e9n obtenir la m\u00e0xima distinci\u00f3 possible amb el programa de Viles Florides de Catalunya.<\/p>\n<p><img loading=\"lazy\" decoding=\"async\" class=\"aligncenter size-full wp-image-3619\" src=\"https:\/\/www.nautaran.org\/wp-content\/uploads\/2020\/10\/IMG_6756.jpg\" alt=\"\" width=\"4032\" height=\"3024\" srcset=\"https:\/\/www.nautaran.org\/wp-content\/uploads\/2020\/10\/IMG_6756.jpg 4032w, https:\/\/www.nautaran.org\/wp-content\/uploads\/2020\/10\/IMG_6756-1280x960.jpg 1280w, https:\/\/www.nautaran.org\/wp-content\/uploads\/2020\/10\/IMG_6756-980x735.jpg 980w, https:\/\/www.nautaran.org\/wp-content\/uploads\/2020\/10\/IMG_6756-480x360.jpg 480w\" sizes=\"auto, (min-width: 0px) and (max-width: 480px) 480px, (min-width: 481px) and (max-width: 980px) 980px, (min-width: 981px) and (max-width: 1280px) 1280px, (min-width: 1281px) 4032px, 100vw\" \/><\/p>\n<p>D&#8217;altra banda, davant la nova normativa plantejada des d&#8217;ahir a la tarda per la Generalitat de Catalunya, s&#8217;avisa a tots els ve\u00efns del la Val d&#8217;Aran i visitants del territori que el parc infantil de Gar\u00f2s, i de la resta del municipi romandran oberts des de les 08:00 fins a les 20:00. A partir d\u2019aquella hora, la brigada del consistori desinfectar\u00e0 aquestes instal\u00b7lacions perqu\u00e8 puguin ser utilitzades l&#8217;endem\u00e0.<\/p>\n","protected":false},"excerpt":{"rendered":"<p>Dins de les actuacions previstes en mat\u00e8ria social i joventut, l&#8217;Ajuntament de Naut Aran, ha creat amb un pressupost de 6000 euros, un s\u00f2l de 100m2 amb una base de formig\u00f3 i cautx\u00fa al parc infantil de Gar\u00f2s per millorar l&#8217;experi\u00e8ncia de les nenes i nens que vulguin gaudir-lo. L&#8217;objectiu del consistori amb aquesta acci\u00f3, [&hellip;]<\/p>\n","protected":false},"author":4,"featured_media":3627,"comment_status":"closed","ping_status":"closed","sticky":false,"template":"","format":"standard","meta":{"_acf_changed":false,"_et_pb_use_builder":"","_et_pb_old_content":"","_et_gb_content_width":"","footnotes":""},"categories":[31,32,814,35,40],"tags":[],"class_list":["post-3657","post","type-post","status-publish","format-standard","has-post-thumbnail","hentry","category-destacat-portada-ca","category-noticies","category-noticies-poble-garos","category-accio-social","category-infraestructures"],"acf":[],"yoast_head":"<!-- This site is optimized with the Yoast SEO plugin v26.8 - https:\/\/yoast.com\/product\/yoast-seo-wordpress\/ -->\n<title>L&#039;Ajuntament de Naut Aran millora el parc infantil de Gar\u00f2s - Ajuntament de Naut Aran<\/title>\n<meta name=\"robots\" content=\"index, follow, max-snippet:-1, max-image-preview:large, max-video-preview:-1\" \/>\n<link rel=\"canonical\" href=\"https:\/\/www.nautaran.org\/ca\/destacat-portada-ca\/lajuntament-de-naut-aran-millora-el-parc-infantil-de-garos\/\" \/>\n<meta property=\"og:locale\" content=\"ca_ES\" \/>\n<meta property=\"og:type\" content=\"article\" \/>\n<meta property=\"og:title\" content=\"L&#039;Ajuntament de Naut Aran millora el parc infantil de Gar\u00f2s - Ajuntament de Naut Aran\" \/>\n<meta property=\"og:description\" content=\"Dins de les actuacions previstes en mat\u00e8ria social i joventut, l&#8217;Ajuntament de Naut Aran, ha creat amb un pressupost de 6000 euros, un s\u00f2l de 100m2 amb una base de formig\u00f3 i cautx\u00fa al parc infantil de Gar\u00f2s per millorar l&#8217;experi\u00e8ncia de les nenes i nens que vulguin gaudir-lo. L&#8217;objectiu del consistori amb aquesta acci\u00f3, [&hellip;]\" \/>\n<meta property=\"og:url\" content=\"https:\/\/www.nautaran.org\/ca\/destacat-portada-ca\/lajuntament-de-naut-aran-millora-el-parc-infantil-de-garos\/\" \/>\n<meta property=\"og:site_name\" content=\"Ajuntament de Naut Aran\" \/>\n<meta property=\"article:published_time\" content=\"2020-10-17T10:27:43+00:00\" \/>\n<meta property=\"article:modified_time\" content=\"2020-10-19T10:40:48+00:00\" \/>\n<meta property=\"og:image\" content=\"https:\/\/www.nautaran.org\/wp-content\/uploads\/2020\/10\/IMG_6758-1024x768.jpg\" \/>\n\t<meta property=\"og:image:width\" content=\"1024\" \/>\n\t<meta property=\"og:image:height\" content=\"768\" \/>\n\t<meta property=\"og:image:type\" content=\"image\/jpeg\" \/>\n<meta name=\"author\" content=\"nautaran\" \/>\n<meta name=\"twitter:card\" content=\"summary_large_image\" \/>\n<meta name=\"twitter:label1\" content=\"Written by\" \/>\n\t<meta name=\"twitter:data1\" content=\"nautaran\" \/>\n\t<meta name=\"twitter:label2\" content=\"Est. reading time\" \/>\n\t<meta name=\"twitter:data2\" content=\"1 minute\" \/>\n<script type=\"application\/ld+json\" class=\"yoast-schema-graph\">{\"@context\":\"https:\/\/schema.org\",\"@graph\":[{\"@type\":\"Article\",\"@id\":\"https:\/\/www.nautaran.org\/ca\/destacat-portada-ca\/lajuntament-de-naut-aran-millora-el-parc-infantil-de-garos\/#article\",\"isPartOf\":{\"@id\":\"https:\/\/www.nautaran.org\/ca\/destacat-portada-ca\/lajuntament-de-naut-aran-millora-el-parc-infantil-de-garos\/\"},\"author\":{\"name\":\"nautaran\",\"@id\":\"https:\/\/www.nautaran.org\/#\/schema\/person\/d1534bc0cff9cbd7d1b5cfc12e946a35\"},\"headline\":\"L&#8217;Ajuntament de Naut Aran millora el parc infantil de Gar\u00f2s\",\"datePublished\":\"2020-10-17T10:27:43+00:00\",\"dateModified\":\"2020-10-19T10:40:48+00:00\",\"mainEntityOfPage\":{\"@id\":\"https:\/\/www.nautaran.org\/ca\/destacat-portada-ca\/lajuntament-de-naut-aran-millora-el-parc-infantil-de-garos\/\"},\"wordCount\":285,\"image\":{\"@id\":\"https:\/\/www.nautaran.org\/ca\/destacat-portada-ca\/lajuntament-de-naut-aran-millora-el-parc-infantil-de-garos\/#primaryimage\"},\"thumbnailUrl\":\"https:\/\/www.nautaran.org\/wp-content\/uploads\/2020\/10\/IMG_6758.jpg\",\"articleSection\":[\"Destacat portada\",\"Not\u00edcies\",\"Noticies Poble Gar\u00f2s\",\"Not\u00edcies | Acci\u00f3 social\",\"Not\u00edcies | Infraestructures\"],\"inLanguage\":\"ca-ES\"},{\"@type\":\"WebPage\",\"@id\":\"https:\/\/www.nautaran.org\/ca\/destacat-portada-ca\/lajuntament-de-naut-aran-millora-el-parc-infantil-de-garos\/\",\"url\":\"https:\/\/www.nautaran.org\/ca\/destacat-portada-ca\/lajuntament-de-naut-aran-millora-el-parc-infantil-de-garos\/\",\"name\":\"L'Ajuntament de Naut Aran millora el parc infantil de Gar\u00f2s - Ajuntament de Naut Aran\",\"isPartOf\":{\"@id\":\"https:\/\/www.nautaran.org\/#website\"},\"primaryImageOfPage\":{\"@id\":\"https:\/\/www.nautaran.org\/ca\/destacat-portada-ca\/lajuntament-de-naut-aran-millora-el-parc-infantil-de-garos\/#primaryimage\"},\"image\":{\"@id\":\"https:\/\/www.nautaran.org\/ca\/destacat-portada-ca\/lajuntament-de-naut-aran-millora-el-parc-infantil-de-garos\/#primaryimage\"},\"thumbnailUrl\":\"https:\/\/www.nautaran.org\/wp-content\/uploads\/2020\/10\/IMG_6758.jpg\",\"datePublished\":\"2020-10-17T10:27:43+00:00\",\"dateModified\":\"2020-10-19T10:40:48+00:00\",\"author\":{\"@id\":\"https:\/\/www.nautaran.org\/#\/schema\/person\/d1534bc0cff9cbd7d1b5cfc12e946a35\"},\"breadcrumb\":{\"@id\":\"https:\/\/www.nautaran.org\/ca\/destacat-portada-ca\/lajuntament-de-naut-aran-millora-el-parc-infantil-de-garos\/#breadcrumb\"},\"inLanguage\":\"ca-ES\",\"potentialAction\":[{\"@type\":\"ReadAction\",\"target\":[\"https:\/\/www.nautaran.org\/ca\/destacat-portada-ca\/lajuntament-de-naut-aran-millora-el-parc-infantil-de-garos\/\"]}]},{\"@type\":\"ImageObject\",\"inLanguage\":\"ca-ES\",\"@id\":\"https:\/\/www.nautaran.org\/ca\/destacat-portada-ca\/lajuntament-de-naut-aran-millora-el-parc-infantil-de-garos\/#primaryimage\",\"url\":\"https:\/\/www.nautaran.org\/wp-content\/uploads\/2020\/10\/IMG_6758.jpg\",\"contentUrl\":\"https:\/\/www.nautaran.org\/wp-content\/uploads\/2020\/10\/IMG_6758.jpg\",\"width\":4032,\"height\":3024},{\"@type\":\"BreadcrumbList\",\"@id\":\"https:\/\/www.nautaran.org\/ca\/destacat-portada-ca\/lajuntament-de-naut-aran-millora-el-parc-infantil-de-garos\/#breadcrumb\",\"itemListElement\":[{\"@type\":\"ListItem\",\"position\":1,\"name\":\"Portada\",\"item\":\"https:\/\/www.nautaran.org\/ca\/home-2\/\"},{\"@type\":\"ListItem\",\"position\":2,\"name\":\"L&#8217;Ajuntament de Naut Aran millora el parc infantil de Gar\u00f2s\"}]},{\"@type\":\"WebSite\",\"@id\":\"https:\/\/www.nautaran.org\/#website\",\"url\":\"https:\/\/www.nautaran.org\/\",\"name\":\"Ajuntament de Naut Aran\",\"description\":\"Naut Aran\",\"potentialAction\":[{\"@type\":\"SearchAction\",\"target\":{\"@type\":\"EntryPoint\",\"urlTemplate\":\"https:\/\/www.nautaran.org\/?s={search_term_string}\"},\"query-input\":{\"@type\":\"PropertyValueSpecification\",\"valueRequired\":true,\"valueName\":\"search_term_string\"}}],\"inLanguage\":\"ca-ES\"},{\"@type\":\"Person\",\"@id\":\"https:\/\/www.nautaran.org\/#\/schema\/person\/d1534bc0cff9cbd7d1b5cfc12e946a35\",\"name\":\"nautaran\",\"image\":{\"@type\":\"ImageObject\",\"inLanguage\":\"ca-ES\",\"@id\":\"https:\/\/www.nautaran.org\/#\/schema\/person\/image\/\",\"url\":\"https:\/\/secure.gravatar.com\/avatar\/80a09b1f8ae692a4acce17816a6597a844f3f59cda069b47a176c85e26e41c03?s=96&d=mm&r=g\",\"contentUrl\":\"https:\/\/secure.gravatar.com\/avatar\/80a09b1f8ae692a4acce17816a6597a844f3f59cda069b47a176c85e26e41c03?s=96&d=mm&r=g\",\"caption\":\"nautaran\"},\"url\":\"https:\/\/www.nautaran.org\/ca\/author\/nautaran\/\"}]}<\/script>\n<!-- \/ Yoast SEO plugin. -->","yoast_head_json":{"title":"L'Ajuntament de Naut Aran millora el parc infantil de Gar\u00f2s - Ajuntament de Naut Aran","robots":{"index":"index","follow":"follow","max-snippet":"max-snippet:-1","max-image-preview":"max-image-preview:large","max-video-preview":"max-video-preview:-1"},"canonical":"https:\/\/www.nautaran.org\/ca\/destacat-portada-ca\/lajuntament-de-naut-aran-millora-el-parc-infantil-de-garos\/","og_locale":"ca_ES","og_type":"article","og_title":"L'Ajuntament de Naut Aran millora el parc infantil de Gar\u00f2s - Ajuntament de Naut Aran","og_description":"Dins de les actuacions previstes en mat\u00e8ria social i joventut, l&#8217;Ajuntament de Naut Aran, ha creat amb un pressupost de 6000 euros, un s\u00f2l de 100m2 amb una base de formig\u00f3 i cautx\u00fa al parc infantil de Gar\u00f2s per millorar l&#8217;experi\u00e8ncia de les nenes i nens que vulguin gaudir-lo. L&#8217;objectiu del consistori amb aquesta acci\u00f3, [&hellip;]","og_url":"https:\/\/www.nautaran.org\/ca\/destacat-portada-ca\/lajuntament-de-naut-aran-millora-el-parc-infantil-de-garos\/","og_site_name":"Ajuntament de Naut Aran","article_published_time":"2020-10-17T10:27:43+00:00","article_modified_time":"2020-10-19T10:40:48+00:00","og_image":[{"width":1024,"height":768,"url":"https:\/\/www.nautaran.org\/wp-content\/uploads\/2020\/10\/IMG_6758-1024x768.jpg","type":"image\/jpeg"}],"author":"nautaran","twitter_card":"summary_large_image","twitter_misc":{"Written by":"nautaran","Est. reading time":"1 minute"},"schema":{"@context":"https:\/\/schema.org","@graph":[{"@type":"Article","@id":"https:\/\/www.nautaran.org\/ca\/destacat-portada-ca\/lajuntament-de-naut-aran-millora-el-parc-infantil-de-garos\/#article","isPartOf":{"@id":"https:\/\/www.nautaran.org\/ca\/destacat-portada-ca\/lajuntament-de-naut-aran-millora-el-parc-infantil-de-garos\/"},"author":{"name":"nautaran","@id":"https:\/\/www.nautaran.org\/#\/schema\/person\/d1534bc0cff9cbd7d1b5cfc12e946a35"},"headline":"L&#8217;Ajuntament de Naut Aran millora el parc infantil de Gar\u00f2s","datePublished":"2020-10-17T10:27:43+00:00","dateModified":"2020-10-19T10:40:48+00:00","mainEntityOfPage":{"@id":"https:\/\/www.nautaran.org\/ca\/destacat-portada-ca\/lajuntament-de-naut-aran-millora-el-parc-infantil-de-garos\/"},"wordCount":285,"image":{"@id":"https:\/\/www.nautaran.org\/ca\/destacat-portada-ca\/lajuntament-de-naut-aran-millora-el-parc-infantil-de-garos\/#primaryimage"},"thumbnailUrl":"https:\/\/www.nautaran.org\/wp-content\/uploads\/2020\/10\/IMG_6758.jpg","articleSection":["Destacat portada","Not\u00edcies","Noticies Poble Gar\u00f2s","Not\u00edcies | Acci\u00f3 social","Not\u00edcies | Infraestructures"],"inLanguage":"ca-ES"},{"@type":"WebPage","@id":"https:\/\/www.nautaran.org\/ca\/destacat-portada-ca\/lajuntament-de-naut-aran-millora-el-parc-infantil-de-garos\/","url":"https:\/\/www.nautaran.org\/ca\/destacat-portada-ca\/lajuntament-de-naut-aran-millora-el-parc-infantil-de-garos\/","name":"L'Ajuntament de Naut Aran millora el parc infantil de Gar\u00f2s - Ajuntament de Naut Aran","isPartOf":{"@id":"https:\/\/www.nautaran.org\/#website"},"primaryImageOfPage":{"@id":"https:\/\/www.nautaran.org\/ca\/destacat-portada-ca\/lajuntament-de-naut-aran-millora-el-parc-infantil-de-garos\/#primaryimage"},"image":{"@id":"https:\/\/www.nautaran.org\/ca\/destacat-portada-ca\/lajuntament-de-naut-aran-millora-el-parc-infantil-de-garos\/#primaryimage"},"thumbnailUrl":"https:\/\/www.nautaran.org\/wp-content\/uploads\/2020\/10\/IMG_6758.jpg","datePublished":"2020-10-17T10:27:43+00:00","dateModified":"2020-10-19T10:40:48+00:00","author":{"@id":"https:\/\/www.nautaran.org\/#\/schema\/person\/d1534bc0cff9cbd7d1b5cfc12e946a35"},"breadcrumb":{"@id":"https:\/\/www.nautaran.org\/ca\/destacat-portada-ca\/lajuntament-de-naut-aran-millora-el-parc-infantil-de-garos\/#breadcrumb"},"inLanguage":"ca-ES","potentialAction":[{"@type":"ReadAction","target":["https:\/\/www.nautaran.org\/ca\/destacat-portada-ca\/lajuntament-de-naut-aran-millora-el-parc-infantil-de-garos\/"]}]},{"@type":"ImageObject","inLanguage":"ca-ES","@id":"https:\/\/www.nautaran.org\/ca\/destacat-portada-ca\/lajuntament-de-naut-aran-millora-el-parc-infantil-de-garos\/#primaryimage","url":"https:\/\/www.nautaran.org\/wp-content\/uploads\/2020\/10\/IMG_6758.jpg","contentUrl":"https:\/\/www.nautaran.org\/wp-content\/uploads\/2020\/10\/IMG_6758.jpg","width":4032,"height":3024},{"@type":"BreadcrumbList","@id":"https:\/\/www.nautaran.org\/ca\/destacat-portada-ca\/lajuntament-de-naut-aran-millora-el-parc-infantil-de-garos\/#breadcrumb","itemListElement":[{"@type":"ListItem","position":1,"name":"Portada","item":"https:\/\/www.nautaran.org\/ca\/home-2\/"},{"@type":"ListItem","position":2,"name":"L&#8217;Ajuntament de Naut Aran millora el parc infantil de Gar\u00f2s"}]},{"@type":"WebSite","@id":"https:\/\/www.nautaran.org\/#website","url":"https:\/\/www.nautaran.org\/","name":"Ajuntament de Naut Aran","description":"Naut Aran","potentialAction":[{"@type":"SearchAction","target":{"@type":"EntryPoint","urlTemplate":"https:\/\/www.nautaran.org\/?s={search_term_string}"},"query-input":{"@type":"PropertyValueSpecification","valueRequired":true,"valueName":"search_term_string"}}],"inLanguage":"ca-ES"},{"@type":"Person","@id":"https:\/\/www.nautaran.org\/#\/schema\/person\/d1534bc0cff9cbd7d1b5cfc12e946a35","name":"nautaran","image":{"@type":"ImageObject","inLanguage":"ca-ES","@id":"https:\/\/www.nautaran.org\/#\/schema\/person\/image\/","url":"https:\/\/secure.gravatar.com\/avatar\/80a09b1f8ae692a4acce17816a6597a844f3f59cda069b47a176c85e26e41c03?s=96&d=mm&r=g","contentUrl":"https:\/\/secure.gravatar.com\/avatar\/80a09b1f8ae692a4acce17816a6597a844f3f59cda069b47a176c85e26e41c03?s=96&d=mm&r=g","caption":"nautaran"},"url":"https:\/\/www.nautaran.org\/ca\/author\/nautaran\/"}]}},"_links":{"self":[{"href":"https:\/\/www.nautaran.org\/ca\/wp-json\/wp\/v2\/posts\/3657","targetHints":{"allow":["GET"]}}],"collection":[{"href":"https:\/\/www.nautaran.org\/ca\/wp-json\/wp\/v2\/posts"}],"about":[{"href":"https:\/\/www.nautaran.org\/ca\/wp-json\/wp\/v2\/types\/post"}],"author":[{"embeddable":true,"href":"https:\/\/www.nautaran.org\/ca\/wp-json\/wp\/v2\/users\/4"}],"replies":[{"embeddable":true,"href":"https:\/\/www.nautaran.org\/ca\/wp-json\/wp\/v2\/comments?post=3657"}],"version-history":[{"count":1,"href":"https:\/\/www.nautaran.org\/ca\/wp-json\/wp\/v2\/posts\/3657\/revisions"}],"predecessor-version":[{"id":3660,"href":"https:\/\/www.nautaran.org\/ca\/wp-json\/wp\/v2\/posts\/3657\/revisions\/3660"}],"wp:featuredmedia":[{"embeddable":true,"href":"https:\/\/www.nautaran.org\/ca\/wp-json\/wp\/v2\/media\/3627"}],"wp:attachment":[{"href":"https:\/\/www.nautaran.org\/ca\/wp-json\/wp\/v2\/media?parent=3657"}],"wp:term":[{"taxonomy":"category","embeddable":true,"href":"https:\/\/www.nautaran.org\/ca\/wp-json\/wp\/v2\/categories?post=3657"},{"taxonomy":"post_tag","embeddable":true,"href":"https:\/\/www.nautaran.org\/ca\/wp-json\/wp\/v2\/tags?post=3657"}],"curies":[{"name":"wp","href":"https:\/\/api.w.org\/{rel}","templated":true}]}}