{"id":5781,"date":"2020-11-03T16:40:41","date_gmt":"2020-11-03T15:40:41","guid":{"rendered":"https:\/\/www.nautaran.org\/la-poblacion-de-gessa-finaliza-las-obras-de-rehabilitacion-de-su-aparcamiento\/"},"modified":"2024-09-05T13:40:49","modified_gmt":"2024-09-05T12:40:49","slug":"la-poblacio-de-gessa-finalitza-les-obres-de-rehabilitacio-del-seu-aparcament","status":"publish","type":"post","link":"https:\/\/www.nautaran.org\/ca\/destacat-portada-ca\/la-poblacio-de-gessa-finalitza-les-obres-de-rehabilitacio-del-seu-aparcament\/","title":{"rendered":"La poblaci\u00f3 de G\u00e8ssa finalitza les obres de rehabilitaci\u00f3 del seu aparcament"},"content":{"rendered":"<p>Aquesta setmana han finalitzat les obres de rehabilitaci\u00f3 de l&#8217;aparcament que hi ha a l&#8217;entrada del poble de G\u00e8ssa, a Naut Aran, i que portaven executant-se des del passat mes de juny. Recordem que l&#8217;anterior projecte estava mal efectuat i hi havia risc d&#8217;esfondrament d&#8217;aquesta estructura. \u00c9s per aix\u00f2, que l&#8217;Entitat Municipal Descentralitzada, ha hagut de centrar els seus esfor\u00e7os a refer tota la zona d&#8217;estacionament.<\/p>\n<p><img loading=\"lazy\" decoding=\"async\" class=\"aligncenter size-full wp-image-5776\" src=\"https:\/\/www.nautaran.org\/wp-content\/uploads\/2020\/11\/parcatge-acabat1.jpg\" alt=\"\" width=\"4032\" height=\"3024\" srcset=\"https:\/\/www.nautaran.org\/wp-content\/uploads\/2020\/11\/parcatge-acabat1.jpg 4032w, https:\/\/www.nautaran.org\/wp-content\/uploads\/2020\/11\/parcatge-acabat1-1280x960.jpg 1280w, https:\/\/www.nautaran.org\/wp-content\/uploads\/2020\/11\/parcatge-acabat1-980x735.jpg 980w, https:\/\/www.nautaran.org\/wp-content\/uploads\/2020\/11\/parcatge-acabat1-480x360.jpg 480w\" sizes=\"auto, (min-width: 0px) and (max-width: 480px) 480px, (min-width: 481px) and (max-width: 980px) 980px, (min-width: 981px) and (max-width: 1280px) 1280px, (min-width: 1281px) 4032px, 100vw\" \/><\/p>\n<p>L&#8217;Ajuntament de Naut Aran va aprovar per urg\u00e8ncia mesos enrere la realitzaci\u00f3 d&#8217;aquestes obres de reparaci\u00f3 amb un cost total de 195.000 euros. Aquestes inclo\u00efen enfortir els murs de 4 metres d&#8217;altura i una extensi\u00f3 de 40 metres lineals perqu\u00e8 s&#8217;havien detectat una s\u00e8rie d&#8217;esquerdes i petits esfondraments a la zona i podia suposar un risc pels vianants i els vehicles que es trobessin aparcats.<\/p>\n<p>Segons Marcos Amiell, alcalde de G\u00e8ssa, \u201caquestes obres eren fonamentals i no es podien retardar ni un minut. Hem pogut solucionar els errors estructurals i, a hores d\u2019ara, podem oferir un estacionament segur als nostres ve\u00efns i persones que ens visiten\u201d.<\/p>\n<p><img loading=\"lazy\" decoding=\"async\" class=\"aligncenter size-full wp-image-5770\" src=\"https:\/\/www.nautaran.org\/wp-content\/uploads\/2020\/11\/parcatge-acabat-2.jpg\" alt=\"\" width=\"4032\" height=\"3024\" srcset=\"https:\/\/www.nautaran.org\/wp-content\/uploads\/2020\/11\/parcatge-acabat-2.jpg 4032w, https:\/\/www.nautaran.org\/wp-content\/uploads\/2020\/11\/parcatge-acabat-2-1280x960.jpg 1280w, https:\/\/www.nautaran.org\/wp-content\/uploads\/2020\/11\/parcatge-acabat-2-980x735.jpg 980w, https:\/\/www.nautaran.org\/wp-content\/uploads\/2020\/11\/parcatge-acabat-2-480x360.jpg 480w\" sizes=\"auto, (min-width: 0px) and (max-width: 480px) 480px, (min-width: 481px) and (max-width: 980px) 980px, (min-width: 981px) and (max-width: 1280px) 1280px, (min-width: 1281px) 4032px, 100vw\" \/><\/p>\n<p>Aix\u00ed mateix, afegeix que \u201chav\u00edem d&#8217;actuar amb celeritat perqu\u00e8 quan estem en plena temporada d&#8217;hivern, el municipi de Naut Aran rep la visita de molts turistes i no pod\u00edem permetre&#8217;ns deixar de tenir un aparcament d\u2019aquestes caracter\u00edstiques\u201d.<\/p>\n<p>Aquesta zona d&#8217;estacionament t\u00e9 un total de 49 places de p\u00e0rquing, dues d&#8217;elles dedicades per a persones amb discapacitat, i dues places apart destinades pel nou punt de recarrega el\u00e8ctrica.<\/p>\n","protected":false},"excerpt":{"rendered":"<p>Aquesta setmana han finalitzat les obres de rehabilitaci\u00f3 de l&#8217;aparcament que hi ha a l&#8217;entrada del poble de G\u00e8ssa, a Naut Aran, i que portaven executant-se des del passat mes de juny. Recordem que l&#8217;anterior projecte estava mal efectuat i hi havia risc d&#8217;esfondrament d&#8217;aquesta estructura. \u00c9s per aix\u00f2, que l&#8217;Entitat Municipal Descentralitzada, ha hagut [&hellip;]<\/p>\n","protected":false},"author":4,"featured_media":5775,"comment_status":"closed","ping_status":"closed","sticky":false,"template":"","format":"standard","meta":{"_acf_changed":false,"_et_pb_use_builder":"","_et_pb_old_content":"","_et_gb_content_width":"","footnotes":""},"categories":[31,32,816,35,40,44],"tags":[],"class_list":["post-5781","post","type-post","status-publish","format-standard","has-post-thumbnail","hentry","category-destacat-portada-ca","category-noticies","category-noticies-poble-gessa","category-accio-social","category-infraestructures","category-turisme"],"acf":[],"yoast_head":"<!-- This site is optimized with the Yoast SEO plugin v26.8 - https:\/\/yoast.com\/product\/yoast-seo-wordpress\/ -->\n<title>La poblaci\u00f3 de G\u00e8ssa finalitza les obres de rehabilitaci\u00f3 del seu aparcament - Ajuntament de Naut Aran<\/title>\n<meta name=\"robots\" content=\"index, follow, max-snippet:-1, max-image-preview:large, max-video-preview:-1\" \/>\n<link rel=\"canonical\" href=\"https:\/\/www.nautaran.org\/ca\/destacat-portada-ca\/la-poblacio-de-gessa-finalitza-les-obres-de-rehabilitacio-del-seu-aparcament\/\" \/>\n<meta property=\"og:locale\" content=\"ca_ES\" \/>\n<meta property=\"og:type\" content=\"article\" \/>\n<meta property=\"og:title\" content=\"La poblaci\u00f3 de G\u00e8ssa finalitza les obres de rehabilitaci\u00f3 del seu aparcament - Ajuntament de Naut Aran\" \/>\n<meta property=\"og:description\" content=\"Aquesta setmana han finalitzat les obres de rehabilitaci\u00f3 de l&#8217;aparcament que hi ha a l&#8217;entrada del poble de G\u00e8ssa, a Naut Aran, i que portaven executant-se des del passat mes de juny. Recordem que l&#8217;anterior projecte estava mal efectuat i hi havia risc d&#8217;esfondrament d&#8217;aquesta estructura. \u00c9s per aix\u00f2, que l&#8217;Entitat Municipal Descentralitzada, ha hagut [&hellip;]\" \/>\n<meta property=\"og:url\" content=\"https:\/\/www.nautaran.org\/ca\/destacat-portada-ca\/la-poblacio-de-gessa-finalitza-les-obres-de-rehabilitacio-del-seu-aparcament\/\" \/>\n<meta property=\"og:site_name\" content=\"Ajuntament de Naut Aran\" \/>\n<meta property=\"article:published_time\" content=\"2020-11-03T15:40:41+00:00\" \/>\n<meta property=\"article:modified_time\" content=\"2024-09-05T12:40:49+00:00\" \/>\n<meta property=\"og:image\" content=\"https:\/\/www.nautaran.org\/wp-content\/uploads\/2020\/11\/parcatge-acabat-3-1024x768.jpg\" \/>\n\t<meta property=\"og:image:width\" content=\"1024\" \/>\n\t<meta property=\"og:image:height\" content=\"768\" \/>\n\t<meta property=\"og:image:type\" content=\"image\/jpeg\" \/>\n<meta name=\"author\" content=\"nautaran\" \/>\n<meta name=\"twitter:card\" content=\"summary_large_image\" \/>\n<meta name=\"twitter:label1\" content=\"Written by\" \/>\n\t<meta name=\"twitter:data1\" content=\"nautaran\" \/>\n\t<meta name=\"twitter:label2\" content=\"Est. reading time\" \/>\n\t<meta name=\"twitter:data2\" content=\"1 minute\" \/>\n<script type=\"application\/ld+json\" class=\"yoast-schema-graph\">{\"@context\":\"https:\/\/schema.org\",\"@graph\":[{\"@type\":\"Article\",\"@id\":\"https:\/\/www.nautaran.org\/ca\/destacat-portada-ca\/la-poblacio-de-gessa-finalitza-les-obres-de-rehabilitacio-del-seu-aparcament\/#article\",\"isPartOf\":{\"@id\":\"https:\/\/www.nautaran.org\/ca\/destacat-portada-ca\/la-poblacio-de-gessa-finalitza-les-obres-de-rehabilitacio-del-seu-aparcament\/\"},\"author\":{\"name\":\"nautaran\",\"@id\":\"https:\/\/www.nautaran.org\/#\/schema\/person\/d1534bc0cff9cbd7d1b5cfc12e946a35\"},\"headline\":\"La poblaci\u00f3 de G\u00e8ssa finalitza les obres de rehabilitaci\u00f3 del seu aparcament\",\"datePublished\":\"2020-11-03T15:40:41+00:00\",\"dateModified\":\"2024-09-05T12:40:49+00:00\",\"mainEntityOfPage\":{\"@id\":\"https:\/\/www.nautaran.org\/ca\/destacat-portada-ca\/la-poblacio-de-gessa-finalitza-les-obres-de-rehabilitacio-del-seu-aparcament\/\"},\"wordCount\":279,\"image\":{\"@id\":\"https:\/\/www.nautaran.org\/ca\/destacat-portada-ca\/la-poblacio-de-gessa-finalitza-les-obres-de-rehabilitacio-del-seu-aparcament\/#primaryimage\"},\"thumbnailUrl\":\"https:\/\/www.nautaran.org\/wp-content\/uploads\/2020\/11\/parcatge-acabat-3.jpg\",\"articleSection\":[\"Destacat portada\",\"Not\u00edcies\",\"Noticies Poble Gessa\",\"Not\u00edcies | Acci\u00f3 social\",\"Not\u00edcies | Infraestructures\",\"Not\u00edcies | Turisme\"],\"inLanguage\":\"ca-ES\"},{\"@type\":\"WebPage\",\"@id\":\"https:\/\/www.nautaran.org\/ca\/destacat-portada-ca\/la-poblacio-de-gessa-finalitza-les-obres-de-rehabilitacio-del-seu-aparcament\/\",\"url\":\"https:\/\/www.nautaran.org\/ca\/destacat-portada-ca\/la-poblacio-de-gessa-finalitza-les-obres-de-rehabilitacio-del-seu-aparcament\/\",\"name\":\"La poblaci\u00f3 de G\u00e8ssa finalitza les obres de rehabilitaci\u00f3 del seu aparcament - Ajuntament de Naut Aran\",\"isPartOf\":{\"@id\":\"https:\/\/www.nautaran.org\/#website\"},\"primaryImageOfPage\":{\"@id\":\"https:\/\/www.nautaran.org\/ca\/destacat-portada-ca\/la-poblacio-de-gessa-finalitza-les-obres-de-rehabilitacio-del-seu-aparcament\/#primaryimage\"},\"image\":{\"@id\":\"https:\/\/www.nautaran.org\/ca\/destacat-portada-ca\/la-poblacio-de-gessa-finalitza-les-obres-de-rehabilitacio-del-seu-aparcament\/#primaryimage\"},\"thumbnailUrl\":\"https:\/\/www.nautaran.org\/wp-content\/uploads\/2020\/11\/parcatge-acabat-3.jpg\",\"datePublished\":\"2020-11-03T15:40:41+00:00\",\"dateModified\":\"2024-09-05T12:40:49+00:00\",\"author\":{\"@id\":\"https:\/\/www.nautaran.org\/#\/schema\/person\/d1534bc0cff9cbd7d1b5cfc12e946a35\"},\"breadcrumb\":{\"@id\":\"https:\/\/www.nautaran.org\/ca\/destacat-portada-ca\/la-poblacio-de-gessa-finalitza-les-obres-de-rehabilitacio-del-seu-aparcament\/#breadcrumb\"},\"inLanguage\":\"ca-ES\",\"potentialAction\":[{\"@type\":\"ReadAction\",\"target\":[\"https:\/\/www.nautaran.org\/ca\/destacat-portada-ca\/la-poblacio-de-gessa-finalitza-les-obres-de-rehabilitacio-del-seu-aparcament\/\"]}]},{\"@type\":\"ImageObject\",\"inLanguage\":\"ca-ES\",\"@id\":\"https:\/\/www.nautaran.org\/ca\/destacat-portada-ca\/la-poblacio-de-gessa-finalitza-les-obres-de-rehabilitacio-del-seu-aparcament\/#primaryimage\",\"url\":\"https:\/\/www.nautaran.org\/wp-content\/uploads\/2020\/11\/parcatge-acabat-3.jpg\",\"contentUrl\":\"https:\/\/www.nautaran.org\/wp-content\/uploads\/2020\/11\/parcatge-acabat-3.jpg\",\"width\":4032,\"height\":3024},{\"@type\":\"BreadcrumbList\",\"@id\":\"https:\/\/www.nautaran.org\/ca\/destacat-portada-ca\/la-poblacio-de-gessa-finalitza-les-obres-de-rehabilitacio-del-seu-aparcament\/#breadcrumb\",\"itemListElement\":[{\"@type\":\"ListItem\",\"position\":1,\"name\":\"Portada\",\"item\":\"https:\/\/www.nautaran.org\/ca\/home-2\/\"},{\"@type\":\"ListItem\",\"position\":2,\"name\":\"La poblaci\u00f3 de G\u00e8ssa finalitza les obres de rehabilitaci\u00f3 del seu aparcament\"}]},{\"@type\":\"WebSite\",\"@id\":\"https:\/\/www.nautaran.org\/#website\",\"url\":\"https:\/\/www.nautaran.org\/\",\"name\":\"Ajuntament de Naut Aran\",\"description\":\"Naut Aran\",\"potentialAction\":[{\"@type\":\"SearchAction\",\"target\":{\"@type\":\"EntryPoint\",\"urlTemplate\":\"https:\/\/www.nautaran.org\/?s={search_term_string}\"},\"query-input\":{\"@type\":\"PropertyValueSpecification\",\"valueRequired\":true,\"valueName\":\"search_term_string\"}}],\"inLanguage\":\"ca-ES\"},{\"@type\":\"Person\",\"@id\":\"https:\/\/www.nautaran.org\/#\/schema\/person\/d1534bc0cff9cbd7d1b5cfc12e946a35\",\"name\":\"nautaran\",\"image\":{\"@type\":\"ImageObject\",\"inLanguage\":\"ca-ES\",\"@id\":\"https:\/\/www.nautaran.org\/#\/schema\/person\/image\/\",\"url\":\"https:\/\/secure.gravatar.com\/avatar\/80a09b1f8ae692a4acce17816a6597a844f3f59cda069b47a176c85e26e41c03?s=96&d=mm&r=g\",\"contentUrl\":\"https:\/\/secure.gravatar.com\/avatar\/80a09b1f8ae692a4acce17816a6597a844f3f59cda069b47a176c85e26e41c03?s=96&d=mm&r=g\",\"caption\":\"nautaran\"},\"url\":\"https:\/\/www.nautaran.org\/ca\/author\/nautaran\/\"}]}<\/script>\n<!-- \/ Yoast SEO plugin. -->","yoast_head_json":{"title":"La poblaci\u00f3 de G\u00e8ssa finalitza les obres de rehabilitaci\u00f3 del seu aparcament - Ajuntament de Naut Aran","robots":{"index":"index","follow":"follow","max-snippet":"max-snippet:-1","max-image-preview":"max-image-preview:large","max-video-preview":"max-video-preview:-1"},"canonical":"https:\/\/www.nautaran.org\/ca\/destacat-portada-ca\/la-poblacio-de-gessa-finalitza-les-obres-de-rehabilitacio-del-seu-aparcament\/","og_locale":"ca_ES","og_type":"article","og_title":"La poblaci\u00f3 de G\u00e8ssa finalitza les obres de rehabilitaci\u00f3 del seu aparcament - Ajuntament de Naut Aran","og_description":"Aquesta setmana han finalitzat les obres de rehabilitaci\u00f3 de l&#8217;aparcament que hi ha a l&#8217;entrada del poble de G\u00e8ssa, a Naut Aran, i que portaven executant-se des del passat mes de juny. Recordem que l&#8217;anterior projecte estava mal efectuat i hi havia risc d&#8217;esfondrament d&#8217;aquesta estructura. \u00c9s per aix\u00f2, que l&#8217;Entitat Municipal Descentralitzada, ha hagut [&hellip;]","og_url":"https:\/\/www.nautaran.org\/ca\/destacat-portada-ca\/la-poblacio-de-gessa-finalitza-les-obres-de-rehabilitacio-del-seu-aparcament\/","og_site_name":"Ajuntament de Naut Aran","article_published_time":"2020-11-03T15:40:41+00:00","article_modified_time":"2024-09-05T12:40:49+00:00","og_image":[{"width":1024,"height":768,"url":"https:\/\/www.nautaran.org\/wp-content\/uploads\/2020\/11\/parcatge-acabat-3-1024x768.jpg","type":"image\/jpeg"}],"author":"nautaran","twitter_card":"summary_large_image","twitter_misc":{"Written by":"nautaran","Est. reading time":"1 minute"},"schema":{"@context":"https:\/\/schema.org","@graph":[{"@type":"Article","@id":"https:\/\/www.nautaran.org\/ca\/destacat-portada-ca\/la-poblacio-de-gessa-finalitza-les-obres-de-rehabilitacio-del-seu-aparcament\/#article","isPartOf":{"@id":"https:\/\/www.nautaran.org\/ca\/destacat-portada-ca\/la-poblacio-de-gessa-finalitza-les-obres-de-rehabilitacio-del-seu-aparcament\/"},"author":{"name":"nautaran","@id":"https:\/\/www.nautaran.org\/#\/schema\/person\/d1534bc0cff9cbd7d1b5cfc12e946a35"},"headline":"La poblaci\u00f3 de G\u00e8ssa finalitza les obres de rehabilitaci\u00f3 del seu aparcament","datePublished":"2020-11-03T15:40:41+00:00","dateModified":"2024-09-05T12:40:49+00:00","mainEntityOfPage":{"@id":"https:\/\/www.nautaran.org\/ca\/destacat-portada-ca\/la-poblacio-de-gessa-finalitza-les-obres-de-rehabilitacio-del-seu-aparcament\/"},"wordCount":279,"image":{"@id":"https:\/\/www.nautaran.org\/ca\/destacat-portada-ca\/la-poblacio-de-gessa-finalitza-les-obres-de-rehabilitacio-del-seu-aparcament\/#primaryimage"},"thumbnailUrl":"https:\/\/www.nautaran.org\/wp-content\/uploads\/2020\/11\/parcatge-acabat-3.jpg","articleSection":["Destacat portada","Not\u00edcies","Noticies Poble Gessa","Not\u00edcies | Acci\u00f3 social","Not\u00edcies | Infraestructures","Not\u00edcies | Turisme"],"inLanguage":"ca-ES"},{"@type":"WebPage","@id":"https:\/\/www.nautaran.org\/ca\/destacat-portada-ca\/la-poblacio-de-gessa-finalitza-les-obres-de-rehabilitacio-del-seu-aparcament\/","url":"https:\/\/www.nautaran.org\/ca\/destacat-portada-ca\/la-poblacio-de-gessa-finalitza-les-obres-de-rehabilitacio-del-seu-aparcament\/","name":"La poblaci\u00f3 de G\u00e8ssa finalitza les obres de rehabilitaci\u00f3 del seu aparcament - Ajuntament de Naut Aran","isPartOf":{"@id":"https:\/\/www.nautaran.org\/#website"},"primaryImageOfPage":{"@id":"https:\/\/www.nautaran.org\/ca\/destacat-portada-ca\/la-poblacio-de-gessa-finalitza-les-obres-de-rehabilitacio-del-seu-aparcament\/#primaryimage"},"image":{"@id":"https:\/\/www.nautaran.org\/ca\/destacat-portada-ca\/la-poblacio-de-gessa-finalitza-les-obres-de-rehabilitacio-del-seu-aparcament\/#primaryimage"},"thumbnailUrl":"https:\/\/www.nautaran.org\/wp-content\/uploads\/2020\/11\/parcatge-acabat-3.jpg","datePublished":"2020-11-03T15:40:41+00:00","dateModified":"2024-09-05T12:40:49+00:00","author":{"@id":"https:\/\/www.nautaran.org\/#\/schema\/person\/d1534bc0cff9cbd7d1b5cfc12e946a35"},"breadcrumb":{"@id":"https:\/\/www.nautaran.org\/ca\/destacat-portada-ca\/la-poblacio-de-gessa-finalitza-les-obres-de-rehabilitacio-del-seu-aparcament\/#breadcrumb"},"inLanguage":"ca-ES","potentialAction":[{"@type":"ReadAction","target":["https:\/\/www.nautaran.org\/ca\/destacat-portada-ca\/la-poblacio-de-gessa-finalitza-les-obres-de-rehabilitacio-del-seu-aparcament\/"]}]},{"@type":"ImageObject","inLanguage":"ca-ES","@id":"https:\/\/www.nautaran.org\/ca\/destacat-portada-ca\/la-poblacio-de-gessa-finalitza-les-obres-de-rehabilitacio-del-seu-aparcament\/#primaryimage","url":"https:\/\/www.nautaran.org\/wp-content\/uploads\/2020\/11\/parcatge-acabat-3.jpg","contentUrl":"https:\/\/www.nautaran.org\/wp-content\/uploads\/2020\/11\/parcatge-acabat-3.jpg","width":4032,"height":3024},{"@type":"BreadcrumbList","@id":"https:\/\/www.nautaran.org\/ca\/destacat-portada-ca\/la-poblacio-de-gessa-finalitza-les-obres-de-rehabilitacio-del-seu-aparcament\/#breadcrumb","itemListElement":[{"@type":"ListItem","position":1,"name":"Portada","item":"https:\/\/www.nautaran.org\/ca\/home-2\/"},{"@type":"ListItem","position":2,"name":"La poblaci\u00f3 de G\u00e8ssa finalitza les obres de rehabilitaci\u00f3 del seu aparcament"}]},{"@type":"WebSite","@id":"https:\/\/www.nautaran.org\/#website","url":"https:\/\/www.nautaran.org\/","name":"Ajuntament de Naut Aran","description":"Naut Aran","potentialAction":[{"@type":"SearchAction","target":{"@type":"EntryPoint","urlTemplate":"https:\/\/www.nautaran.org\/?s={search_term_string}"},"query-input":{"@type":"PropertyValueSpecification","valueRequired":true,"valueName":"search_term_string"}}],"inLanguage":"ca-ES"},{"@type":"Person","@id":"https:\/\/www.nautaran.org\/#\/schema\/person\/d1534bc0cff9cbd7d1b5cfc12e946a35","name":"nautaran","image":{"@type":"ImageObject","inLanguage":"ca-ES","@id":"https:\/\/www.nautaran.org\/#\/schema\/person\/image\/","url":"https:\/\/secure.gravatar.com\/avatar\/80a09b1f8ae692a4acce17816a6597a844f3f59cda069b47a176c85e26e41c03?s=96&d=mm&r=g","contentUrl":"https:\/\/secure.gravatar.com\/avatar\/80a09b1f8ae692a4acce17816a6597a844f3f59cda069b47a176c85e26e41c03?s=96&d=mm&r=g","caption":"nautaran"},"url":"https:\/\/www.nautaran.org\/ca\/author\/nautaran\/"}]}},"_links":{"self":[{"href":"https:\/\/www.nautaran.org\/ca\/wp-json\/wp\/v2\/posts\/5781","targetHints":{"allow":["GET"]}}],"collection":[{"href":"https:\/\/www.nautaran.org\/ca\/wp-json\/wp\/v2\/posts"}],"about":[{"href":"https:\/\/www.nautaran.org\/ca\/wp-json\/wp\/v2\/types\/post"}],"author":[{"embeddable":true,"href":"https:\/\/www.nautaran.org\/ca\/wp-json\/wp\/v2\/users\/4"}],"replies":[{"embeddable":true,"href":"https:\/\/www.nautaran.org\/ca\/wp-json\/wp\/v2\/comments?post=5781"}],"version-history":[{"count":2,"href":"https:\/\/www.nautaran.org\/ca\/wp-json\/wp\/v2\/posts\/5781\/revisions"}],"predecessor-version":[{"id":5783,"href":"https:\/\/www.nautaran.org\/ca\/wp-json\/wp\/v2\/posts\/5781\/revisions\/5783"}],"wp:featuredmedia":[{"embeddable":true,"href":"https:\/\/www.nautaran.org\/ca\/wp-json\/wp\/v2\/media\/5775"}],"wp:attachment":[{"href":"https:\/\/www.nautaran.org\/ca\/wp-json\/wp\/v2\/media?parent=5781"}],"wp:term":[{"taxonomy":"category","embeddable":true,"href":"https:\/\/www.nautaran.org\/ca\/wp-json\/wp\/v2\/categories?post=5781"},{"taxonomy":"post_tag","embeddable":true,"href":"https:\/\/www.nautaran.org\/ca\/wp-json\/wp\/v2\/tags?post=5781"}],"curies":[{"name":"wp","href":"https:\/\/api.w.org\/{rel}","templated":true}]}}