{"id":6749,"date":"2020-11-23T11:23:45","date_gmt":"2020-11-23T09:23:45","guid":{"rendered":"https:\/\/www.nautaran.org\/la-poblacion-de-arties-galardonada-como-poble-amb-encant\/"},"modified":"2020-11-23T11:26:10","modified_gmt":"2020-11-23T09:26:10","slug":"la-poblacio-darties-guardonada-com-a-poble-amb-encant","status":"publish","type":"post","link":"https:\/\/www.nautaran.org\/ca\/destacat-portada-ca\/la-poblacio-darties-guardonada-com-a-poble-amb-encant\/","title":{"rendered":"La poblaci\u00f3 d\u2019Arties guardonada com a poble amb encant"},"content":{"rendered":"<p>La poblaci\u00f3 aranesa d\u2019Arties, ubicada al Naut Aran, ha sigut distingida aquest mat\u00ed a Cambrils amb la certificaci\u00f3 de \u201cPoble amb Encant\u201d per part de l\u2019Ag\u00e8ncia Catalana de Turisme. D\u2019aquesta forma, s\u2019uneix als altres 13 pobles que ja formaven part d\u2019aquesta distinci\u00f3: Beget, Calella de Palafrugell, Castellar de n&#8217;Hug, Montclar, Montson\u00eds, Mura, Pals, Peratallada, Prades, Rupit, Santa Pau, Siurana i Ta\u00fcll.<\/p>\n<p>L\u2019acte s\u2019ha oficialitzat avui a trav\u00e9s de la plataforma de Youtube ja que la crisi sanit\u00e0ria del coronavirus no permet fer actes en qu\u00e8 es puguin reunir un gran abast de persones.<\/p>\n<p>El director general de Turisme, Octavi Bono, que ha participat als parlaments inicials, ha agra\u00eft la doble contribuci\u00f3 que fan aquests municipis &#8220;per a un millor posicionament de la vostra realitat i estimular la demanda i per valoritzar tot el territori i tot el nostre sector&#8221;. Bono ha explicat que &#8220;aquests municipis s\u00f3n la millor representaci\u00f3 possible del que pot oferir el territori catal\u00e0, compten amb un patrimoni cultural, natural i paisatg\u00edstic abundant i singular i ofereixen infinitat de possibilitats al turista&#8221;.<\/p>\n<p>En aquest sentit, d\u2019Arties s\u2019ha destacat els seus amplis espais naturals com el Lac de Mar o l\u2019ascens al m\u00edtic Montarto, la seva cultura com podrien ser les festes del foc que s\u00f3n Patrimoni Immaterial per la UNESCO, o la seva gran oferta de patrimoni, gastronomia, oci o esports.<\/p>\n<p><img loading=\"lazy\" decoding=\"async\" class=\"aligncenter size-full wp-image-6744\" src=\"https:\/\/www.nautaran.org\/wp-content\/uploads\/2020\/11\/IMG_6235.jpg\" alt=\"\" width=\"4032\" height=\"3024\" srcset=\"https:\/\/www.nautaran.org\/wp-content\/uploads\/2020\/11\/IMG_6235.jpg 4032w, https:\/\/www.nautaran.org\/wp-content\/uploads\/2020\/11\/IMG_6235-1280x960.jpg 1280w, https:\/\/www.nautaran.org\/wp-content\/uploads\/2020\/11\/IMG_6235-980x735.jpg 980w, https:\/\/www.nautaran.org\/wp-content\/uploads\/2020\/11\/IMG_6235-480x360.jpg 480w\" sizes=\"auto, (min-width: 0px) and (max-width: 480px) 480px, (min-width: 481px) and (max-width: 980px) 980px, (min-width: 981px) and (max-width: 1280px) 1280px, (min-width: 1281px) 4032px, 100vw\" \/><\/p>\n<p>L\u2019alcaldessa d\u2019Arties, Lina Fanlo, valorava rebre aquesta distinci\u00f3 de forma molt positiva explicant que \u201c\u00e9s una gran forma de seguir promocionant la nostra poblaci\u00f3 i situar Arties dins el mapa tur\u00edstic de Catalunya. Creiem que \u00e9s una gran oportunitat per revitalitzar encara m\u00e9s la nostra economia\u201d.<\/p>\n<p>A m\u00e9s de la certificaci\u00f3 de \u201cPobles amb Encant\u201d, tamb\u00e9 s\u2019ha guardonat Caldes de Malavella com a \u201cCiutat amb Car\u00e0cter\u201d i l\u2019Estartit, Cambrils, l\u2019Ampolla i el barri del Serrallo de Tarragona com a nous \u201cBarris i Viles Marineres\u201d<\/p>\n<p>L\u2019Ajuntament de Naut Aran ha aplaudit la decisi\u00f3 de l\u2019Ag\u00e8ncia Catalana de Turisme d\u2019escollir un dels indrets del seu municipi per a aquesta distinci\u00f3 i han afirmat que seguiran apostant per l\u2019obtenci\u00f3 de futurs certificats que millorin la visibilitat dels seus pobles.<\/p>\n","protected":false},"excerpt":{"rendered":"<p>La poblaci\u00f3 aranesa d\u2019Arties, ubicada al Naut Aran, ha sigut distingida aquest mat\u00ed a Cambrils amb la certificaci\u00f3 de \u201cPoble amb Encant\u201d per part de l\u2019Ag\u00e8ncia Catalana de Turisme. D\u2019aquesta forma, s\u2019uneix als altres 13 pobles que ja formaven part d\u2019aquesta distinci\u00f3: Beget, Calella de Palafrugell, Castellar de n&#8217;Hug, Montclar, Montson\u00eds, Mura, Pals, Peratallada, Prades, [&hellip;]<\/p>\n","protected":false},"author":4,"featured_media":6743,"comment_status":"closed","ping_status":"closed","sticky":false,"template":"","format":"standard","meta":{"_acf_changed":false,"_et_pb_use_builder":"","_et_pb_old_content":"","_et_gb_content_width":"","footnotes":""},"categories":[31,32,815,35,36,39,40,43,44],"tags":[],"class_list":["post-6749","post","type-post","status-publish","format-standard","has-post-thumbnail","hentry","category-destacat-portada-ca","category-noticies","category-noticies-poble-arties","category-accio-social","category-cultura-ca","category-esports-ca","category-infraestructures","category-mitja-natural","category-turisme"],"acf":[],"yoast_head":"<!-- This site is optimized with the Yoast SEO plugin v26.8 - https:\/\/yoast.com\/product\/yoast-seo-wordpress\/ -->\n<title>La poblaci\u00f3 d\u2019Arties guardonada com a poble amb encant - Ajuntament de Naut Aran<\/title>\n<meta name=\"robots\" content=\"index, follow, max-snippet:-1, max-image-preview:large, max-video-preview:-1\" \/>\n<link rel=\"canonical\" href=\"https:\/\/www.nautaran.org\/ca\/destacat-portada-ca\/la-poblacio-darties-guardonada-com-a-poble-amb-encant\/\" \/>\n<meta property=\"og:locale\" content=\"ca_ES\" \/>\n<meta property=\"og:type\" content=\"article\" \/>\n<meta property=\"og:title\" content=\"La poblaci\u00f3 d\u2019Arties guardonada com a poble amb encant - Ajuntament de Naut Aran\" \/>\n<meta property=\"og:description\" content=\"La poblaci\u00f3 aranesa d\u2019Arties, ubicada al Naut Aran, ha sigut distingida aquest mat\u00ed a Cambrils amb la certificaci\u00f3 de \u201cPoble amb Encant\u201d per part de l\u2019Ag\u00e8ncia Catalana de Turisme. D\u2019aquesta forma, s\u2019uneix als altres 13 pobles que ja formaven part d\u2019aquesta distinci\u00f3: Beget, Calella de Palafrugell, Castellar de n&#8217;Hug, Montclar, Montson\u00eds, Mura, Pals, Peratallada, Prades, [&hellip;]\" \/>\n<meta property=\"og:url\" content=\"https:\/\/www.nautaran.org\/ca\/destacat-portada-ca\/la-poblacio-darties-guardonada-com-a-poble-amb-encant\/\" \/>\n<meta property=\"og:site_name\" content=\"Ajuntament de Naut Aran\" \/>\n<meta property=\"article:published_time\" content=\"2020-11-23T09:23:45+00:00\" \/>\n<meta property=\"article:modified_time\" content=\"2020-11-23T09:26:10+00:00\" \/>\n<meta property=\"og:image\" content=\"https:\/\/www.nautaran.org\/wp-content\/uploads\/2020\/11\/IMG_6234-1024x768.jpg\" \/>\n\t<meta property=\"og:image:width\" content=\"1024\" \/>\n\t<meta property=\"og:image:height\" content=\"768\" \/>\n\t<meta property=\"og:image:type\" content=\"image\/jpeg\" \/>\n<meta name=\"author\" content=\"nautaran\" \/>\n<meta name=\"twitter:card\" content=\"summary_large_image\" \/>\n<meta name=\"twitter:label1\" content=\"Written by\" \/>\n\t<meta name=\"twitter:data1\" content=\"nautaran\" \/>\n\t<meta name=\"twitter:label2\" content=\"Est. reading time\" \/>\n\t<meta name=\"twitter:data2\" content=\"2 minutes\" \/>\n<script type=\"application\/ld+json\" class=\"yoast-schema-graph\">{\"@context\":\"https:\/\/schema.org\",\"@graph\":[{\"@type\":\"Article\",\"@id\":\"https:\/\/www.nautaran.org\/ca\/destacat-portada-ca\/la-poblacio-darties-guardonada-com-a-poble-amb-encant\/#article\",\"isPartOf\":{\"@id\":\"https:\/\/www.nautaran.org\/ca\/destacat-portada-ca\/la-poblacio-darties-guardonada-com-a-poble-amb-encant\/\"},\"author\":{\"name\":\"nautaran\",\"@id\":\"https:\/\/www.nautaran.org\/#\/schema\/person\/d1534bc0cff9cbd7d1b5cfc12e946a35\"},\"headline\":\"La poblaci\u00f3 d\u2019Arties guardonada com a poble amb encant\",\"datePublished\":\"2020-11-23T09:23:45+00:00\",\"dateModified\":\"2020-11-23T09:26:10+00:00\",\"mainEntityOfPage\":{\"@id\":\"https:\/\/www.nautaran.org\/ca\/destacat-portada-ca\/la-poblacio-darties-guardonada-com-a-poble-amb-encant\/\"},\"wordCount\":394,\"image\":{\"@id\":\"https:\/\/www.nautaran.org\/ca\/destacat-portada-ca\/la-poblacio-darties-guardonada-com-a-poble-amb-encant\/#primaryimage\"},\"thumbnailUrl\":\"https:\/\/www.nautaran.org\/wp-content\/uploads\/2020\/11\/IMG_6234.jpg\",\"articleSection\":[\"Destacat portada\",\"Not\u00edcies\",\"Noticies Poble Arties\",\"Not\u00edcies | Acci\u00f3 social\",\"Not\u00edcies | Cultura\",\"Not\u00edcies | Esports\",\"Not\u00edcies | Infraestructures\",\"Not\u00edcies | Medi Natural\",\"Not\u00edcies | Turisme\"],\"inLanguage\":\"ca-ES\"},{\"@type\":\"WebPage\",\"@id\":\"https:\/\/www.nautaran.org\/ca\/destacat-portada-ca\/la-poblacio-darties-guardonada-com-a-poble-amb-encant\/\",\"url\":\"https:\/\/www.nautaran.org\/ca\/destacat-portada-ca\/la-poblacio-darties-guardonada-com-a-poble-amb-encant\/\",\"name\":\"La poblaci\u00f3 d\u2019Arties guardonada com a poble amb encant - Ajuntament de Naut Aran\",\"isPartOf\":{\"@id\":\"https:\/\/www.nautaran.org\/#website\"},\"primaryImageOfPage\":{\"@id\":\"https:\/\/www.nautaran.org\/ca\/destacat-portada-ca\/la-poblacio-darties-guardonada-com-a-poble-amb-encant\/#primaryimage\"},\"image\":{\"@id\":\"https:\/\/www.nautaran.org\/ca\/destacat-portada-ca\/la-poblacio-darties-guardonada-com-a-poble-amb-encant\/#primaryimage\"},\"thumbnailUrl\":\"https:\/\/www.nautaran.org\/wp-content\/uploads\/2020\/11\/IMG_6234.jpg\",\"datePublished\":\"2020-11-23T09:23:45+00:00\",\"dateModified\":\"2020-11-23T09:26:10+00:00\",\"author\":{\"@id\":\"https:\/\/www.nautaran.org\/#\/schema\/person\/d1534bc0cff9cbd7d1b5cfc12e946a35\"},\"breadcrumb\":{\"@id\":\"https:\/\/www.nautaran.org\/ca\/destacat-portada-ca\/la-poblacio-darties-guardonada-com-a-poble-amb-encant\/#breadcrumb\"},\"inLanguage\":\"ca-ES\",\"potentialAction\":[{\"@type\":\"ReadAction\",\"target\":[\"https:\/\/www.nautaran.org\/ca\/destacat-portada-ca\/la-poblacio-darties-guardonada-com-a-poble-amb-encant\/\"]}]},{\"@type\":\"ImageObject\",\"inLanguage\":\"ca-ES\",\"@id\":\"https:\/\/www.nautaran.org\/ca\/destacat-portada-ca\/la-poblacio-darties-guardonada-com-a-poble-amb-encant\/#primaryimage\",\"url\":\"https:\/\/www.nautaran.org\/wp-content\/uploads\/2020\/11\/IMG_6234.jpg\",\"contentUrl\":\"https:\/\/www.nautaran.org\/wp-content\/uploads\/2020\/11\/IMG_6234.jpg\",\"width\":4032,\"height\":3024},{\"@type\":\"BreadcrumbList\",\"@id\":\"https:\/\/www.nautaran.org\/ca\/destacat-portada-ca\/la-poblacio-darties-guardonada-com-a-poble-amb-encant\/#breadcrumb\",\"itemListElement\":[{\"@type\":\"ListItem\",\"position\":1,\"name\":\"Portada\",\"item\":\"https:\/\/www.nautaran.org\/ca\/home-2\/\"},{\"@type\":\"ListItem\",\"position\":2,\"name\":\"La poblaci\u00f3 d\u2019Arties guardonada com a poble amb encant\"}]},{\"@type\":\"WebSite\",\"@id\":\"https:\/\/www.nautaran.org\/#website\",\"url\":\"https:\/\/www.nautaran.org\/\",\"name\":\"Ajuntament de Naut Aran\",\"description\":\"Naut Aran\",\"potentialAction\":[{\"@type\":\"SearchAction\",\"target\":{\"@type\":\"EntryPoint\",\"urlTemplate\":\"https:\/\/www.nautaran.org\/?s={search_term_string}\"},\"query-input\":{\"@type\":\"PropertyValueSpecification\",\"valueRequired\":true,\"valueName\":\"search_term_string\"}}],\"inLanguage\":\"ca-ES\"},{\"@type\":\"Person\",\"@id\":\"https:\/\/www.nautaran.org\/#\/schema\/person\/d1534bc0cff9cbd7d1b5cfc12e946a35\",\"name\":\"nautaran\",\"image\":{\"@type\":\"ImageObject\",\"inLanguage\":\"ca-ES\",\"@id\":\"https:\/\/www.nautaran.org\/#\/schema\/person\/image\/\",\"url\":\"https:\/\/secure.gravatar.com\/avatar\/80a09b1f8ae692a4acce17816a6597a844f3f59cda069b47a176c85e26e41c03?s=96&d=mm&r=g\",\"contentUrl\":\"https:\/\/secure.gravatar.com\/avatar\/80a09b1f8ae692a4acce17816a6597a844f3f59cda069b47a176c85e26e41c03?s=96&d=mm&r=g\",\"caption\":\"nautaran\"},\"url\":\"https:\/\/www.nautaran.org\/ca\/author\/nautaran\/\"}]}<\/script>\n<!-- \/ Yoast SEO plugin. -->","yoast_head_json":{"title":"La poblaci\u00f3 d\u2019Arties guardonada com a poble amb encant - Ajuntament de Naut Aran","robots":{"index":"index","follow":"follow","max-snippet":"max-snippet:-1","max-image-preview":"max-image-preview:large","max-video-preview":"max-video-preview:-1"},"canonical":"https:\/\/www.nautaran.org\/ca\/destacat-portada-ca\/la-poblacio-darties-guardonada-com-a-poble-amb-encant\/","og_locale":"ca_ES","og_type":"article","og_title":"La poblaci\u00f3 d\u2019Arties guardonada com a poble amb encant - Ajuntament de Naut Aran","og_description":"La poblaci\u00f3 aranesa d\u2019Arties, ubicada al Naut Aran, ha sigut distingida aquest mat\u00ed a Cambrils amb la certificaci\u00f3 de \u201cPoble amb Encant\u201d per part de l\u2019Ag\u00e8ncia Catalana de Turisme. D\u2019aquesta forma, s\u2019uneix als altres 13 pobles que ja formaven part d\u2019aquesta distinci\u00f3: Beget, Calella de Palafrugell, Castellar de n&#8217;Hug, Montclar, Montson\u00eds, Mura, Pals, Peratallada, Prades, [&hellip;]","og_url":"https:\/\/www.nautaran.org\/ca\/destacat-portada-ca\/la-poblacio-darties-guardonada-com-a-poble-amb-encant\/","og_site_name":"Ajuntament de Naut Aran","article_published_time":"2020-11-23T09:23:45+00:00","article_modified_time":"2020-11-23T09:26:10+00:00","og_image":[{"width":1024,"height":768,"url":"https:\/\/www.nautaran.org\/wp-content\/uploads\/2020\/11\/IMG_6234-1024x768.jpg","type":"image\/jpeg"}],"author":"nautaran","twitter_card":"summary_large_image","twitter_misc":{"Written by":"nautaran","Est. reading time":"2 minutes"},"schema":{"@context":"https:\/\/schema.org","@graph":[{"@type":"Article","@id":"https:\/\/www.nautaran.org\/ca\/destacat-portada-ca\/la-poblacio-darties-guardonada-com-a-poble-amb-encant\/#article","isPartOf":{"@id":"https:\/\/www.nautaran.org\/ca\/destacat-portada-ca\/la-poblacio-darties-guardonada-com-a-poble-amb-encant\/"},"author":{"name":"nautaran","@id":"https:\/\/www.nautaran.org\/#\/schema\/person\/d1534bc0cff9cbd7d1b5cfc12e946a35"},"headline":"La poblaci\u00f3 d\u2019Arties guardonada com a poble amb encant","datePublished":"2020-11-23T09:23:45+00:00","dateModified":"2020-11-23T09:26:10+00:00","mainEntityOfPage":{"@id":"https:\/\/www.nautaran.org\/ca\/destacat-portada-ca\/la-poblacio-darties-guardonada-com-a-poble-amb-encant\/"},"wordCount":394,"image":{"@id":"https:\/\/www.nautaran.org\/ca\/destacat-portada-ca\/la-poblacio-darties-guardonada-com-a-poble-amb-encant\/#primaryimage"},"thumbnailUrl":"https:\/\/www.nautaran.org\/wp-content\/uploads\/2020\/11\/IMG_6234.jpg","articleSection":["Destacat portada","Not\u00edcies","Noticies Poble Arties","Not\u00edcies | Acci\u00f3 social","Not\u00edcies | Cultura","Not\u00edcies | Esports","Not\u00edcies | Infraestructures","Not\u00edcies | Medi Natural","Not\u00edcies | Turisme"],"inLanguage":"ca-ES"},{"@type":"WebPage","@id":"https:\/\/www.nautaran.org\/ca\/destacat-portada-ca\/la-poblacio-darties-guardonada-com-a-poble-amb-encant\/","url":"https:\/\/www.nautaran.org\/ca\/destacat-portada-ca\/la-poblacio-darties-guardonada-com-a-poble-amb-encant\/","name":"La poblaci\u00f3 d\u2019Arties guardonada com a poble amb encant - Ajuntament de Naut Aran","isPartOf":{"@id":"https:\/\/www.nautaran.org\/#website"},"primaryImageOfPage":{"@id":"https:\/\/www.nautaran.org\/ca\/destacat-portada-ca\/la-poblacio-darties-guardonada-com-a-poble-amb-encant\/#primaryimage"},"image":{"@id":"https:\/\/www.nautaran.org\/ca\/destacat-portada-ca\/la-poblacio-darties-guardonada-com-a-poble-amb-encant\/#primaryimage"},"thumbnailUrl":"https:\/\/www.nautaran.org\/wp-content\/uploads\/2020\/11\/IMG_6234.jpg","datePublished":"2020-11-23T09:23:45+00:00","dateModified":"2020-11-23T09:26:10+00:00","author":{"@id":"https:\/\/www.nautaran.org\/#\/schema\/person\/d1534bc0cff9cbd7d1b5cfc12e946a35"},"breadcrumb":{"@id":"https:\/\/www.nautaran.org\/ca\/destacat-portada-ca\/la-poblacio-darties-guardonada-com-a-poble-amb-encant\/#breadcrumb"},"inLanguage":"ca-ES","potentialAction":[{"@type":"ReadAction","target":["https:\/\/www.nautaran.org\/ca\/destacat-portada-ca\/la-poblacio-darties-guardonada-com-a-poble-amb-encant\/"]}]},{"@type":"ImageObject","inLanguage":"ca-ES","@id":"https:\/\/www.nautaran.org\/ca\/destacat-portada-ca\/la-poblacio-darties-guardonada-com-a-poble-amb-encant\/#primaryimage","url":"https:\/\/www.nautaran.org\/wp-content\/uploads\/2020\/11\/IMG_6234.jpg","contentUrl":"https:\/\/www.nautaran.org\/wp-content\/uploads\/2020\/11\/IMG_6234.jpg","width":4032,"height":3024},{"@type":"BreadcrumbList","@id":"https:\/\/www.nautaran.org\/ca\/destacat-portada-ca\/la-poblacio-darties-guardonada-com-a-poble-amb-encant\/#breadcrumb","itemListElement":[{"@type":"ListItem","position":1,"name":"Portada","item":"https:\/\/www.nautaran.org\/ca\/home-2\/"},{"@type":"ListItem","position":2,"name":"La poblaci\u00f3 d\u2019Arties guardonada com a poble amb encant"}]},{"@type":"WebSite","@id":"https:\/\/www.nautaran.org\/#website","url":"https:\/\/www.nautaran.org\/","name":"Ajuntament de Naut Aran","description":"Naut Aran","potentialAction":[{"@type":"SearchAction","target":{"@type":"EntryPoint","urlTemplate":"https:\/\/www.nautaran.org\/?s={search_term_string}"},"query-input":{"@type":"PropertyValueSpecification","valueRequired":true,"valueName":"search_term_string"}}],"inLanguage":"ca-ES"},{"@type":"Person","@id":"https:\/\/www.nautaran.org\/#\/schema\/person\/d1534bc0cff9cbd7d1b5cfc12e946a35","name":"nautaran","image":{"@type":"ImageObject","inLanguage":"ca-ES","@id":"https:\/\/www.nautaran.org\/#\/schema\/person\/image\/","url":"https:\/\/secure.gravatar.com\/avatar\/80a09b1f8ae692a4acce17816a6597a844f3f59cda069b47a176c85e26e41c03?s=96&d=mm&r=g","contentUrl":"https:\/\/secure.gravatar.com\/avatar\/80a09b1f8ae692a4acce17816a6597a844f3f59cda069b47a176c85e26e41c03?s=96&d=mm&r=g","caption":"nautaran"},"url":"https:\/\/www.nautaran.org\/ca\/author\/nautaran\/"}]}},"_links":{"self":[{"href":"https:\/\/www.nautaran.org\/ca\/wp-json\/wp\/v2\/posts\/6749","targetHints":{"allow":["GET"]}}],"collection":[{"href":"https:\/\/www.nautaran.org\/ca\/wp-json\/wp\/v2\/posts"}],"about":[{"href":"https:\/\/www.nautaran.org\/ca\/wp-json\/wp\/v2\/types\/post"}],"author":[{"embeddable":true,"href":"https:\/\/www.nautaran.org\/ca\/wp-json\/wp\/v2\/users\/4"}],"replies":[{"embeddable":true,"href":"https:\/\/www.nautaran.org\/ca\/wp-json\/wp\/v2\/comments?post=6749"}],"version-history":[{"count":3,"href":"https:\/\/www.nautaran.org\/ca\/wp-json\/wp\/v2\/posts\/6749\/revisions"}],"predecessor-version":[{"id":6753,"href":"https:\/\/www.nautaran.org\/ca\/wp-json\/wp\/v2\/posts\/6749\/revisions\/6753"}],"wp:featuredmedia":[{"embeddable":true,"href":"https:\/\/www.nautaran.org\/ca\/wp-json\/wp\/v2\/media\/6743"}],"wp:attachment":[{"href":"https:\/\/www.nautaran.org\/ca\/wp-json\/wp\/v2\/media?parent=6749"}],"wp:term":[{"taxonomy":"category","embeddable":true,"href":"https:\/\/www.nautaran.org\/ca\/wp-json\/wp\/v2\/categories?post=6749"},{"taxonomy":"post_tag","embeddable":true,"href":"https:\/\/www.nautaran.org\/ca\/wp-json\/wp\/v2\/tags?post=6749"}],"curies":[{"name":"wp","href":"https:\/\/api.w.org\/{rel}","templated":true}]}}