{"id":10661,"date":"2022-03-08T17:19:13","date_gmt":"2022-03-08T15:19:13","guid":{"rendered":"https:\/\/www.nautaran.org\/sin-categoria\/manifest-der-ajuntament-de-naut-aran-en-tot-commemorar-eth-8m\/"},"modified":"2022-03-08T17:19:13","modified_gmt":"2022-03-08T15:19:13","slug":"manifest-der-ajuntament-de-naut-aran-en-tot-commemorar-eth-8m","status":"publish","type":"post","link":"https:\/\/www.nautaran.org\/es\/noticias\/manifest-der-ajuntament-de-naut-aran-en-tot-commemorar-eth-8m\/","title":{"rendered":"Manif\u00e8st der Ajuntament de Naut Aran en tot commemorar eth 8M"},"content":{"rendered":"<p>Es difere\u0301ncies entre hemnes e \u00f2mes encara son noto\u0300ries en aguest an 2022 ena no\u0300sta societat. Es vesins e vesies dera Val d\u2019Aran tanpo\u0300c mos escapam ad aguesta realitat pr\u2019amor qu\u2019a dia d\u2019aue\u0301 encara se po\u0300den veir fo\u0300rc\u0327a desigualtats en diue\u0300rsi airaus deth no\u0300ste territo\u0300ri.\u2063<br \/>\n\u2063<br \/>\nMos cau lutar per ua societat me\u0300s justa, igualita\u0300ria e sustot damb volentat de cambi, enta\u0300 poder auanc\u0327ar e deishar endarre\u0300r actituts deth passat. Vam en ua bona linha, me\u0300s, en aguest sens, non podem arturar-mos, senon tot eth contrari, auem de sarrar damb me\u0300s fo\u0300rc\u0327a enta\u0300 que be\u0300th dia totes es no\u0300stes accions de paraula siguen realitats e non s\u2019agen de reclamar en un dia com aguest.\u2063<br \/>\n\u2063<br \/>\nVolem arregrai\u0308r a totes es hemnes que trabalhen entara no\u0300sta institucion (que cada dia en son m\u00e8s e damb m\u00e8s responsabilitats) enta\u0300 milhorar era vida des persones de forma dire\u0300cta.<\/p>\n<p>E tanben ac tornam a h\u00e8r, as representants ele\u0300ctes deth no\u0300ste municipi coma son Lina Fanlo, Henedina Ban\u0303os, Mari A\u0300ngels Ordax, Rosa Montilla, Maria Aran Nieto, Claudia Ramos, Ariadna Farre\u0301s, Antonia Martinez, Ester Bruna o Neus Canals en cas deth pr\u00f2pri ajuntament.\u2063<br \/>\n\u2063<br \/>\n\u00c8tz ua grana refere\u0301ncia e eth clar exemple qu\u2019\u00e8ster en l\u00f2cs de decision e responsabilitat non ei un ah\u00e8r d\u2019\u00f2mes.<\/p>\n<p><img loading=\"lazy\" decoding=\"async\" class=\"aligncenter size-full wp-image-10658\" src=\"https:\/\/www.nautaran.org\/wp-content\/uploads\/2022\/03\/c860d12f-5200-436c-815c-81b2e6e44776.jpg\" alt=\"\" width=\"900\" height=\"1600\" srcset=\"https:\/\/www.nautaran.org\/wp-content\/uploads\/2022\/03\/c860d12f-5200-436c-815c-81b2e6e44776.jpg 900w, https:\/\/www.nautaran.org\/wp-content\/uploads\/2022\/03\/c860d12f-5200-436c-815c-81b2e6e44776-480x853.jpg 480w\" sizes=\"auto, (min-width: 0px) and (max-width: 480px) 480px, (min-width: 481px) 900px, 100vw\" \/><\/p>\n<p>Des der Ajuntament de Naut Aran \u00e8m comprometudi damb aguesta q\u00fcestion e auem prepausat tota ua s\u00f2rta d\u2019activitats en clau feminista que s\u2019har\u00e0n eth 23-24 d\u2019abriu e 7-8 de mai e que vos anonciaram deman madeish.<\/p>\n","protected":false},"excerpt":{"rendered":"<p>Es difere\u0301ncies entre hemnes e \u00f2mes encara son noto\u0300ries en aguest an 2022 ena no\u0300sta societat. Es vesins e vesies dera Val d\u2019Aran tanpo\u0300c mos escapam ad aguesta realitat pr\u2019amor qu\u2019a dia d\u2019aue\u0301 encara se po\u0300den veir fo\u0300rc\u0327a desigualtats en diue\u0300rsi airaus deth no\u0300ste territo\u0300ri.\u2063 \u2063 Mos cau lutar per ua societat me\u0300s justa, igualita\u0300ria [&hellip;]<\/p>\n","protected":false},"author":4,"featured_media":10655,"comment_status":"closed","ping_status":"closed","sticky":false,"template":"","format":"standard","meta":{"_acf_changed":false,"_et_pb_use_builder":"","_et_pb_old_content":"","_et_gb_content_width":"","footnotes":""},"categories":[27,17,20,22,21,18,23,19],"tags":[],"class_list":["post-10661","post","type-post","status-publish","format-standard","has-post-thumbnail","hentry","category-destacado-portada","category-noticias","category-accion-social","category-cultura","category-deportes","category-infraestructuras","category-medio-natural","category-turismo"],"acf":[],"yoast_head":"<!-- This site is optimized with the Yoast SEO plugin v26.8 - https:\/\/yoast.com\/product\/yoast-seo-wordpress\/ -->\n<title>Manif\u00e8st der Ajuntament de Naut Aran en tot commemorar eth 8M - Ajuntament de Naut Aran<\/title>\n<meta name=\"robots\" content=\"index, follow, max-snippet:-1, max-image-preview:large, max-video-preview:-1\" \/>\n<link rel=\"canonical\" href=\"https:\/\/www.nautaran.org\/es\/sin-categoria\/manifest-der-ajuntament-de-naut-aran-en-tot-commemorar-eth-8m\/\" \/>\n<meta property=\"og:locale\" content=\"es_ES\" \/>\n<meta property=\"og:type\" content=\"article\" \/>\n<meta property=\"og:title\" content=\"Manif\u00e8st der Ajuntament de Naut Aran en tot commemorar eth 8M - Ajuntament de Naut Aran\" \/>\n<meta property=\"og:description\" content=\"Es difere\u0301ncies entre hemnes e \u00f2mes encara son noto\u0300ries en aguest an 2022 ena no\u0300sta societat. Es vesins e vesies dera Val d\u2019Aran tanpo\u0300c mos escapam ad aguesta realitat pr\u2019amor qu\u2019a dia d\u2019aue\u0301 encara se po\u0300den veir fo\u0300rc\u0327a desigualtats en diue\u0300rsi airaus deth no\u0300ste territo\u0300ri.\u2063 \u2063 Mos cau lutar per ua societat me\u0300s justa, igualita\u0300ria [&hellip;]\" \/>\n<meta property=\"og:url\" content=\"https:\/\/www.nautaran.org\/es\/sin-categoria\/manifest-der-ajuntament-de-naut-aran-en-tot-commemorar-eth-8m\/\" \/>\n<meta property=\"og:site_name\" content=\"Ajuntament de Naut Aran\" \/>\n<meta property=\"article:published_time\" content=\"2022-03-08T15:19:13+00:00\" \/>\n<meta property=\"og:image\" content=\"https:\/\/www.nautaran.org\/wp-content\/uploads\/2022\/03\/c860d12f-5200-436c-815c-81b2e6e44776.jpg\" \/>\n<meta name=\"author\" content=\"nautaran\" \/>\n<meta name=\"twitter:card\" content=\"summary_large_image\" \/>\n<meta name=\"twitter:label1\" content=\"Escrito por\" \/>\n\t<meta name=\"twitter:data1\" content=\"nautaran\" \/>\n\t<meta name=\"twitter:label2\" content=\"Tiempo de lectura\" \/>\n\t<meta name=\"twitter:data2\" content=\"1 minuto\" \/>\n<script type=\"application\/ld+json\" class=\"yoast-schema-graph\">{\"@context\":\"https:\/\/schema.org\",\"@graph\":[{\"@type\":\"Article\",\"@id\":\"https:\/\/www.nautaran.org\/es\/sin-categoria\/manifest-der-ajuntament-de-naut-aran-en-tot-commemorar-eth-8m\/#article\",\"isPartOf\":{\"@id\":\"https:\/\/www.nautaran.org\/es\/sin-categoria\/manifest-der-ajuntament-de-naut-aran-en-tot-commemorar-eth-8m\/\"},\"author\":{\"name\":\"nautaran\",\"@id\":\"https:\/\/www.nautaran.org\/#\/schema\/person\/d1534bc0cff9cbd7d1b5cfc12e946a35\"},\"headline\":\"Manif\u00e8st der Ajuntament de Naut Aran en tot commemorar eth 8M\",\"datePublished\":\"2022-03-08T15:19:13+00:00\",\"mainEntityOfPage\":{\"@id\":\"https:\/\/www.nautaran.org\/es\/sin-categoria\/manifest-der-ajuntament-de-naut-aran-en-tot-commemorar-eth-8m\/\"},\"wordCount\":300,\"image\":{\"@id\":\"https:\/\/www.nautaran.org\/es\/sin-categoria\/manifest-der-ajuntament-de-naut-aran-en-tot-commemorar-eth-8m\/#primaryimage\"},\"thumbnailUrl\":\"https:\/\/www.nautaran.org\/wp-content\/uploads\/2022\/03\/hh.jpg\",\"articleSection\":[\"Destacado portada\",\"Noticias\",\"Noticias | Acci\u00f3n social\",\"Noticias | Cultura\",\"Noticias | Deportes\",\"Noticias | Infraestructuras\",\"Noticias | Medio Natural\",\"Noticias | Turismo\"],\"inLanguage\":\"es\"},{\"@type\":\"WebPage\",\"@id\":\"https:\/\/www.nautaran.org\/es\/sin-categoria\/manifest-der-ajuntament-de-naut-aran-en-tot-commemorar-eth-8m\/\",\"url\":\"https:\/\/www.nautaran.org\/es\/sin-categoria\/manifest-der-ajuntament-de-naut-aran-en-tot-commemorar-eth-8m\/\",\"name\":\"Manif\u00e8st der Ajuntament de Naut Aran en tot commemorar eth 8M - Ajuntament de Naut Aran\",\"isPartOf\":{\"@id\":\"https:\/\/www.nautaran.org\/#website\"},\"primaryImageOfPage\":{\"@id\":\"https:\/\/www.nautaran.org\/es\/sin-categoria\/manifest-der-ajuntament-de-naut-aran-en-tot-commemorar-eth-8m\/#primaryimage\"},\"image\":{\"@id\":\"https:\/\/www.nautaran.org\/es\/sin-categoria\/manifest-der-ajuntament-de-naut-aran-en-tot-commemorar-eth-8m\/#primaryimage\"},\"thumbnailUrl\":\"https:\/\/www.nautaran.org\/wp-content\/uploads\/2022\/03\/hh.jpg\",\"datePublished\":\"2022-03-08T15:19:13+00:00\",\"author\":{\"@id\":\"https:\/\/www.nautaran.org\/#\/schema\/person\/d1534bc0cff9cbd7d1b5cfc12e946a35\"},\"breadcrumb\":{\"@id\":\"https:\/\/www.nautaran.org\/es\/sin-categoria\/manifest-der-ajuntament-de-naut-aran-en-tot-commemorar-eth-8m\/#breadcrumb\"},\"inLanguage\":\"es\",\"potentialAction\":[{\"@type\":\"ReadAction\",\"target\":[\"https:\/\/www.nautaran.org\/es\/sin-categoria\/manifest-der-ajuntament-de-naut-aran-en-tot-commemorar-eth-8m\/\"]}]},{\"@type\":\"ImageObject\",\"inLanguage\":\"es\",\"@id\":\"https:\/\/www.nautaran.org\/es\/sin-categoria\/manifest-der-ajuntament-de-naut-aran-en-tot-commemorar-eth-8m\/#primaryimage\",\"url\":\"https:\/\/www.nautaran.org\/wp-content\/uploads\/2022\/03\/hh.jpg\",\"contentUrl\":\"https:\/\/www.nautaran.org\/wp-content\/uploads\/2022\/03\/hh.jpg\",\"width\":626,\"height\":417},{\"@type\":\"BreadcrumbList\",\"@id\":\"https:\/\/www.nautaran.org\/es\/sin-categoria\/manifest-der-ajuntament-de-naut-aran-en-tot-commemorar-eth-8m\/#breadcrumb\",\"itemListElement\":[{\"@type\":\"ListItem\",\"position\":1,\"name\":\"Portada\",\"item\":\"https:\/\/www.nautaran.org\/es\/home-2\/\"},{\"@type\":\"ListItem\",\"position\":2,\"name\":\"Manif\u00e8st der Ajuntament de Naut Aran en tot commemorar eth 8M\"}]},{\"@type\":\"WebSite\",\"@id\":\"https:\/\/www.nautaran.org\/#website\",\"url\":\"https:\/\/www.nautaran.org\/\",\"name\":\"Ajuntament de Naut Aran\",\"description\":\"Naut Aran\",\"potentialAction\":[{\"@type\":\"SearchAction\",\"target\":{\"@type\":\"EntryPoint\",\"urlTemplate\":\"https:\/\/www.nautaran.org\/?s={search_term_string}\"},\"query-input\":{\"@type\":\"PropertyValueSpecification\",\"valueRequired\":true,\"valueName\":\"search_term_string\"}}],\"inLanguage\":\"es\"},{\"@type\":\"Person\",\"@id\":\"https:\/\/www.nautaran.org\/#\/schema\/person\/d1534bc0cff9cbd7d1b5cfc12e946a35\",\"name\":\"nautaran\",\"image\":{\"@type\":\"ImageObject\",\"inLanguage\":\"es\",\"@id\":\"https:\/\/www.nautaran.org\/#\/schema\/person\/image\/\",\"url\":\"https:\/\/secure.gravatar.com\/avatar\/80a09b1f8ae692a4acce17816a6597a844f3f59cda069b47a176c85e26e41c03?s=96&d=mm&r=g\",\"contentUrl\":\"https:\/\/secure.gravatar.com\/avatar\/80a09b1f8ae692a4acce17816a6597a844f3f59cda069b47a176c85e26e41c03?s=96&d=mm&r=g\",\"caption\":\"nautaran\"},\"url\":\"https:\/\/www.nautaran.org\/es\/author\/nautaran\/\"}]}<\/script>\n<!-- \/ Yoast SEO plugin. -->","yoast_head_json":{"title":"Manif\u00e8st der Ajuntament de Naut Aran en tot commemorar eth 8M - Ajuntament de Naut Aran","robots":{"index":"index","follow":"follow","max-snippet":"max-snippet:-1","max-image-preview":"max-image-preview:large","max-video-preview":"max-video-preview:-1"},"canonical":"https:\/\/www.nautaran.org\/es\/sin-categoria\/manifest-der-ajuntament-de-naut-aran-en-tot-commemorar-eth-8m\/","og_locale":"es_ES","og_type":"article","og_title":"Manif\u00e8st der Ajuntament de Naut Aran en tot commemorar eth 8M - Ajuntament de Naut Aran","og_description":"Es difere\u0301ncies entre hemnes e \u00f2mes encara son noto\u0300ries en aguest an 2022 ena no\u0300sta societat. Es vesins e vesies dera Val d\u2019Aran tanpo\u0300c mos escapam ad aguesta realitat pr\u2019amor qu\u2019a dia d\u2019aue\u0301 encara se po\u0300den veir fo\u0300rc\u0327a desigualtats en diue\u0300rsi airaus deth no\u0300ste territo\u0300ri.\u2063 \u2063 Mos cau lutar per ua societat me\u0300s justa, igualita\u0300ria [&hellip;]","og_url":"https:\/\/www.nautaran.org\/es\/sin-categoria\/manifest-der-ajuntament-de-naut-aran-en-tot-commemorar-eth-8m\/","og_site_name":"Ajuntament de Naut Aran","article_published_time":"2022-03-08T15:19:13+00:00","og_image":[{"url":"https:\/\/www.nautaran.org\/wp-content\/uploads\/2022\/03\/c860d12f-5200-436c-815c-81b2e6e44776.jpg","type":"","width":"","height":""}],"author":"nautaran","twitter_card":"summary_large_image","twitter_misc":{"Escrito por":"nautaran","Tiempo de lectura":"1 minuto"},"schema":{"@context":"https:\/\/schema.org","@graph":[{"@type":"Article","@id":"https:\/\/www.nautaran.org\/es\/sin-categoria\/manifest-der-ajuntament-de-naut-aran-en-tot-commemorar-eth-8m\/#article","isPartOf":{"@id":"https:\/\/www.nautaran.org\/es\/sin-categoria\/manifest-der-ajuntament-de-naut-aran-en-tot-commemorar-eth-8m\/"},"author":{"name":"nautaran","@id":"https:\/\/www.nautaran.org\/#\/schema\/person\/d1534bc0cff9cbd7d1b5cfc12e946a35"},"headline":"Manif\u00e8st der Ajuntament de Naut Aran en tot commemorar eth 8M","datePublished":"2022-03-08T15:19:13+00:00","mainEntityOfPage":{"@id":"https:\/\/www.nautaran.org\/es\/sin-categoria\/manifest-der-ajuntament-de-naut-aran-en-tot-commemorar-eth-8m\/"},"wordCount":300,"image":{"@id":"https:\/\/www.nautaran.org\/es\/sin-categoria\/manifest-der-ajuntament-de-naut-aran-en-tot-commemorar-eth-8m\/#primaryimage"},"thumbnailUrl":"https:\/\/www.nautaran.org\/wp-content\/uploads\/2022\/03\/hh.jpg","articleSection":["Destacado portada","Noticias","Noticias | Acci\u00f3n social","Noticias | Cultura","Noticias | Deportes","Noticias | Infraestructuras","Noticias | Medio Natural","Noticias | Turismo"],"inLanguage":"es"},{"@type":"WebPage","@id":"https:\/\/www.nautaran.org\/es\/sin-categoria\/manifest-der-ajuntament-de-naut-aran-en-tot-commemorar-eth-8m\/","url":"https:\/\/www.nautaran.org\/es\/sin-categoria\/manifest-der-ajuntament-de-naut-aran-en-tot-commemorar-eth-8m\/","name":"Manif\u00e8st der Ajuntament de Naut Aran en tot commemorar eth 8M - Ajuntament de Naut Aran","isPartOf":{"@id":"https:\/\/www.nautaran.org\/#website"},"primaryImageOfPage":{"@id":"https:\/\/www.nautaran.org\/es\/sin-categoria\/manifest-der-ajuntament-de-naut-aran-en-tot-commemorar-eth-8m\/#primaryimage"},"image":{"@id":"https:\/\/www.nautaran.org\/es\/sin-categoria\/manifest-der-ajuntament-de-naut-aran-en-tot-commemorar-eth-8m\/#primaryimage"},"thumbnailUrl":"https:\/\/www.nautaran.org\/wp-content\/uploads\/2022\/03\/hh.jpg","datePublished":"2022-03-08T15:19:13+00:00","author":{"@id":"https:\/\/www.nautaran.org\/#\/schema\/person\/d1534bc0cff9cbd7d1b5cfc12e946a35"},"breadcrumb":{"@id":"https:\/\/www.nautaran.org\/es\/sin-categoria\/manifest-der-ajuntament-de-naut-aran-en-tot-commemorar-eth-8m\/#breadcrumb"},"inLanguage":"es","potentialAction":[{"@type":"ReadAction","target":["https:\/\/www.nautaran.org\/es\/sin-categoria\/manifest-der-ajuntament-de-naut-aran-en-tot-commemorar-eth-8m\/"]}]},{"@type":"ImageObject","inLanguage":"es","@id":"https:\/\/www.nautaran.org\/es\/sin-categoria\/manifest-der-ajuntament-de-naut-aran-en-tot-commemorar-eth-8m\/#primaryimage","url":"https:\/\/www.nautaran.org\/wp-content\/uploads\/2022\/03\/hh.jpg","contentUrl":"https:\/\/www.nautaran.org\/wp-content\/uploads\/2022\/03\/hh.jpg","width":626,"height":417},{"@type":"BreadcrumbList","@id":"https:\/\/www.nautaran.org\/es\/sin-categoria\/manifest-der-ajuntament-de-naut-aran-en-tot-commemorar-eth-8m\/#breadcrumb","itemListElement":[{"@type":"ListItem","position":1,"name":"Portada","item":"https:\/\/www.nautaran.org\/es\/home-2\/"},{"@type":"ListItem","position":2,"name":"Manif\u00e8st der Ajuntament de Naut Aran en tot commemorar eth 8M"}]},{"@type":"WebSite","@id":"https:\/\/www.nautaran.org\/#website","url":"https:\/\/www.nautaran.org\/","name":"Ajuntament de Naut Aran","description":"Naut Aran","potentialAction":[{"@type":"SearchAction","target":{"@type":"EntryPoint","urlTemplate":"https:\/\/www.nautaran.org\/?s={search_term_string}"},"query-input":{"@type":"PropertyValueSpecification","valueRequired":true,"valueName":"search_term_string"}}],"inLanguage":"es"},{"@type":"Person","@id":"https:\/\/www.nautaran.org\/#\/schema\/person\/d1534bc0cff9cbd7d1b5cfc12e946a35","name":"nautaran","image":{"@type":"ImageObject","inLanguage":"es","@id":"https:\/\/www.nautaran.org\/#\/schema\/person\/image\/","url":"https:\/\/secure.gravatar.com\/avatar\/80a09b1f8ae692a4acce17816a6597a844f3f59cda069b47a176c85e26e41c03?s=96&d=mm&r=g","contentUrl":"https:\/\/secure.gravatar.com\/avatar\/80a09b1f8ae692a4acce17816a6597a844f3f59cda069b47a176c85e26e41c03?s=96&d=mm&r=g","caption":"nautaran"},"url":"https:\/\/www.nautaran.org\/es\/author\/nautaran\/"}]}},"_links":{"self":[{"href":"https:\/\/www.nautaran.org\/es\/wp-json\/wp\/v2\/posts\/10661","targetHints":{"allow":["GET"]}}],"collection":[{"href":"https:\/\/www.nautaran.org\/es\/wp-json\/wp\/v2\/posts"}],"about":[{"href":"https:\/\/www.nautaran.org\/es\/wp-json\/wp\/v2\/types\/post"}],"author":[{"embeddable":true,"href":"https:\/\/www.nautaran.org\/es\/wp-json\/wp\/v2\/users\/4"}],"replies":[{"embeddable":true,"href":"https:\/\/www.nautaran.org\/es\/wp-json\/wp\/v2\/comments?post=10661"}],"version-history":[{"count":0,"href":"https:\/\/www.nautaran.org\/es\/wp-json\/wp\/v2\/posts\/10661\/revisions"}],"wp:featuredmedia":[{"embeddable":true,"href":"https:\/\/www.nautaran.org\/es\/wp-json\/wp\/v2\/media\/10655"}],"wp:attachment":[{"href":"https:\/\/www.nautaran.org\/es\/wp-json\/wp\/v2\/media?parent=10661"}],"wp:term":[{"taxonomy":"category","embeddable":true,"href":"https:\/\/www.nautaran.org\/es\/wp-json\/wp\/v2\/categories?post=10661"},{"taxonomy":"post_tag","embeddable":true,"href":"https:\/\/www.nautaran.org\/es\/wp-json\/wp\/v2\/tags?post=10661"}],"curies":[{"name":"wp","href":"https:\/\/api.w.org\/{rel}","templated":true}]}}