{"id":11009,"date":"2022-05-03T16:19:43","date_gmt":"2022-05-03T14:19:43","guid":{"rendered":"https:\/\/www.nautaran.org\/sin-categoria\/torne-santa-creu-en-salardu\/"},"modified":"2022-05-03T17:08:54","modified_gmt":"2022-05-03T15:08:54","slug":"vuelve-santa-creu-en-salardu","status":"publish","type":"post","link":"https:\/\/www.nautaran.org\/es\/noticias\/vuelve-santa-creu-en-salardu\/","title":{"rendered":"Vuelve Santa Creu en Salard\u00fa"},"content":{"rendered":"<p>Demp\u00fas de dus ans sense poder amiar-la a t\u00e8rme, enguan a pogut tornar era Amassada de Crotzes que m\u00e8rque era fin des h\u00e8stes majors de Santa Creu de Salard\u00fa.<\/p>\n<p>Era tradicion indique que cada crotz de cadua des poblacions de Naut Aran, s\u2019amasse damb eth Sant Crist de Salard\u00fa que proven dera gl\u00e8isa Sant Andreu Salard\u00fa, ua talha romanica policromada conservada en aguest temple religi\u00f3s. Cada 3 de mai, aguesta \u00f2bra m\u00e8stra g\u00e8s dera gl\u00e8isa, ent\u00e0 trapar-se damb totes es creus e estendards des p\u00f2bles deth Naut Aran.<\/p>\n<p><img loading=\"lazy\" decoding=\"async\" class=\"aligncenter size-full wp-image-10994\" src=\"https:\/\/www.nautaran.org\/wp-content\/uploads\/2022\/05\/ab788c69-4257-42c1-9b78-a0fe986e6d74.jpg\" alt=\"\" width=\"1200\" height=\"1600\" srcset=\"https:\/\/www.nautaran.org\/wp-content\/uploads\/2022\/05\/ab788c69-4257-42c1-9b78-a0fe986e6d74.jpg 1200w, https:\/\/www.nautaran.org\/wp-content\/uploads\/2022\/05\/ab788c69-4257-42c1-9b78-a0fe986e6d74-980x1307.jpg 980w, https:\/\/www.nautaran.org\/wp-content\/uploads\/2022\/05\/ab788c69-4257-42c1-9b78-a0fe986e6d74-480x640.jpg 480w\" sizes=\"auto, (min-width: 0px) and (max-width: 480px) 480px, (min-width: 481px) and (max-width: 980px) 980px, (min-width: 981px) 1200px, 100vw\" \/><\/p>\n<p>Un viatge se tr\u00f2ben totes es creus, accedissen entara gl\u00e8isa de Salard\u00fa e presencien era missa solemna e, en acabar, gessen tara Pla\u00e7a dera Pica ent\u00e0 benedir eth t\u00e8rme.<\/p>\n<p>Aguest acte a supausat eth punt e finau as h\u00e8stes majors d\u2019aguesta poblacion un viatge an pogut finalizar totes es restriccions pera crisi sanit\u00e0ria peth coronavirus.<\/p>\n<p>Era ploja a estat presenta pendent era celebracion d\u2019aguest acte m\u00e8s s\u2019a pogut amiar a t\u00e8rme sense cap tipe de probl\u00e8ma.<\/p>\n","protected":false},"excerpt":{"rendered":"<p>Demp\u00fas de dus ans sense poder amiar-la a t\u00e8rme, enguan a pogut tornar era Amassada de Crotzes que m\u00e8rque era fin des h\u00e8stes majors de Santa Creu de Salard\u00fa. Era tradicion indique que cada crotz de cadua des poblacions de Naut Aran, s\u2019amasse damb eth Sant Crist de Salard\u00fa que proven dera gl\u00e8isa Sant Andreu [&hellip;]<\/p>\n","protected":false},"author":4,"featured_media":11000,"comment_status":"closed","ping_status":"closed","sticky":false,"template":"","format":"standard","meta":{"_acf_changed":false,"_et_pb_use_builder":"","_et_pb_old_content":"","_et_gb_content_width":"","footnotes":""},"categories":[27,17,20,22,21,18,23,19],"tags":[],"class_list":["post-11009","post","type-post","status-publish","format-standard","has-post-thumbnail","hentry","category-destacado-portada","category-noticias","category-accion-social","category-cultura","category-deportes","category-infraestructuras","category-medio-natural","category-turismo"],"acf":[],"yoast_head":"<!-- This site is optimized with the Yoast SEO plugin v26.8 - https:\/\/yoast.com\/product\/yoast-seo-wordpress\/ -->\n<title>Vuelve Santa Creu en Salard\u00fa - Ajuntament de Naut Aran<\/title>\n<meta name=\"robots\" content=\"index, follow, max-snippet:-1, max-image-preview:large, max-video-preview:-1\" \/>\n<link rel=\"canonical\" href=\"https:\/\/www.nautaran.org\/es\/noticias\/vuelve-santa-creu-en-salardu\/\" \/>\n<meta property=\"og:locale\" content=\"es_ES\" \/>\n<meta property=\"og:type\" content=\"article\" \/>\n<meta property=\"og:title\" content=\"Vuelve Santa Creu en Salard\u00fa - Ajuntament de Naut Aran\" \/>\n<meta property=\"og:description\" content=\"Demp\u00fas de dus ans sense poder amiar-la a t\u00e8rme, enguan a pogut tornar era Amassada de Crotzes que m\u00e8rque era fin des h\u00e8stes majors de Santa Creu de Salard\u00fa. Era tradicion indique que cada crotz de cadua des poblacions de Naut Aran, s\u2019amasse damb eth Sant Crist de Salard\u00fa que proven dera gl\u00e8isa Sant Andreu [&hellip;]\" \/>\n<meta property=\"og:url\" content=\"https:\/\/www.nautaran.org\/es\/noticias\/vuelve-santa-creu-en-salardu\/\" \/>\n<meta property=\"og:site_name\" content=\"Ajuntament de Naut Aran\" \/>\n<meta property=\"article:published_time\" content=\"2022-05-03T14:19:43+00:00\" \/>\n<meta property=\"article:modified_time\" content=\"2022-05-03T15:08:54+00:00\" \/>\n<meta property=\"og:image\" content=\"https:\/\/www.nautaran.org\/wp-content\/uploads\/2022\/05\/10c52ecc-7a41-425f-9211-c2f9731cfbbb.jpg\" \/>\n\t<meta property=\"og:image:width\" content=\"1600\" \/>\n\t<meta property=\"og:image:height\" content=\"1200\" \/>\n\t<meta property=\"og:image:type\" content=\"image\/jpeg\" \/>\n<meta name=\"author\" content=\"nautaran\" \/>\n<meta name=\"twitter:card\" content=\"summary_large_image\" \/>\n<meta name=\"twitter:label1\" content=\"Escrito por\" \/>\n\t<meta name=\"twitter:data1\" content=\"nautaran\" \/>\n\t<meta name=\"twitter:label2\" content=\"Tiempo de lectura\" \/>\n\t<meta name=\"twitter:data2\" content=\"1 minuto\" \/>\n<script type=\"application\/ld+json\" class=\"yoast-schema-graph\">{\"@context\":\"https:\/\/schema.org\",\"@graph\":[{\"@type\":\"Article\",\"@id\":\"https:\/\/www.nautaran.org\/es\/noticias\/vuelve-santa-creu-en-salardu\/#article\",\"isPartOf\":{\"@id\":\"https:\/\/www.nautaran.org\/es\/noticias\/vuelve-santa-creu-en-salardu\/\"},\"author\":{\"name\":\"nautaran\",\"@id\":\"https:\/\/www.nautaran.org\/#\/schema\/person\/d1534bc0cff9cbd7d1b5cfc12e946a35\"},\"headline\":\"Vuelve Santa Creu en Salard\u00fa\",\"datePublished\":\"2022-05-03T14:19:43+00:00\",\"dateModified\":\"2022-05-03T15:08:54+00:00\",\"mainEntityOfPage\":{\"@id\":\"https:\/\/www.nautaran.org\/es\/noticias\/vuelve-santa-creu-en-salardu\/\"},\"wordCount\":191,\"image\":{\"@id\":\"https:\/\/www.nautaran.org\/es\/noticias\/vuelve-santa-creu-en-salardu\/#primaryimage\"},\"thumbnailUrl\":\"https:\/\/www.nautaran.org\/wp-content\/uploads\/2022\/05\/10c52ecc-7a41-425f-9211-c2f9731cfbbb.jpg\",\"articleSection\":[\"Destacado portada\",\"Noticias\",\"Noticias | Acci\u00f3n social\",\"Noticias | Cultura\",\"Noticias | Deportes\",\"Noticias | Infraestructuras\",\"Noticias | Medio Natural\",\"Noticias | Turismo\"],\"inLanguage\":\"es\"},{\"@type\":\"WebPage\",\"@id\":\"https:\/\/www.nautaran.org\/es\/noticias\/vuelve-santa-creu-en-salardu\/\",\"url\":\"https:\/\/www.nautaran.org\/es\/noticias\/vuelve-santa-creu-en-salardu\/\",\"name\":\"Vuelve Santa Creu en Salard\u00fa - Ajuntament de Naut Aran\",\"isPartOf\":{\"@id\":\"https:\/\/www.nautaran.org\/#website\"},\"primaryImageOfPage\":{\"@id\":\"https:\/\/www.nautaran.org\/es\/noticias\/vuelve-santa-creu-en-salardu\/#primaryimage\"},\"image\":{\"@id\":\"https:\/\/www.nautaran.org\/es\/noticias\/vuelve-santa-creu-en-salardu\/#primaryimage\"},\"thumbnailUrl\":\"https:\/\/www.nautaran.org\/wp-content\/uploads\/2022\/05\/10c52ecc-7a41-425f-9211-c2f9731cfbbb.jpg\",\"datePublished\":\"2022-05-03T14:19:43+00:00\",\"dateModified\":\"2022-05-03T15:08:54+00:00\",\"author\":{\"@id\":\"https:\/\/www.nautaran.org\/#\/schema\/person\/d1534bc0cff9cbd7d1b5cfc12e946a35\"},\"breadcrumb\":{\"@id\":\"https:\/\/www.nautaran.org\/es\/noticias\/vuelve-santa-creu-en-salardu\/#breadcrumb\"},\"inLanguage\":\"es\",\"potentialAction\":[{\"@type\":\"ReadAction\",\"target\":[\"https:\/\/www.nautaran.org\/es\/noticias\/vuelve-santa-creu-en-salardu\/\"]}]},{\"@type\":\"ImageObject\",\"inLanguage\":\"es\",\"@id\":\"https:\/\/www.nautaran.org\/es\/noticias\/vuelve-santa-creu-en-salardu\/#primaryimage\",\"url\":\"https:\/\/www.nautaran.org\/wp-content\/uploads\/2022\/05\/10c52ecc-7a41-425f-9211-c2f9731cfbbb.jpg\",\"contentUrl\":\"https:\/\/www.nautaran.org\/wp-content\/uploads\/2022\/05\/10c52ecc-7a41-425f-9211-c2f9731cfbbb.jpg\",\"width\":1600,\"height\":1200},{\"@type\":\"BreadcrumbList\",\"@id\":\"https:\/\/www.nautaran.org\/es\/noticias\/vuelve-santa-creu-en-salardu\/#breadcrumb\",\"itemListElement\":[{\"@type\":\"ListItem\",\"position\":1,\"name\":\"Portada\",\"item\":\"https:\/\/www.nautaran.org\/es\/home-2\/\"},{\"@type\":\"ListItem\",\"position\":2,\"name\":\"Vuelve Santa Creu en Salard\u00fa\"}]},{\"@type\":\"WebSite\",\"@id\":\"https:\/\/www.nautaran.org\/#website\",\"url\":\"https:\/\/www.nautaran.org\/\",\"name\":\"Ajuntament de Naut Aran\",\"description\":\"Naut Aran\",\"potentialAction\":[{\"@type\":\"SearchAction\",\"target\":{\"@type\":\"EntryPoint\",\"urlTemplate\":\"https:\/\/www.nautaran.org\/?s={search_term_string}\"},\"query-input\":{\"@type\":\"PropertyValueSpecification\",\"valueRequired\":true,\"valueName\":\"search_term_string\"}}],\"inLanguage\":\"es\"},{\"@type\":\"Person\",\"@id\":\"https:\/\/www.nautaran.org\/#\/schema\/person\/d1534bc0cff9cbd7d1b5cfc12e946a35\",\"name\":\"nautaran\",\"image\":{\"@type\":\"ImageObject\",\"inLanguage\":\"es\",\"@id\":\"https:\/\/www.nautaran.org\/#\/schema\/person\/image\/\",\"url\":\"https:\/\/secure.gravatar.com\/avatar\/80a09b1f8ae692a4acce17816a6597a844f3f59cda069b47a176c85e26e41c03?s=96&d=mm&r=g\",\"contentUrl\":\"https:\/\/secure.gravatar.com\/avatar\/80a09b1f8ae692a4acce17816a6597a844f3f59cda069b47a176c85e26e41c03?s=96&d=mm&r=g\",\"caption\":\"nautaran\"},\"url\":\"https:\/\/www.nautaran.org\/es\/author\/nautaran\/\"}]}<\/script>\n<!-- \/ Yoast SEO plugin. -->","yoast_head_json":{"title":"Vuelve Santa Creu en Salard\u00fa - Ajuntament de Naut Aran","robots":{"index":"index","follow":"follow","max-snippet":"max-snippet:-1","max-image-preview":"max-image-preview:large","max-video-preview":"max-video-preview:-1"},"canonical":"https:\/\/www.nautaran.org\/es\/noticias\/vuelve-santa-creu-en-salardu\/","og_locale":"es_ES","og_type":"article","og_title":"Vuelve Santa Creu en Salard\u00fa - Ajuntament de Naut Aran","og_description":"Demp\u00fas de dus ans sense poder amiar-la a t\u00e8rme, enguan a pogut tornar era Amassada de Crotzes que m\u00e8rque era fin des h\u00e8stes majors de Santa Creu de Salard\u00fa. Era tradicion indique que cada crotz de cadua des poblacions de Naut Aran, s\u2019amasse damb eth Sant Crist de Salard\u00fa que proven dera gl\u00e8isa Sant Andreu [&hellip;]","og_url":"https:\/\/www.nautaran.org\/es\/noticias\/vuelve-santa-creu-en-salardu\/","og_site_name":"Ajuntament de Naut Aran","article_published_time":"2022-05-03T14:19:43+00:00","article_modified_time":"2022-05-03T15:08:54+00:00","og_image":[{"width":1600,"height":1200,"url":"https:\/\/www.nautaran.org\/wp-content\/uploads\/2022\/05\/10c52ecc-7a41-425f-9211-c2f9731cfbbb.jpg","type":"image\/jpeg"}],"author":"nautaran","twitter_card":"summary_large_image","twitter_misc":{"Escrito por":"nautaran","Tiempo de lectura":"1 minuto"},"schema":{"@context":"https:\/\/schema.org","@graph":[{"@type":"Article","@id":"https:\/\/www.nautaran.org\/es\/noticias\/vuelve-santa-creu-en-salardu\/#article","isPartOf":{"@id":"https:\/\/www.nautaran.org\/es\/noticias\/vuelve-santa-creu-en-salardu\/"},"author":{"name":"nautaran","@id":"https:\/\/www.nautaran.org\/#\/schema\/person\/d1534bc0cff9cbd7d1b5cfc12e946a35"},"headline":"Vuelve Santa Creu en Salard\u00fa","datePublished":"2022-05-03T14:19:43+00:00","dateModified":"2022-05-03T15:08:54+00:00","mainEntityOfPage":{"@id":"https:\/\/www.nautaran.org\/es\/noticias\/vuelve-santa-creu-en-salardu\/"},"wordCount":191,"image":{"@id":"https:\/\/www.nautaran.org\/es\/noticias\/vuelve-santa-creu-en-salardu\/#primaryimage"},"thumbnailUrl":"https:\/\/www.nautaran.org\/wp-content\/uploads\/2022\/05\/10c52ecc-7a41-425f-9211-c2f9731cfbbb.jpg","articleSection":["Destacado portada","Noticias","Noticias | Acci\u00f3n social","Noticias | Cultura","Noticias | Deportes","Noticias | Infraestructuras","Noticias | Medio Natural","Noticias | Turismo"],"inLanguage":"es"},{"@type":"WebPage","@id":"https:\/\/www.nautaran.org\/es\/noticias\/vuelve-santa-creu-en-salardu\/","url":"https:\/\/www.nautaran.org\/es\/noticias\/vuelve-santa-creu-en-salardu\/","name":"Vuelve Santa Creu en Salard\u00fa - Ajuntament de Naut Aran","isPartOf":{"@id":"https:\/\/www.nautaran.org\/#website"},"primaryImageOfPage":{"@id":"https:\/\/www.nautaran.org\/es\/noticias\/vuelve-santa-creu-en-salardu\/#primaryimage"},"image":{"@id":"https:\/\/www.nautaran.org\/es\/noticias\/vuelve-santa-creu-en-salardu\/#primaryimage"},"thumbnailUrl":"https:\/\/www.nautaran.org\/wp-content\/uploads\/2022\/05\/10c52ecc-7a41-425f-9211-c2f9731cfbbb.jpg","datePublished":"2022-05-03T14:19:43+00:00","dateModified":"2022-05-03T15:08:54+00:00","author":{"@id":"https:\/\/www.nautaran.org\/#\/schema\/person\/d1534bc0cff9cbd7d1b5cfc12e946a35"},"breadcrumb":{"@id":"https:\/\/www.nautaran.org\/es\/noticias\/vuelve-santa-creu-en-salardu\/#breadcrumb"},"inLanguage":"es","potentialAction":[{"@type":"ReadAction","target":["https:\/\/www.nautaran.org\/es\/noticias\/vuelve-santa-creu-en-salardu\/"]}]},{"@type":"ImageObject","inLanguage":"es","@id":"https:\/\/www.nautaran.org\/es\/noticias\/vuelve-santa-creu-en-salardu\/#primaryimage","url":"https:\/\/www.nautaran.org\/wp-content\/uploads\/2022\/05\/10c52ecc-7a41-425f-9211-c2f9731cfbbb.jpg","contentUrl":"https:\/\/www.nautaran.org\/wp-content\/uploads\/2022\/05\/10c52ecc-7a41-425f-9211-c2f9731cfbbb.jpg","width":1600,"height":1200},{"@type":"BreadcrumbList","@id":"https:\/\/www.nautaran.org\/es\/noticias\/vuelve-santa-creu-en-salardu\/#breadcrumb","itemListElement":[{"@type":"ListItem","position":1,"name":"Portada","item":"https:\/\/www.nautaran.org\/es\/home-2\/"},{"@type":"ListItem","position":2,"name":"Vuelve Santa Creu en Salard\u00fa"}]},{"@type":"WebSite","@id":"https:\/\/www.nautaran.org\/#website","url":"https:\/\/www.nautaran.org\/","name":"Ajuntament de Naut Aran","description":"Naut Aran","potentialAction":[{"@type":"SearchAction","target":{"@type":"EntryPoint","urlTemplate":"https:\/\/www.nautaran.org\/?s={search_term_string}"},"query-input":{"@type":"PropertyValueSpecification","valueRequired":true,"valueName":"search_term_string"}}],"inLanguage":"es"},{"@type":"Person","@id":"https:\/\/www.nautaran.org\/#\/schema\/person\/d1534bc0cff9cbd7d1b5cfc12e946a35","name":"nautaran","image":{"@type":"ImageObject","inLanguage":"es","@id":"https:\/\/www.nautaran.org\/#\/schema\/person\/image\/","url":"https:\/\/secure.gravatar.com\/avatar\/80a09b1f8ae692a4acce17816a6597a844f3f59cda069b47a176c85e26e41c03?s=96&d=mm&r=g","contentUrl":"https:\/\/secure.gravatar.com\/avatar\/80a09b1f8ae692a4acce17816a6597a844f3f59cda069b47a176c85e26e41c03?s=96&d=mm&r=g","caption":"nautaran"},"url":"https:\/\/www.nautaran.org\/es\/author\/nautaran\/"}]}},"_links":{"self":[{"href":"https:\/\/www.nautaran.org\/es\/wp-json\/wp\/v2\/posts\/11009","targetHints":{"allow":["GET"]}}],"collection":[{"href":"https:\/\/www.nautaran.org\/es\/wp-json\/wp\/v2\/posts"}],"about":[{"href":"https:\/\/www.nautaran.org\/es\/wp-json\/wp\/v2\/types\/post"}],"author":[{"embeddable":true,"href":"https:\/\/www.nautaran.org\/es\/wp-json\/wp\/v2\/users\/4"}],"replies":[{"embeddable":true,"href":"https:\/\/www.nautaran.org\/es\/wp-json\/wp\/v2\/comments?post=11009"}],"version-history":[{"count":1,"href":"https:\/\/www.nautaran.org\/es\/wp-json\/wp\/v2\/posts\/11009\/revisions"}],"predecessor-version":[{"id":11011,"href":"https:\/\/www.nautaran.org\/es\/wp-json\/wp\/v2\/posts\/11009\/revisions\/11011"}],"wp:featuredmedia":[{"embeddable":true,"href":"https:\/\/www.nautaran.org\/es\/wp-json\/wp\/v2\/media\/11000"}],"wp:attachment":[{"href":"https:\/\/www.nautaran.org\/es\/wp-json\/wp\/v2\/media?parent=11009"}],"wp:term":[{"taxonomy":"category","embeddable":true,"href":"https:\/\/www.nautaran.org\/es\/wp-json\/wp\/v2\/categories?post=11009"},{"taxonomy":"post_tag","embeddable":true,"href":"https:\/\/www.nautaran.org\/es\/wp-json\/wp\/v2\/tags?post=11009"}],"curies":[{"name":"wp","href":"https:\/\/api.w.org\/{rel}","templated":true}]}}