{"id":1137,"date":"2020-08-25T10:44:33","date_gmt":"2020-08-25T10:44:33","guid":{"rendered":"https:\/\/www.nautaran.org\/?p=1137"},"modified":"2020-08-25T11:11:26","modified_gmt":"2020-08-25T11:11:26","slug":"el-ayuntamiento-de-naut-aran-instala-dos-cubiertas-de-proteccion-solar-en-la-guarderia-eth-cargolh-de-tredos","status":"publish","type":"post","link":"https:\/\/www.nautaran.org\/es\/accion-social\/el-ayuntamiento-de-naut-aran-instala-dos-cubiertas-de-proteccion-solar-en-la-guarderia-eth-cargolh-de-tredos\/","title":{"rendered":"El Ayuntamiento de Naut Aran instala dos cubiertas de protecci\u00f3n solar en la guarder\u00eda \u00abEth Cargolh\u00bb de Tred\u00f2s"},"content":{"rendered":"<p>El Ayuntamiento de Naut Aran ha instalado dos cubiertas de protecci\u00f3n solar en la guarder\u00eda \u00abEth Cargolh\u00bb de Tred\u00f2s. Estas, cubrir\u00e1n 60 metros cuadrados de extensi\u00f3n del patio exterior del centro educativo situado en nuestro municipio.<\/p>\n<p>En total, se han destinado 9500 euros entre estos dos elementos que servir\u00e1n para proteger a los peque\u00f1os ni\u00f1os y ni\u00f1as de los rayos del sol en los momentos en que haga mucho calor, as\u00ed como facilitar el trabajo a los educadores.<\/p>\n<p><img loading=\"lazy\" decoding=\"async\" class=\"aligncenter size-full wp-image-1138\" src=\"https:\/\/www.nautaran.org\/wp-content\/uploads\/2020\/08\/IMG_5556.jpg\" alt=\"\" width=\"4032\" height=\"3024\" srcset=\"https:\/\/www.nautaran.org\/wp-content\/uploads\/2020\/08\/IMG_5556.jpg 4032w, https:\/\/www.nautaran.org\/wp-content\/uploads\/2020\/08\/IMG_5556-1280x960.jpg 1280w, https:\/\/www.nautaran.org\/wp-content\/uploads\/2020\/08\/IMG_5556-980x735.jpg 980w, https:\/\/www.nautaran.org\/wp-content\/uploads\/2020\/08\/IMG_5556-480x360.jpg 480w\" sizes=\"auto, (min-width: 0px) and (max-width: 480px) 480px, (min-width: 481px) and (max-width: 980px) 980px, (min-width: 981px) and (max-width: 1280px) 1280px, (min-width: 1281px) 4032px, 100vw\" \/><\/p>\n<p>El alcalde del Ayuntamiento de Naut Aran, Cesar Ruiz-Canela Nieto, considera que \u00abes fundamental proteger a los m\u00e1s peque\u00f1os de la exposici\u00f3n al sol, y con esta medida creamos que lo habremos conseguido\u00bb<\/p>\n","protected":false},"excerpt":{"rendered":"<p>El Ayuntamiento de Naut Aran ha instalado dos cubiertas de protecci\u00f3n solar en la guarder\u00eda \u00abEth Cargolh\u00bb de Tred\u00f2s. Estas, cubrir\u00e1n 60 metros cuadrados de extensi\u00f3n del patio exterior del centro educativo situado en nuestro municipio. En total, se han destinado 9500 euros entre estos dos elementos que servir\u00e1n para proteger a los peque\u00f1os ni\u00f1os [&hellip;]<\/p>\n","protected":false},"author":4,"featured_media":1141,"comment_status":"closed","ping_status":"closed","sticky":false,"template":"","format":"standard","meta":{"_acf_changed":false,"_et_pb_use_builder":"","_et_pb_old_content":"","_et_gb_content_width":"","footnotes":""},"categories":[17,20],"tags":[],"class_list":["post-1137","post","type-post","status-publish","format-standard","has-post-thumbnail","hentry","category-noticias","category-accion-social"],"acf":[],"yoast_head":"<!-- This site is optimized with the Yoast SEO plugin v26.8 - https:\/\/yoast.com\/product\/yoast-seo-wordpress\/ -->\n<title>El Ayuntamiento de Naut Aran instala dos cubiertas de protecci\u00f3n solar en la guarder\u00eda &quot;Eth Cargolh&quot; de Tred\u00f2s - Ajuntament de Naut Aran<\/title>\n<meta name=\"robots\" content=\"index, follow, max-snippet:-1, max-image-preview:large, max-video-preview:-1\" \/>\n<link rel=\"canonical\" href=\"https:\/\/www.nautaran.org\/es\/accion-social\/el-ayuntamiento-de-naut-aran-instala-dos-cubiertas-de-proteccion-solar-en-la-guarderia-eth-cargolh-de-tredos\/\" \/>\n<meta property=\"og:locale\" content=\"es_ES\" \/>\n<meta property=\"og:type\" content=\"article\" \/>\n<meta property=\"og:title\" content=\"El Ayuntamiento de Naut Aran instala dos cubiertas de protecci\u00f3n solar en la guarder\u00eda &quot;Eth Cargolh&quot; de Tred\u00f2s - Ajuntament de Naut Aran\" \/>\n<meta property=\"og:description\" content=\"El Ayuntamiento de Naut Aran ha instalado dos cubiertas de protecci\u00f3n solar en la guarder\u00eda \u00abEth Cargolh\u00bb de Tred\u00f2s. Estas, cubrir\u00e1n 60 metros cuadrados de extensi\u00f3n del patio exterior del centro educativo situado en nuestro municipio. En total, se han destinado 9500 euros entre estos dos elementos que servir\u00e1n para proteger a los peque\u00f1os ni\u00f1os [&hellip;]\" \/>\n<meta property=\"og:url\" content=\"https:\/\/www.nautaran.org\/es\/accion-social\/el-ayuntamiento-de-naut-aran-instala-dos-cubiertas-de-proteccion-solar-en-la-guarderia-eth-cargolh-de-tredos\/\" \/>\n<meta property=\"og:site_name\" content=\"Ajuntament de Naut Aran\" \/>\n<meta property=\"article:published_time\" content=\"2020-08-25T10:44:33+00:00\" \/>\n<meta property=\"article:modified_time\" content=\"2020-08-25T11:11:26+00:00\" \/>\n<meta property=\"og:image\" content=\"https:\/\/www.nautaran.org\/wp-content\/uploads\/2020\/08\/IMG_5557-1024x768.jpg\" \/>\n\t<meta property=\"og:image:width\" content=\"1024\" \/>\n\t<meta property=\"og:image:height\" content=\"768\" \/>\n\t<meta property=\"og:image:type\" content=\"image\/jpeg\" \/>\n<meta name=\"author\" content=\"nautaran\" \/>\n<meta name=\"twitter:card\" content=\"summary_large_image\" \/>\n<meta name=\"twitter:label1\" content=\"Escrito por\" \/>\n\t<meta name=\"twitter:data1\" content=\"nautaran\" \/>\n\t<meta name=\"twitter:label2\" content=\"Tiempo de lectura\" \/>\n\t<meta name=\"twitter:data2\" content=\"1 minuto\" \/>\n<script type=\"application\/ld+json\" class=\"yoast-schema-graph\">{\"@context\":\"https:\/\/schema.org\",\"@graph\":[{\"@type\":\"Article\",\"@id\":\"https:\/\/www.nautaran.org\/es\/accion-social\/el-ayuntamiento-de-naut-aran-instala-dos-cubiertas-de-proteccion-solar-en-la-guarderia-eth-cargolh-de-tredos\/#article\",\"isPartOf\":{\"@id\":\"https:\/\/www.nautaran.org\/es\/accion-social\/el-ayuntamiento-de-naut-aran-instala-dos-cubiertas-de-proteccion-solar-en-la-guarderia-eth-cargolh-de-tredos\/\"},\"author\":{\"name\":\"nautaran\",\"@id\":\"https:\/\/www.nautaran.org\/#\/schema\/person\/d1534bc0cff9cbd7d1b5cfc12e946a35\"},\"headline\":\"El Ayuntamiento de Naut Aran instala dos cubiertas de protecci\u00f3n solar en la guarder\u00eda \u00abEth Cargolh\u00bb de Tred\u00f2s\",\"datePublished\":\"2020-08-25T10:44:33+00:00\",\"dateModified\":\"2020-08-25T11:11:26+00:00\",\"mainEntityOfPage\":{\"@id\":\"https:\/\/www.nautaran.org\/es\/accion-social\/el-ayuntamiento-de-naut-aran-instala-dos-cubiertas-de-proteccion-solar-en-la-guarderia-eth-cargolh-de-tredos\/\"},\"wordCount\":142,\"image\":{\"@id\":\"https:\/\/www.nautaran.org\/es\/accion-social\/el-ayuntamiento-de-naut-aran-instala-dos-cubiertas-de-proteccion-solar-en-la-guarderia-eth-cargolh-de-tredos\/#primaryimage\"},\"thumbnailUrl\":\"https:\/\/www.nautaran.org\/wp-content\/uploads\/2020\/08\/IMG_5557.jpg\",\"articleSection\":[\"Noticias\",\"Noticias | Acci\u00f3n social\"],\"inLanguage\":\"es\"},{\"@type\":\"WebPage\",\"@id\":\"https:\/\/www.nautaran.org\/es\/accion-social\/el-ayuntamiento-de-naut-aran-instala-dos-cubiertas-de-proteccion-solar-en-la-guarderia-eth-cargolh-de-tredos\/\",\"url\":\"https:\/\/www.nautaran.org\/es\/accion-social\/el-ayuntamiento-de-naut-aran-instala-dos-cubiertas-de-proteccion-solar-en-la-guarderia-eth-cargolh-de-tredos\/\",\"name\":\"El Ayuntamiento de Naut Aran instala dos cubiertas de protecci\u00f3n solar en la guarder\u00eda \\\"Eth Cargolh\\\" de Tred\u00f2s - Ajuntament de Naut Aran\",\"isPartOf\":{\"@id\":\"https:\/\/www.nautaran.org\/#website\"},\"primaryImageOfPage\":{\"@id\":\"https:\/\/www.nautaran.org\/es\/accion-social\/el-ayuntamiento-de-naut-aran-instala-dos-cubiertas-de-proteccion-solar-en-la-guarderia-eth-cargolh-de-tredos\/#primaryimage\"},\"image\":{\"@id\":\"https:\/\/www.nautaran.org\/es\/accion-social\/el-ayuntamiento-de-naut-aran-instala-dos-cubiertas-de-proteccion-solar-en-la-guarderia-eth-cargolh-de-tredos\/#primaryimage\"},\"thumbnailUrl\":\"https:\/\/www.nautaran.org\/wp-content\/uploads\/2020\/08\/IMG_5557.jpg\",\"datePublished\":\"2020-08-25T10:44:33+00:00\",\"dateModified\":\"2020-08-25T11:11:26+00:00\",\"author\":{\"@id\":\"https:\/\/www.nautaran.org\/#\/schema\/person\/d1534bc0cff9cbd7d1b5cfc12e946a35\"},\"breadcrumb\":{\"@id\":\"https:\/\/www.nautaran.org\/es\/accion-social\/el-ayuntamiento-de-naut-aran-instala-dos-cubiertas-de-proteccion-solar-en-la-guarderia-eth-cargolh-de-tredos\/#breadcrumb\"},\"inLanguage\":\"es\",\"potentialAction\":[{\"@type\":\"ReadAction\",\"target\":[\"https:\/\/www.nautaran.org\/es\/accion-social\/el-ayuntamiento-de-naut-aran-instala-dos-cubiertas-de-proteccion-solar-en-la-guarderia-eth-cargolh-de-tredos\/\"]}]},{\"@type\":\"ImageObject\",\"inLanguage\":\"es\",\"@id\":\"https:\/\/www.nautaran.org\/es\/accion-social\/el-ayuntamiento-de-naut-aran-instala-dos-cubiertas-de-proteccion-solar-en-la-guarderia-eth-cargolh-de-tredos\/#primaryimage\",\"url\":\"https:\/\/www.nautaran.org\/wp-content\/uploads\/2020\/08\/IMG_5557.jpg\",\"contentUrl\":\"https:\/\/www.nautaran.org\/wp-content\/uploads\/2020\/08\/IMG_5557.jpg\",\"width\":4032,\"height\":3024},{\"@type\":\"BreadcrumbList\",\"@id\":\"https:\/\/www.nautaran.org\/es\/accion-social\/el-ayuntamiento-de-naut-aran-instala-dos-cubiertas-de-proteccion-solar-en-la-guarderia-eth-cargolh-de-tredos\/#breadcrumb\",\"itemListElement\":[{\"@type\":\"ListItem\",\"position\":1,\"name\":\"Portada\",\"item\":\"https:\/\/www.nautaran.org\/es\/home-2\/\"},{\"@type\":\"ListItem\",\"position\":2,\"name\":\"El Ayuntamiento de Naut Aran instala dos cubiertas de protecci\u00f3n solar en la guarder\u00eda \u00abEth Cargolh\u00bb de Tred\u00f2s\"}]},{\"@type\":\"WebSite\",\"@id\":\"https:\/\/www.nautaran.org\/#website\",\"url\":\"https:\/\/www.nautaran.org\/\",\"name\":\"Ajuntament de Naut Aran\",\"description\":\"Naut Aran\",\"potentialAction\":[{\"@type\":\"SearchAction\",\"target\":{\"@type\":\"EntryPoint\",\"urlTemplate\":\"https:\/\/www.nautaran.org\/?s={search_term_string}\"},\"query-input\":{\"@type\":\"PropertyValueSpecification\",\"valueRequired\":true,\"valueName\":\"search_term_string\"}}],\"inLanguage\":\"es\"},{\"@type\":\"Person\",\"@id\":\"https:\/\/www.nautaran.org\/#\/schema\/person\/d1534bc0cff9cbd7d1b5cfc12e946a35\",\"name\":\"nautaran\",\"image\":{\"@type\":\"ImageObject\",\"inLanguage\":\"es\",\"@id\":\"https:\/\/www.nautaran.org\/#\/schema\/person\/image\/\",\"url\":\"https:\/\/secure.gravatar.com\/avatar\/80a09b1f8ae692a4acce17816a6597a844f3f59cda069b47a176c85e26e41c03?s=96&d=mm&r=g\",\"contentUrl\":\"https:\/\/secure.gravatar.com\/avatar\/80a09b1f8ae692a4acce17816a6597a844f3f59cda069b47a176c85e26e41c03?s=96&d=mm&r=g\",\"caption\":\"nautaran\"},\"url\":\"https:\/\/www.nautaran.org\/es\/author\/nautaran\/\"}]}<\/script>\n<!-- \/ Yoast SEO plugin. -->","yoast_head_json":{"title":"El Ayuntamiento de Naut Aran instala dos cubiertas de protecci\u00f3n solar en la guarder\u00eda \"Eth Cargolh\" de Tred\u00f2s - Ajuntament de Naut Aran","robots":{"index":"index","follow":"follow","max-snippet":"max-snippet:-1","max-image-preview":"max-image-preview:large","max-video-preview":"max-video-preview:-1"},"canonical":"https:\/\/www.nautaran.org\/es\/accion-social\/el-ayuntamiento-de-naut-aran-instala-dos-cubiertas-de-proteccion-solar-en-la-guarderia-eth-cargolh-de-tredos\/","og_locale":"es_ES","og_type":"article","og_title":"El Ayuntamiento de Naut Aran instala dos cubiertas de protecci\u00f3n solar en la guarder\u00eda \"Eth Cargolh\" de Tred\u00f2s - Ajuntament de Naut Aran","og_description":"El Ayuntamiento de Naut Aran ha instalado dos cubiertas de protecci\u00f3n solar en la guarder\u00eda \u00abEth Cargolh\u00bb de Tred\u00f2s. Estas, cubrir\u00e1n 60 metros cuadrados de extensi\u00f3n del patio exterior del centro educativo situado en nuestro municipio. En total, se han destinado 9500 euros entre estos dos elementos que servir\u00e1n para proteger a los peque\u00f1os ni\u00f1os [&hellip;]","og_url":"https:\/\/www.nautaran.org\/es\/accion-social\/el-ayuntamiento-de-naut-aran-instala-dos-cubiertas-de-proteccion-solar-en-la-guarderia-eth-cargolh-de-tredos\/","og_site_name":"Ajuntament de Naut Aran","article_published_time":"2020-08-25T10:44:33+00:00","article_modified_time":"2020-08-25T11:11:26+00:00","og_image":[{"width":1024,"height":768,"url":"https:\/\/www.nautaran.org\/wp-content\/uploads\/2020\/08\/IMG_5557-1024x768.jpg","type":"image\/jpeg"}],"author":"nautaran","twitter_card":"summary_large_image","twitter_misc":{"Escrito por":"nautaran","Tiempo de lectura":"1 minuto"},"schema":{"@context":"https:\/\/schema.org","@graph":[{"@type":"Article","@id":"https:\/\/www.nautaran.org\/es\/accion-social\/el-ayuntamiento-de-naut-aran-instala-dos-cubiertas-de-proteccion-solar-en-la-guarderia-eth-cargolh-de-tredos\/#article","isPartOf":{"@id":"https:\/\/www.nautaran.org\/es\/accion-social\/el-ayuntamiento-de-naut-aran-instala-dos-cubiertas-de-proteccion-solar-en-la-guarderia-eth-cargolh-de-tredos\/"},"author":{"name":"nautaran","@id":"https:\/\/www.nautaran.org\/#\/schema\/person\/d1534bc0cff9cbd7d1b5cfc12e946a35"},"headline":"El Ayuntamiento de Naut Aran instala dos cubiertas de protecci\u00f3n solar en la guarder\u00eda \u00abEth Cargolh\u00bb de Tred\u00f2s","datePublished":"2020-08-25T10:44:33+00:00","dateModified":"2020-08-25T11:11:26+00:00","mainEntityOfPage":{"@id":"https:\/\/www.nautaran.org\/es\/accion-social\/el-ayuntamiento-de-naut-aran-instala-dos-cubiertas-de-proteccion-solar-en-la-guarderia-eth-cargolh-de-tredos\/"},"wordCount":142,"image":{"@id":"https:\/\/www.nautaran.org\/es\/accion-social\/el-ayuntamiento-de-naut-aran-instala-dos-cubiertas-de-proteccion-solar-en-la-guarderia-eth-cargolh-de-tredos\/#primaryimage"},"thumbnailUrl":"https:\/\/www.nautaran.org\/wp-content\/uploads\/2020\/08\/IMG_5557.jpg","articleSection":["Noticias","Noticias | Acci\u00f3n social"],"inLanguage":"es"},{"@type":"WebPage","@id":"https:\/\/www.nautaran.org\/es\/accion-social\/el-ayuntamiento-de-naut-aran-instala-dos-cubiertas-de-proteccion-solar-en-la-guarderia-eth-cargolh-de-tredos\/","url":"https:\/\/www.nautaran.org\/es\/accion-social\/el-ayuntamiento-de-naut-aran-instala-dos-cubiertas-de-proteccion-solar-en-la-guarderia-eth-cargolh-de-tredos\/","name":"El Ayuntamiento de Naut Aran instala dos cubiertas de protecci\u00f3n solar en la guarder\u00eda \"Eth Cargolh\" de Tred\u00f2s - Ajuntament de Naut Aran","isPartOf":{"@id":"https:\/\/www.nautaran.org\/#website"},"primaryImageOfPage":{"@id":"https:\/\/www.nautaran.org\/es\/accion-social\/el-ayuntamiento-de-naut-aran-instala-dos-cubiertas-de-proteccion-solar-en-la-guarderia-eth-cargolh-de-tredos\/#primaryimage"},"image":{"@id":"https:\/\/www.nautaran.org\/es\/accion-social\/el-ayuntamiento-de-naut-aran-instala-dos-cubiertas-de-proteccion-solar-en-la-guarderia-eth-cargolh-de-tredos\/#primaryimage"},"thumbnailUrl":"https:\/\/www.nautaran.org\/wp-content\/uploads\/2020\/08\/IMG_5557.jpg","datePublished":"2020-08-25T10:44:33+00:00","dateModified":"2020-08-25T11:11:26+00:00","author":{"@id":"https:\/\/www.nautaran.org\/#\/schema\/person\/d1534bc0cff9cbd7d1b5cfc12e946a35"},"breadcrumb":{"@id":"https:\/\/www.nautaran.org\/es\/accion-social\/el-ayuntamiento-de-naut-aran-instala-dos-cubiertas-de-proteccion-solar-en-la-guarderia-eth-cargolh-de-tredos\/#breadcrumb"},"inLanguage":"es","potentialAction":[{"@type":"ReadAction","target":["https:\/\/www.nautaran.org\/es\/accion-social\/el-ayuntamiento-de-naut-aran-instala-dos-cubiertas-de-proteccion-solar-en-la-guarderia-eth-cargolh-de-tredos\/"]}]},{"@type":"ImageObject","inLanguage":"es","@id":"https:\/\/www.nautaran.org\/es\/accion-social\/el-ayuntamiento-de-naut-aran-instala-dos-cubiertas-de-proteccion-solar-en-la-guarderia-eth-cargolh-de-tredos\/#primaryimage","url":"https:\/\/www.nautaran.org\/wp-content\/uploads\/2020\/08\/IMG_5557.jpg","contentUrl":"https:\/\/www.nautaran.org\/wp-content\/uploads\/2020\/08\/IMG_5557.jpg","width":4032,"height":3024},{"@type":"BreadcrumbList","@id":"https:\/\/www.nautaran.org\/es\/accion-social\/el-ayuntamiento-de-naut-aran-instala-dos-cubiertas-de-proteccion-solar-en-la-guarderia-eth-cargolh-de-tredos\/#breadcrumb","itemListElement":[{"@type":"ListItem","position":1,"name":"Portada","item":"https:\/\/www.nautaran.org\/es\/home-2\/"},{"@type":"ListItem","position":2,"name":"El Ayuntamiento de Naut Aran instala dos cubiertas de protecci\u00f3n solar en la guarder\u00eda \u00abEth Cargolh\u00bb de Tred\u00f2s"}]},{"@type":"WebSite","@id":"https:\/\/www.nautaran.org\/#website","url":"https:\/\/www.nautaran.org\/","name":"Ajuntament de Naut Aran","description":"Naut Aran","potentialAction":[{"@type":"SearchAction","target":{"@type":"EntryPoint","urlTemplate":"https:\/\/www.nautaran.org\/?s={search_term_string}"},"query-input":{"@type":"PropertyValueSpecification","valueRequired":true,"valueName":"search_term_string"}}],"inLanguage":"es"},{"@type":"Person","@id":"https:\/\/www.nautaran.org\/#\/schema\/person\/d1534bc0cff9cbd7d1b5cfc12e946a35","name":"nautaran","image":{"@type":"ImageObject","inLanguage":"es","@id":"https:\/\/www.nautaran.org\/#\/schema\/person\/image\/","url":"https:\/\/secure.gravatar.com\/avatar\/80a09b1f8ae692a4acce17816a6597a844f3f59cda069b47a176c85e26e41c03?s=96&d=mm&r=g","contentUrl":"https:\/\/secure.gravatar.com\/avatar\/80a09b1f8ae692a4acce17816a6597a844f3f59cda069b47a176c85e26e41c03?s=96&d=mm&r=g","caption":"nautaran"},"url":"https:\/\/www.nautaran.org\/es\/author\/nautaran\/"}]}},"_links":{"self":[{"href":"https:\/\/www.nautaran.org\/es\/wp-json\/wp\/v2\/posts\/1137","targetHints":{"allow":["GET"]}}],"collection":[{"href":"https:\/\/www.nautaran.org\/es\/wp-json\/wp\/v2\/posts"}],"about":[{"href":"https:\/\/www.nautaran.org\/es\/wp-json\/wp\/v2\/types\/post"}],"author":[{"embeddable":true,"href":"https:\/\/www.nautaran.org\/es\/wp-json\/wp\/v2\/users\/4"}],"replies":[{"embeddable":true,"href":"https:\/\/www.nautaran.org\/es\/wp-json\/wp\/v2\/comments?post=1137"}],"version-history":[{"count":1,"href":"https:\/\/www.nautaran.org\/es\/wp-json\/wp\/v2\/posts\/1137\/revisions"}],"predecessor-version":[{"id":1144,"href":"https:\/\/www.nautaran.org\/es\/wp-json\/wp\/v2\/posts\/1137\/revisions\/1144"}],"wp:featuredmedia":[{"embeddable":true,"href":"https:\/\/www.nautaran.org\/es\/wp-json\/wp\/v2\/media\/1141"}],"wp:attachment":[{"href":"https:\/\/www.nautaran.org\/es\/wp-json\/wp\/v2\/media?parent=1137"}],"wp:term":[{"taxonomy":"category","embeddable":true,"href":"https:\/\/www.nautaran.org\/es\/wp-json\/wp\/v2\/categories?post=1137"},{"taxonomy":"post_tag","embeddable":true,"href":"https:\/\/www.nautaran.org\/es\/wp-json\/wp\/v2\/tags?post=1137"}],"curies":[{"name":"wp","href":"https:\/\/api.w.org\/{rel}","templated":true}]}}