{"id":12713,"date":"2022-08-25T23:50:47","date_gmt":"2022-08-25T21:50:47","guid":{"rendered":"https:\/\/www.nautaran.org\/sin-categoria\/sestrena-el-salardu-country-rock-festival\/"},"modified":"2022-08-25T23:55:12","modified_gmt":"2022-08-25T21:55:12","slug":"se-estrena-el-salardu-country-rock-festival","status":"publish","type":"post","link":"https:\/\/www.nautaran.org\/es\/noticias\/se-estrena-el-salardu-country-rock-festival\/","title":{"rendered":"Se estrena el Salard\u00fa Country Rock Festival"},"content":{"rendered":"<p>Del 25 al 28 de agosto se hace en la poblaci\u00f3n de Salard\u00fa, en Naut Aran, el Salard\u00fa Country Rock Festival, uno de los acontecimientos m\u00e1s espectaculares a nivel de ocio y culturales que se viven en toda el Valle de Aran durante el a\u00f1o.<\/p>\n<p>Las anteriores ediciones se tuvieron que suspender debido a la crisis sanitaria del coronavirus y este a\u00f1o s\u00ed que se podr\u00e1 hacer sin ning\u00fan tipo de restricci\u00f3n de aforo ni distancias para disfrutar plenamente de esta fiesta importada de los Estados Unidos.<\/p>\n<p>El Salard\u00fa Country Rock Festival contar\u00e1 con la presencia de grandes artistas internacionales como Sunny Sweeney y otras acciones como workshops, clases de iniciaci\u00f3n al country, conciertos, y un recinto ferial lleno de ambiente americano.<\/p>\n<p>Salard\u00fa se convertir\u00e1 durante estos d\u00edas en la capital mundial del country y se espera la llegada de alrededor de 15.000 personas durante los 4 d\u00edas que dura el festival.<\/p>\n<p><img loading=\"lazy\" decoding=\"async\" class=\"aligncenter size-full wp-image-12704\" src=\"https:\/\/www.nautaran.org\/wp-content\/uploads\/2022\/08\/image2.jpeg\" alt=\"\" width=\"1440\" height=\"1081\" srcset=\"https:\/\/www.nautaran.org\/wp-content\/uploads\/2022\/08\/image2.jpeg 1440w, https:\/\/www.nautaran.org\/wp-content\/uploads\/2022\/08\/image2-1280x961.jpeg 1280w, https:\/\/www.nautaran.org\/wp-content\/uploads\/2022\/08\/image2-980x736.jpeg 980w, https:\/\/www.nautaran.org\/wp-content\/uploads\/2022\/08\/image2-480x360.jpeg 480w\" sizes=\"auto, (min-width: 0px) and (max-width: 480px) 480px, (min-width: 481px) and (max-width: 980px) 980px, (min-width: 981px) and (max-width: 1280px) 1280px, (min-width: 1281px) 1440px, 100vw\" \/><\/p>\n<p><img loading=\"lazy\" decoding=\"async\" class=\"aligncenter size-full wp-image-12707\" src=\"https:\/\/www.nautaran.org\/wp-content\/uploads\/2022\/08\/image1.jpeg\" alt=\"\" width=\"1440\" height=\"1081\" srcset=\"https:\/\/www.nautaran.org\/wp-content\/uploads\/2022\/08\/image1.jpeg 1440w, https:\/\/www.nautaran.org\/wp-content\/uploads\/2022\/08\/image1-1280x961.jpeg 1280w, https:\/\/www.nautaran.org\/wp-content\/uploads\/2022\/08\/image1-980x736.jpeg 980w, https:\/\/www.nautaran.org\/wp-content\/uploads\/2022\/08\/image1-480x360.jpeg 480w\" sizes=\"auto, (min-width: 0px) and (max-width: 480px) 480px, (min-width: 481px) and (max-width: 980px) 980px, (min-width: 981px) and (max-width: 1280px) 1280px, (min-width: 1281px) 1440px, 100vw\" \/><\/p>\n","protected":false},"excerpt":{"rendered":"<p>Del 25 al 28 de agosto se hace en la poblaci\u00f3n de Salard\u00fa, en Naut Aran, el Salard\u00fa Country Rock Festival, uno de los acontecimientos m\u00e1s espectaculares a nivel de ocio y culturales que se viven en toda el Valle de Aran durante el a\u00f1o. Las anteriores ediciones se tuvieron que suspender debido a la [&hellip;]<\/p>\n","protected":false},"author":4,"featured_media":12710,"comment_status":"closed","ping_status":"closed","sticky":false,"template":"","format":"standard","meta":{"_acf_changed":false,"_et_pb_use_builder":"","_et_pb_old_content":"","_et_gb_content_width":"","footnotes":""},"categories":[27,17,20,22,21,18,23,19],"tags":[],"class_list":["post-12713","post","type-post","status-publish","format-standard","has-post-thumbnail","hentry","category-destacado-portada","category-noticias","category-accion-social","category-cultura","category-deportes","category-infraestructuras","category-medio-natural","category-turismo"],"acf":[],"yoast_head":"<!-- This site is optimized with the Yoast SEO plugin v26.8 - https:\/\/yoast.com\/product\/yoast-seo-wordpress\/ -->\n<title>Se estrena el Salard\u00fa Country Rock Festival - Ajuntament de Naut Aran<\/title>\n<meta name=\"robots\" content=\"index, follow, max-snippet:-1, max-image-preview:large, max-video-preview:-1\" \/>\n<link rel=\"canonical\" href=\"https:\/\/www.nautaran.org\/es\/noticias\/se-estrena-el-salardu-country-rock-festival\/\" \/>\n<meta property=\"og:locale\" content=\"es_ES\" \/>\n<meta property=\"og:type\" content=\"article\" \/>\n<meta property=\"og:title\" content=\"Se estrena el Salard\u00fa Country Rock Festival - Ajuntament de Naut Aran\" \/>\n<meta property=\"og:description\" content=\"Del 25 al 28 de agosto se hace en la poblaci\u00f3n de Salard\u00fa, en Naut Aran, el Salard\u00fa Country Rock Festival, uno de los acontecimientos m\u00e1s espectaculares a nivel de ocio y culturales que se viven en toda el Valle de Aran durante el a\u00f1o. Las anteriores ediciones se tuvieron que suspender debido a la [&hellip;]\" \/>\n<meta property=\"og:url\" content=\"https:\/\/www.nautaran.org\/es\/noticias\/se-estrena-el-salardu-country-rock-festival\/\" \/>\n<meta property=\"og:site_name\" content=\"Ajuntament de Naut Aran\" \/>\n<meta property=\"article:published_time\" content=\"2022-08-25T21:50:47+00:00\" \/>\n<meta property=\"article:modified_time\" content=\"2022-08-25T21:55:12+00:00\" \/>\n<meta property=\"og:image\" content=\"https:\/\/www.nautaran.org\/wp-content\/uploads\/2022\/08\/image0.jpeg\" \/>\n\t<meta property=\"og:image:width\" content=\"1440\" \/>\n\t<meta property=\"og:image:height\" content=\"1080\" \/>\n\t<meta property=\"og:image:type\" content=\"image\/jpeg\" \/>\n<meta name=\"author\" content=\"nautaran\" \/>\n<meta name=\"twitter:card\" content=\"summary_large_image\" \/>\n<meta name=\"twitter:label1\" content=\"Escrito por\" \/>\n\t<meta name=\"twitter:data1\" content=\"nautaran\" \/>\n\t<meta name=\"twitter:label2\" content=\"Tiempo de lectura\" \/>\n\t<meta name=\"twitter:data2\" content=\"2 minutos\" \/>\n<script type=\"application\/ld+json\" class=\"yoast-schema-graph\">{\"@context\":\"https:\/\/schema.org\",\"@graph\":[{\"@type\":\"Article\",\"@id\":\"https:\/\/www.nautaran.org\/es\/noticias\/se-estrena-el-salardu-country-rock-festival\/#article\",\"isPartOf\":{\"@id\":\"https:\/\/www.nautaran.org\/es\/noticias\/se-estrena-el-salardu-country-rock-festival\/\"},\"author\":{\"name\":\"nautaran\",\"@id\":\"https:\/\/www.nautaran.org\/#\/schema\/person\/d1534bc0cff9cbd7d1b5cfc12e946a35\"},\"headline\":\"Se estrena el Salard\u00fa Country Rock Festival\",\"datePublished\":\"2022-08-25T21:50:47+00:00\",\"dateModified\":\"2022-08-25T21:55:12+00:00\",\"mainEntityOfPage\":{\"@id\":\"https:\/\/www.nautaran.org\/es\/noticias\/se-estrena-el-salardu-country-rock-festival\/\"},\"wordCount\":164,\"image\":{\"@id\":\"https:\/\/www.nautaran.org\/es\/noticias\/se-estrena-el-salardu-country-rock-festival\/#primaryimage\"},\"thumbnailUrl\":\"https:\/\/www.nautaran.org\/wp-content\/uploads\/2022\/08\/image0.jpeg\",\"articleSection\":[\"Destacado portada\",\"Noticias\",\"Noticias | Acci\u00f3n social\",\"Noticias | Cultura\",\"Noticias | Deportes\",\"Noticias | Infraestructuras\",\"Noticias | Medio Natural\",\"Noticias | Turismo\"],\"inLanguage\":\"es\"},{\"@type\":\"WebPage\",\"@id\":\"https:\/\/www.nautaran.org\/es\/noticias\/se-estrena-el-salardu-country-rock-festival\/\",\"url\":\"https:\/\/www.nautaran.org\/es\/noticias\/se-estrena-el-salardu-country-rock-festival\/\",\"name\":\"Se estrena el Salard\u00fa Country Rock Festival - Ajuntament de Naut Aran\",\"isPartOf\":{\"@id\":\"https:\/\/www.nautaran.org\/#website\"},\"primaryImageOfPage\":{\"@id\":\"https:\/\/www.nautaran.org\/es\/noticias\/se-estrena-el-salardu-country-rock-festival\/#primaryimage\"},\"image\":{\"@id\":\"https:\/\/www.nautaran.org\/es\/noticias\/se-estrena-el-salardu-country-rock-festival\/#primaryimage\"},\"thumbnailUrl\":\"https:\/\/www.nautaran.org\/wp-content\/uploads\/2022\/08\/image0.jpeg\",\"datePublished\":\"2022-08-25T21:50:47+00:00\",\"dateModified\":\"2022-08-25T21:55:12+00:00\",\"author\":{\"@id\":\"https:\/\/www.nautaran.org\/#\/schema\/person\/d1534bc0cff9cbd7d1b5cfc12e946a35\"},\"breadcrumb\":{\"@id\":\"https:\/\/www.nautaran.org\/es\/noticias\/se-estrena-el-salardu-country-rock-festival\/#breadcrumb\"},\"inLanguage\":\"es\",\"potentialAction\":[{\"@type\":\"ReadAction\",\"target\":[\"https:\/\/www.nautaran.org\/es\/noticias\/se-estrena-el-salardu-country-rock-festival\/\"]}]},{\"@type\":\"ImageObject\",\"inLanguage\":\"es\",\"@id\":\"https:\/\/www.nautaran.org\/es\/noticias\/se-estrena-el-salardu-country-rock-festival\/#primaryimage\",\"url\":\"https:\/\/www.nautaran.org\/wp-content\/uploads\/2022\/08\/image0.jpeg\",\"contentUrl\":\"https:\/\/www.nautaran.org\/wp-content\/uploads\/2022\/08\/image0.jpeg\",\"width\":1440,\"height\":1080},{\"@type\":\"BreadcrumbList\",\"@id\":\"https:\/\/www.nautaran.org\/es\/noticias\/se-estrena-el-salardu-country-rock-festival\/#breadcrumb\",\"itemListElement\":[{\"@type\":\"ListItem\",\"position\":1,\"name\":\"Portada\",\"item\":\"https:\/\/www.nautaran.org\/es\/home-2\/\"},{\"@type\":\"ListItem\",\"position\":2,\"name\":\"Se estrena el Salard\u00fa Country Rock Festival\"}]},{\"@type\":\"WebSite\",\"@id\":\"https:\/\/www.nautaran.org\/#website\",\"url\":\"https:\/\/www.nautaran.org\/\",\"name\":\"Ajuntament de Naut Aran\",\"description\":\"Naut Aran\",\"potentialAction\":[{\"@type\":\"SearchAction\",\"target\":{\"@type\":\"EntryPoint\",\"urlTemplate\":\"https:\/\/www.nautaran.org\/?s={search_term_string}\"},\"query-input\":{\"@type\":\"PropertyValueSpecification\",\"valueRequired\":true,\"valueName\":\"search_term_string\"}}],\"inLanguage\":\"es\"},{\"@type\":\"Person\",\"@id\":\"https:\/\/www.nautaran.org\/#\/schema\/person\/d1534bc0cff9cbd7d1b5cfc12e946a35\",\"name\":\"nautaran\",\"image\":{\"@type\":\"ImageObject\",\"inLanguage\":\"es\",\"@id\":\"https:\/\/www.nautaran.org\/#\/schema\/person\/image\/\",\"url\":\"https:\/\/secure.gravatar.com\/avatar\/80a09b1f8ae692a4acce17816a6597a844f3f59cda069b47a176c85e26e41c03?s=96&d=mm&r=g\",\"contentUrl\":\"https:\/\/secure.gravatar.com\/avatar\/80a09b1f8ae692a4acce17816a6597a844f3f59cda069b47a176c85e26e41c03?s=96&d=mm&r=g\",\"caption\":\"nautaran\"},\"url\":\"https:\/\/www.nautaran.org\/es\/author\/nautaran\/\"}]}<\/script>\n<!-- \/ Yoast SEO plugin. -->","yoast_head_json":{"title":"Se estrena el Salard\u00fa Country Rock Festival - Ajuntament de Naut Aran","robots":{"index":"index","follow":"follow","max-snippet":"max-snippet:-1","max-image-preview":"max-image-preview:large","max-video-preview":"max-video-preview:-1"},"canonical":"https:\/\/www.nautaran.org\/es\/noticias\/se-estrena-el-salardu-country-rock-festival\/","og_locale":"es_ES","og_type":"article","og_title":"Se estrena el Salard\u00fa Country Rock Festival - Ajuntament de Naut Aran","og_description":"Del 25 al 28 de agosto se hace en la poblaci\u00f3n de Salard\u00fa, en Naut Aran, el Salard\u00fa Country Rock Festival, uno de los acontecimientos m\u00e1s espectaculares a nivel de ocio y culturales que se viven en toda el Valle de Aran durante el a\u00f1o. Las anteriores ediciones se tuvieron que suspender debido a la [&hellip;]","og_url":"https:\/\/www.nautaran.org\/es\/noticias\/se-estrena-el-salardu-country-rock-festival\/","og_site_name":"Ajuntament de Naut Aran","article_published_time":"2022-08-25T21:50:47+00:00","article_modified_time":"2022-08-25T21:55:12+00:00","og_image":[{"width":1440,"height":1080,"url":"https:\/\/www.nautaran.org\/wp-content\/uploads\/2022\/08\/image0.jpeg","type":"image\/jpeg"}],"author":"nautaran","twitter_card":"summary_large_image","twitter_misc":{"Escrito por":"nautaran","Tiempo de lectura":"2 minutos"},"schema":{"@context":"https:\/\/schema.org","@graph":[{"@type":"Article","@id":"https:\/\/www.nautaran.org\/es\/noticias\/se-estrena-el-salardu-country-rock-festival\/#article","isPartOf":{"@id":"https:\/\/www.nautaran.org\/es\/noticias\/se-estrena-el-salardu-country-rock-festival\/"},"author":{"name":"nautaran","@id":"https:\/\/www.nautaran.org\/#\/schema\/person\/d1534bc0cff9cbd7d1b5cfc12e946a35"},"headline":"Se estrena el Salard\u00fa Country Rock Festival","datePublished":"2022-08-25T21:50:47+00:00","dateModified":"2022-08-25T21:55:12+00:00","mainEntityOfPage":{"@id":"https:\/\/www.nautaran.org\/es\/noticias\/se-estrena-el-salardu-country-rock-festival\/"},"wordCount":164,"image":{"@id":"https:\/\/www.nautaran.org\/es\/noticias\/se-estrena-el-salardu-country-rock-festival\/#primaryimage"},"thumbnailUrl":"https:\/\/www.nautaran.org\/wp-content\/uploads\/2022\/08\/image0.jpeg","articleSection":["Destacado portada","Noticias","Noticias | Acci\u00f3n social","Noticias | Cultura","Noticias | Deportes","Noticias | Infraestructuras","Noticias | Medio Natural","Noticias | Turismo"],"inLanguage":"es"},{"@type":"WebPage","@id":"https:\/\/www.nautaran.org\/es\/noticias\/se-estrena-el-salardu-country-rock-festival\/","url":"https:\/\/www.nautaran.org\/es\/noticias\/se-estrena-el-salardu-country-rock-festival\/","name":"Se estrena el Salard\u00fa Country Rock Festival - Ajuntament de Naut Aran","isPartOf":{"@id":"https:\/\/www.nautaran.org\/#website"},"primaryImageOfPage":{"@id":"https:\/\/www.nautaran.org\/es\/noticias\/se-estrena-el-salardu-country-rock-festival\/#primaryimage"},"image":{"@id":"https:\/\/www.nautaran.org\/es\/noticias\/se-estrena-el-salardu-country-rock-festival\/#primaryimage"},"thumbnailUrl":"https:\/\/www.nautaran.org\/wp-content\/uploads\/2022\/08\/image0.jpeg","datePublished":"2022-08-25T21:50:47+00:00","dateModified":"2022-08-25T21:55:12+00:00","author":{"@id":"https:\/\/www.nautaran.org\/#\/schema\/person\/d1534bc0cff9cbd7d1b5cfc12e946a35"},"breadcrumb":{"@id":"https:\/\/www.nautaran.org\/es\/noticias\/se-estrena-el-salardu-country-rock-festival\/#breadcrumb"},"inLanguage":"es","potentialAction":[{"@type":"ReadAction","target":["https:\/\/www.nautaran.org\/es\/noticias\/se-estrena-el-salardu-country-rock-festival\/"]}]},{"@type":"ImageObject","inLanguage":"es","@id":"https:\/\/www.nautaran.org\/es\/noticias\/se-estrena-el-salardu-country-rock-festival\/#primaryimage","url":"https:\/\/www.nautaran.org\/wp-content\/uploads\/2022\/08\/image0.jpeg","contentUrl":"https:\/\/www.nautaran.org\/wp-content\/uploads\/2022\/08\/image0.jpeg","width":1440,"height":1080},{"@type":"BreadcrumbList","@id":"https:\/\/www.nautaran.org\/es\/noticias\/se-estrena-el-salardu-country-rock-festival\/#breadcrumb","itemListElement":[{"@type":"ListItem","position":1,"name":"Portada","item":"https:\/\/www.nautaran.org\/es\/home-2\/"},{"@type":"ListItem","position":2,"name":"Se estrena el Salard\u00fa Country Rock Festival"}]},{"@type":"WebSite","@id":"https:\/\/www.nautaran.org\/#website","url":"https:\/\/www.nautaran.org\/","name":"Ajuntament de Naut Aran","description":"Naut Aran","potentialAction":[{"@type":"SearchAction","target":{"@type":"EntryPoint","urlTemplate":"https:\/\/www.nautaran.org\/?s={search_term_string}"},"query-input":{"@type":"PropertyValueSpecification","valueRequired":true,"valueName":"search_term_string"}}],"inLanguage":"es"},{"@type":"Person","@id":"https:\/\/www.nautaran.org\/#\/schema\/person\/d1534bc0cff9cbd7d1b5cfc12e946a35","name":"nautaran","image":{"@type":"ImageObject","inLanguage":"es","@id":"https:\/\/www.nautaran.org\/#\/schema\/person\/image\/","url":"https:\/\/secure.gravatar.com\/avatar\/80a09b1f8ae692a4acce17816a6597a844f3f59cda069b47a176c85e26e41c03?s=96&d=mm&r=g","contentUrl":"https:\/\/secure.gravatar.com\/avatar\/80a09b1f8ae692a4acce17816a6597a844f3f59cda069b47a176c85e26e41c03?s=96&d=mm&r=g","caption":"nautaran"},"url":"https:\/\/www.nautaran.org\/es\/author\/nautaran\/"}]}},"_links":{"self":[{"href":"https:\/\/www.nautaran.org\/es\/wp-json\/wp\/v2\/posts\/12713","targetHints":{"allow":["GET"]}}],"collection":[{"href":"https:\/\/www.nautaran.org\/es\/wp-json\/wp\/v2\/posts"}],"about":[{"href":"https:\/\/www.nautaran.org\/es\/wp-json\/wp\/v2\/types\/post"}],"author":[{"embeddable":true,"href":"https:\/\/www.nautaran.org\/es\/wp-json\/wp\/v2\/users\/4"}],"replies":[{"embeddable":true,"href":"https:\/\/www.nautaran.org\/es\/wp-json\/wp\/v2\/comments?post=12713"}],"version-history":[{"count":2,"href":"https:\/\/www.nautaran.org\/es\/wp-json\/wp\/v2\/posts\/12713\/revisions"}],"predecessor-version":[{"id":12717,"href":"https:\/\/www.nautaran.org\/es\/wp-json\/wp\/v2\/posts\/12713\/revisions\/12717"}],"wp:featuredmedia":[{"embeddable":true,"href":"https:\/\/www.nautaran.org\/es\/wp-json\/wp\/v2\/media\/12710"}],"wp:attachment":[{"href":"https:\/\/www.nautaran.org\/es\/wp-json\/wp\/v2\/media?parent=12713"}],"wp:term":[{"taxonomy":"category","embeddable":true,"href":"https:\/\/www.nautaran.org\/es\/wp-json\/wp\/v2\/categories?post=12713"},{"taxonomy":"post_tag","embeddable":true,"href":"https:\/\/www.nautaran.org\/es\/wp-json\/wp\/v2\/tags?post=12713"}],"curies":[{"name":"wp","href":"https:\/\/api.w.org\/{rel}","templated":true}]}}