{"id":12858,"date":"2022-09-10T12:22:38","date_gmt":"2022-09-10T10:22:38","guid":{"rendered":"https:\/\/www.nautaran.org\/?p=12858"},"modified":"2022-09-16T12:22:59","modified_gmt":"2022-09-16T10:22:59","slug":"naut-aran-construira-viviendas-de-alquiler-social-para-jovenes-del-municipio","status":"publish","type":"post","link":"https:\/\/www.nautaran.org\/es\/destacado-portada\/naut-aran-construira-viviendas-de-alquiler-social-para-jovenes-del-municipio\/","title":{"rendered":"Naut Aran construir\u00e1 viviendas de alquiler social para j\u00f3venes del municipio"},"content":{"rendered":"<p>El equipo de gobierno del Ayuntamiento de Naut Aran impulsa un proyecto para la creaci\u00f3n de 6 viviendas plurifamiliares de alquiler social dirigidas a j\u00f3venes del municipio con el objetivo de combatir el gran problema de vivienda que tiene, no s\u00f3lo esta zona del territorio, sino el resto del Valle de Aran.<\/p>\n<p>En este sentido, este bloque se situar\u00eda en la plaza de la Pica de Salard\u00fa, cerca de la iglesia Sant Andreu de Salard\u00fa y con vistas hacia la poblaci\u00f3n de Unha y la monta\u00f1a del Pui d\u2019Unha. Estar\u00eda compuesto por viviendas de 2 a 3 dormitorios en el que cada piso tendr\u00eda entre 70 y 110 metros cuadrados habitables. Se ha aprobado inicialmente el proyecto b\u00e1sico y se cuenta con el informe favorable de la comisi\u00f3n de patrimonio para la construcci\u00f3n de estas viviendas gracias a que estos terrenos son del propio consistorio y tienen la catalogaci\u00f3n como terreno urbano.<\/p>\n<p>Pr\u00f3ximamente se har\u00e1 el proyecto ejecutivo y se pretende sacar la licitaci\u00f3n de cara a finales de este a\u00f1o. Las obras empezar\u00edan durante la primavera del a\u00f1o que viene.<\/p>\n<p>El alcalde de Naut Aran, C\u00e9sar Ruiz-Canela, destaca que \u201cesta es la primera piedra con la que intentamos solucionar los problemas de los j\u00f3venes a la hora de encontrar una vivienda con un precio social dentro de nuestro propio municipio. Son muchos los casos que nos han ido explicando durante todos estos a\u00f1os las dificultades que han tenido y tienen de encontrar una vivienda a un precio medio. Es por ello, que nos vemos en la necesidad de aportar nuestro grano de arena como ayuntamiento y establecer la que creemos que puede ser la mejor aportaci\u00f3n para ellos\u201d.<\/p>\n<p>Asimismo, tambi\u00e9n concreta que \u201chemos querido centrar esta actuaci\u00f3n en el colectivo juvenil, pero tenemos en mente futuras acciones para otros colectivos como el de los trabajadores y otros residentes de Naut Aran para que puedan disponer de una vivienda a un precio digno\u201d.<\/p>\n<p>El Ayuntamiento de Naut Aran ya aprob\u00f3 de forma definitiva la creaci\u00f3n de m\u00e1s vivienda social anteriormente en el macro complejo que se ubicar\u00e1 en la parte central de la poblaci\u00f3n de Salard\u00fa y en el que ir\u00edan m\u00e1s de 30 viviendas de este tipo para la gente mayor de la zona.<\/p>\n","protected":false},"excerpt":{"rendered":"<p>El equipo de gobierno del Ayuntamiento de Naut Aran impulsa un proyecto para la creaci\u00f3n de 6 viviendas plurifamiliares de alquiler social dirigidas a j\u00f3venes del municipio con el objetivo de combatir el gran problema de vivienda que tiene, no s\u00f3lo esta zona del territorio, sino el resto del Valle de Aran. En este sentido, [&hellip;]<\/p>\n","protected":false},"author":4,"featured_media":12859,"comment_status":"closed","ping_status":"closed","sticky":false,"template":"","format":"standard","meta":{"_acf_changed":false,"_et_pb_use_builder":"","_et_pb_old_content":"","_et_gb_content_width":"","footnotes":""},"categories":[27,17,20,22,21,18,23,19],"tags":[],"class_list":["post-12858","post","type-post","status-publish","format-standard","has-post-thumbnail","hentry","category-destacado-portada","category-noticias","category-accion-social","category-cultura","category-deportes","category-infraestructuras","category-medio-natural","category-turismo"],"acf":[],"yoast_head":"<!-- This site is optimized with the Yoast SEO plugin v26.8 - https:\/\/yoast.com\/product\/yoast-seo-wordpress\/ -->\n<title>Naut Aran construir\u00e1 viviendas de alquiler social para j\u00f3venes del municipio - Ajuntament de Naut Aran<\/title>\n<meta name=\"robots\" content=\"index, follow, max-snippet:-1, max-image-preview:large, max-video-preview:-1\" \/>\n<link rel=\"canonical\" href=\"https:\/\/www.nautaran.org\/es\/destacado-portada\/naut-aran-construira-viviendas-de-alquiler-social-para-jovenes-del-municipio\/\" \/>\n<meta property=\"og:locale\" content=\"es_ES\" \/>\n<meta property=\"og:type\" content=\"article\" \/>\n<meta property=\"og:title\" content=\"Naut Aran construir\u00e1 viviendas de alquiler social para j\u00f3venes del municipio - Ajuntament de Naut Aran\" \/>\n<meta property=\"og:description\" content=\"El equipo de gobierno del Ayuntamiento de Naut Aran impulsa un proyecto para la creaci\u00f3n de 6 viviendas plurifamiliares de alquiler social dirigidas a j\u00f3venes del municipio con el objetivo de combatir el gran problema de vivienda que tiene, no s\u00f3lo esta zona del territorio, sino el resto del Valle de Aran. En este sentido, [&hellip;]\" \/>\n<meta property=\"og:url\" content=\"https:\/\/www.nautaran.org\/es\/destacado-portada\/naut-aran-construira-viviendas-de-alquiler-social-para-jovenes-del-municipio\/\" \/>\n<meta property=\"og:site_name\" content=\"Ajuntament de Naut Aran\" \/>\n<meta property=\"article:published_time\" content=\"2022-09-10T10:22:38+00:00\" \/>\n<meta property=\"article:modified_time\" content=\"2022-09-16T10:22:59+00:00\" \/>\n<meta property=\"og:image\" content=\"https:\/\/www.nautaran.org\/wp-content\/uploads\/2022\/09\/Imatge-zona-edifici-1024x768.jpg\" \/>\n\t<meta property=\"og:image:width\" content=\"1024\" \/>\n\t<meta property=\"og:image:height\" content=\"768\" \/>\n\t<meta property=\"og:image:type\" content=\"image\/jpeg\" \/>\n<meta name=\"author\" content=\"nautaran\" \/>\n<meta name=\"twitter:card\" content=\"summary_large_image\" \/>\n<meta name=\"twitter:label1\" content=\"Escrito por\" \/>\n\t<meta name=\"twitter:data1\" content=\"nautaran\" \/>\n\t<meta name=\"twitter:label2\" content=\"Tiempo de lectura\" \/>\n\t<meta name=\"twitter:data2\" content=\"2 minutos\" \/>\n<script type=\"application\/ld+json\" class=\"yoast-schema-graph\">{\"@context\":\"https:\/\/schema.org\",\"@graph\":[{\"@type\":\"Article\",\"@id\":\"https:\/\/www.nautaran.org\/es\/destacado-portada\/naut-aran-construira-viviendas-de-alquiler-social-para-jovenes-del-municipio\/#article\",\"isPartOf\":{\"@id\":\"https:\/\/www.nautaran.org\/es\/destacado-portada\/naut-aran-construira-viviendas-de-alquiler-social-para-jovenes-del-municipio\/\"},\"author\":{\"name\":\"nautaran\",\"@id\":\"https:\/\/www.nautaran.org\/#\/schema\/person\/d1534bc0cff9cbd7d1b5cfc12e946a35\"},\"headline\":\"Naut Aran construir\u00e1 viviendas de alquiler social para j\u00f3venes del municipio\",\"datePublished\":\"2022-09-10T10:22:38+00:00\",\"dateModified\":\"2022-09-16T10:22:59+00:00\",\"mainEntityOfPage\":{\"@id\":\"https:\/\/www.nautaran.org\/es\/destacado-portada\/naut-aran-construira-viviendas-de-alquiler-social-para-jovenes-del-municipio\/\"},\"wordCount\":410,\"image\":{\"@id\":\"https:\/\/www.nautaran.org\/es\/destacado-portada\/naut-aran-construira-viviendas-de-alquiler-social-para-jovenes-del-municipio\/#primaryimage\"},\"thumbnailUrl\":\"https:\/\/www.nautaran.org\/wp-content\/uploads\/2022\/09\/Imatge-zona-edifici.jpg\",\"articleSection\":[\"Destacado portada\",\"Noticias\",\"Noticias | Acci\u00f3n social\",\"Noticias | Cultura\",\"Noticias | Deportes\",\"Noticias | Infraestructuras\",\"Noticias | Medio Natural\",\"Noticias | Turismo\"],\"inLanguage\":\"es\"},{\"@type\":\"WebPage\",\"@id\":\"https:\/\/www.nautaran.org\/es\/destacado-portada\/naut-aran-construira-viviendas-de-alquiler-social-para-jovenes-del-municipio\/\",\"url\":\"https:\/\/www.nautaran.org\/es\/destacado-portada\/naut-aran-construira-viviendas-de-alquiler-social-para-jovenes-del-municipio\/\",\"name\":\"Naut Aran construir\u00e1 viviendas de alquiler social para j\u00f3venes del municipio - Ajuntament de Naut Aran\",\"isPartOf\":{\"@id\":\"https:\/\/www.nautaran.org\/#website\"},\"primaryImageOfPage\":{\"@id\":\"https:\/\/www.nautaran.org\/es\/destacado-portada\/naut-aran-construira-viviendas-de-alquiler-social-para-jovenes-del-municipio\/#primaryimage\"},\"image\":{\"@id\":\"https:\/\/www.nautaran.org\/es\/destacado-portada\/naut-aran-construira-viviendas-de-alquiler-social-para-jovenes-del-municipio\/#primaryimage\"},\"thumbnailUrl\":\"https:\/\/www.nautaran.org\/wp-content\/uploads\/2022\/09\/Imatge-zona-edifici.jpg\",\"datePublished\":\"2022-09-10T10:22:38+00:00\",\"dateModified\":\"2022-09-16T10:22:59+00:00\",\"author\":{\"@id\":\"https:\/\/www.nautaran.org\/#\/schema\/person\/d1534bc0cff9cbd7d1b5cfc12e946a35\"},\"breadcrumb\":{\"@id\":\"https:\/\/www.nautaran.org\/es\/destacado-portada\/naut-aran-construira-viviendas-de-alquiler-social-para-jovenes-del-municipio\/#breadcrumb\"},\"inLanguage\":\"es\",\"potentialAction\":[{\"@type\":\"ReadAction\",\"target\":[\"https:\/\/www.nautaran.org\/es\/destacado-portada\/naut-aran-construira-viviendas-de-alquiler-social-para-jovenes-del-municipio\/\"]}]},{\"@type\":\"ImageObject\",\"inLanguage\":\"es\",\"@id\":\"https:\/\/www.nautaran.org\/es\/destacado-portada\/naut-aran-construira-viviendas-de-alquiler-social-para-jovenes-del-municipio\/#primaryimage\",\"url\":\"https:\/\/www.nautaran.org\/wp-content\/uploads\/2022\/09\/Imatge-zona-edifici.jpg\",\"contentUrl\":\"https:\/\/www.nautaran.org\/wp-content\/uploads\/2022\/09\/Imatge-zona-edifici.jpg\",\"width\":4032,\"height\":3024},{\"@type\":\"BreadcrumbList\",\"@id\":\"https:\/\/www.nautaran.org\/es\/destacado-portada\/naut-aran-construira-viviendas-de-alquiler-social-para-jovenes-del-municipio\/#breadcrumb\",\"itemListElement\":[{\"@type\":\"ListItem\",\"position\":1,\"name\":\"Portada\",\"item\":\"https:\/\/www.nautaran.org\/es\/home-2\/\"},{\"@type\":\"ListItem\",\"position\":2,\"name\":\"Naut Aran construir\u00e1 viviendas de alquiler social para j\u00f3venes del municipio\"}]},{\"@type\":\"WebSite\",\"@id\":\"https:\/\/www.nautaran.org\/#website\",\"url\":\"https:\/\/www.nautaran.org\/\",\"name\":\"Ajuntament de Naut Aran\",\"description\":\"Naut Aran\",\"potentialAction\":[{\"@type\":\"SearchAction\",\"target\":{\"@type\":\"EntryPoint\",\"urlTemplate\":\"https:\/\/www.nautaran.org\/?s={search_term_string}\"},\"query-input\":{\"@type\":\"PropertyValueSpecification\",\"valueRequired\":true,\"valueName\":\"search_term_string\"}}],\"inLanguage\":\"es\"},{\"@type\":\"Person\",\"@id\":\"https:\/\/www.nautaran.org\/#\/schema\/person\/d1534bc0cff9cbd7d1b5cfc12e946a35\",\"name\":\"nautaran\",\"image\":{\"@type\":\"ImageObject\",\"inLanguage\":\"es\",\"@id\":\"https:\/\/www.nautaran.org\/#\/schema\/person\/image\/\",\"url\":\"https:\/\/secure.gravatar.com\/avatar\/80a09b1f8ae692a4acce17816a6597a844f3f59cda069b47a176c85e26e41c03?s=96&d=mm&r=g\",\"contentUrl\":\"https:\/\/secure.gravatar.com\/avatar\/80a09b1f8ae692a4acce17816a6597a844f3f59cda069b47a176c85e26e41c03?s=96&d=mm&r=g\",\"caption\":\"nautaran\"},\"url\":\"https:\/\/www.nautaran.org\/es\/author\/nautaran\/\"}]}<\/script>\n<!-- \/ Yoast SEO plugin. -->","yoast_head_json":{"title":"Naut Aran construir\u00e1 viviendas de alquiler social para j\u00f3venes del municipio - Ajuntament de Naut Aran","robots":{"index":"index","follow":"follow","max-snippet":"max-snippet:-1","max-image-preview":"max-image-preview:large","max-video-preview":"max-video-preview:-1"},"canonical":"https:\/\/www.nautaran.org\/es\/destacado-portada\/naut-aran-construira-viviendas-de-alquiler-social-para-jovenes-del-municipio\/","og_locale":"es_ES","og_type":"article","og_title":"Naut Aran construir\u00e1 viviendas de alquiler social para j\u00f3venes del municipio - Ajuntament de Naut Aran","og_description":"El equipo de gobierno del Ayuntamiento de Naut Aran impulsa un proyecto para la creaci\u00f3n de 6 viviendas plurifamiliares de alquiler social dirigidas a j\u00f3venes del municipio con el objetivo de combatir el gran problema de vivienda que tiene, no s\u00f3lo esta zona del territorio, sino el resto del Valle de Aran. En este sentido, [&hellip;]","og_url":"https:\/\/www.nautaran.org\/es\/destacado-portada\/naut-aran-construira-viviendas-de-alquiler-social-para-jovenes-del-municipio\/","og_site_name":"Ajuntament de Naut Aran","article_published_time":"2022-09-10T10:22:38+00:00","article_modified_time":"2022-09-16T10:22:59+00:00","og_image":[{"width":1024,"height":768,"url":"https:\/\/www.nautaran.org\/wp-content\/uploads\/2022\/09\/Imatge-zona-edifici-1024x768.jpg","type":"image\/jpeg"}],"author":"nautaran","twitter_card":"summary_large_image","twitter_misc":{"Escrito por":"nautaran","Tiempo de lectura":"2 minutos"},"schema":{"@context":"https:\/\/schema.org","@graph":[{"@type":"Article","@id":"https:\/\/www.nautaran.org\/es\/destacado-portada\/naut-aran-construira-viviendas-de-alquiler-social-para-jovenes-del-municipio\/#article","isPartOf":{"@id":"https:\/\/www.nautaran.org\/es\/destacado-portada\/naut-aran-construira-viviendas-de-alquiler-social-para-jovenes-del-municipio\/"},"author":{"name":"nautaran","@id":"https:\/\/www.nautaran.org\/#\/schema\/person\/d1534bc0cff9cbd7d1b5cfc12e946a35"},"headline":"Naut Aran construir\u00e1 viviendas de alquiler social para j\u00f3venes del municipio","datePublished":"2022-09-10T10:22:38+00:00","dateModified":"2022-09-16T10:22:59+00:00","mainEntityOfPage":{"@id":"https:\/\/www.nautaran.org\/es\/destacado-portada\/naut-aran-construira-viviendas-de-alquiler-social-para-jovenes-del-municipio\/"},"wordCount":410,"image":{"@id":"https:\/\/www.nautaran.org\/es\/destacado-portada\/naut-aran-construira-viviendas-de-alquiler-social-para-jovenes-del-municipio\/#primaryimage"},"thumbnailUrl":"https:\/\/www.nautaran.org\/wp-content\/uploads\/2022\/09\/Imatge-zona-edifici.jpg","articleSection":["Destacado portada","Noticias","Noticias | Acci\u00f3n social","Noticias | Cultura","Noticias | Deportes","Noticias | Infraestructuras","Noticias | Medio Natural","Noticias | Turismo"],"inLanguage":"es"},{"@type":"WebPage","@id":"https:\/\/www.nautaran.org\/es\/destacado-portada\/naut-aran-construira-viviendas-de-alquiler-social-para-jovenes-del-municipio\/","url":"https:\/\/www.nautaran.org\/es\/destacado-portada\/naut-aran-construira-viviendas-de-alquiler-social-para-jovenes-del-municipio\/","name":"Naut Aran construir\u00e1 viviendas de alquiler social para j\u00f3venes del municipio - Ajuntament de Naut Aran","isPartOf":{"@id":"https:\/\/www.nautaran.org\/#website"},"primaryImageOfPage":{"@id":"https:\/\/www.nautaran.org\/es\/destacado-portada\/naut-aran-construira-viviendas-de-alquiler-social-para-jovenes-del-municipio\/#primaryimage"},"image":{"@id":"https:\/\/www.nautaran.org\/es\/destacado-portada\/naut-aran-construira-viviendas-de-alquiler-social-para-jovenes-del-municipio\/#primaryimage"},"thumbnailUrl":"https:\/\/www.nautaran.org\/wp-content\/uploads\/2022\/09\/Imatge-zona-edifici.jpg","datePublished":"2022-09-10T10:22:38+00:00","dateModified":"2022-09-16T10:22:59+00:00","author":{"@id":"https:\/\/www.nautaran.org\/#\/schema\/person\/d1534bc0cff9cbd7d1b5cfc12e946a35"},"breadcrumb":{"@id":"https:\/\/www.nautaran.org\/es\/destacado-portada\/naut-aran-construira-viviendas-de-alquiler-social-para-jovenes-del-municipio\/#breadcrumb"},"inLanguage":"es","potentialAction":[{"@type":"ReadAction","target":["https:\/\/www.nautaran.org\/es\/destacado-portada\/naut-aran-construira-viviendas-de-alquiler-social-para-jovenes-del-municipio\/"]}]},{"@type":"ImageObject","inLanguage":"es","@id":"https:\/\/www.nautaran.org\/es\/destacado-portada\/naut-aran-construira-viviendas-de-alquiler-social-para-jovenes-del-municipio\/#primaryimage","url":"https:\/\/www.nautaran.org\/wp-content\/uploads\/2022\/09\/Imatge-zona-edifici.jpg","contentUrl":"https:\/\/www.nautaran.org\/wp-content\/uploads\/2022\/09\/Imatge-zona-edifici.jpg","width":4032,"height":3024},{"@type":"BreadcrumbList","@id":"https:\/\/www.nautaran.org\/es\/destacado-portada\/naut-aran-construira-viviendas-de-alquiler-social-para-jovenes-del-municipio\/#breadcrumb","itemListElement":[{"@type":"ListItem","position":1,"name":"Portada","item":"https:\/\/www.nautaran.org\/es\/home-2\/"},{"@type":"ListItem","position":2,"name":"Naut Aran construir\u00e1 viviendas de alquiler social para j\u00f3venes del municipio"}]},{"@type":"WebSite","@id":"https:\/\/www.nautaran.org\/#website","url":"https:\/\/www.nautaran.org\/","name":"Ajuntament de Naut Aran","description":"Naut Aran","potentialAction":[{"@type":"SearchAction","target":{"@type":"EntryPoint","urlTemplate":"https:\/\/www.nautaran.org\/?s={search_term_string}"},"query-input":{"@type":"PropertyValueSpecification","valueRequired":true,"valueName":"search_term_string"}}],"inLanguage":"es"},{"@type":"Person","@id":"https:\/\/www.nautaran.org\/#\/schema\/person\/d1534bc0cff9cbd7d1b5cfc12e946a35","name":"nautaran","image":{"@type":"ImageObject","inLanguage":"es","@id":"https:\/\/www.nautaran.org\/#\/schema\/person\/image\/","url":"https:\/\/secure.gravatar.com\/avatar\/80a09b1f8ae692a4acce17816a6597a844f3f59cda069b47a176c85e26e41c03?s=96&d=mm&r=g","contentUrl":"https:\/\/secure.gravatar.com\/avatar\/80a09b1f8ae692a4acce17816a6597a844f3f59cda069b47a176c85e26e41c03?s=96&d=mm&r=g","caption":"nautaran"},"url":"https:\/\/www.nautaran.org\/es\/author\/nautaran\/"}]}},"_links":{"self":[{"href":"https:\/\/www.nautaran.org\/es\/wp-json\/wp\/v2\/posts\/12858","targetHints":{"allow":["GET"]}}],"collection":[{"href":"https:\/\/www.nautaran.org\/es\/wp-json\/wp\/v2\/posts"}],"about":[{"href":"https:\/\/www.nautaran.org\/es\/wp-json\/wp\/v2\/types\/post"}],"author":[{"embeddable":true,"href":"https:\/\/www.nautaran.org\/es\/wp-json\/wp\/v2\/users\/4"}],"replies":[{"embeddable":true,"href":"https:\/\/www.nautaran.org\/es\/wp-json\/wp\/v2\/comments?post=12858"}],"version-history":[{"count":1,"href":"https:\/\/www.nautaran.org\/es\/wp-json\/wp\/v2\/posts\/12858\/revisions"}],"predecessor-version":[{"id":12862,"href":"https:\/\/www.nautaran.org\/es\/wp-json\/wp\/v2\/posts\/12858\/revisions\/12862"}],"wp:featuredmedia":[{"embeddable":true,"href":"https:\/\/www.nautaran.org\/es\/wp-json\/wp\/v2\/media\/12859"}],"wp:attachment":[{"href":"https:\/\/www.nautaran.org\/es\/wp-json\/wp\/v2\/media?parent=12858"}],"wp:term":[{"taxonomy":"category","embeddable":true,"href":"https:\/\/www.nautaran.org\/es\/wp-json\/wp\/v2\/categories?post=12858"},{"taxonomy":"post_tag","embeddable":true,"href":"https:\/\/www.nautaran.org\/es\/wp-json\/wp\/v2\/tags?post=12858"}],"curies":[{"name":"wp","href":"https:\/\/api.w.org\/{rel}","templated":true}]}}