{"id":14374,"date":"2023-02-07T20:05:10","date_gmt":"2023-02-07T19:05:10","guid":{"rendered":"https:\/\/www.nautaran.org\/?p=14374"},"modified":"2023-02-07T20:05:10","modified_gmt":"2023-02-07T19:05:10","slug":"naut-aran-ampliara-la-escuela-ruda-de-salardu","status":"publish","type":"post","link":"https:\/\/www.nautaran.org\/es\/destacado-portada\/naut-aran-ampliara-la-escuela-ruda-de-salardu\/","title":{"rendered":"Naut Aran ampliar\u00e1 la escuela Ruda de Salard\u00fa"},"content":{"rendered":"<p>El Ayuntamiento de Naut Aran ampliar\u00e1 la escuela Ruda de Salard\u00fa durante la pr\u00f3xima primavera en un proyecto que tiene contemplado desde el pasado mes de abril de 2021. En este sentido, cabe recordar que el consistorio inici\u00f3 los tr\u00e1mites para ampliar la superficie de la escuela Ruda de Salard\u00fa debido al incremento de alumnos que tuvo el centro durante ese curso en plena crisis del coronavirus.<\/p>\n<p>Esto se produjo ya que las matriculaciones aumentaron un 44% pasando de 52 a 75 alumnos, teniendo que hacer un sobreesfuerzo log\u00edstico para acogerlos y distribuirlos de la forma m\u00e1s eficiente entre las diferentes clases disponibles.<\/p>\n<p>En este sentido, el ayuntamiento ha querido realizar una gran ampliaci\u00f3n para que tanto los padres y madres, profesores y alumnos del centro puedan disfrutar de la educaci\u00f3n con la mayor calidad posible. Desafortunadamente, y por cuestiones legislativas del Departamento de Educaci\u00f3n de la Generalitat de Catalunya, se ha tenido que redefinir el proyecto para que pueda adaptarse a la totalidad a la normativa actual en contra de las principales ideas del consistorio.<\/p>\n<p>Actualmente, el presupuesto ascender\u00eda a un total de 517.000 euros en una acci\u00f3n en la que se incluir\u00eda la creaci\u00f3n de un ascensor, accesos independientes para todas las clases, dos aulas m\u00e1s y dos pasillos de 2,5-3 metros para llevar a cabo actividades polideportivas. De la misma forma, en esta nueva parte del equipamiento educacional se instalar\u00eda una caldera de pelets.<\/p>\n<p>El alcalde de Naut Aran, C\u00e9sar Ruiz-Canela, destaca que \u201ces un proyecto muy ambicioso que creemos que gustar\u00e1 tanto a las familias de la poblaci\u00f3n de Salard\u00fa, como a los profesores que actualmente necesitan tener m\u00e1s espacio para llevar a cabo sus clases. Quer\u00edamos hacer un espacio mucho m\u00e1s grande para nuestros peque\u00f1os y maestros, pero el Departamento no nos ha permitido llevar a cabo algunas actuaciones\u201d.<\/p>\n<p>Este proyecto de ampliaci\u00f3n de la escuela Ruda de Salard\u00fa se encuentra actualmente en periodo de exposici\u00f3n p\u00fablica y, si no hay ninguna sugerencia o apelaci\u00f3n al respecto, se licitar\u00e1 con una previsi\u00f3n de inicio de obras entre los meses de abril y mayo de este mismo a\u00f1o.<\/p>\n","protected":false},"excerpt":{"rendered":"<p>El Ayuntamiento de Naut Aran ampliar\u00e1 la escuela Ruda de Salard\u00fa durante la pr\u00f3xima primavera en un proyecto que tiene contemplado desde el pasado mes de abril de 2021. En este sentido, cabe recordar que el consistorio inici\u00f3 los tr\u00e1mites para ampliar la superficie de la escuela Ruda de Salard\u00fa debido al incremento de alumnos [&hellip;]<\/p>\n","protected":false},"author":4,"featured_media":14375,"comment_status":"closed","ping_status":"closed","sticky":false,"template":"","format":"standard","meta":{"_acf_changed":false,"_et_pb_use_builder":"","_et_pb_old_content":"","_et_gb_content_width":"","footnotes":""},"categories":[27,17,20,22,21,18,23,19],"tags":[],"class_list":["post-14374","post","type-post","status-publish","format-standard","has-post-thumbnail","hentry","category-destacado-portada","category-noticias","category-accion-social","category-cultura","category-deportes","category-infraestructuras","category-medio-natural","category-turismo"],"acf":[],"yoast_head":"<!-- This site is optimized with the Yoast SEO plugin v26.8 - https:\/\/yoast.com\/product\/yoast-seo-wordpress\/ -->\n<title>Naut Aran ampliar\u00e1 la escuela Ruda de Salard\u00fa - Ajuntament de Naut Aran<\/title>\n<meta name=\"robots\" content=\"index, follow, max-snippet:-1, max-image-preview:large, max-video-preview:-1\" \/>\n<link rel=\"canonical\" href=\"https:\/\/www.nautaran.org\/es\/destacado-portada\/naut-aran-ampliara-la-escuela-ruda-de-salardu\/\" \/>\n<meta property=\"og:locale\" content=\"es_ES\" \/>\n<meta property=\"og:type\" content=\"article\" \/>\n<meta property=\"og:title\" content=\"Naut Aran ampliar\u00e1 la escuela Ruda de Salard\u00fa - Ajuntament de Naut Aran\" \/>\n<meta property=\"og:description\" content=\"El Ayuntamiento de Naut Aran ampliar\u00e1 la escuela Ruda de Salard\u00fa durante la pr\u00f3xima primavera en un proyecto que tiene contemplado desde el pasado mes de abril de 2021. En este sentido, cabe recordar que el consistorio inici\u00f3 los tr\u00e1mites para ampliar la superficie de la escuela Ruda de Salard\u00fa debido al incremento de alumnos [&hellip;]\" \/>\n<meta property=\"og:url\" content=\"https:\/\/www.nautaran.org\/es\/destacado-portada\/naut-aran-ampliara-la-escuela-ruda-de-salardu\/\" \/>\n<meta property=\"og:site_name\" content=\"Ajuntament de Naut Aran\" \/>\n<meta property=\"article:published_time\" content=\"2023-02-07T19:05:10+00:00\" \/>\n<meta property=\"og:image\" content=\"https:\/\/www.nautaran.org\/wp-content\/uploads\/2023\/02\/IMG_3991-1024x768.jpg\" \/>\n\t<meta property=\"og:image:width\" content=\"1024\" \/>\n\t<meta property=\"og:image:height\" content=\"768\" \/>\n\t<meta property=\"og:image:type\" content=\"image\/jpeg\" \/>\n<meta name=\"author\" content=\"nautaran\" \/>\n<meta name=\"twitter:card\" content=\"summary_large_image\" \/>\n<meta name=\"twitter:label1\" content=\"Escrito por\" \/>\n\t<meta name=\"twitter:data1\" content=\"nautaran\" \/>\n\t<meta name=\"twitter:label2\" content=\"Tiempo de lectura\" \/>\n\t<meta name=\"twitter:data2\" content=\"2 minutos\" \/>\n<script type=\"application\/ld+json\" class=\"yoast-schema-graph\">{\"@context\":\"https:\/\/schema.org\",\"@graph\":[{\"@type\":\"Article\",\"@id\":\"https:\/\/www.nautaran.org\/es\/destacado-portada\/naut-aran-ampliara-la-escuela-ruda-de-salardu\/#article\",\"isPartOf\":{\"@id\":\"https:\/\/www.nautaran.org\/es\/destacado-portada\/naut-aran-ampliara-la-escuela-ruda-de-salardu\/\"},\"author\":{\"name\":\"nautaran\",\"@id\":\"https:\/\/www.nautaran.org\/#\/schema\/person\/d1534bc0cff9cbd7d1b5cfc12e946a35\"},\"headline\":\"Naut Aran ampliar\u00e1 la escuela Ruda de Salard\u00fa\",\"datePublished\":\"2023-02-07T19:05:10+00:00\",\"mainEntityOfPage\":{\"@id\":\"https:\/\/www.nautaran.org\/es\/destacado-portada\/naut-aran-ampliara-la-escuela-ruda-de-salardu\/\"},\"wordCount\":380,\"image\":{\"@id\":\"https:\/\/www.nautaran.org\/es\/destacado-portada\/naut-aran-ampliara-la-escuela-ruda-de-salardu\/#primaryimage\"},\"thumbnailUrl\":\"https:\/\/www.nautaran.org\/wp-content\/uploads\/2023\/02\/IMG_3991.jpg\",\"articleSection\":[\"Destacado portada\",\"Noticias\",\"Noticias | Acci\u00f3n social\",\"Noticias | Cultura\",\"Noticias | Deportes\",\"Noticias | Infraestructuras\",\"Noticias | Medio Natural\",\"Noticias | Turismo\"],\"inLanguage\":\"es\"},{\"@type\":\"WebPage\",\"@id\":\"https:\/\/www.nautaran.org\/es\/destacado-portada\/naut-aran-ampliara-la-escuela-ruda-de-salardu\/\",\"url\":\"https:\/\/www.nautaran.org\/es\/destacado-portada\/naut-aran-ampliara-la-escuela-ruda-de-salardu\/\",\"name\":\"Naut Aran ampliar\u00e1 la escuela Ruda de Salard\u00fa - Ajuntament de Naut Aran\",\"isPartOf\":{\"@id\":\"https:\/\/www.nautaran.org\/#website\"},\"primaryImageOfPage\":{\"@id\":\"https:\/\/www.nautaran.org\/es\/destacado-portada\/naut-aran-ampliara-la-escuela-ruda-de-salardu\/#primaryimage\"},\"image\":{\"@id\":\"https:\/\/www.nautaran.org\/es\/destacado-portada\/naut-aran-ampliara-la-escuela-ruda-de-salardu\/#primaryimage\"},\"thumbnailUrl\":\"https:\/\/www.nautaran.org\/wp-content\/uploads\/2023\/02\/IMG_3991.jpg\",\"datePublished\":\"2023-02-07T19:05:10+00:00\",\"author\":{\"@id\":\"https:\/\/www.nautaran.org\/#\/schema\/person\/d1534bc0cff9cbd7d1b5cfc12e946a35\"},\"breadcrumb\":{\"@id\":\"https:\/\/www.nautaran.org\/es\/destacado-portada\/naut-aran-ampliara-la-escuela-ruda-de-salardu\/#breadcrumb\"},\"inLanguage\":\"es\",\"potentialAction\":[{\"@type\":\"ReadAction\",\"target\":[\"https:\/\/www.nautaran.org\/es\/destacado-portada\/naut-aran-ampliara-la-escuela-ruda-de-salardu\/\"]}]},{\"@type\":\"ImageObject\",\"inLanguage\":\"es\",\"@id\":\"https:\/\/www.nautaran.org\/es\/destacado-portada\/naut-aran-ampliara-la-escuela-ruda-de-salardu\/#primaryimage\",\"url\":\"https:\/\/www.nautaran.org\/wp-content\/uploads\/2023\/02\/IMG_3991.jpg\",\"contentUrl\":\"https:\/\/www.nautaran.org\/wp-content\/uploads\/2023\/02\/IMG_3991.jpg\",\"width\":4032,\"height\":3024},{\"@type\":\"BreadcrumbList\",\"@id\":\"https:\/\/www.nautaran.org\/es\/destacado-portada\/naut-aran-ampliara-la-escuela-ruda-de-salardu\/#breadcrumb\",\"itemListElement\":[{\"@type\":\"ListItem\",\"position\":1,\"name\":\"Portada\",\"item\":\"https:\/\/www.nautaran.org\/es\/home-2\/\"},{\"@type\":\"ListItem\",\"position\":2,\"name\":\"Naut Aran ampliar\u00e1 la escuela Ruda de Salard\u00fa\"}]},{\"@type\":\"WebSite\",\"@id\":\"https:\/\/www.nautaran.org\/#website\",\"url\":\"https:\/\/www.nautaran.org\/\",\"name\":\"Ajuntament de Naut Aran\",\"description\":\"Naut Aran\",\"potentialAction\":[{\"@type\":\"SearchAction\",\"target\":{\"@type\":\"EntryPoint\",\"urlTemplate\":\"https:\/\/www.nautaran.org\/?s={search_term_string}\"},\"query-input\":{\"@type\":\"PropertyValueSpecification\",\"valueRequired\":true,\"valueName\":\"search_term_string\"}}],\"inLanguage\":\"es\"},{\"@type\":\"Person\",\"@id\":\"https:\/\/www.nautaran.org\/#\/schema\/person\/d1534bc0cff9cbd7d1b5cfc12e946a35\",\"name\":\"nautaran\",\"image\":{\"@type\":\"ImageObject\",\"inLanguage\":\"es\",\"@id\":\"https:\/\/www.nautaran.org\/#\/schema\/person\/image\/\",\"url\":\"https:\/\/secure.gravatar.com\/avatar\/80a09b1f8ae692a4acce17816a6597a844f3f59cda069b47a176c85e26e41c03?s=96&d=mm&r=g\",\"contentUrl\":\"https:\/\/secure.gravatar.com\/avatar\/80a09b1f8ae692a4acce17816a6597a844f3f59cda069b47a176c85e26e41c03?s=96&d=mm&r=g\",\"caption\":\"nautaran\"},\"url\":\"https:\/\/www.nautaran.org\/es\/author\/nautaran\/\"}]}<\/script>\n<!-- \/ Yoast SEO plugin. -->","yoast_head_json":{"title":"Naut Aran ampliar\u00e1 la escuela Ruda de Salard\u00fa - Ajuntament de Naut Aran","robots":{"index":"index","follow":"follow","max-snippet":"max-snippet:-1","max-image-preview":"max-image-preview:large","max-video-preview":"max-video-preview:-1"},"canonical":"https:\/\/www.nautaran.org\/es\/destacado-portada\/naut-aran-ampliara-la-escuela-ruda-de-salardu\/","og_locale":"es_ES","og_type":"article","og_title":"Naut Aran ampliar\u00e1 la escuela Ruda de Salard\u00fa - Ajuntament de Naut Aran","og_description":"El Ayuntamiento de Naut Aran ampliar\u00e1 la escuela Ruda de Salard\u00fa durante la pr\u00f3xima primavera en un proyecto que tiene contemplado desde el pasado mes de abril de 2021. En este sentido, cabe recordar que el consistorio inici\u00f3 los tr\u00e1mites para ampliar la superficie de la escuela Ruda de Salard\u00fa debido al incremento de alumnos [&hellip;]","og_url":"https:\/\/www.nautaran.org\/es\/destacado-portada\/naut-aran-ampliara-la-escuela-ruda-de-salardu\/","og_site_name":"Ajuntament de Naut Aran","article_published_time":"2023-02-07T19:05:10+00:00","og_image":[{"width":1024,"height":768,"url":"https:\/\/www.nautaran.org\/wp-content\/uploads\/2023\/02\/IMG_3991-1024x768.jpg","type":"image\/jpeg"}],"author":"nautaran","twitter_card":"summary_large_image","twitter_misc":{"Escrito por":"nautaran","Tiempo de lectura":"2 minutos"},"schema":{"@context":"https:\/\/schema.org","@graph":[{"@type":"Article","@id":"https:\/\/www.nautaran.org\/es\/destacado-portada\/naut-aran-ampliara-la-escuela-ruda-de-salardu\/#article","isPartOf":{"@id":"https:\/\/www.nautaran.org\/es\/destacado-portada\/naut-aran-ampliara-la-escuela-ruda-de-salardu\/"},"author":{"name":"nautaran","@id":"https:\/\/www.nautaran.org\/#\/schema\/person\/d1534bc0cff9cbd7d1b5cfc12e946a35"},"headline":"Naut Aran ampliar\u00e1 la escuela Ruda de Salard\u00fa","datePublished":"2023-02-07T19:05:10+00:00","mainEntityOfPage":{"@id":"https:\/\/www.nautaran.org\/es\/destacado-portada\/naut-aran-ampliara-la-escuela-ruda-de-salardu\/"},"wordCount":380,"image":{"@id":"https:\/\/www.nautaran.org\/es\/destacado-portada\/naut-aran-ampliara-la-escuela-ruda-de-salardu\/#primaryimage"},"thumbnailUrl":"https:\/\/www.nautaran.org\/wp-content\/uploads\/2023\/02\/IMG_3991.jpg","articleSection":["Destacado portada","Noticias","Noticias | Acci\u00f3n social","Noticias | Cultura","Noticias | Deportes","Noticias | Infraestructuras","Noticias | Medio Natural","Noticias | Turismo"],"inLanguage":"es"},{"@type":"WebPage","@id":"https:\/\/www.nautaran.org\/es\/destacado-portada\/naut-aran-ampliara-la-escuela-ruda-de-salardu\/","url":"https:\/\/www.nautaran.org\/es\/destacado-portada\/naut-aran-ampliara-la-escuela-ruda-de-salardu\/","name":"Naut Aran ampliar\u00e1 la escuela Ruda de Salard\u00fa - Ajuntament de Naut Aran","isPartOf":{"@id":"https:\/\/www.nautaran.org\/#website"},"primaryImageOfPage":{"@id":"https:\/\/www.nautaran.org\/es\/destacado-portada\/naut-aran-ampliara-la-escuela-ruda-de-salardu\/#primaryimage"},"image":{"@id":"https:\/\/www.nautaran.org\/es\/destacado-portada\/naut-aran-ampliara-la-escuela-ruda-de-salardu\/#primaryimage"},"thumbnailUrl":"https:\/\/www.nautaran.org\/wp-content\/uploads\/2023\/02\/IMG_3991.jpg","datePublished":"2023-02-07T19:05:10+00:00","author":{"@id":"https:\/\/www.nautaran.org\/#\/schema\/person\/d1534bc0cff9cbd7d1b5cfc12e946a35"},"breadcrumb":{"@id":"https:\/\/www.nautaran.org\/es\/destacado-portada\/naut-aran-ampliara-la-escuela-ruda-de-salardu\/#breadcrumb"},"inLanguage":"es","potentialAction":[{"@type":"ReadAction","target":["https:\/\/www.nautaran.org\/es\/destacado-portada\/naut-aran-ampliara-la-escuela-ruda-de-salardu\/"]}]},{"@type":"ImageObject","inLanguage":"es","@id":"https:\/\/www.nautaran.org\/es\/destacado-portada\/naut-aran-ampliara-la-escuela-ruda-de-salardu\/#primaryimage","url":"https:\/\/www.nautaran.org\/wp-content\/uploads\/2023\/02\/IMG_3991.jpg","contentUrl":"https:\/\/www.nautaran.org\/wp-content\/uploads\/2023\/02\/IMG_3991.jpg","width":4032,"height":3024},{"@type":"BreadcrumbList","@id":"https:\/\/www.nautaran.org\/es\/destacado-portada\/naut-aran-ampliara-la-escuela-ruda-de-salardu\/#breadcrumb","itemListElement":[{"@type":"ListItem","position":1,"name":"Portada","item":"https:\/\/www.nautaran.org\/es\/home-2\/"},{"@type":"ListItem","position":2,"name":"Naut Aran ampliar\u00e1 la escuela Ruda de Salard\u00fa"}]},{"@type":"WebSite","@id":"https:\/\/www.nautaran.org\/#website","url":"https:\/\/www.nautaran.org\/","name":"Ajuntament de Naut Aran","description":"Naut Aran","potentialAction":[{"@type":"SearchAction","target":{"@type":"EntryPoint","urlTemplate":"https:\/\/www.nautaran.org\/?s={search_term_string}"},"query-input":{"@type":"PropertyValueSpecification","valueRequired":true,"valueName":"search_term_string"}}],"inLanguage":"es"},{"@type":"Person","@id":"https:\/\/www.nautaran.org\/#\/schema\/person\/d1534bc0cff9cbd7d1b5cfc12e946a35","name":"nautaran","image":{"@type":"ImageObject","inLanguage":"es","@id":"https:\/\/www.nautaran.org\/#\/schema\/person\/image\/","url":"https:\/\/secure.gravatar.com\/avatar\/80a09b1f8ae692a4acce17816a6597a844f3f59cda069b47a176c85e26e41c03?s=96&d=mm&r=g","contentUrl":"https:\/\/secure.gravatar.com\/avatar\/80a09b1f8ae692a4acce17816a6597a844f3f59cda069b47a176c85e26e41c03?s=96&d=mm&r=g","caption":"nautaran"},"url":"https:\/\/www.nautaran.org\/es\/author\/nautaran\/"}]}},"_links":{"self":[{"href":"https:\/\/www.nautaran.org\/es\/wp-json\/wp\/v2\/posts\/14374","targetHints":{"allow":["GET"]}}],"collection":[{"href":"https:\/\/www.nautaran.org\/es\/wp-json\/wp\/v2\/posts"}],"about":[{"href":"https:\/\/www.nautaran.org\/es\/wp-json\/wp\/v2\/types\/post"}],"author":[{"embeddable":true,"href":"https:\/\/www.nautaran.org\/es\/wp-json\/wp\/v2\/users\/4"}],"replies":[{"embeddable":true,"href":"https:\/\/www.nautaran.org\/es\/wp-json\/wp\/v2\/comments?post=14374"}],"version-history":[{"count":1,"href":"https:\/\/www.nautaran.org\/es\/wp-json\/wp\/v2\/posts\/14374\/revisions"}],"predecessor-version":[{"id":14378,"href":"https:\/\/www.nautaran.org\/es\/wp-json\/wp\/v2\/posts\/14374\/revisions\/14378"}],"wp:featuredmedia":[{"embeddable":true,"href":"https:\/\/www.nautaran.org\/es\/wp-json\/wp\/v2\/media\/14375"}],"wp:attachment":[{"href":"https:\/\/www.nautaran.org\/es\/wp-json\/wp\/v2\/media?parent=14374"}],"wp:term":[{"taxonomy":"category","embeddable":true,"href":"https:\/\/www.nautaran.org\/es\/wp-json\/wp\/v2\/categories?post=14374"},{"taxonomy":"post_tag","embeddable":true,"href":"https:\/\/www.nautaran.org\/es\/wp-json\/wp\/v2\/tags?post=14374"}],"curies":[{"name":"wp","href":"https:\/\/api.w.org\/{rel}","templated":true}]}}