{"id":14646,"date":"2023-03-13T19:16:00","date_gmt":"2023-03-13T18:16:00","guid":{"rendered":"https:\/\/www.nautaran.org\/sin-categoria\/gran-succes-dera-conferencia-de-silvia-congost-en-baqueira\/"},"modified":"2024-09-05T13:33:37","modified_gmt":"2024-09-05T12:33:37","slug":"gran-acogida-de-la-conferencia-hecha-por-silvia-congost-en-baqueira","status":"publish","type":"post","link":"https:\/\/www.nautaran.org\/es\/noticias\/gran-acogida-de-la-conferencia-hecha-por-silvia-congost-en-baqueira\/","title":{"rendered":"Gran acogida de la conferencia hecha por Silvia Congost en Baqueira"},"content":{"rendered":"<p>Impresionante acogida la de la conferencia hecha por Silvia Congost en la iglesia de la Virgen Mar\u00eda de las Nieves a Baqueira. M\u00e1s de doscientas personas participaron de esta exposici\u00f3n vinculada a la autoestima en la que reflexionamos mucho sobre la relaci\u00f3n con nosotros mismos y con las otras personas.<\/p>\n<p>Seg\u00fan varios vecinos del municipio y otros visitantes, el emplazamiento escogido era sensacional porque que muchos de ellos no lo hab\u00edan visitado y ofrec\u00eda una buena buena ac\u00fastica para sentir a la ponente profesional.<\/p>\n<p>Tambi\u00e9n queremos destacar el papel de nuestra t\u00e9cnica de acontecimientos del Ayuntamiento, Gabriela Calero, que propuso esta maravillosa actividad. Desde el consistorio seguiremos trabajando para ofrecer alternativas por todos.<\/p>\n<p><img loading=\"lazy\" decoding=\"async\" class=\"aligncenter size-full wp-image-14635\" src=\"https:\/\/www.nautaran.org\/wp-content\/uploads\/2023\/03\/9837b211-690e-4ea7-9f79-84aea636a999.jpg\" alt=\"\" width=\"1200\" height=\"1600\" srcset=\"https:\/\/www.nautaran.org\/wp-content\/uploads\/2023\/03\/9837b211-690e-4ea7-9f79-84aea636a999.jpg 1200w, https:\/\/www.nautaran.org\/wp-content\/uploads\/2023\/03\/9837b211-690e-4ea7-9f79-84aea636a999-980x1307.jpg 980w, https:\/\/www.nautaran.org\/wp-content\/uploads\/2023\/03\/9837b211-690e-4ea7-9f79-84aea636a999-480x640.jpg 480w\" sizes=\"auto, (min-width: 0px) and (max-width: 480px) 480px, (min-width: 481px) and (max-width: 980px) 980px, (min-width: 981px) 1200px, 100vw\" \/><\/p>\n","protected":false},"excerpt":{"rendered":"<p>Impresionante acogida la de la conferencia hecha por Silvia Congost en la iglesia de la Virgen Mar\u00eda de las Nieves a Baqueira. M\u00e1s de doscientas personas participaron de esta exposici\u00f3n vinculada a la autoestima en la que reflexionamos mucho sobre la relaci\u00f3n con nosotros mismos y con las otras personas. Seg\u00fan varios vecinos del municipio [&hellip;]<\/p>\n","protected":false},"author":4,"featured_media":14643,"comment_status":"closed","ping_status":"closed","sticky":false,"template":"","format":"standard","meta":{"_acf_changed":false,"_et_pb_use_builder":"","_et_pb_old_content":"","_et_gb_content_width":"","footnotes":""},"categories":[27,17,829,20,22,21,18,23,19],"tags":[],"class_list":["post-14646","post","type-post","status-publish","format-standard","has-post-thumbnail","hentry","category-destacado-portada","category-noticias","category-noticias-pueblo-baqueira","category-accion-social","category-cultura","category-deportes","category-infraestructuras","category-medio-natural","category-turismo"],"acf":[],"yoast_head":"<!-- This site is optimized with the Yoast SEO plugin v26.8 - https:\/\/yoast.com\/product\/yoast-seo-wordpress\/ -->\n<title>Gran acogida de la conferencia hecha por Silvia Congost en Baqueira - Ajuntament de Naut Aran<\/title>\n<meta name=\"robots\" content=\"index, follow, max-snippet:-1, max-image-preview:large, max-video-preview:-1\" \/>\n<link rel=\"canonical\" href=\"https:\/\/www.nautaran.org\/es\/noticias\/gran-acogida-de-la-conferencia-hecha-por-silvia-congost-en-baqueira\/\" \/>\n<meta property=\"og:locale\" content=\"es_ES\" \/>\n<meta property=\"og:type\" content=\"article\" \/>\n<meta property=\"og:title\" content=\"Gran acogida de la conferencia hecha por Silvia Congost en Baqueira - Ajuntament de Naut Aran\" \/>\n<meta property=\"og:description\" content=\"Impresionante acogida la de la conferencia hecha por Silvia Congost en la iglesia de la Virgen Mar\u00eda de las Nieves a Baqueira. M\u00e1s de doscientas personas participaron de esta exposici\u00f3n vinculada a la autoestima en la que reflexionamos mucho sobre la relaci\u00f3n con nosotros mismos y con las otras personas. Seg\u00fan varios vecinos del municipio [&hellip;]\" \/>\n<meta property=\"og:url\" content=\"https:\/\/www.nautaran.org\/es\/noticias\/gran-acogida-de-la-conferencia-hecha-por-silvia-congost-en-baqueira\/\" \/>\n<meta property=\"og:site_name\" content=\"Ajuntament de Naut Aran\" \/>\n<meta property=\"article:published_time\" content=\"2023-03-13T18:16:00+00:00\" \/>\n<meta property=\"article:modified_time\" content=\"2024-09-05T12:33:37+00:00\" \/>\n<meta property=\"og:image\" content=\"https:\/\/www.nautaran.org\/wp-content\/uploads\/2023\/03\/15f40e7e-6a6c-4c24-ac10-6db57268b369.jpg\" \/>\n\t<meta property=\"og:image:width\" content=\"1600\" \/>\n\t<meta property=\"og:image:height\" content=\"1200\" \/>\n\t<meta property=\"og:image:type\" content=\"image\/jpeg\" \/>\n<meta name=\"author\" content=\"nautaran\" \/>\n<meta name=\"twitter:card\" content=\"summary_large_image\" \/>\n<meta name=\"twitter:label1\" content=\"Escrito por\" \/>\n\t<meta name=\"twitter:data1\" content=\"nautaran\" \/>\n\t<meta name=\"twitter:label2\" content=\"Tiempo de lectura\" \/>\n\t<meta name=\"twitter:data2\" content=\"1 minuto\" \/>\n<script type=\"application\/ld+json\" class=\"yoast-schema-graph\">{\"@context\":\"https:\/\/schema.org\",\"@graph\":[{\"@type\":\"Article\",\"@id\":\"https:\/\/www.nautaran.org\/es\/noticias\/gran-acogida-de-la-conferencia-hecha-por-silvia-congost-en-baqueira\/#article\",\"isPartOf\":{\"@id\":\"https:\/\/www.nautaran.org\/es\/noticias\/gran-acogida-de-la-conferencia-hecha-por-silvia-congost-en-baqueira\/\"},\"author\":{\"name\":\"nautaran\",\"@id\":\"https:\/\/www.nautaran.org\/#\/schema\/person\/d1534bc0cff9cbd7d1b5cfc12e946a35\"},\"headline\":\"Gran acogida de la conferencia hecha por Silvia Congost en Baqueira\",\"datePublished\":\"2023-03-13T18:16:00+00:00\",\"dateModified\":\"2024-09-05T12:33:37+00:00\",\"mainEntityOfPage\":{\"@id\":\"https:\/\/www.nautaran.org\/es\/noticias\/gran-acogida-de-la-conferencia-hecha-por-silvia-congost-en-baqueira\/\"},\"wordCount\":134,\"image\":{\"@id\":\"https:\/\/www.nautaran.org\/es\/noticias\/gran-acogida-de-la-conferencia-hecha-por-silvia-congost-en-baqueira\/#primaryimage\"},\"thumbnailUrl\":\"https:\/\/www.nautaran.org\/wp-content\/uploads\/2023\/03\/15f40e7e-6a6c-4c24-ac10-6db57268b369.jpg\",\"articleSection\":[\"Destacado portada\",\"Noticias\",\"Noticias Pueblo Baqueira\",\"Noticias | Acci\u00f3n social\",\"Noticias | Cultura\",\"Noticias | Deportes\",\"Noticias | Infraestructuras\",\"Noticias | Medio Natural\",\"Noticias | Turismo\"],\"inLanguage\":\"es\"},{\"@type\":\"WebPage\",\"@id\":\"https:\/\/www.nautaran.org\/es\/noticias\/gran-acogida-de-la-conferencia-hecha-por-silvia-congost-en-baqueira\/\",\"url\":\"https:\/\/www.nautaran.org\/es\/noticias\/gran-acogida-de-la-conferencia-hecha-por-silvia-congost-en-baqueira\/\",\"name\":\"Gran acogida de la conferencia hecha por Silvia Congost en Baqueira - Ajuntament de Naut Aran\",\"isPartOf\":{\"@id\":\"https:\/\/www.nautaran.org\/#website\"},\"primaryImageOfPage\":{\"@id\":\"https:\/\/www.nautaran.org\/es\/noticias\/gran-acogida-de-la-conferencia-hecha-por-silvia-congost-en-baqueira\/#primaryimage\"},\"image\":{\"@id\":\"https:\/\/www.nautaran.org\/es\/noticias\/gran-acogida-de-la-conferencia-hecha-por-silvia-congost-en-baqueira\/#primaryimage\"},\"thumbnailUrl\":\"https:\/\/www.nautaran.org\/wp-content\/uploads\/2023\/03\/15f40e7e-6a6c-4c24-ac10-6db57268b369.jpg\",\"datePublished\":\"2023-03-13T18:16:00+00:00\",\"dateModified\":\"2024-09-05T12:33:37+00:00\",\"author\":{\"@id\":\"https:\/\/www.nautaran.org\/#\/schema\/person\/d1534bc0cff9cbd7d1b5cfc12e946a35\"},\"breadcrumb\":{\"@id\":\"https:\/\/www.nautaran.org\/es\/noticias\/gran-acogida-de-la-conferencia-hecha-por-silvia-congost-en-baqueira\/#breadcrumb\"},\"inLanguage\":\"es\",\"potentialAction\":[{\"@type\":\"ReadAction\",\"target\":[\"https:\/\/www.nautaran.org\/es\/noticias\/gran-acogida-de-la-conferencia-hecha-por-silvia-congost-en-baqueira\/\"]}]},{\"@type\":\"ImageObject\",\"inLanguage\":\"es\",\"@id\":\"https:\/\/www.nautaran.org\/es\/noticias\/gran-acogida-de-la-conferencia-hecha-por-silvia-congost-en-baqueira\/#primaryimage\",\"url\":\"https:\/\/www.nautaran.org\/wp-content\/uploads\/2023\/03\/15f40e7e-6a6c-4c24-ac10-6db57268b369.jpg\",\"contentUrl\":\"https:\/\/www.nautaran.org\/wp-content\/uploads\/2023\/03\/15f40e7e-6a6c-4c24-ac10-6db57268b369.jpg\",\"width\":1600,\"height\":1200},{\"@type\":\"BreadcrumbList\",\"@id\":\"https:\/\/www.nautaran.org\/es\/noticias\/gran-acogida-de-la-conferencia-hecha-por-silvia-congost-en-baqueira\/#breadcrumb\",\"itemListElement\":[{\"@type\":\"ListItem\",\"position\":1,\"name\":\"Portada\",\"item\":\"https:\/\/www.nautaran.org\/es\/home-2\/\"},{\"@type\":\"ListItem\",\"position\":2,\"name\":\"Gran acogida de la conferencia hecha por Silvia Congost en Baqueira\"}]},{\"@type\":\"WebSite\",\"@id\":\"https:\/\/www.nautaran.org\/#website\",\"url\":\"https:\/\/www.nautaran.org\/\",\"name\":\"Ajuntament de Naut Aran\",\"description\":\"Naut Aran\",\"potentialAction\":[{\"@type\":\"SearchAction\",\"target\":{\"@type\":\"EntryPoint\",\"urlTemplate\":\"https:\/\/www.nautaran.org\/?s={search_term_string}\"},\"query-input\":{\"@type\":\"PropertyValueSpecification\",\"valueRequired\":true,\"valueName\":\"search_term_string\"}}],\"inLanguage\":\"es\"},{\"@type\":\"Person\",\"@id\":\"https:\/\/www.nautaran.org\/#\/schema\/person\/d1534bc0cff9cbd7d1b5cfc12e946a35\",\"name\":\"nautaran\",\"image\":{\"@type\":\"ImageObject\",\"inLanguage\":\"es\",\"@id\":\"https:\/\/www.nautaran.org\/#\/schema\/person\/image\/\",\"url\":\"https:\/\/secure.gravatar.com\/avatar\/80a09b1f8ae692a4acce17816a6597a844f3f59cda069b47a176c85e26e41c03?s=96&d=mm&r=g\",\"contentUrl\":\"https:\/\/secure.gravatar.com\/avatar\/80a09b1f8ae692a4acce17816a6597a844f3f59cda069b47a176c85e26e41c03?s=96&d=mm&r=g\",\"caption\":\"nautaran\"},\"url\":\"https:\/\/www.nautaran.org\/es\/author\/nautaran\/\"}]}<\/script>\n<!-- \/ Yoast SEO plugin. -->","yoast_head_json":{"title":"Gran acogida de la conferencia hecha por Silvia Congost en Baqueira - Ajuntament de Naut Aran","robots":{"index":"index","follow":"follow","max-snippet":"max-snippet:-1","max-image-preview":"max-image-preview:large","max-video-preview":"max-video-preview:-1"},"canonical":"https:\/\/www.nautaran.org\/es\/noticias\/gran-acogida-de-la-conferencia-hecha-por-silvia-congost-en-baqueira\/","og_locale":"es_ES","og_type":"article","og_title":"Gran acogida de la conferencia hecha por Silvia Congost en Baqueira - Ajuntament de Naut Aran","og_description":"Impresionante acogida la de la conferencia hecha por Silvia Congost en la iglesia de la Virgen Mar\u00eda de las Nieves a Baqueira. M\u00e1s de doscientas personas participaron de esta exposici\u00f3n vinculada a la autoestima en la que reflexionamos mucho sobre la relaci\u00f3n con nosotros mismos y con las otras personas. Seg\u00fan varios vecinos del municipio [&hellip;]","og_url":"https:\/\/www.nautaran.org\/es\/noticias\/gran-acogida-de-la-conferencia-hecha-por-silvia-congost-en-baqueira\/","og_site_name":"Ajuntament de Naut Aran","article_published_time":"2023-03-13T18:16:00+00:00","article_modified_time":"2024-09-05T12:33:37+00:00","og_image":[{"width":1600,"height":1200,"url":"https:\/\/www.nautaran.org\/wp-content\/uploads\/2023\/03\/15f40e7e-6a6c-4c24-ac10-6db57268b369.jpg","type":"image\/jpeg"}],"author":"nautaran","twitter_card":"summary_large_image","twitter_misc":{"Escrito por":"nautaran","Tiempo de lectura":"1 minuto"},"schema":{"@context":"https:\/\/schema.org","@graph":[{"@type":"Article","@id":"https:\/\/www.nautaran.org\/es\/noticias\/gran-acogida-de-la-conferencia-hecha-por-silvia-congost-en-baqueira\/#article","isPartOf":{"@id":"https:\/\/www.nautaran.org\/es\/noticias\/gran-acogida-de-la-conferencia-hecha-por-silvia-congost-en-baqueira\/"},"author":{"name":"nautaran","@id":"https:\/\/www.nautaran.org\/#\/schema\/person\/d1534bc0cff9cbd7d1b5cfc12e946a35"},"headline":"Gran acogida de la conferencia hecha por Silvia Congost en Baqueira","datePublished":"2023-03-13T18:16:00+00:00","dateModified":"2024-09-05T12:33:37+00:00","mainEntityOfPage":{"@id":"https:\/\/www.nautaran.org\/es\/noticias\/gran-acogida-de-la-conferencia-hecha-por-silvia-congost-en-baqueira\/"},"wordCount":134,"image":{"@id":"https:\/\/www.nautaran.org\/es\/noticias\/gran-acogida-de-la-conferencia-hecha-por-silvia-congost-en-baqueira\/#primaryimage"},"thumbnailUrl":"https:\/\/www.nautaran.org\/wp-content\/uploads\/2023\/03\/15f40e7e-6a6c-4c24-ac10-6db57268b369.jpg","articleSection":["Destacado portada","Noticias","Noticias Pueblo Baqueira","Noticias | Acci\u00f3n social","Noticias | Cultura","Noticias | Deportes","Noticias | Infraestructuras","Noticias | Medio Natural","Noticias | Turismo"],"inLanguage":"es"},{"@type":"WebPage","@id":"https:\/\/www.nautaran.org\/es\/noticias\/gran-acogida-de-la-conferencia-hecha-por-silvia-congost-en-baqueira\/","url":"https:\/\/www.nautaran.org\/es\/noticias\/gran-acogida-de-la-conferencia-hecha-por-silvia-congost-en-baqueira\/","name":"Gran acogida de la conferencia hecha por Silvia Congost en Baqueira - Ajuntament de Naut Aran","isPartOf":{"@id":"https:\/\/www.nautaran.org\/#website"},"primaryImageOfPage":{"@id":"https:\/\/www.nautaran.org\/es\/noticias\/gran-acogida-de-la-conferencia-hecha-por-silvia-congost-en-baqueira\/#primaryimage"},"image":{"@id":"https:\/\/www.nautaran.org\/es\/noticias\/gran-acogida-de-la-conferencia-hecha-por-silvia-congost-en-baqueira\/#primaryimage"},"thumbnailUrl":"https:\/\/www.nautaran.org\/wp-content\/uploads\/2023\/03\/15f40e7e-6a6c-4c24-ac10-6db57268b369.jpg","datePublished":"2023-03-13T18:16:00+00:00","dateModified":"2024-09-05T12:33:37+00:00","author":{"@id":"https:\/\/www.nautaran.org\/#\/schema\/person\/d1534bc0cff9cbd7d1b5cfc12e946a35"},"breadcrumb":{"@id":"https:\/\/www.nautaran.org\/es\/noticias\/gran-acogida-de-la-conferencia-hecha-por-silvia-congost-en-baqueira\/#breadcrumb"},"inLanguage":"es","potentialAction":[{"@type":"ReadAction","target":["https:\/\/www.nautaran.org\/es\/noticias\/gran-acogida-de-la-conferencia-hecha-por-silvia-congost-en-baqueira\/"]}]},{"@type":"ImageObject","inLanguage":"es","@id":"https:\/\/www.nautaran.org\/es\/noticias\/gran-acogida-de-la-conferencia-hecha-por-silvia-congost-en-baqueira\/#primaryimage","url":"https:\/\/www.nautaran.org\/wp-content\/uploads\/2023\/03\/15f40e7e-6a6c-4c24-ac10-6db57268b369.jpg","contentUrl":"https:\/\/www.nautaran.org\/wp-content\/uploads\/2023\/03\/15f40e7e-6a6c-4c24-ac10-6db57268b369.jpg","width":1600,"height":1200},{"@type":"BreadcrumbList","@id":"https:\/\/www.nautaran.org\/es\/noticias\/gran-acogida-de-la-conferencia-hecha-por-silvia-congost-en-baqueira\/#breadcrumb","itemListElement":[{"@type":"ListItem","position":1,"name":"Portada","item":"https:\/\/www.nautaran.org\/es\/home-2\/"},{"@type":"ListItem","position":2,"name":"Gran acogida de la conferencia hecha por Silvia Congost en Baqueira"}]},{"@type":"WebSite","@id":"https:\/\/www.nautaran.org\/#website","url":"https:\/\/www.nautaran.org\/","name":"Ajuntament de Naut Aran","description":"Naut Aran","potentialAction":[{"@type":"SearchAction","target":{"@type":"EntryPoint","urlTemplate":"https:\/\/www.nautaran.org\/?s={search_term_string}"},"query-input":{"@type":"PropertyValueSpecification","valueRequired":true,"valueName":"search_term_string"}}],"inLanguage":"es"},{"@type":"Person","@id":"https:\/\/www.nautaran.org\/#\/schema\/person\/d1534bc0cff9cbd7d1b5cfc12e946a35","name":"nautaran","image":{"@type":"ImageObject","inLanguage":"es","@id":"https:\/\/www.nautaran.org\/#\/schema\/person\/image\/","url":"https:\/\/secure.gravatar.com\/avatar\/80a09b1f8ae692a4acce17816a6597a844f3f59cda069b47a176c85e26e41c03?s=96&d=mm&r=g","contentUrl":"https:\/\/secure.gravatar.com\/avatar\/80a09b1f8ae692a4acce17816a6597a844f3f59cda069b47a176c85e26e41c03?s=96&d=mm&r=g","caption":"nautaran"},"url":"https:\/\/www.nautaran.org\/es\/author\/nautaran\/"}]}},"_links":{"self":[{"href":"https:\/\/www.nautaran.org\/es\/wp-json\/wp\/v2\/posts\/14646","targetHints":{"allow":["GET"]}}],"collection":[{"href":"https:\/\/www.nautaran.org\/es\/wp-json\/wp\/v2\/posts"}],"about":[{"href":"https:\/\/www.nautaran.org\/es\/wp-json\/wp\/v2\/types\/post"}],"author":[{"embeddable":true,"href":"https:\/\/www.nautaran.org\/es\/wp-json\/wp\/v2\/users\/4"}],"replies":[{"embeddable":true,"href":"https:\/\/www.nautaran.org\/es\/wp-json\/wp\/v2\/comments?post=14646"}],"version-history":[{"count":1,"href":"https:\/\/www.nautaran.org\/es\/wp-json\/wp\/v2\/posts\/14646\/revisions"}],"predecessor-version":[{"id":14649,"href":"https:\/\/www.nautaran.org\/es\/wp-json\/wp\/v2\/posts\/14646\/revisions\/14649"}],"wp:featuredmedia":[{"embeddable":true,"href":"https:\/\/www.nautaran.org\/es\/wp-json\/wp\/v2\/media\/14643"}],"wp:attachment":[{"href":"https:\/\/www.nautaran.org\/es\/wp-json\/wp\/v2\/media?parent=14646"}],"wp:term":[{"taxonomy":"category","embeddable":true,"href":"https:\/\/www.nautaran.org\/es\/wp-json\/wp\/v2\/categories?post=14646"},{"taxonomy":"post_tag","embeddable":true,"href":"https:\/\/www.nautaran.org\/es\/wp-json\/wp\/v2\/tags?post=14646"}],"curies":[{"name":"wp","href":"https:\/\/api.w.org\/{rel}","templated":true}]}}