{"id":16506,"date":"2023-08-29T12:12:35","date_gmt":"2023-08-29T11:12:35","guid":{"rendered":"https:\/\/www.nautaran.org\/?p=16506"},"modified":"2024-09-05T13:30:26","modified_gmt":"2024-09-05T12:30:26","slug":"homenaje-a-maria-angels-ordax-por-parte-del-ayuntamiento-de-naut-aran-y-la-emd-de-arties-e-garos","status":"publish","type":"post","link":"https:\/\/www.nautaran.org\/es\/destacado-portada\/homenaje-a-maria-angels-ordax-por-parte-del-ayuntamiento-de-naut-aran-y-la-emd-de-arties-e-garos\/","title":{"rendered":"Homenaje a Maria \u00c0ngels Ordax por parte del Ayuntamiento de Naut Aran y la EMD de Arties e Gar\u00f2s"},"content":{"rendered":"<p>El Ayuntamiento de Naut Aran y la Entidad Municipal Descentralizada de Arties e Gar\u00f2s homenajearon la noche del 28 de agosto a la que fue responsable de la poblaci\u00f3n de Gar\u00f2s durante 16 a\u00f1os, Maria \u00c0ngels Ordax, por su gran labor llevada a cabo en la gesti\u00f3n de este pueblo, solventar los problemas que surg\u00edan a diario, as\u00ed como contribuir en el avance de la EMD tanto en Gar\u00f2s como en Arties.<\/p>\n<p>Ordax, a lo largo de todos estos a\u00f1os, ha formado parte de distintos equipos de gobierno en los que ha colaborado con los anteriores presidentes de la EMD como son Lina Fanlo, David Torres y Josep Canut durante los 16 a\u00f1os en los que ha sido escogida por los vecinos para que les pudiera representar.<\/p>\n<p>El alcalde de Naut Aran, C\u00e9sar Ruiz-Canela, destaca que \u201cno ha habido un mejor d\u00eda para escenificar este homenaje que en la fiesta de Sant Juli\u00e0, patr\u00f3n de Gar\u00f2s, delante de todos los vecinos a los que ha servido durante d\u00eda y noche sin descanso y siempre buscando el bien desinteresado. Estar durante 16 a\u00f1os ofreciendo un servicio p\u00fablico es un trabajo intenso y que ha visto sin ning\u00fan g\u00e9nero de dudas sus frutos tanto en Gar\u00f2s como en Arties. Quiero agradecer p\u00fablicamente en nombre del Ayuntamiento de Naut Aran y de todas las personas que forman parte de este consistorio el incansable trabajo que ha llevado a cabo Maria \u00c0ngels Ordax\u201d.<\/p>\n<p><img loading=\"lazy\" decoding=\"async\" class=\"aligncenter size-full wp-image-16510\" src=\"https:\/\/www.nautaran.org\/wp-content\/uploads\/2023\/08\/Ordax-2.jpg\" alt=\"\" width=\"1500\" height=\"2000\" srcset=\"https:\/\/www.nautaran.org\/wp-content\/uploads\/2023\/08\/Ordax-2.jpg 1500w, https:\/\/www.nautaran.org\/wp-content\/uploads\/2023\/08\/Ordax-2-1280x1707.jpg 1280w, https:\/\/www.nautaran.org\/wp-content\/uploads\/2023\/08\/Ordax-2-980x1307.jpg 980w, https:\/\/www.nautaran.org\/wp-content\/uploads\/2023\/08\/Ordax-2-480x640.jpg 480w\" sizes=\"auto, (min-width: 0px) and (max-width: 480px) 480px, (min-width: 481px) and (max-width: 980px) 980px, (min-width: 981px) and (max-width: 1280px) 1280px, (min-width: 1281px) 1500px, 100vw\" \/><\/p>\n<p>En la placa conmemorativa entregada ayer mismo dice \u201cLa Emd de Arties e Gar\u00f2s y el Ayuntamiento de Naut Aran otorgan esta placa conmemorativa a Maria \u00c0ngels Ordax por su compromiso e incansable trabajo por el bienestar de sus vecinos y el progreso del municipio\u201d. Este reconocimiento fue entregado por el propio alcalde municipal, as\u00ed como la presidenta de Arties e Gar\u00f2s, Lina Fanlo.<\/p>\n","protected":false},"excerpt":{"rendered":"<p>El Ayuntamiento de Naut Aran y la Entidad Municipal Descentralizada de Arties e Gar\u00f2s homenajearon la noche del 28 de agosto a la que fue responsable de la poblaci\u00f3n de Gar\u00f2s durante 16 a\u00f1os, Maria \u00c0ngels Ordax, por su gran labor llevada a cabo en la gesti\u00f3n de este pueblo, solventar los problemas que surg\u00edan [&hellip;]<\/p>\n","protected":false},"author":4,"featured_media":16507,"comment_status":"closed","ping_status":"closed","sticky":false,"template":"","format":"standard","meta":{"_acf_changed":false,"_et_pb_use_builder":"","_et_pb_old_content":"","_et_gb_content_width":"","footnotes":""},"categories":[27,17,823,822,20,22,21,18,23,19],"tags":[],"class_list":["post-16506","post","type-post","status-publish","format-standard","has-post-thumbnail","hentry","category-destacado-portada","category-noticias","category-noticias-pueblo-arties","category-noticias-pueblo-garos","category-accion-social","category-cultura","category-deportes","category-infraestructuras","category-medio-natural","category-turismo"],"acf":[],"yoast_head":"<!-- This site is optimized with the Yoast SEO plugin v26.8 - https:\/\/yoast.com\/product\/yoast-seo-wordpress\/ -->\n<title>Homenaje a Maria \u00c0ngels Ordax por parte del Ayuntamiento de Naut Aran y la EMD de Arties e Gar\u00f2s - Ajuntament de Naut Aran<\/title>\n<meta name=\"robots\" content=\"index, follow, max-snippet:-1, max-image-preview:large, max-video-preview:-1\" \/>\n<link rel=\"canonical\" href=\"https:\/\/www.nautaran.org\/es\/noticias\/homenaje-a-maria-angels-ordax-por-parte-del-ayuntamiento-de-naut-aran-y-la-emd-de-arties-e-garos\/\" \/>\n<meta property=\"og:locale\" content=\"es_ES\" \/>\n<meta property=\"og:type\" content=\"article\" \/>\n<meta property=\"og:title\" content=\"Homenaje a Maria \u00c0ngels Ordax por parte del Ayuntamiento de Naut Aran y la EMD de Arties e Gar\u00f2s - Ajuntament de Naut Aran\" \/>\n<meta property=\"og:description\" content=\"El Ayuntamiento de Naut Aran y la Entidad Municipal Descentralizada de Arties e Gar\u00f2s homenajearon la noche del 28 de agosto a la que fue responsable de la poblaci\u00f3n de Gar\u00f2s durante 16 a\u00f1os, Maria \u00c0ngels Ordax, por su gran labor llevada a cabo en la gesti\u00f3n de este pueblo, solventar los problemas que surg\u00edan [&hellip;]\" \/>\n<meta property=\"og:url\" content=\"https:\/\/www.nautaran.org\/es\/noticias\/homenaje-a-maria-angels-ordax-por-parte-del-ayuntamiento-de-naut-aran-y-la-emd-de-arties-e-garos\/\" \/>\n<meta property=\"og:site_name\" content=\"Ajuntament de Naut Aran\" \/>\n<meta property=\"article:published_time\" content=\"2023-08-29T11:12:35+00:00\" \/>\n<meta property=\"article:modified_time\" content=\"2024-09-05T12:30:26+00:00\" \/>\n<meta property=\"og:image\" content=\"https:\/\/www.nautaran.org\/wp-content\/uploads\/2023\/08\/Ordax-1.jpg\" \/>\n\t<meta property=\"og:image:width\" content=\"1105\" \/>\n\t<meta property=\"og:image:height\" content=\"1103\" \/>\n\t<meta property=\"og:image:type\" content=\"image\/jpeg\" \/>\n<meta name=\"author\" content=\"nautaran\" \/>\n<meta name=\"twitter:card\" content=\"summary_large_image\" \/>\n<meta name=\"twitter:label1\" content=\"Escrito por\" \/>\n\t<meta name=\"twitter:data1\" content=\"nautaran\" \/>\n\t<meta name=\"twitter:label2\" content=\"Tiempo de lectura\" \/>\n\t<meta name=\"twitter:data2\" content=\"2 minutos\" \/>\n<script type=\"application\/ld+json\" class=\"yoast-schema-graph\">{\"@context\":\"https:\/\/schema.org\",\"@graph\":[{\"@type\":\"Article\",\"@id\":\"https:\/\/www.nautaran.org\/es\/noticias\/homenaje-a-maria-angels-ordax-por-parte-del-ayuntamiento-de-naut-aran-y-la-emd-de-arties-e-garos\/#article\",\"isPartOf\":{\"@id\":\"https:\/\/www.nautaran.org\/es\/noticias\/homenaje-a-maria-angels-ordax-por-parte-del-ayuntamiento-de-naut-aran-y-la-emd-de-arties-e-garos\/\"},\"author\":{\"name\":\"nautaran\",\"@id\":\"https:\/\/www.nautaran.org\/#\/schema\/person\/d1534bc0cff9cbd7d1b5cfc12e946a35\"},\"headline\":\"Homenaje a Maria \u00c0ngels Ordax por parte del Ayuntamiento de Naut Aran y la EMD de Arties e Gar\u00f2s\",\"datePublished\":\"2023-08-29T11:12:35+00:00\",\"dateModified\":\"2024-09-05T12:30:26+00:00\",\"mainEntityOfPage\":{\"@id\":\"https:\/\/www.nautaran.org\/es\/noticias\/homenaje-a-maria-angels-ordax-por-parte-del-ayuntamiento-de-naut-aran-y-la-emd-de-arties-e-garos\/\"},\"wordCount\":341,\"image\":{\"@id\":\"https:\/\/www.nautaran.org\/es\/noticias\/homenaje-a-maria-angels-ordax-por-parte-del-ayuntamiento-de-naut-aran-y-la-emd-de-arties-e-garos\/#primaryimage\"},\"thumbnailUrl\":\"https:\/\/www.nautaran.org\/wp-content\/uploads\/2023\/08\/Ordax-1.jpg\",\"articleSection\":[\"Destacado portada\",\"Noticias\",\"Noticias Pueblo Arties\",\"Noticias Pueblo Gar\u00f2s\",\"Noticias | Acci\u00f3n social\",\"Noticias | Cultura\",\"Noticias | Deportes\",\"Noticias | Infraestructuras\",\"Noticias | Medio Natural\",\"Noticias | Turismo\"],\"inLanguage\":\"es\"},{\"@type\":\"WebPage\",\"@id\":\"https:\/\/www.nautaran.org\/es\/noticias\/homenaje-a-maria-angels-ordax-por-parte-del-ayuntamiento-de-naut-aran-y-la-emd-de-arties-e-garos\/\",\"url\":\"https:\/\/www.nautaran.org\/es\/noticias\/homenaje-a-maria-angels-ordax-por-parte-del-ayuntamiento-de-naut-aran-y-la-emd-de-arties-e-garos\/\",\"name\":\"Homenaje a Maria \u00c0ngels Ordax por parte del Ayuntamiento de Naut Aran y la EMD de Arties e Gar\u00f2s - Ajuntament de Naut Aran\",\"isPartOf\":{\"@id\":\"https:\/\/www.nautaran.org\/#website\"},\"primaryImageOfPage\":{\"@id\":\"https:\/\/www.nautaran.org\/es\/noticias\/homenaje-a-maria-angels-ordax-por-parte-del-ayuntamiento-de-naut-aran-y-la-emd-de-arties-e-garos\/#primaryimage\"},\"image\":{\"@id\":\"https:\/\/www.nautaran.org\/es\/noticias\/homenaje-a-maria-angels-ordax-por-parte-del-ayuntamiento-de-naut-aran-y-la-emd-de-arties-e-garos\/#primaryimage\"},\"thumbnailUrl\":\"https:\/\/www.nautaran.org\/wp-content\/uploads\/2023\/08\/Ordax-1.jpg\",\"datePublished\":\"2023-08-29T11:12:35+00:00\",\"dateModified\":\"2024-09-05T12:30:26+00:00\",\"author\":{\"@id\":\"https:\/\/www.nautaran.org\/#\/schema\/person\/d1534bc0cff9cbd7d1b5cfc12e946a35\"},\"breadcrumb\":{\"@id\":\"https:\/\/www.nautaran.org\/es\/noticias\/homenaje-a-maria-angels-ordax-por-parte-del-ayuntamiento-de-naut-aran-y-la-emd-de-arties-e-garos\/#breadcrumb\"},\"inLanguage\":\"es\",\"potentialAction\":[{\"@type\":\"ReadAction\",\"target\":[\"https:\/\/www.nautaran.org\/es\/noticias\/homenaje-a-maria-angels-ordax-por-parte-del-ayuntamiento-de-naut-aran-y-la-emd-de-arties-e-garos\/\"]}]},{\"@type\":\"ImageObject\",\"inLanguage\":\"es\",\"@id\":\"https:\/\/www.nautaran.org\/es\/noticias\/homenaje-a-maria-angels-ordax-por-parte-del-ayuntamiento-de-naut-aran-y-la-emd-de-arties-e-garos\/#primaryimage\",\"url\":\"https:\/\/www.nautaran.org\/wp-content\/uploads\/2023\/08\/Ordax-1.jpg\",\"contentUrl\":\"https:\/\/www.nautaran.org\/wp-content\/uploads\/2023\/08\/Ordax-1.jpg\",\"width\":1105,\"height\":1103},{\"@type\":\"BreadcrumbList\",\"@id\":\"https:\/\/www.nautaran.org\/es\/noticias\/homenaje-a-maria-angels-ordax-por-parte-del-ayuntamiento-de-naut-aran-y-la-emd-de-arties-e-garos\/#breadcrumb\",\"itemListElement\":[{\"@type\":\"ListItem\",\"position\":1,\"name\":\"Portada\",\"item\":\"https:\/\/www.nautaran.org\/es\/home-2\/\"},{\"@type\":\"ListItem\",\"position\":2,\"name\":\"Homenaje a Maria \u00c0ngels Ordax por parte del Ayuntamiento de Naut Aran y la EMD de Arties e Gar\u00f2s\"}]},{\"@type\":\"WebSite\",\"@id\":\"https:\/\/www.nautaran.org\/#website\",\"url\":\"https:\/\/www.nautaran.org\/\",\"name\":\"Ajuntament de Naut Aran\",\"description\":\"Naut Aran\",\"potentialAction\":[{\"@type\":\"SearchAction\",\"target\":{\"@type\":\"EntryPoint\",\"urlTemplate\":\"https:\/\/www.nautaran.org\/?s={search_term_string}\"},\"query-input\":{\"@type\":\"PropertyValueSpecification\",\"valueRequired\":true,\"valueName\":\"search_term_string\"}}],\"inLanguage\":\"es\"},{\"@type\":\"Person\",\"@id\":\"https:\/\/www.nautaran.org\/#\/schema\/person\/d1534bc0cff9cbd7d1b5cfc12e946a35\",\"name\":\"nautaran\",\"image\":{\"@type\":\"ImageObject\",\"inLanguage\":\"es\",\"@id\":\"https:\/\/www.nautaran.org\/#\/schema\/person\/image\/\",\"url\":\"https:\/\/secure.gravatar.com\/avatar\/80a09b1f8ae692a4acce17816a6597a844f3f59cda069b47a176c85e26e41c03?s=96&d=mm&r=g\",\"contentUrl\":\"https:\/\/secure.gravatar.com\/avatar\/80a09b1f8ae692a4acce17816a6597a844f3f59cda069b47a176c85e26e41c03?s=96&d=mm&r=g\",\"caption\":\"nautaran\"},\"url\":\"https:\/\/www.nautaran.org\/es\/author\/nautaran\/\"}]}<\/script>\n<!-- \/ Yoast SEO plugin. -->","yoast_head_json":{"title":"Homenaje a Maria \u00c0ngels Ordax por parte del Ayuntamiento de Naut Aran y la EMD de Arties e Gar\u00f2s - Ajuntament de Naut Aran","robots":{"index":"index","follow":"follow","max-snippet":"max-snippet:-1","max-image-preview":"max-image-preview:large","max-video-preview":"max-video-preview:-1"},"canonical":"https:\/\/www.nautaran.org\/es\/noticias\/homenaje-a-maria-angels-ordax-por-parte-del-ayuntamiento-de-naut-aran-y-la-emd-de-arties-e-garos\/","og_locale":"es_ES","og_type":"article","og_title":"Homenaje a Maria \u00c0ngels Ordax por parte del Ayuntamiento de Naut Aran y la EMD de Arties e Gar\u00f2s - Ajuntament de Naut Aran","og_description":"El Ayuntamiento de Naut Aran y la Entidad Municipal Descentralizada de Arties e Gar\u00f2s homenajearon la noche del 28 de agosto a la que fue responsable de la poblaci\u00f3n de Gar\u00f2s durante 16 a\u00f1os, Maria \u00c0ngels Ordax, por su gran labor llevada a cabo en la gesti\u00f3n de este pueblo, solventar los problemas que surg\u00edan [&hellip;]","og_url":"https:\/\/www.nautaran.org\/es\/noticias\/homenaje-a-maria-angels-ordax-por-parte-del-ayuntamiento-de-naut-aran-y-la-emd-de-arties-e-garos\/","og_site_name":"Ajuntament de Naut Aran","article_published_time":"2023-08-29T11:12:35+00:00","article_modified_time":"2024-09-05T12:30:26+00:00","og_image":[{"width":1105,"height":1103,"url":"https:\/\/www.nautaran.org\/wp-content\/uploads\/2023\/08\/Ordax-1.jpg","type":"image\/jpeg"}],"author":"nautaran","twitter_card":"summary_large_image","twitter_misc":{"Escrito por":"nautaran","Tiempo de lectura":"2 minutos"},"schema":{"@context":"https:\/\/schema.org","@graph":[{"@type":"Article","@id":"https:\/\/www.nautaran.org\/es\/noticias\/homenaje-a-maria-angels-ordax-por-parte-del-ayuntamiento-de-naut-aran-y-la-emd-de-arties-e-garos\/#article","isPartOf":{"@id":"https:\/\/www.nautaran.org\/es\/noticias\/homenaje-a-maria-angels-ordax-por-parte-del-ayuntamiento-de-naut-aran-y-la-emd-de-arties-e-garos\/"},"author":{"name":"nautaran","@id":"https:\/\/www.nautaran.org\/#\/schema\/person\/d1534bc0cff9cbd7d1b5cfc12e946a35"},"headline":"Homenaje a Maria \u00c0ngels Ordax por parte del Ayuntamiento de Naut Aran y la EMD de Arties e Gar\u00f2s","datePublished":"2023-08-29T11:12:35+00:00","dateModified":"2024-09-05T12:30:26+00:00","mainEntityOfPage":{"@id":"https:\/\/www.nautaran.org\/es\/noticias\/homenaje-a-maria-angels-ordax-por-parte-del-ayuntamiento-de-naut-aran-y-la-emd-de-arties-e-garos\/"},"wordCount":341,"image":{"@id":"https:\/\/www.nautaran.org\/es\/noticias\/homenaje-a-maria-angels-ordax-por-parte-del-ayuntamiento-de-naut-aran-y-la-emd-de-arties-e-garos\/#primaryimage"},"thumbnailUrl":"https:\/\/www.nautaran.org\/wp-content\/uploads\/2023\/08\/Ordax-1.jpg","articleSection":["Destacado portada","Noticias","Noticias Pueblo Arties","Noticias Pueblo Gar\u00f2s","Noticias | Acci\u00f3n social","Noticias | Cultura","Noticias | Deportes","Noticias | Infraestructuras","Noticias | Medio Natural","Noticias | Turismo"],"inLanguage":"es"},{"@type":"WebPage","@id":"https:\/\/www.nautaran.org\/es\/noticias\/homenaje-a-maria-angels-ordax-por-parte-del-ayuntamiento-de-naut-aran-y-la-emd-de-arties-e-garos\/","url":"https:\/\/www.nautaran.org\/es\/noticias\/homenaje-a-maria-angels-ordax-por-parte-del-ayuntamiento-de-naut-aran-y-la-emd-de-arties-e-garos\/","name":"Homenaje a Maria \u00c0ngels Ordax por parte del Ayuntamiento de Naut Aran y la EMD de Arties e Gar\u00f2s - Ajuntament de Naut Aran","isPartOf":{"@id":"https:\/\/www.nautaran.org\/#website"},"primaryImageOfPage":{"@id":"https:\/\/www.nautaran.org\/es\/noticias\/homenaje-a-maria-angels-ordax-por-parte-del-ayuntamiento-de-naut-aran-y-la-emd-de-arties-e-garos\/#primaryimage"},"image":{"@id":"https:\/\/www.nautaran.org\/es\/noticias\/homenaje-a-maria-angels-ordax-por-parte-del-ayuntamiento-de-naut-aran-y-la-emd-de-arties-e-garos\/#primaryimage"},"thumbnailUrl":"https:\/\/www.nautaran.org\/wp-content\/uploads\/2023\/08\/Ordax-1.jpg","datePublished":"2023-08-29T11:12:35+00:00","dateModified":"2024-09-05T12:30:26+00:00","author":{"@id":"https:\/\/www.nautaran.org\/#\/schema\/person\/d1534bc0cff9cbd7d1b5cfc12e946a35"},"breadcrumb":{"@id":"https:\/\/www.nautaran.org\/es\/noticias\/homenaje-a-maria-angels-ordax-por-parte-del-ayuntamiento-de-naut-aran-y-la-emd-de-arties-e-garos\/#breadcrumb"},"inLanguage":"es","potentialAction":[{"@type":"ReadAction","target":["https:\/\/www.nautaran.org\/es\/noticias\/homenaje-a-maria-angels-ordax-por-parte-del-ayuntamiento-de-naut-aran-y-la-emd-de-arties-e-garos\/"]}]},{"@type":"ImageObject","inLanguage":"es","@id":"https:\/\/www.nautaran.org\/es\/noticias\/homenaje-a-maria-angels-ordax-por-parte-del-ayuntamiento-de-naut-aran-y-la-emd-de-arties-e-garos\/#primaryimage","url":"https:\/\/www.nautaran.org\/wp-content\/uploads\/2023\/08\/Ordax-1.jpg","contentUrl":"https:\/\/www.nautaran.org\/wp-content\/uploads\/2023\/08\/Ordax-1.jpg","width":1105,"height":1103},{"@type":"BreadcrumbList","@id":"https:\/\/www.nautaran.org\/es\/noticias\/homenaje-a-maria-angels-ordax-por-parte-del-ayuntamiento-de-naut-aran-y-la-emd-de-arties-e-garos\/#breadcrumb","itemListElement":[{"@type":"ListItem","position":1,"name":"Portada","item":"https:\/\/www.nautaran.org\/es\/home-2\/"},{"@type":"ListItem","position":2,"name":"Homenaje a Maria \u00c0ngels Ordax por parte del Ayuntamiento de Naut Aran y la EMD de Arties e Gar\u00f2s"}]},{"@type":"WebSite","@id":"https:\/\/www.nautaran.org\/#website","url":"https:\/\/www.nautaran.org\/","name":"Ajuntament de Naut Aran","description":"Naut Aran","potentialAction":[{"@type":"SearchAction","target":{"@type":"EntryPoint","urlTemplate":"https:\/\/www.nautaran.org\/?s={search_term_string}"},"query-input":{"@type":"PropertyValueSpecification","valueRequired":true,"valueName":"search_term_string"}}],"inLanguage":"es"},{"@type":"Person","@id":"https:\/\/www.nautaran.org\/#\/schema\/person\/d1534bc0cff9cbd7d1b5cfc12e946a35","name":"nautaran","image":{"@type":"ImageObject","inLanguage":"es","@id":"https:\/\/www.nautaran.org\/#\/schema\/person\/image\/","url":"https:\/\/secure.gravatar.com\/avatar\/80a09b1f8ae692a4acce17816a6597a844f3f59cda069b47a176c85e26e41c03?s=96&d=mm&r=g","contentUrl":"https:\/\/secure.gravatar.com\/avatar\/80a09b1f8ae692a4acce17816a6597a844f3f59cda069b47a176c85e26e41c03?s=96&d=mm&r=g","caption":"nautaran"},"url":"https:\/\/www.nautaran.org\/es\/author\/nautaran\/"}]}},"_links":{"self":[{"href":"https:\/\/www.nautaran.org\/es\/wp-json\/wp\/v2\/posts\/16506","targetHints":{"allow":["GET"]}}],"collection":[{"href":"https:\/\/www.nautaran.org\/es\/wp-json\/wp\/v2\/posts"}],"about":[{"href":"https:\/\/www.nautaran.org\/es\/wp-json\/wp\/v2\/types\/post"}],"author":[{"embeddable":true,"href":"https:\/\/www.nautaran.org\/es\/wp-json\/wp\/v2\/users\/4"}],"replies":[{"embeddable":true,"href":"https:\/\/www.nautaran.org\/es\/wp-json\/wp\/v2\/comments?post=16506"}],"version-history":[{"count":1,"href":"https:\/\/www.nautaran.org\/es\/wp-json\/wp\/v2\/posts\/16506\/revisions"}],"predecessor-version":[{"id":16513,"href":"https:\/\/www.nautaran.org\/es\/wp-json\/wp\/v2\/posts\/16506\/revisions\/16513"}],"wp:featuredmedia":[{"embeddable":true,"href":"https:\/\/www.nautaran.org\/es\/wp-json\/wp\/v2\/media\/16507"}],"wp:attachment":[{"href":"https:\/\/www.nautaran.org\/es\/wp-json\/wp\/v2\/media?parent=16506"}],"wp:term":[{"taxonomy":"category","embeddable":true,"href":"https:\/\/www.nautaran.org\/es\/wp-json\/wp\/v2\/categories?post=16506"},{"taxonomy":"post_tag","embeddable":true,"href":"https:\/\/www.nautaran.org\/es\/wp-json\/wp\/v2\/tags?post=16506"}],"curies":[{"name":"wp","href":"https:\/\/api.w.org\/{rel}","templated":true}]}}