{"id":17496,"date":"2023-10-20T11:08:39","date_gmt":"2023-10-20T10:08:39","guid":{"rendered":"https:\/\/www.nautaran.org\/?p=17496"},"modified":"2024-09-05T13:46:19","modified_gmt":"2024-09-05T12:46:19","slug":"participacion-ciutadana-nuevo-projecte-de-aparcamiento-y-centro-civico-y-sociau-de-salardu","status":"publish","type":"post","link":"https:\/\/www.nautaran.org\/es\/anuncios\/participacion-ciutadana-nuevo-projecte-de-aparcamiento-y-centro-civico-y-sociau-de-salardu\/","title":{"rendered":"Participaci\u00f3n Ciutadana Nuevo Projecte de Aparcamiento y Centro C\u00edvico y Sociau de Salard\u00fa"},"content":{"rendered":"<p>[et_pb_section fb_built=\u00bb1&#8243; admin_label=\u00bbsection\u00bb _builder_version=\u00bb4.16&#8243; global_colors_info=\u00bb{}\u00bb][et_pb_row _builder_version=\u00bb4.20.4&#8243; _module_preset=\u00bbdefault\u00bb global_colors_info=\u00bb{}\u00bb][et_pb_column type=\u00bb4_4&#8243; _builder_version=\u00bb4.20.4&#8243; _module_preset=\u00bbdefault\u00bb global_colors_info=\u00bb{}\u00bb][et_pb_text _builder_version=\u00bb4.20.4&#8243; _module_preset=\u00bbdefault\u00bb text_orientation=\u00bbjustified\u00bb global_colors_info=\u00bb{}\u00bb]<\/p>\n<p>Se convocan dos reuniones abiertas con el vecindario del municipio de Naut Aran, que se llevar\u00e1n a cabo los d\u00edas <strong>26 de octubre de 2023 a las 13:00 horas<\/strong> y el d\u00eda <strong>7 de noviembre de 2023 a las 18:00 horas en la Sala Cultural<\/strong> (calle Santa Cruz, s\/n) de Salard\u00fa, con el objetivo de que los servicios t\u00e9cnicos municipales puedan informar y dar respuesta a cualquier cuesti\u00f3n, propuesta o sugerencia que se pueda plantear respecto al Proyecto que se pretende ejecutar.<\/p>\n<p><strong>Quieres decir la tuya y participar del proyecto m\u00e1s ambicioso del Ayuntamiento de Naut Aran de su historia?<\/strong><\/p>\n<p><strong>Ayuda-nos a construir el municipio del futuro.<\/strong><\/p>\n<p><span>Pod\u00e9is participar en trabas del siguiente enlace <a href=\"https:\/\/seu.nautaran.org\/catala\/Tramites\/10FAC0EDE0794DD59C621E04A3697F61.asp\"><strong>Instancia Gen\u00e9rica Naut Aran<\/strong><\/a><\/span><\/p>\n<p>[\/et_pb_text][\/et_pb_column][\/et_pb_row][et_pb_row admin_label=\u00bbrow\u00bb _builder_version=\u00bb4.20.4&#8243; background_size=\u00bbinitial\u00bb background_position=\u00bbtop_left\u00bb background_repeat=\u00bbrepeat\u00bb global_colors_info=\u00bb{}\u00bb][et_pb_column type=\u00bb4_4&#8243; _builder_version=\u00bb4.16&#8243; custom_padding=\u00bb|||\u00bb global_colors_info=\u00bb{}\u00bb custom_padding__hover=\u00bb|||\u00bb][et_pb_text _builder_version=\u00bb4.20.4&#8243; _module_preset=\u00bbdefault\u00bb background_color=\u00bbRGBA(255,255,255,0)\u00bb min_height=\u00bb34px\u00bb custom_margin=\u00bb-37px|||||\u00bb custom_padding=\u00bb19px|||||\u00bb global_colors_info=\u00bb{}\u00bb]<\/p>\n<h3 style=\"text-align: left;\"><strong>Documentaciones:<\/strong><\/h3>\n<p>[\/et_pb_text][et_pb_text _builder_version=\u00bb4.20.4&#8243; _module_preset=\u00bbdefault\u00bb background_color=\u00bbRGBA(255,255,255,0)\u00bb custom_margin=\u00bb-20px||||false|false\u00bb custom_padding=\u00bb0px||||false|false\u00bb global_colors_info=\u00bb{}\u00bb]<\/p>\n<div class=\"et_pb_module et_pb_acf_table et_pb_acf_repeater_table et_pb_acf_repeater_table_0_tb_body\" style=\"padding-left: 40px; text-align: left;\">\n<p>&nbsp;<\/p>\n<table style=\"width: 92.5106%; border-collapse: collapse; height: 279px;\" border=\"0\">\n<tbody>\n<tr style=\"height: 51px;\">\n<td style=\"width: 35.4182%; height: 51px;\">\n<div class=\"et_pb_module et_pb_acf_table et_pb_acf_repeater_table et_pb_acf_repeater_table_0_tb_body\" style=\"padding-left: 40px; text-align: left;\">\n<p><a class=\"sb-divi-acf-table-file-item\" href=\"https:\/\/www.nautaran.org\/wp-content\/uploads\/2023\/10\/00_2-estudi-programa.pdf\" target=\"_blank\" rel=\"noopener\">Estudio del Programa de Equipamientos<\/a><\/p>\n<\/div>\n<\/td>\n<td style=\"width: 37.2661%; height: 51px;\">\n<div>\n<div class=\"et_pb_module et_pb_acf_table et_pb_acf_repeater_table et_pb_acf_repeater_table_0_tb_body\" style=\"padding-left: 40px; text-align: left;\">\n<div class=\"et_pb_module et_pb_acf_table et_pb_acf_repeater_table et_pb_acf_repeater_table_0_tb_body\" style=\"padding-left: 40px; text-align: left;\">\n<p><a class=\"sb-divi-acf-table-file-item\" href=\"https:\/\/www.nautaran.org\/wp-content\/uploads\/2023\/10\/00_2-Pressupost-obra-honoraris-urbanitzacio.pdf\" target=\"_blank\" rel=\"noopener\">Presupuesto Honorarios Urbanizaci\u00f3n<\/a><\/p>\n<\/div>\n<\/div>\n<\/div>\n<\/td>\n<\/tr>\n<tr style=\"height: 51px;\">\n<td style=\"width: 35.4182%; height: 51px;\">\n<div class=\"et_pb_module et_pb_acf_table et_pb_acf_repeater_table et_pb_acf_repeater_table_0_tb_body\" style=\"padding-left: 40px; text-align: left;\">\n<p><a class=\"sb-divi-acf-table-file-item\" href=\"https:\/\/www.nautaran.org\/wp-content\/uploads\/2023\/10\/00_2-Memoria-Justificativa-SIG.pdf\" target=\"_blank\" rel=\"noopener\">Informe justificativo necesidades de contrataci\u00f3n<\/a><\/p>\n<\/div>\n<\/td>\n<td style=\"width: 37.2661%; height: 51px;\">\n<div>\n<div class=\"et_pb_module et_pb_acf_table et_pb_acf_repeater_table et_pb_acf_repeater_table_0_tb_body\" style=\"padding-left: 40px; text-align: left;\">\n<div class=\"et_pb_module et_pb_acf_table et_pb_acf_repeater_table et_pb_acf_repeater_table_0_tb_body\" style=\"padding-left: 40px; text-align: left;\">\n<p><a class=\"sb-divi-acf-table-file-item\" href=\"https:\/\/www.nautaran.org\/wp-content\/uploads\/2023\/10\/00_2-Pressupost-obra-honoraris-arquitectura.pdf\" target=\"_blank\" rel=\"noopener\">Presupuesto Honorarios Arquitectura<\/a><\/p>\n<\/div>\n<\/div>\n<\/div>\n<\/td>\n<\/tr>\n<tr style=\"height: 51px;\">\n<td style=\"width: 35.4182%; height: 51px;\">\n<div class=\"et_pb_module et_pb_acf_table et_pb_acf_repeater_table et_pb_acf_repeater_table_0_tb_body\" style=\"padding-left: 40px; text-align: left;\">\n<p><a class=\"sb-divi-acf-table-file-item\" href=\"https:\/\/www.nautaran.org\/wp-content\/uploads\/2023\/10\/00_2-modificacio-de-NNSS.pdf\" target=\"_blank\" rel=\"noopener\">Modificaci\u00f3n de NNSS<\/a><\/p>\n<\/div>\n<\/td>\n<td style=\"width: 37.2661%; height: 51px;\">\n<div>\n<div class=\"et_pb_module et_pb_acf_table et_pb_acf_repeater_table et_pb_acf_repeater_table_0_tb_body\" style=\"padding-left: 40px; text-align: left;\">\n<div class=\"et_pb_module et_pb_acf_table et_pb_acf_repeater_table et_pb_acf_repeater_table_0_tb_body\" style=\"padding-left: 40px; text-align: left;\">\n<p><a class=\"sb-divi-acf-table-file-item\" href=\"https:\/\/www.nautaran.org\/wp-content\/uploads\/2023\/10\/00_2-Pressupost-obra-honoraris-llicencia-ambiental.pdf\" target=\"_blank\" rel=\"noopener\">Presupuesto Honorarios Licencia Ambiental<\/a><\/p>\n<\/div>\n<\/div>\n<\/div>\n<\/td>\n<\/tr>\n<tr style=\"height: 75px;\">\n<td style=\"width: 35.4182%; height: 75px;\">\n<div class=\"et_pb_module et_pb_acf_table et_pb_acf_repeater_table et_pb_acf_repeater_table_0_tb_body\" style=\"padding-left: 40px; text-align: left;\">\n<p><a class=\"sb-divi-acf-table-file-item\" href=\"https:\/\/www.nautaran.org\/wp-content\/uploads\/2023\/10\/00_2-PCAP-concurs-de-Projectes-NAUT-Aran-SIG.pdf\" target=\"_blank\" rel=\"noopener\">Pliegos de cl\u00e1usulas administrativas del concurso de proyectos<\/a><\/p>\n<\/div>\n<\/td>\n<td style=\"width: 37.2661%; height: 75px;\">\n<div>\n<div class=\"et_pb_module et_pb_acf_table et_pb_acf_repeater_table et_pb_acf_repeater_table_0_tb_body\" style=\"padding-left: 40px; text-align: left;\">\n<div class=\"et_pb_module et_pb_acf_table et_pb_acf_repeater_table et_pb_acf_repeater_table_0_tb_body\" style=\"padding-left: 40px; text-align: left;\">\n<p><a class=\"sb-divi-acf-table-file-item\" href=\"https:\/\/www.nautaran.org\/wp-content\/uploads\/2023\/10\/EDICTE-Aprov.-PCAP-i-PPT-CENTRE-CIVIC-Salardu-SIG.pdf\" target=\"_blank\" rel=\"noopener\">Edicto Aprobaci\u00f3n inicial Proyecto del Centro C\u00edvico y Social de Salard\u00fa<\/a><\/p>\n<\/div>\n<\/div>\n<\/div>\n<\/td>\n<\/tr>\n<tr style=\"height: 51px;\">\n<td style=\"width: 35.4182%; height: 51px;\">\n<div class=\"et_pb_module et_pb_acf_table et_pb_acf_repeater_table et_pb_acf_repeater_table_0_tb_body\" style=\"padding-left: 40px; text-align: left;\">\n<p><a class=\"sb-divi-acf-table-file-item\" href=\"https:\/\/www.nautaran.org\/wp-content\/uploads\/2023\/10\/00_2-Plec-de-clausules-tecniques-Naut-Aran-SG.pdf\" target=\"_blank\" rel=\"noopener\">Pliegos de Cl\u00e1usulas t\u00e9cnicas del concurso de proyectos<\/a><\/p>\n<\/div>\n<\/td>\n<td style=\"width: 37.2661%; height: 51px;\">\u00a0<\/td>\n<\/tr>\n<\/tbody>\n<\/table>\n<\/div>\n<div>\n<div class=\"et_pb_module et_pb_acf_table et_pb_acf_repeater_table et_pb_acf_repeater_table_0_tb_body\" style=\"padding-left: 40px;\">\u00a0<\/div>\n<div class=\"et_pb_module et_pb_acf_table et_pb_acf_repeater_table et_pb_acf_repeater_table_0_tb_body\" style=\"padding-left: 40px;\">\u00a0<\/div>\n<\/div>\n<p>[\/et_pb_text][\/et_pb_column][\/et_pb_row][et_pb_row admin_label=\u00bbrow\u00bb _builder_version=\u00bb4.20.4&#8243; background_size=\u00bbinitial\u00bb background_position=\u00bbtop_left\u00bb background_repeat=\u00bbrepeat\u00bb global_colors_info=\u00bb{}\u00bb][et_pb_column type=\u00bb4_4&#8243; _builder_version=\u00bb4.20.4&#8243; custom_padding=\u00bb0px||0px||false|false\u00bb global_colors_info=\u00bb{}\u00bb custom_padding__hover=\u00bb|||\u00bb][et_pb_text _builder_version=\u00bb4.20.4&#8243; _module_preset=\u00bbdefault\u00bb background_color=\u00bbRGBA(255,255,255,0)\u00bb min_height=\u00bb37px\u00bb custom_margin=\u00bb-96px||25px|||\u00bb custom_padding=\u00bb0px||14px|||\u00bb global_colors_info=\u00bb{}\u00bb]<\/p>\n<h3 style=\"text-align: left;\"><strong>Galeria:<\/strong><\/h3>\n<p>[\/et_pb_text][et_pb_gallery gallery_ids=\u00bb17363,17366,17369,17372&#8243; show_title_and_caption=\u00bboff\u00bb _builder_version=\u00bb4.20.4&#8243; _module_preset=\u00bbdefault\u00bb background_color=\u00bbRGBA(255,255,255,0)\u00bb global_colors_info=\u00bb{}\u00bb][\/et_pb_gallery][\/et_pb_column][\/et_pb_row][et_pb_row _builder_version=\u00bb4.20.4&#8243; _module_preset=\u00bbdefault\u00bb][et_pb_column _builder_version=\u00bb4.20.4&#8243; _module_preset=\u00bbdefault\u00bb type=\u00bb4_4&#8243;][et_pb_image src=\u00bbhttps:\/\/www.nautaran.org\/wp-content\/uploads\/2023\/10\/WhatsApp-Image-2023-10-23-at-16.55.54.jpeg\u00bb _builder_version=\u00bb4.20.4&#8243; _module_preset=\u00bbdefault\u00bb title_text=\u00bbWhatsApp Image 2023-10-23 at 16.55.54&#8243; hover_enabled=\u00bb0&#8243; sticky_enabled=\u00bb0&#8243; align=\u00bbcenter\u00bb][\/et_pb_image][\/et_pb_column][\/et_pb_row][\/et_pb_section]<\/p>\n","protected":false},"excerpt":{"rendered":"<p>Se convocan dos reuniones abiertas con el vecindario del municipio de Naut Aran, que se llevar\u00e1n a cabo los d\u00edas 26 de octubre de 2023 a las 13:00 horas y el d\u00eda 7 de noviembre de 2023 a las 18:00 horas en la Sala Cultural (calle Santa Cruz, s\/n) de Salard\u00fa, con el objetivo de [&hellip;]<\/p>\n","protected":false},"author":6,"featured_media":0,"comment_status":"closed","ping_status":"closed","sticky":false,"template":"","format":"standard","meta":{"_acf_changed":false,"_et_pb_use_builder":"on","_et_pb_old_content":"<h3>Tramitacion Forfaits Baqueira Beret residents Naut Aran<\/h3>\r\nBando tramitacion forfaits baqueira beret residentes Naut Aran sason 2022-2023\r\n\r\nRequisits e documentacion a adjuntar pes residents de Naut Aran entara tramitacion deth forfait de Baqueira Beret sason 2022-2023.\r\n\r\nTermini: abans deth 6 de noveme 2022\r\n\r\n<strong>Eth certifcat d'empadronament<\/strong> se p\u00f2t demanar accedint ara Sollicitud \u00a0<strong><a href=\"https:\/\/seu.nautaran.org\/catala\/Tramites\/10FAC0EDE0794DD59C621E04A3697F61.asp\">inst\u00e0ncia Generica Naut Aran <\/a>de l'Ajuntament de Naut Aran<\/strong>\r\n\r\nBand\r\n\r\n<a href=\"https:\/\/www.nautaran.org\/wp-content\/uploads\/2022\/09\/Documentacion_condiciones_y_tramitacion_BPASS.pdf\">Condicions e Tramitacion<\/a>\r\n\r\n<a href=\"https:\/\/www.nautaran.org\/wp-content\/uploads\/2022\/09\/Formulario-BPASS_RESID_NAUT-ARAN_Adulto_2022.pdf\">BPASS Residente Naut Aran Adult<\/a>\r\n\r\n<a href=\"https:\/\/www.nautaran.org\/wp-content\/uploads\/2022\/09\/Formulario-BPASS_RESID_NAUT-ARAN_Menor_2022.pdf\">BPASS Residente Naut Aran Menor<\/a>\r\n\r\n\u00a0","_et_gb_content_width":"","footnotes":""},"categories":[71,825],"tags":[],"class_list":["post-17496","post","type-post","status-publish","format-standard","hentry","category-anuncios","category-noticias-pueblo-salardu"],"acf":[],"yoast_head":"<!-- This site is optimized with the Yoast SEO plugin v26.8 - https:\/\/yoast.com\/product\/yoast-seo-wordpress\/ -->\n<title>Participaci\u00f3n Ciutadana Nuevo Projecte de Aparcamiento y Centro C\u00edvico y Sociau de Salard\u00fa - Ajuntament de Naut Aran<\/title>\n<meta name=\"robots\" content=\"index, follow, max-snippet:-1, max-image-preview:large, max-video-preview:-1\" \/>\n<link rel=\"canonical\" href=\"https:\/\/www.nautaran.org\/es\/anuncios\/participacion-ciutadana-nuevo-projecte-de-aparcamiento-y-centro-civico-y-sociau-de-salardu\/\" \/>\n<meta property=\"og:locale\" content=\"es_ES\" \/>\n<meta property=\"og:type\" content=\"article\" \/>\n<meta property=\"og:title\" content=\"Participaci\u00f3n Ciutadana Nuevo Projecte de Aparcamiento y Centro C\u00edvico y Sociau de Salard\u00fa - Ajuntament de Naut Aran\" \/>\n<meta property=\"og:description\" content=\"Se convocan dos reuniones abiertas con el vecindario del municipio de Naut Aran, que se llevar\u00e1n a cabo los d\u00edas 26 de octubre de 2023 a las 13:00 horas y el d\u00eda 7 de noviembre de 2023 a las 18:00 horas en la Sala Cultural (calle Santa Cruz, s\/n) de Salard\u00fa, con el objetivo de [&hellip;]\" \/>\n<meta property=\"og:url\" content=\"https:\/\/www.nautaran.org\/es\/anuncios\/participacion-ciutadana-nuevo-projecte-de-aparcamiento-y-centro-civico-y-sociau-de-salardu\/\" \/>\n<meta property=\"og:site_name\" content=\"Ajuntament de Naut Aran\" \/>\n<meta property=\"article:published_time\" content=\"2023-10-20T10:08:39+00:00\" \/>\n<meta property=\"article:modified_time\" content=\"2024-09-05T12:46:19+00:00\" \/>\n<meta name=\"author\" content=\"informatica\" \/>\n<meta name=\"twitter:card\" content=\"summary_large_image\" \/>\n<meta name=\"twitter:label1\" content=\"Escrito por\" \/>\n\t<meta name=\"twitter:data1\" content=\"informatica\" \/>\n\t<meta name=\"twitter:label2\" content=\"Tiempo de lectura\" \/>\n\t<meta name=\"twitter:data2\" content=\"2 minutos\" \/>\n<script type=\"application\/ld+json\" class=\"yoast-schema-graph\">{\"@context\":\"https:\/\/schema.org\",\"@graph\":[{\"@type\":\"Article\",\"@id\":\"https:\/\/www.nautaran.org\/es\/anuncios\/participacion-ciutadana-nuevo-projecte-de-aparcamiento-y-centro-civico-y-sociau-de-salardu\/#article\",\"isPartOf\":{\"@id\":\"https:\/\/www.nautaran.org\/es\/anuncios\/participacion-ciutadana-nuevo-projecte-de-aparcamiento-y-centro-civico-y-sociau-de-salardu\/\"},\"author\":{\"name\":\"informatica\",\"@id\":\"https:\/\/www.nautaran.org\/#\/schema\/person\/8f71607aa003085aff1dc4f2a168f26b\"},\"headline\":\"Participaci\u00f3n Ciutadana Nuevo Projecte de Aparcamiento y Centro C\u00edvico y Sociau de Salard\u00fa\",\"datePublished\":\"2023-10-20T10:08:39+00:00\",\"dateModified\":\"2024-09-05T12:46:19+00:00\",\"mainEntityOfPage\":{\"@id\":\"https:\/\/www.nautaran.org\/es\/anuncios\/participacion-ciutadana-nuevo-projecte-de-aparcamiento-y-centro-civico-y-sociau-de-salardu\/\"},\"wordCount\":512,\"articleSection\":[\"Anuncios\",\"Noticias Pueblo Salard\u00fa\"],\"inLanguage\":\"es\"},{\"@type\":\"WebPage\",\"@id\":\"https:\/\/www.nautaran.org\/es\/anuncios\/participacion-ciutadana-nuevo-projecte-de-aparcamiento-y-centro-civico-y-sociau-de-salardu\/\",\"url\":\"https:\/\/www.nautaran.org\/es\/anuncios\/participacion-ciutadana-nuevo-projecte-de-aparcamiento-y-centro-civico-y-sociau-de-salardu\/\",\"name\":\"Participaci\u00f3n Ciutadana Nuevo Projecte de Aparcamiento y Centro C\u00edvico y Sociau de Salard\u00fa - Ajuntament de Naut Aran\",\"isPartOf\":{\"@id\":\"https:\/\/www.nautaran.org\/#website\"},\"datePublished\":\"2023-10-20T10:08:39+00:00\",\"dateModified\":\"2024-09-05T12:46:19+00:00\",\"author\":{\"@id\":\"https:\/\/www.nautaran.org\/#\/schema\/person\/8f71607aa003085aff1dc4f2a168f26b\"},\"breadcrumb\":{\"@id\":\"https:\/\/www.nautaran.org\/es\/anuncios\/participacion-ciutadana-nuevo-projecte-de-aparcamiento-y-centro-civico-y-sociau-de-salardu\/#breadcrumb\"},\"inLanguage\":\"es\",\"potentialAction\":[{\"@type\":\"ReadAction\",\"target\":[\"https:\/\/www.nautaran.org\/es\/anuncios\/participacion-ciutadana-nuevo-projecte-de-aparcamiento-y-centro-civico-y-sociau-de-salardu\/\"]}]},{\"@type\":\"BreadcrumbList\",\"@id\":\"https:\/\/www.nautaran.org\/es\/anuncios\/participacion-ciutadana-nuevo-projecte-de-aparcamiento-y-centro-civico-y-sociau-de-salardu\/#breadcrumb\",\"itemListElement\":[{\"@type\":\"ListItem\",\"position\":1,\"name\":\"Portada\",\"item\":\"https:\/\/www.nautaran.org\/es\/home-2\/\"},{\"@type\":\"ListItem\",\"position\":2,\"name\":\"Participaci\u00f3n Ciutadana Nuevo Projecte de Aparcamiento y Centro C\u00edvico y Sociau de Salard\u00fa\"}]},{\"@type\":\"WebSite\",\"@id\":\"https:\/\/www.nautaran.org\/#website\",\"url\":\"https:\/\/www.nautaran.org\/\",\"name\":\"Ajuntament de Naut Aran\",\"description\":\"Naut Aran\",\"potentialAction\":[{\"@type\":\"SearchAction\",\"target\":{\"@type\":\"EntryPoint\",\"urlTemplate\":\"https:\/\/www.nautaran.org\/?s={search_term_string}\"},\"query-input\":{\"@type\":\"PropertyValueSpecification\",\"valueRequired\":true,\"valueName\":\"search_term_string\"}}],\"inLanguage\":\"es\"},{\"@type\":\"Person\",\"@id\":\"https:\/\/www.nautaran.org\/#\/schema\/person\/8f71607aa003085aff1dc4f2a168f26b\",\"name\":\"informatica\",\"image\":{\"@type\":\"ImageObject\",\"inLanguage\":\"es\",\"@id\":\"https:\/\/www.nautaran.org\/#\/schema\/person\/image\/\",\"url\":\"https:\/\/secure.gravatar.com\/avatar\/9f3f085cca4a986cfc788ecd854bd494076bc935f40d8232c246acb379688023?s=96&d=mm&r=g\",\"contentUrl\":\"https:\/\/secure.gravatar.com\/avatar\/9f3f085cca4a986cfc788ecd854bd494076bc935f40d8232c246acb379688023?s=96&d=mm&r=g\",\"caption\":\"informatica\"},\"url\":\"https:\/\/www.nautaran.org\/es\/author\/informatica\/\"}]}<\/script>\n<!-- \/ Yoast SEO plugin. -->","yoast_head_json":{"title":"Participaci\u00f3n Ciutadana Nuevo Projecte de Aparcamiento y Centro C\u00edvico y Sociau de Salard\u00fa - Ajuntament de Naut Aran","robots":{"index":"index","follow":"follow","max-snippet":"max-snippet:-1","max-image-preview":"max-image-preview:large","max-video-preview":"max-video-preview:-1"},"canonical":"https:\/\/www.nautaran.org\/es\/anuncios\/participacion-ciutadana-nuevo-projecte-de-aparcamiento-y-centro-civico-y-sociau-de-salardu\/","og_locale":"es_ES","og_type":"article","og_title":"Participaci\u00f3n Ciutadana Nuevo Projecte de Aparcamiento y Centro C\u00edvico y Sociau de Salard\u00fa - Ajuntament de Naut Aran","og_description":"Se convocan dos reuniones abiertas con el vecindario del municipio de Naut Aran, que se llevar\u00e1n a cabo los d\u00edas 26 de octubre de 2023 a las 13:00 horas y el d\u00eda 7 de noviembre de 2023 a las 18:00 horas en la Sala Cultural (calle Santa Cruz, s\/n) de Salard\u00fa, con el objetivo de [&hellip;]","og_url":"https:\/\/www.nautaran.org\/es\/anuncios\/participacion-ciutadana-nuevo-projecte-de-aparcamiento-y-centro-civico-y-sociau-de-salardu\/","og_site_name":"Ajuntament de Naut Aran","article_published_time":"2023-10-20T10:08:39+00:00","article_modified_time":"2024-09-05T12:46:19+00:00","author":"informatica","twitter_card":"summary_large_image","twitter_misc":{"Escrito por":"informatica","Tiempo de lectura":"2 minutos"},"schema":{"@context":"https:\/\/schema.org","@graph":[{"@type":"Article","@id":"https:\/\/www.nautaran.org\/es\/anuncios\/participacion-ciutadana-nuevo-projecte-de-aparcamiento-y-centro-civico-y-sociau-de-salardu\/#article","isPartOf":{"@id":"https:\/\/www.nautaran.org\/es\/anuncios\/participacion-ciutadana-nuevo-projecte-de-aparcamiento-y-centro-civico-y-sociau-de-salardu\/"},"author":{"name":"informatica","@id":"https:\/\/www.nautaran.org\/#\/schema\/person\/8f71607aa003085aff1dc4f2a168f26b"},"headline":"Participaci\u00f3n Ciutadana Nuevo Projecte de Aparcamiento y Centro C\u00edvico y Sociau de Salard\u00fa","datePublished":"2023-10-20T10:08:39+00:00","dateModified":"2024-09-05T12:46:19+00:00","mainEntityOfPage":{"@id":"https:\/\/www.nautaran.org\/es\/anuncios\/participacion-ciutadana-nuevo-projecte-de-aparcamiento-y-centro-civico-y-sociau-de-salardu\/"},"wordCount":512,"articleSection":["Anuncios","Noticias Pueblo Salard\u00fa"],"inLanguage":"es"},{"@type":"WebPage","@id":"https:\/\/www.nautaran.org\/es\/anuncios\/participacion-ciutadana-nuevo-projecte-de-aparcamiento-y-centro-civico-y-sociau-de-salardu\/","url":"https:\/\/www.nautaran.org\/es\/anuncios\/participacion-ciutadana-nuevo-projecte-de-aparcamiento-y-centro-civico-y-sociau-de-salardu\/","name":"Participaci\u00f3n Ciutadana Nuevo Projecte de Aparcamiento y Centro C\u00edvico y Sociau de Salard\u00fa - Ajuntament de Naut Aran","isPartOf":{"@id":"https:\/\/www.nautaran.org\/#website"},"datePublished":"2023-10-20T10:08:39+00:00","dateModified":"2024-09-05T12:46:19+00:00","author":{"@id":"https:\/\/www.nautaran.org\/#\/schema\/person\/8f71607aa003085aff1dc4f2a168f26b"},"breadcrumb":{"@id":"https:\/\/www.nautaran.org\/es\/anuncios\/participacion-ciutadana-nuevo-projecte-de-aparcamiento-y-centro-civico-y-sociau-de-salardu\/#breadcrumb"},"inLanguage":"es","potentialAction":[{"@type":"ReadAction","target":["https:\/\/www.nautaran.org\/es\/anuncios\/participacion-ciutadana-nuevo-projecte-de-aparcamiento-y-centro-civico-y-sociau-de-salardu\/"]}]},{"@type":"BreadcrumbList","@id":"https:\/\/www.nautaran.org\/es\/anuncios\/participacion-ciutadana-nuevo-projecte-de-aparcamiento-y-centro-civico-y-sociau-de-salardu\/#breadcrumb","itemListElement":[{"@type":"ListItem","position":1,"name":"Portada","item":"https:\/\/www.nautaran.org\/es\/home-2\/"},{"@type":"ListItem","position":2,"name":"Participaci\u00f3n Ciutadana Nuevo Projecte de Aparcamiento y Centro C\u00edvico y Sociau de Salard\u00fa"}]},{"@type":"WebSite","@id":"https:\/\/www.nautaran.org\/#website","url":"https:\/\/www.nautaran.org\/","name":"Ajuntament de Naut Aran","description":"Naut Aran","potentialAction":[{"@type":"SearchAction","target":{"@type":"EntryPoint","urlTemplate":"https:\/\/www.nautaran.org\/?s={search_term_string}"},"query-input":{"@type":"PropertyValueSpecification","valueRequired":true,"valueName":"search_term_string"}}],"inLanguage":"es"},{"@type":"Person","@id":"https:\/\/www.nautaran.org\/#\/schema\/person\/8f71607aa003085aff1dc4f2a168f26b","name":"informatica","image":{"@type":"ImageObject","inLanguage":"es","@id":"https:\/\/www.nautaran.org\/#\/schema\/person\/image\/","url":"https:\/\/secure.gravatar.com\/avatar\/9f3f085cca4a986cfc788ecd854bd494076bc935f40d8232c246acb379688023?s=96&d=mm&r=g","contentUrl":"https:\/\/secure.gravatar.com\/avatar\/9f3f085cca4a986cfc788ecd854bd494076bc935f40d8232c246acb379688023?s=96&d=mm&r=g","caption":"informatica"},"url":"https:\/\/www.nautaran.org\/es\/author\/informatica\/"}]}},"_links":{"self":[{"href":"https:\/\/www.nautaran.org\/es\/wp-json\/wp\/v2\/posts\/17496","targetHints":{"allow":["GET"]}}],"collection":[{"href":"https:\/\/www.nautaran.org\/es\/wp-json\/wp\/v2\/posts"}],"about":[{"href":"https:\/\/www.nautaran.org\/es\/wp-json\/wp\/v2\/types\/post"}],"author":[{"embeddable":true,"href":"https:\/\/www.nautaran.org\/es\/wp-json\/wp\/v2\/users\/6"}],"replies":[{"embeddable":true,"href":"https:\/\/www.nautaran.org\/es\/wp-json\/wp\/v2\/comments?post=17496"}],"version-history":[{"count":4,"href":"https:\/\/www.nautaran.org\/es\/wp-json\/wp\/v2\/posts\/17496\/revisions"}],"predecessor-version":[{"id":17542,"href":"https:\/\/www.nautaran.org\/es\/wp-json\/wp\/v2\/posts\/17496\/revisions\/17542"}],"wp:attachment":[{"href":"https:\/\/www.nautaran.org\/es\/wp-json\/wp\/v2\/media?parent=17496"}],"wp:term":[{"taxonomy":"category","embeddable":true,"href":"https:\/\/www.nautaran.org\/es\/wp-json\/wp\/v2\/categories?post=17496"},{"taxonomy":"post_tag","embeddable":true,"href":"https:\/\/www.nautaran.org\/es\/wp-json\/wp\/v2\/tags?post=17496"}],"curies":[{"name":"wp","href":"https:\/\/api.w.org\/{rel}","templated":true}]}}