{"id":18136,"date":"2023-12-21T18:12:32","date_gmt":"2023-12-21T17:12:32","guid":{"rendered":"https:\/\/www.nautaran.org\/?p=18136"},"modified":"2023-12-21T18:12:32","modified_gmt":"2023-12-21T17:12:32","slug":"naut-aran-destina-1-385-000-para-construir-vivienda-social","status":"publish","type":"post","link":"https:\/\/www.nautaran.org\/es\/destacado-portada\/naut-aran-destina-1-385-000-para-construir-vivienda-social\/","title":{"rendered":"Naut Aran destina 1.385.000 para construir vivienda social"},"content":{"rendered":"<p>El Pleno del Ayuntamiento de Naut Aran ha aprobado con los votos a favor de Converg\u00e9ncia Aranesa y la abstenci\u00f3n de Unitat d&#8217;Aran y de Aran Amassa una modificaci\u00f3n presupuestaria de 2.125.000 euros en la que destaca la creaci\u00f3n de vivienda social en el municipio.<br \/>\nEn este sentido, son contempladas dentro de esta nueva aportaci\u00f3n, la construcci\u00f3n de las seis viviendas de la plaza de la Pica de Salard\u00fa, la vivienda social de Gar\u00f3s y la de Tred\u00f2s. En el caso de la partida de Salard\u00fa se destinar\u00e1 m\u00e1s de 1.200.000 euros, 115.000 en Tred\u00f2s y 70.000 euros en Gar\u00f3s.<\/p>\n<p>El alcalde del Ayuntamiento de Naut Aran, C\u00e9sar Ruiz-Canela, afirma que \u00abestamos muy contentos de poder aprobar esta modificaci\u00f3n presupuestaria porque es uno de los pasos definitivos para poder crear vivienda de alquiler social por j\u00f3venes y familias que quieran un espacio para vivir todo el a\u00f1o en nuestra zona.\u00bb<\/p>\n<p><img loading=\"lazy\" decoding=\"async\" class=\"aligncenter size-full wp-image-18137\" src=\"https:\/\/www.nautaran.org\/wp-content\/uploads\/2023\/12\/Plen21-12-23.jpg\" alt=\"\" width=\"4032\" height=\"3024\" srcset=\"https:\/\/www.nautaran.org\/wp-content\/uploads\/2023\/12\/Plen21-12-23.jpg 4032w, https:\/\/www.nautaran.org\/wp-content\/uploads\/2023\/12\/Plen21-12-23-1280x960.jpg 1280w, https:\/\/www.nautaran.org\/wp-content\/uploads\/2023\/12\/Plen21-12-23-980x735.jpg 980w, https:\/\/www.nautaran.org\/wp-content\/uploads\/2023\/12\/Plen21-12-23-480x360.jpg 480w\" sizes=\"auto, (min-width: 0px) and (max-width: 480px) 480px, (min-width: 481px) and (max-width: 980px) 980px, (min-width: 981px) and (max-width: 1280px) 1280px, (min-width: 1281px) 4032px, 100vw\" \/><\/p>\n<p>Adem\u00e1s, en el resto de la modificaci\u00f3n tambi\u00e9n se plantea una partida de 500.000 euros por la primera fase de la creaci\u00f3n del district heating de Naut Aran, 50.000 euros por el mantenimiento y reparaci\u00f3n del patio de la escuela Ruda de Salard\u00fa as\u00ed como 71.000 euros por la mejora del camino de Plan de Nera hasta el Refugio de Colom\u00e8rs (GR 11).<\/p>\n<p>En otras cuestiones del pleno se ha aprobado la ordenanza reguladora de la tasa por la licencia de autotaxis y otros veh\u00edculos de alquiler para que no haya especulaci\u00f3n con las licencias de este tipo de veh\u00edculos en el propio municipio. De otro lado tambi\u00e9n se ha aprobado la creaci\u00f3n de la Comisi\u00f3n de Vivienda por la legislatura 2019-2023.<\/p>\n","protected":false},"excerpt":{"rendered":"<p>El Pleno del Ayuntamiento de Naut Aran ha aprobado con los votos a favor de Converg\u00e9ncia Aranesa y la abstenci\u00f3n de Unitat d&#8217;Aran y de Aran Amassa una modificaci\u00f3n presupuestaria de 2.125.000 euros en la que destaca la creaci\u00f3n de vivienda social en el municipio. En este sentido, son contempladas dentro de esta nueva aportaci\u00f3n, [&hellip;]<\/p>\n","protected":false},"author":4,"featured_media":18140,"comment_status":"closed","ping_status":"closed","sticky":false,"template":"","format":"standard","meta":{"_acf_changed":false,"_et_pb_use_builder":"","_et_pb_old_content":"","_et_gb_content_width":"","footnotes":""},"categories":[27,17,20,18],"tags":[],"class_list":["post-18136","post","type-post","status-publish","format-standard","has-post-thumbnail","hentry","category-destacado-portada","category-noticias","category-accion-social","category-infraestructuras"],"acf":[],"yoast_head":"<!-- This site is optimized with the Yoast SEO plugin v26.8 - https:\/\/yoast.com\/product\/yoast-seo-wordpress\/ -->\n<title>Naut Aran destina 1.385.000 para construir vivienda social - Ajuntament de Naut Aran<\/title>\n<meta name=\"robots\" content=\"index, follow, max-snippet:-1, max-image-preview:large, max-video-preview:-1\" \/>\n<link rel=\"canonical\" href=\"https:\/\/www.nautaran.org\/es\/destacado-portada\/naut-aran-destina-1-385-000-para-construir-vivienda-social\/\" \/>\n<meta property=\"og:locale\" content=\"es_ES\" \/>\n<meta property=\"og:type\" content=\"article\" \/>\n<meta property=\"og:title\" content=\"Naut Aran destina 1.385.000 para construir vivienda social - Ajuntament de Naut Aran\" \/>\n<meta property=\"og:description\" content=\"El Pleno del Ayuntamiento de Naut Aran ha aprobado con los votos a favor de Converg\u00e9ncia Aranesa y la abstenci\u00f3n de Unitat d&#8217;Aran y de Aran Amassa una modificaci\u00f3n presupuestaria de 2.125.000 euros en la que destaca la creaci\u00f3n de vivienda social en el municipio. En este sentido, son contempladas dentro de esta nueva aportaci\u00f3n, [&hellip;]\" \/>\n<meta property=\"og:url\" content=\"https:\/\/www.nautaran.org\/es\/destacado-portada\/naut-aran-destina-1-385-000-para-construir-vivienda-social\/\" \/>\n<meta property=\"og:site_name\" content=\"Ajuntament de Naut Aran\" \/>\n<meta property=\"article:published_time\" content=\"2023-12-21T17:12:32+00:00\" \/>\n<meta property=\"og:image\" content=\"https:\/\/www.nautaran.org\/wp-content\/uploads\/2023\/12\/Plen21-12-231-rotated.jpg\" \/>\n\t<meta property=\"og:image:width\" content=\"3024\" \/>\n\t<meta property=\"og:image:height\" content=\"4032\" \/>\n\t<meta property=\"og:image:type\" content=\"image\/jpeg\" \/>\n<meta name=\"author\" content=\"nautaran\" \/>\n<meta name=\"twitter:card\" content=\"summary_large_image\" \/>\n<meta name=\"twitter:label1\" content=\"Escrito por\" \/>\n\t<meta name=\"twitter:data1\" content=\"nautaran\" \/>\n\t<meta name=\"twitter:label2\" content=\"Tiempo de lectura\" \/>\n\t<meta name=\"twitter:data2\" content=\"2 minutos\" \/>\n<script type=\"application\/ld+json\" class=\"yoast-schema-graph\">{\"@context\":\"https:\/\/schema.org\",\"@graph\":[{\"@type\":\"Article\",\"@id\":\"https:\/\/www.nautaran.org\/es\/destacado-portada\/naut-aran-destina-1-385-000-para-construir-vivienda-social\/#article\",\"isPartOf\":{\"@id\":\"https:\/\/www.nautaran.org\/es\/destacado-portada\/naut-aran-destina-1-385-000-para-construir-vivienda-social\/\"},\"author\":{\"name\":\"nautaran\",\"@id\":\"https:\/\/www.nautaran.org\/#\/schema\/person\/d1534bc0cff9cbd7d1b5cfc12e946a35\"},\"headline\":\"Naut Aran destina 1.385.000 para construir vivienda social\",\"datePublished\":\"2023-12-21T17:12:32+00:00\",\"mainEntityOfPage\":{\"@id\":\"https:\/\/www.nautaran.org\/es\/destacado-portada\/naut-aran-destina-1-385-000-para-construir-vivienda-social\/\"},\"wordCount\":299,\"image\":{\"@id\":\"https:\/\/www.nautaran.org\/es\/destacado-portada\/naut-aran-destina-1-385-000-para-construir-vivienda-social\/#primaryimage\"},\"thumbnailUrl\":\"https:\/\/www.nautaran.org\/wp-content\/uploads\/2023\/12\/Plen21-12-231-rotated.jpg\",\"articleSection\":[\"Destacado portada\",\"Noticias\",\"Noticias | Acci\u00f3n social\",\"Noticias | Infraestructuras\"],\"inLanguage\":\"es\"},{\"@type\":\"WebPage\",\"@id\":\"https:\/\/www.nautaran.org\/es\/destacado-portada\/naut-aran-destina-1-385-000-para-construir-vivienda-social\/\",\"url\":\"https:\/\/www.nautaran.org\/es\/destacado-portada\/naut-aran-destina-1-385-000-para-construir-vivienda-social\/\",\"name\":\"Naut Aran destina 1.385.000 para construir vivienda social - Ajuntament de Naut Aran\",\"isPartOf\":{\"@id\":\"https:\/\/www.nautaran.org\/#website\"},\"primaryImageOfPage\":{\"@id\":\"https:\/\/www.nautaran.org\/es\/destacado-portada\/naut-aran-destina-1-385-000-para-construir-vivienda-social\/#primaryimage\"},\"image\":{\"@id\":\"https:\/\/www.nautaran.org\/es\/destacado-portada\/naut-aran-destina-1-385-000-para-construir-vivienda-social\/#primaryimage\"},\"thumbnailUrl\":\"https:\/\/www.nautaran.org\/wp-content\/uploads\/2023\/12\/Plen21-12-231-rotated.jpg\",\"datePublished\":\"2023-12-21T17:12:32+00:00\",\"author\":{\"@id\":\"https:\/\/www.nautaran.org\/#\/schema\/person\/d1534bc0cff9cbd7d1b5cfc12e946a35\"},\"breadcrumb\":{\"@id\":\"https:\/\/www.nautaran.org\/es\/destacado-portada\/naut-aran-destina-1-385-000-para-construir-vivienda-social\/#breadcrumb\"},\"inLanguage\":\"es\",\"potentialAction\":[{\"@type\":\"ReadAction\",\"target\":[\"https:\/\/www.nautaran.org\/es\/destacado-portada\/naut-aran-destina-1-385-000-para-construir-vivienda-social\/\"]}]},{\"@type\":\"ImageObject\",\"inLanguage\":\"es\",\"@id\":\"https:\/\/www.nautaran.org\/es\/destacado-portada\/naut-aran-destina-1-385-000-para-construir-vivienda-social\/#primaryimage\",\"url\":\"https:\/\/www.nautaran.org\/wp-content\/uploads\/2023\/12\/Plen21-12-231-rotated.jpg\",\"contentUrl\":\"https:\/\/www.nautaran.org\/wp-content\/uploads\/2023\/12\/Plen21-12-231-rotated.jpg\",\"width\":3024,\"height\":4032},{\"@type\":\"BreadcrumbList\",\"@id\":\"https:\/\/www.nautaran.org\/es\/destacado-portada\/naut-aran-destina-1-385-000-para-construir-vivienda-social\/#breadcrumb\",\"itemListElement\":[{\"@type\":\"ListItem\",\"position\":1,\"name\":\"Portada\",\"item\":\"https:\/\/www.nautaran.org\/es\/home-2\/\"},{\"@type\":\"ListItem\",\"position\":2,\"name\":\"Naut Aran destina 1.385.000 para construir vivienda social\"}]},{\"@type\":\"WebSite\",\"@id\":\"https:\/\/www.nautaran.org\/#website\",\"url\":\"https:\/\/www.nautaran.org\/\",\"name\":\"Ajuntament de Naut Aran\",\"description\":\"Naut Aran\",\"potentialAction\":[{\"@type\":\"SearchAction\",\"target\":{\"@type\":\"EntryPoint\",\"urlTemplate\":\"https:\/\/www.nautaran.org\/?s={search_term_string}\"},\"query-input\":{\"@type\":\"PropertyValueSpecification\",\"valueRequired\":true,\"valueName\":\"search_term_string\"}}],\"inLanguage\":\"es\"},{\"@type\":\"Person\",\"@id\":\"https:\/\/www.nautaran.org\/#\/schema\/person\/d1534bc0cff9cbd7d1b5cfc12e946a35\",\"name\":\"nautaran\",\"image\":{\"@type\":\"ImageObject\",\"inLanguage\":\"es\",\"@id\":\"https:\/\/www.nautaran.org\/#\/schema\/person\/image\/\",\"url\":\"https:\/\/secure.gravatar.com\/avatar\/80a09b1f8ae692a4acce17816a6597a844f3f59cda069b47a176c85e26e41c03?s=96&d=mm&r=g\",\"contentUrl\":\"https:\/\/secure.gravatar.com\/avatar\/80a09b1f8ae692a4acce17816a6597a844f3f59cda069b47a176c85e26e41c03?s=96&d=mm&r=g\",\"caption\":\"nautaran\"},\"url\":\"https:\/\/www.nautaran.org\/es\/author\/nautaran\/\"}]}<\/script>\n<!-- \/ Yoast SEO plugin. -->","yoast_head_json":{"title":"Naut Aran destina 1.385.000 para construir vivienda social - Ajuntament de Naut Aran","robots":{"index":"index","follow":"follow","max-snippet":"max-snippet:-1","max-image-preview":"max-image-preview:large","max-video-preview":"max-video-preview:-1"},"canonical":"https:\/\/www.nautaran.org\/es\/destacado-portada\/naut-aran-destina-1-385-000-para-construir-vivienda-social\/","og_locale":"es_ES","og_type":"article","og_title":"Naut Aran destina 1.385.000 para construir vivienda social - Ajuntament de Naut Aran","og_description":"El Pleno del Ayuntamiento de Naut Aran ha aprobado con los votos a favor de Converg\u00e9ncia Aranesa y la abstenci\u00f3n de Unitat d&#8217;Aran y de Aran Amassa una modificaci\u00f3n presupuestaria de 2.125.000 euros en la que destaca la creaci\u00f3n de vivienda social en el municipio. En este sentido, son contempladas dentro de esta nueva aportaci\u00f3n, [&hellip;]","og_url":"https:\/\/www.nautaran.org\/es\/destacado-portada\/naut-aran-destina-1-385-000-para-construir-vivienda-social\/","og_site_name":"Ajuntament de Naut Aran","article_published_time":"2023-12-21T17:12:32+00:00","og_image":[{"width":3024,"height":4032,"url":"https:\/\/www.nautaran.org\/wp-content\/uploads\/2023\/12\/Plen21-12-231-rotated.jpg","type":"image\/jpeg"}],"author":"nautaran","twitter_card":"summary_large_image","twitter_misc":{"Escrito por":"nautaran","Tiempo de lectura":"2 minutos"},"schema":{"@context":"https:\/\/schema.org","@graph":[{"@type":"Article","@id":"https:\/\/www.nautaran.org\/es\/destacado-portada\/naut-aran-destina-1-385-000-para-construir-vivienda-social\/#article","isPartOf":{"@id":"https:\/\/www.nautaran.org\/es\/destacado-portada\/naut-aran-destina-1-385-000-para-construir-vivienda-social\/"},"author":{"name":"nautaran","@id":"https:\/\/www.nautaran.org\/#\/schema\/person\/d1534bc0cff9cbd7d1b5cfc12e946a35"},"headline":"Naut Aran destina 1.385.000 para construir vivienda social","datePublished":"2023-12-21T17:12:32+00:00","mainEntityOfPage":{"@id":"https:\/\/www.nautaran.org\/es\/destacado-portada\/naut-aran-destina-1-385-000-para-construir-vivienda-social\/"},"wordCount":299,"image":{"@id":"https:\/\/www.nautaran.org\/es\/destacado-portada\/naut-aran-destina-1-385-000-para-construir-vivienda-social\/#primaryimage"},"thumbnailUrl":"https:\/\/www.nautaran.org\/wp-content\/uploads\/2023\/12\/Plen21-12-231-rotated.jpg","articleSection":["Destacado portada","Noticias","Noticias | Acci\u00f3n social","Noticias | Infraestructuras"],"inLanguage":"es"},{"@type":"WebPage","@id":"https:\/\/www.nautaran.org\/es\/destacado-portada\/naut-aran-destina-1-385-000-para-construir-vivienda-social\/","url":"https:\/\/www.nautaran.org\/es\/destacado-portada\/naut-aran-destina-1-385-000-para-construir-vivienda-social\/","name":"Naut Aran destina 1.385.000 para construir vivienda social - Ajuntament de Naut Aran","isPartOf":{"@id":"https:\/\/www.nautaran.org\/#website"},"primaryImageOfPage":{"@id":"https:\/\/www.nautaran.org\/es\/destacado-portada\/naut-aran-destina-1-385-000-para-construir-vivienda-social\/#primaryimage"},"image":{"@id":"https:\/\/www.nautaran.org\/es\/destacado-portada\/naut-aran-destina-1-385-000-para-construir-vivienda-social\/#primaryimage"},"thumbnailUrl":"https:\/\/www.nautaran.org\/wp-content\/uploads\/2023\/12\/Plen21-12-231-rotated.jpg","datePublished":"2023-12-21T17:12:32+00:00","author":{"@id":"https:\/\/www.nautaran.org\/#\/schema\/person\/d1534bc0cff9cbd7d1b5cfc12e946a35"},"breadcrumb":{"@id":"https:\/\/www.nautaran.org\/es\/destacado-portada\/naut-aran-destina-1-385-000-para-construir-vivienda-social\/#breadcrumb"},"inLanguage":"es","potentialAction":[{"@type":"ReadAction","target":["https:\/\/www.nautaran.org\/es\/destacado-portada\/naut-aran-destina-1-385-000-para-construir-vivienda-social\/"]}]},{"@type":"ImageObject","inLanguage":"es","@id":"https:\/\/www.nautaran.org\/es\/destacado-portada\/naut-aran-destina-1-385-000-para-construir-vivienda-social\/#primaryimage","url":"https:\/\/www.nautaran.org\/wp-content\/uploads\/2023\/12\/Plen21-12-231-rotated.jpg","contentUrl":"https:\/\/www.nautaran.org\/wp-content\/uploads\/2023\/12\/Plen21-12-231-rotated.jpg","width":3024,"height":4032},{"@type":"BreadcrumbList","@id":"https:\/\/www.nautaran.org\/es\/destacado-portada\/naut-aran-destina-1-385-000-para-construir-vivienda-social\/#breadcrumb","itemListElement":[{"@type":"ListItem","position":1,"name":"Portada","item":"https:\/\/www.nautaran.org\/es\/home-2\/"},{"@type":"ListItem","position":2,"name":"Naut Aran destina 1.385.000 para construir vivienda social"}]},{"@type":"WebSite","@id":"https:\/\/www.nautaran.org\/#website","url":"https:\/\/www.nautaran.org\/","name":"Ajuntament de Naut Aran","description":"Naut Aran","potentialAction":[{"@type":"SearchAction","target":{"@type":"EntryPoint","urlTemplate":"https:\/\/www.nautaran.org\/?s={search_term_string}"},"query-input":{"@type":"PropertyValueSpecification","valueRequired":true,"valueName":"search_term_string"}}],"inLanguage":"es"},{"@type":"Person","@id":"https:\/\/www.nautaran.org\/#\/schema\/person\/d1534bc0cff9cbd7d1b5cfc12e946a35","name":"nautaran","image":{"@type":"ImageObject","inLanguage":"es","@id":"https:\/\/www.nautaran.org\/#\/schema\/person\/image\/","url":"https:\/\/secure.gravatar.com\/avatar\/80a09b1f8ae692a4acce17816a6597a844f3f59cda069b47a176c85e26e41c03?s=96&d=mm&r=g","contentUrl":"https:\/\/secure.gravatar.com\/avatar\/80a09b1f8ae692a4acce17816a6597a844f3f59cda069b47a176c85e26e41c03?s=96&d=mm&r=g","caption":"nautaran"},"url":"https:\/\/www.nautaran.org\/es\/author\/nautaran\/"}]}},"_links":{"self":[{"href":"https:\/\/www.nautaran.org\/es\/wp-json\/wp\/v2\/posts\/18136","targetHints":{"allow":["GET"]}}],"collection":[{"href":"https:\/\/www.nautaran.org\/es\/wp-json\/wp\/v2\/posts"}],"about":[{"href":"https:\/\/www.nautaran.org\/es\/wp-json\/wp\/v2\/types\/post"}],"author":[{"embeddable":true,"href":"https:\/\/www.nautaran.org\/es\/wp-json\/wp\/v2\/users\/4"}],"replies":[{"embeddable":true,"href":"https:\/\/www.nautaran.org\/es\/wp-json\/wp\/v2\/comments?post=18136"}],"version-history":[{"count":1,"href":"https:\/\/www.nautaran.org\/es\/wp-json\/wp\/v2\/posts\/18136\/revisions"}],"predecessor-version":[{"id":18143,"href":"https:\/\/www.nautaran.org\/es\/wp-json\/wp\/v2\/posts\/18136\/revisions\/18143"}],"wp:featuredmedia":[{"embeddable":true,"href":"https:\/\/www.nautaran.org\/es\/wp-json\/wp\/v2\/media\/18140"}],"wp:attachment":[{"href":"https:\/\/www.nautaran.org\/es\/wp-json\/wp\/v2\/media?parent=18136"}],"wp:term":[{"taxonomy":"category","embeddable":true,"href":"https:\/\/www.nautaran.org\/es\/wp-json\/wp\/v2\/categories?post=18136"},{"taxonomy":"post_tag","embeddable":true,"href":"https:\/\/www.nautaran.org\/es\/wp-json\/wp\/v2\/tags?post=18136"}],"curies":[{"name":"wp","href":"https:\/\/api.w.org\/{rel}","templated":true}]}}