{"id":19738,"date":"2024-03-11T10:22:13","date_gmt":"2024-03-11T09:22:13","guid":{"rendered":"https:\/\/www.nautaran.org\/?p=19738"},"modified":"2024-03-11T10:22:13","modified_gmt":"2024-03-11T09:22:13","slug":"naut-aran-conmemora-el-8m","status":"publish","type":"post","link":"https:\/\/www.nautaran.org\/es\/noticias\/naut-aran-conmemora-el-8m\/","title":{"rendered":"Naut Aran conmemora el 8M"},"content":{"rendered":"<p>El Ayuntamiento de Naut Aran ha conmemorado esta ma\u00f1ana la jornada del 8M leyendo un manifiesto a las 12 del mediod\u00eda a cargo de la teniente alcalde del consistorio, Anna Geli, en el que se defend\u00eda la igualdad entre mujeres y hombres.<\/p>\n<p>Por la tarde, se hizo un cuentacuentos en la Bibliot\u00e8ca de Naut Aran y al d\u00eda siguiente se pasar\u00e1 el documental de Joana Biarn\u00e9s en el Mus\u00e8u dera Nh\u00e8u de Unha. Las acciones concluir\u00e1n el pr\u00f3ximo 22 de marzo con un club de lectura de un ensayo feminista en la propia Bibliot\u00e8ca de Naut Aran a las 18:00.<\/p>\n","protected":false},"excerpt":{"rendered":"<p>El Ayuntamiento de Naut Aran ha conmemorado esta ma\u00f1ana la jornada del 8M leyendo un manifiesto a las 12 del mediod\u00eda a cargo de la teniente alcalde del consistorio, Anna Geli, en el que se defend\u00eda la igualdad entre mujeres y hombres. Por la tarde, se hizo un cuentacuentos en la Bibliot\u00e8ca de Naut Aran [&hellip;]<\/p>\n","protected":false},"author":4,"featured_media":19739,"comment_status":"closed","ping_status":"closed","sticky":false,"template":"","format":"standard","meta":{"_acf_changed":false,"_et_pb_use_builder":"","_et_pb_old_content":"","_et_gb_content_width":"","footnotes":""},"categories":[27,17,20,22],"tags":[],"class_list":["post-19738","post","type-post","status-publish","format-standard","has-post-thumbnail","hentry","category-destacado-portada","category-noticias","category-accion-social","category-cultura"],"acf":[],"yoast_head":"<!-- This site is optimized with the Yoast SEO plugin v26.8 - https:\/\/yoast.com\/product\/yoast-seo-wordpress\/ -->\n<title>Naut Aran conmemora el 8M - Ajuntament de Naut Aran<\/title>\n<meta name=\"robots\" content=\"index, follow, max-snippet:-1, max-image-preview:large, max-video-preview:-1\" \/>\n<link rel=\"canonical\" href=\"https:\/\/www.nautaran.org\/es\/?p=19738\" \/>\n<meta property=\"og:locale\" content=\"es_ES\" \/>\n<meta property=\"og:type\" content=\"article\" \/>\n<meta property=\"og:title\" content=\"Naut Aran conmemora el 8M - Ajuntament de Naut Aran\" \/>\n<meta property=\"og:description\" content=\"El Ayuntamiento de Naut Aran ha conmemorado esta ma\u00f1ana la jornada del 8M leyendo un manifiesto a las 12 del mediod\u00eda a cargo de la teniente alcalde del consistorio, Anna Geli, en el que se defend\u00eda la igualdad entre mujeres y hombres. Por la tarde, se hizo un cuentacuentos en la Bibliot\u00e8ca de Naut Aran [&hellip;]\" \/>\n<meta property=\"og:url\" content=\"https:\/\/www.nautaran.org\/es\/?p=19738\" \/>\n<meta property=\"og:site_name\" content=\"Ajuntament de Naut Aran\" \/>\n<meta property=\"article:published_time\" content=\"2024-03-11T09:22:13+00:00\" \/>\n<meta name=\"author\" content=\"nautaran\" \/>\n<meta name=\"twitter:card\" content=\"summary_large_image\" \/>\n<meta name=\"twitter:label1\" content=\"Escrito por\" \/>\n\t<meta name=\"twitter:data1\" content=\"nautaran\" \/>\n\t<meta name=\"twitter:label2\" content=\"Tiempo de lectura\" \/>\n\t<meta name=\"twitter:data2\" content=\"1 minuto\" \/>\n<script type=\"application\/ld+json\" class=\"yoast-schema-graph\">{\"@context\":\"https:\/\/schema.org\",\"@graph\":[{\"@type\":\"Article\",\"@id\":\"https:\/\/www.nautaran.org\/es\/?p=19738#article\",\"isPartOf\":{\"@id\":\"https:\/\/www.nautaran.org\/es\/?p=19738\"},\"author\":{\"name\":\"nautaran\",\"@id\":\"https:\/\/www.nautaran.org\/#\/schema\/person\/d1534bc0cff9cbd7d1b5cfc12e946a35\"},\"headline\":\"Naut Aran conmemora el 8M\",\"datePublished\":\"2024-03-11T09:22:13+00:00\",\"mainEntityOfPage\":{\"@id\":\"https:\/\/www.nautaran.org\/es\/?p=19738\"},\"wordCount\":113,\"image\":{\"@id\":\"https:\/\/www.nautaran.org\/es\/?p=19738#primaryimage\"},\"thumbnailUrl\":\"https:\/\/www.nautaran.org\/wp-content\/uploads\/2024\/03\/IMG_1157.jpg\",\"articleSection\":[\"Destacado portada\",\"Noticias\",\"Noticias | Acci\u00f3n social\",\"Noticias | Cultura\"],\"inLanguage\":\"es\"},{\"@type\":\"WebPage\",\"@id\":\"https:\/\/www.nautaran.org\/es\/?p=19738\",\"url\":\"https:\/\/www.nautaran.org\/es\/?p=19738\",\"name\":\"Naut Aran conmemora el 8M - Ajuntament de Naut Aran\",\"isPartOf\":{\"@id\":\"https:\/\/www.nautaran.org\/#website\"},\"primaryImageOfPage\":{\"@id\":\"https:\/\/www.nautaran.org\/es\/?p=19738#primaryimage\"},\"image\":{\"@id\":\"https:\/\/www.nautaran.org\/es\/?p=19738#primaryimage\"},\"thumbnailUrl\":\"https:\/\/www.nautaran.org\/wp-content\/uploads\/2024\/03\/IMG_1157.jpg\",\"datePublished\":\"2024-03-11T09:22:13+00:00\",\"author\":{\"@id\":\"https:\/\/www.nautaran.org\/#\/schema\/person\/d1534bc0cff9cbd7d1b5cfc12e946a35\"},\"breadcrumb\":{\"@id\":\"https:\/\/www.nautaran.org\/es\/?p=19738#breadcrumb\"},\"inLanguage\":\"es\",\"potentialAction\":[{\"@type\":\"ReadAction\",\"target\":[\"https:\/\/www.nautaran.org\/es\/?p=19738\"]}]},{\"@type\":\"ImageObject\",\"inLanguage\":\"es\",\"@id\":\"https:\/\/www.nautaran.org\/es\/?p=19738#primaryimage\",\"url\":\"https:\/\/www.nautaran.org\/wp-content\/uploads\/2024\/03\/IMG_1157.jpg\",\"contentUrl\":\"https:\/\/www.nautaran.org\/wp-content\/uploads\/2024\/03\/IMG_1157.jpg\",\"width\":2016,\"height\":1512},{\"@type\":\"BreadcrumbList\",\"@id\":\"https:\/\/www.nautaran.org\/es\/?p=19738#breadcrumb\",\"itemListElement\":[{\"@type\":\"ListItem\",\"position\":1,\"name\":\"Portada\",\"item\":\"https:\/\/www.nautaran.org\/es\/home-2\/\"},{\"@type\":\"ListItem\",\"position\":2,\"name\":\"Naut Aran conmemora el 8M\"}]},{\"@type\":\"WebSite\",\"@id\":\"https:\/\/www.nautaran.org\/#website\",\"url\":\"https:\/\/www.nautaran.org\/\",\"name\":\"Ajuntament de Naut Aran\",\"description\":\"Naut Aran\",\"potentialAction\":[{\"@type\":\"SearchAction\",\"target\":{\"@type\":\"EntryPoint\",\"urlTemplate\":\"https:\/\/www.nautaran.org\/?s={search_term_string}\"},\"query-input\":{\"@type\":\"PropertyValueSpecification\",\"valueRequired\":true,\"valueName\":\"search_term_string\"}}],\"inLanguage\":\"es\"},{\"@type\":\"Person\",\"@id\":\"https:\/\/www.nautaran.org\/#\/schema\/person\/d1534bc0cff9cbd7d1b5cfc12e946a35\",\"name\":\"nautaran\",\"image\":{\"@type\":\"ImageObject\",\"inLanguage\":\"es\",\"@id\":\"https:\/\/www.nautaran.org\/#\/schema\/person\/image\/\",\"url\":\"https:\/\/secure.gravatar.com\/avatar\/80a09b1f8ae692a4acce17816a6597a844f3f59cda069b47a176c85e26e41c03?s=96&d=mm&r=g\",\"contentUrl\":\"https:\/\/secure.gravatar.com\/avatar\/80a09b1f8ae692a4acce17816a6597a844f3f59cda069b47a176c85e26e41c03?s=96&d=mm&r=g\",\"caption\":\"nautaran\"},\"url\":\"https:\/\/www.nautaran.org\/es\/author\/nautaran\/\"}]}<\/script>\n<!-- \/ Yoast SEO plugin. -->","yoast_head_json":{"title":"Naut Aran conmemora el 8M - Ajuntament de Naut Aran","robots":{"index":"index","follow":"follow","max-snippet":"max-snippet:-1","max-image-preview":"max-image-preview:large","max-video-preview":"max-video-preview:-1"},"canonical":"https:\/\/www.nautaran.org\/es\/?p=19738","og_locale":"es_ES","og_type":"article","og_title":"Naut Aran conmemora el 8M - Ajuntament de Naut Aran","og_description":"El Ayuntamiento de Naut Aran ha conmemorado esta ma\u00f1ana la jornada del 8M leyendo un manifiesto a las 12 del mediod\u00eda a cargo de la teniente alcalde del consistorio, Anna Geli, en el que se defend\u00eda la igualdad entre mujeres y hombres. Por la tarde, se hizo un cuentacuentos en la Bibliot\u00e8ca de Naut Aran [&hellip;]","og_url":"https:\/\/www.nautaran.org\/es\/?p=19738","og_site_name":"Ajuntament de Naut Aran","article_published_time":"2024-03-11T09:22:13+00:00","author":"nautaran","twitter_card":"summary_large_image","twitter_misc":{"Escrito por":"nautaran","Tiempo de lectura":"1 minuto"},"schema":{"@context":"https:\/\/schema.org","@graph":[{"@type":"Article","@id":"https:\/\/www.nautaran.org\/es\/?p=19738#article","isPartOf":{"@id":"https:\/\/www.nautaran.org\/es\/?p=19738"},"author":{"name":"nautaran","@id":"https:\/\/www.nautaran.org\/#\/schema\/person\/d1534bc0cff9cbd7d1b5cfc12e946a35"},"headline":"Naut Aran conmemora el 8M","datePublished":"2024-03-11T09:22:13+00:00","mainEntityOfPage":{"@id":"https:\/\/www.nautaran.org\/es\/?p=19738"},"wordCount":113,"image":{"@id":"https:\/\/www.nautaran.org\/es\/?p=19738#primaryimage"},"thumbnailUrl":"https:\/\/www.nautaran.org\/wp-content\/uploads\/2024\/03\/IMG_1157.jpg","articleSection":["Destacado portada","Noticias","Noticias | Acci\u00f3n social","Noticias | Cultura"],"inLanguage":"es"},{"@type":"WebPage","@id":"https:\/\/www.nautaran.org\/es\/?p=19738","url":"https:\/\/www.nautaran.org\/es\/?p=19738","name":"Naut Aran conmemora el 8M - Ajuntament de Naut Aran","isPartOf":{"@id":"https:\/\/www.nautaran.org\/#website"},"primaryImageOfPage":{"@id":"https:\/\/www.nautaran.org\/es\/?p=19738#primaryimage"},"image":{"@id":"https:\/\/www.nautaran.org\/es\/?p=19738#primaryimage"},"thumbnailUrl":"https:\/\/www.nautaran.org\/wp-content\/uploads\/2024\/03\/IMG_1157.jpg","datePublished":"2024-03-11T09:22:13+00:00","author":{"@id":"https:\/\/www.nautaran.org\/#\/schema\/person\/d1534bc0cff9cbd7d1b5cfc12e946a35"},"breadcrumb":{"@id":"https:\/\/www.nautaran.org\/es\/?p=19738#breadcrumb"},"inLanguage":"es","potentialAction":[{"@type":"ReadAction","target":["https:\/\/www.nautaran.org\/es\/?p=19738"]}]},{"@type":"ImageObject","inLanguage":"es","@id":"https:\/\/www.nautaran.org\/es\/?p=19738#primaryimage","url":"https:\/\/www.nautaran.org\/wp-content\/uploads\/2024\/03\/IMG_1157.jpg","contentUrl":"https:\/\/www.nautaran.org\/wp-content\/uploads\/2024\/03\/IMG_1157.jpg","width":2016,"height":1512},{"@type":"BreadcrumbList","@id":"https:\/\/www.nautaran.org\/es\/?p=19738#breadcrumb","itemListElement":[{"@type":"ListItem","position":1,"name":"Portada","item":"https:\/\/www.nautaran.org\/es\/home-2\/"},{"@type":"ListItem","position":2,"name":"Naut Aran conmemora el 8M"}]},{"@type":"WebSite","@id":"https:\/\/www.nautaran.org\/#website","url":"https:\/\/www.nautaran.org\/","name":"Ajuntament de Naut Aran","description":"Naut Aran","potentialAction":[{"@type":"SearchAction","target":{"@type":"EntryPoint","urlTemplate":"https:\/\/www.nautaran.org\/?s={search_term_string}"},"query-input":{"@type":"PropertyValueSpecification","valueRequired":true,"valueName":"search_term_string"}}],"inLanguage":"es"},{"@type":"Person","@id":"https:\/\/www.nautaran.org\/#\/schema\/person\/d1534bc0cff9cbd7d1b5cfc12e946a35","name":"nautaran","image":{"@type":"ImageObject","inLanguage":"es","@id":"https:\/\/www.nautaran.org\/#\/schema\/person\/image\/","url":"https:\/\/secure.gravatar.com\/avatar\/80a09b1f8ae692a4acce17816a6597a844f3f59cda069b47a176c85e26e41c03?s=96&d=mm&r=g","contentUrl":"https:\/\/secure.gravatar.com\/avatar\/80a09b1f8ae692a4acce17816a6597a844f3f59cda069b47a176c85e26e41c03?s=96&d=mm&r=g","caption":"nautaran"},"url":"https:\/\/www.nautaran.org\/es\/author\/nautaran\/"}]}},"_links":{"self":[{"href":"https:\/\/www.nautaran.org\/es\/wp-json\/wp\/v2\/posts\/19738","targetHints":{"allow":["GET"]}}],"collection":[{"href":"https:\/\/www.nautaran.org\/es\/wp-json\/wp\/v2\/posts"}],"about":[{"href":"https:\/\/www.nautaran.org\/es\/wp-json\/wp\/v2\/types\/post"}],"author":[{"embeddable":true,"href":"https:\/\/www.nautaran.org\/es\/wp-json\/wp\/v2\/users\/4"}],"replies":[{"embeddable":true,"href":"https:\/\/www.nautaran.org\/es\/wp-json\/wp\/v2\/comments?post=19738"}],"version-history":[{"count":1,"href":"https:\/\/www.nautaran.org\/es\/wp-json\/wp\/v2\/posts\/19738\/revisions"}],"predecessor-version":[{"id":19742,"href":"https:\/\/www.nautaran.org\/es\/wp-json\/wp\/v2\/posts\/19738\/revisions\/19742"}],"wp:featuredmedia":[{"embeddable":true,"href":"https:\/\/www.nautaran.org\/es\/wp-json\/wp\/v2\/media\/19739"}],"wp:attachment":[{"href":"https:\/\/www.nautaran.org\/es\/wp-json\/wp\/v2\/media?parent=19738"}],"wp:term":[{"taxonomy":"category","embeddable":true,"href":"https:\/\/www.nautaran.org\/es\/wp-json\/wp\/v2\/categories?post=19738"},{"taxonomy":"post_tag","embeddable":true,"href":"https:\/\/www.nautaran.org\/es\/wp-json\/wp\/v2\/tags?post=19738"}],"curies":[{"name":"wp","href":"https:\/\/api.w.org\/{rel}","templated":true}]}}