{"id":21775,"date":"2024-10-25T12:29:06","date_gmt":"2024-10-25T11:29:06","guid":{"rendered":"https:\/\/www.nautaran.org\/sin-categoria\/jornades-sus-ciberseguretat-en-aran\/"},"modified":"2024-10-25T12:34:32","modified_gmt":"2024-10-25T11:34:32","slug":"jornadas-sobre-ciberseguridad-en-aran","status":"publish","type":"post","link":"https:\/\/www.nautaran.org\/es\/noticias\/jornadas-sobre-ciberseguridad-en-aran\/","title":{"rendered":"Jornadas sobre ciberseguridad en Aran"},"content":{"rendered":"<p>Desde el Ayuntamiento de Naut Aran hemos asistido al primer Congreso de Ciberseguridad llevado a cabo durante estos d\u00edas en la poblaci\u00f3n de Vielha con la presencia de nuestro t\u00e9cnico inform\u00e1tico TIC, Adri\u00e0 Cuevas.<\/p>\n<p>La tarea principal es la de aprovechar los conocimientos de los excelentes ponientes que se encuentran en este lugar para adquirir nuevas aptitudes y aplicarlas en el d\u00eda a d\u00eda en el propio consistorio.<\/p>\n<p>Una buena ocasi\u00f3n para potenciar las vertientes en este campo e intercambiar t\u00e9cnicas para un futuro m\u00e1s seguro.<\/p>\n<p><a href=\"https:\/\/www.nautaran.org\/wp-content\/uploads\/2024\/10\/Ciberseguretat5.jpg\"><img loading=\"lazy\" decoding=\"async\" class=\"alignnone wp-image-21767 size-full\" src=\"https:\/\/www.nautaran.org\/wp-content\/uploads\/2024\/10\/Ciberseguretat5.jpg\" alt=\"\" width=\"1600\" height=\"1200\" srcset=\"https:\/\/www.nautaran.org\/wp-content\/uploads\/2024\/10\/Ciberseguretat5.jpg 1600w, https:\/\/www.nautaran.org\/wp-content\/uploads\/2024\/10\/Ciberseguretat5-1280x960.jpg 1280w, https:\/\/www.nautaran.org\/wp-content\/uploads\/2024\/10\/Ciberseguretat5-980x735.jpg 980w, https:\/\/www.nautaran.org\/wp-content\/uploads\/2024\/10\/Ciberseguretat5-480x360.jpg 480w\" sizes=\"auto, (min-width: 0px) and (max-width: 480px) 480px, (min-width: 481px) and (max-width: 980px) 980px, (min-width: 981px) and (max-width: 1280px) 1280px, (min-width: 1281px) 1600px, 100vw\" \/><\/a><\/p>\n","protected":false},"excerpt":{"rendered":"<p>Desde el Ayuntamiento de Naut Aran hemos asistido al primer Congreso de Ciberseguridad llevado a cabo durante estos d\u00edas en la poblaci\u00f3n de Vielha con la presencia de nuestro t\u00e9cnico inform\u00e1tico TIC, Adri\u00e0 Cuevas. La tarea principal es la de aprovechar los conocimientos de los excelentes ponientes que se encuentran en este lugar para adquirir [&hellip;]<\/p>\n","protected":false},"author":4,"featured_media":21772,"comment_status":"closed","ping_status":"closed","sticky":false,"template":"","format":"standard","meta":{"_acf_changed":false,"_et_pb_use_builder":"","_et_pb_old_content":"","_et_gb_content_width":"","footnotes":""},"categories":[27,17,823,826,829,822,824,833,825,828,827,20,22],"tags":[],"class_list":["post-21775","post","type-post","status-publish","format-standard","has-post-thumbnail","hentry","category-destacado-portada","category-noticias","category-noticias-pueblo-arties","category-noticias-pueblo-bagergue","category-noticias-pueblo-baqueira","category-noticias-pueblo-garos","category-noticias-pueblo-gessa","category-noticias-pueblo-mongarri","category-noticias-pueblo-salardu","category-noticias-pueblo-tredos","category-noticias-pueblo-unha","category-accion-social","category-cultura"],"acf":[],"yoast_head":"<!-- This site is optimized with the Yoast SEO plugin v26.8 - https:\/\/yoast.com\/product\/yoast-seo-wordpress\/ -->\n<title>Jornadas sobre ciberseguridad en Aran - Ajuntament de Naut Aran<\/title>\n<meta name=\"robots\" content=\"index, follow, max-snippet:-1, max-image-preview:large, max-video-preview:-1\" \/>\n<link rel=\"canonical\" href=\"https:\/\/www.nautaran.org\/es\/noticias\/jornadas-sobre-ciberseguridad-en-aran\/\" \/>\n<meta property=\"og:locale\" content=\"es_ES\" \/>\n<meta property=\"og:type\" content=\"article\" \/>\n<meta property=\"og:title\" content=\"Jornadas sobre ciberseguridad en Aran - Ajuntament de Naut Aran\" \/>\n<meta property=\"og:description\" content=\"Desde el Ayuntamiento de Naut Aran hemos asistido al primer Congreso de Ciberseguridad llevado a cabo durante estos d\u00edas en la poblaci\u00f3n de Vielha con la presencia de nuestro t\u00e9cnico inform\u00e1tico TIC, Adri\u00e0 Cuevas. La tarea principal es la de aprovechar los conocimientos de los excelentes ponientes que se encuentran en este lugar para adquirir [&hellip;]\" \/>\n<meta property=\"og:url\" content=\"https:\/\/www.nautaran.org\/es\/noticias\/jornadas-sobre-ciberseguridad-en-aran\/\" \/>\n<meta property=\"og:site_name\" content=\"Ajuntament de Naut Aran\" \/>\n<meta property=\"article:published_time\" content=\"2024-10-25T11:29:06+00:00\" \/>\n<meta property=\"article:modified_time\" content=\"2024-10-25T11:34:32+00:00\" \/>\n<meta property=\"og:image\" content=\"https:\/\/www.nautaran.org\/wp-content\/uploads\/2024\/10\/Ciberseguretat6.jpg\" \/>\n\t<meta property=\"og:image:width\" content=\"1600\" \/>\n\t<meta property=\"og:image:height\" content=\"900\" \/>\n\t<meta property=\"og:image:type\" content=\"image\/jpeg\" \/>\n<meta name=\"author\" content=\"nautaran\" \/>\n<meta name=\"twitter:card\" content=\"summary_large_image\" \/>\n<meta name=\"twitter:label1\" content=\"Escrito por\" \/>\n\t<meta name=\"twitter:data1\" content=\"nautaran\" \/>\n\t<meta name=\"twitter:label2\" content=\"Tiempo de lectura\" \/>\n\t<meta name=\"twitter:data2\" content=\"1 minuto\" \/>\n<script type=\"application\/ld+json\" class=\"yoast-schema-graph\">{\"@context\":\"https:\/\/schema.org\",\"@graph\":[{\"@type\":\"Article\",\"@id\":\"https:\/\/www.nautaran.org\/es\/noticias\/jornadas-sobre-ciberseguridad-en-aran\/#article\",\"isPartOf\":{\"@id\":\"https:\/\/www.nautaran.org\/es\/noticias\/jornadas-sobre-ciberseguridad-en-aran\/\"},\"author\":{\"name\":\"nautaran\",\"@id\":\"https:\/\/www.nautaran.org\/#\/schema\/person\/d1534bc0cff9cbd7d1b5cfc12e946a35\"},\"headline\":\"Jornadas sobre ciberseguridad en Aran\",\"datePublished\":\"2024-10-25T11:29:06+00:00\",\"dateModified\":\"2024-10-25T11:34:32+00:00\",\"mainEntityOfPage\":{\"@id\":\"https:\/\/www.nautaran.org\/es\/noticias\/jornadas-sobre-ciberseguridad-en-aran\/\"},\"wordCount\":100,\"image\":{\"@id\":\"https:\/\/www.nautaran.org\/es\/noticias\/jornadas-sobre-ciberseguridad-en-aran\/#primaryimage\"},\"thumbnailUrl\":\"https:\/\/www.nautaran.org\/wp-content\/uploads\/2024\/10\/Ciberseguretat6.jpg\",\"articleSection\":[\"Destacado portada\",\"Noticias\",\"Noticias Pueblo Arties\",\"Noticias Pueblo Bagergue\",\"Noticias Pueblo Baqueira\",\"Noticias Pueblo Gar\u00f2s\",\"Noticias Pueblo Gessa\",\"Noticias Pueblo Mongarri\",\"Noticias Pueblo Salard\u00fa\",\"Noticias Pueblo Tred\u00f2s\",\"Noticias Pueblo Unha\",\"Noticias | Acci\u00f3n social\",\"Noticias | Cultura\"],\"inLanguage\":\"es\"},{\"@type\":\"WebPage\",\"@id\":\"https:\/\/www.nautaran.org\/es\/noticias\/jornadas-sobre-ciberseguridad-en-aran\/\",\"url\":\"https:\/\/www.nautaran.org\/es\/noticias\/jornadas-sobre-ciberseguridad-en-aran\/\",\"name\":\"Jornadas sobre ciberseguridad en Aran - Ajuntament de Naut Aran\",\"isPartOf\":{\"@id\":\"https:\/\/www.nautaran.org\/#website\"},\"primaryImageOfPage\":{\"@id\":\"https:\/\/www.nautaran.org\/es\/noticias\/jornadas-sobre-ciberseguridad-en-aran\/#primaryimage\"},\"image\":{\"@id\":\"https:\/\/www.nautaran.org\/es\/noticias\/jornadas-sobre-ciberseguridad-en-aran\/#primaryimage\"},\"thumbnailUrl\":\"https:\/\/www.nautaran.org\/wp-content\/uploads\/2024\/10\/Ciberseguretat6.jpg\",\"datePublished\":\"2024-10-25T11:29:06+00:00\",\"dateModified\":\"2024-10-25T11:34:32+00:00\",\"author\":{\"@id\":\"https:\/\/www.nautaran.org\/#\/schema\/person\/d1534bc0cff9cbd7d1b5cfc12e946a35\"},\"breadcrumb\":{\"@id\":\"https:\/\/www.nautaran.org\/es\/noticias\/jornadas-sobre-ciberseguridad-en-aran\/#breadcrumb\"},\"inLanguage\":\"es\",\"potentialAction\":[{\"@type\":\"ReadAction\",\"target\":[\"https:\/\/www.nautaran.org\/es\/noticias\/jornadas-sobre-ciberseguridad-en-aran\/\"]}]},{\"@type\":\"ImageObject\",\"inLanguage\":\"es\",\"@id\":\"https:\/\/www.nautaran.org\/es\/noticias\/jornadas-sobre-ciberseguridad-en-aran\/#primaryimage\",\"url\":\"https:\/\/www.nautaran.org\/wp-content\/uploads\/2024\/10\/Ciberseguretat6.jpg\",\"contentUrl\":\"https:\/\/www.nautaran.org\/wp-content\/uploads\/2024\/10\/Ciberseguretat6.jpg\",\"width\":1600,\"height\":900},{\"@type\":\"BreadcrumbList\",\"@id\":\"https:\/\/www.nautaran.org\/es\/noticias\/jornadas-sobre-ciberseguridad-en-aran\/#breadcrumb\",\"itemListElement\":[{\"@type\":\"ListItem\",\"position\":1,\"name\":\"Portada\",\"item\":\"https:\/\/www.nautaran.org\/es\/home-2\/\"},{\"@type\":\"ListItem\",\"position\":2,\"name\":\"Jornadas sobre ciberseguridad en Aran\"}]},{\"@type\":\"WebSite\",\"@id\":\"https:\/\/www.nautaran.org\/#website\",\"url\":\"https:\/\/www.nautaran.org\/\",\"name\":\"Ajuntament de Naut Aran\",\"description\":\"Naut Aran\",\"potentialAction\":[{\"@type\":\"SearchAction\",\"target\":{\"@type\":\"EntryPoint\",\"urlTemplate\":\"https:\/\/www.nautaran.org\/?s={search_term_string}\"},\"query-input\":{\"@type\":\"PropertyValueSpecification\",\"valueRequired\":true,\"valueName\":\"search_term_string\"}}],\"inLanguage\":\"es\"},{\"@type\":\"Person\",\"@id\":\"https:\/\/www.nautaran.org\/#\/schema\/person\/d1534bc0cff9cbd7d1b5cfc12e946a35\",\"name\":\"nautaran\",\"image\":{\"@type\":\"ImageObject\",\"inLanguage\":\"es\",\"@id\":\"https:\/\/www.nautaran.org\/#\/schema\/person\/image\/\",\"url\":\"https:\/\/secure.gravatar.com\/avatar\/80a09b1f8ae692a4acce17816a6597a844f3f59cda069b47a176c85e26e41c03?s=96&d=mm&r=g\",\"contentUrl\":\"https:\/\/secure.gravatar.com\/avatar\/80a09b1f8ae692a4acce17816a6597a844f3f59cda069b47a176c85e26e41c03?s=96&d=mm&r=g\",\"caption\":\"nautaran\"},\"url\":\"https:\/\/www.nautaran.org\/es\/author\/nautaran\/\"}]}<\/script>\n<!-- \/ Yoast SEO plugin. -->","yoast_head_json":{"title":"Jornadas sobre ciberseguridad en Aran - Ajuntament de Naut Aran","robots":{"index":"index","follow":"follow","max-snippet":"max-snippet:-1","max-image-preview":"max-image-preview:large","max-video-preview":"max-video-preview:-1"},"canonical":"https:\/\/www.nautaran.org\/es\/noticias\/jornadas-sobre-ciberseguridad-en-aran\/","og_locale":"es_ES","og_type":"article","og_title":"Jornadas sobre ciberseguridad en Aran - Ajuntament de Naut Aran","og_description":"Desde el Ayuntamiento de Naut Aran hemos asistido al primer Congreso de Ciberseguridad llevado a cabo durante estos d\u00edas en la poblaci\u00f3n de Vielha con la presencia de nuestro t\u00e9cnico inform\u00e1tico TIC, Adri\u00e0 Cuevas. La tarea principal es la de aprovechar los conocimientos de los excelentes ponientes que se encuentran en este lugar para adquirir [&hellip;]","og_url":"https:\/\/www.nautaran.org\/es\/noticias\/jornadas-sobre-ciberseguridad-en-aran\/","og_site_name":"Ajuntament de Naut Aran","article_published_time":"2024-10-25T11:29:06+00:00","article_modified_time":"2024-10-25T11:34:32+00:00","og_image":[{"width":1600,"height":900,"url":"https:\/\/www.nautaran.org\/wp-content\/uploads\/2024\/10\/Ciberseguretat6.jpg","type":"image\/jpeg"}],"author":"nautaran","twitter_card":"summary_large_image","twitter_misc":{"Escrito por":"nautaran","Tiempo de lectura":"1 minuto"},"schema":{"@context":"https:\/\/schema.org","@graph":[{"@type":"Article","@id":"https:\/\/www.nautaran.org\/es\/noticias\/jornadas-sobre-ciberseguridad-en-aran\/#article","isPartOf":{"@id":"https:\/\/www.nautaran.org\/es\/noticias\/jornadas-sobre-ciberseguridad-en-aran\/"},"author":{"name":"nautaran","@id":"https:\/\/www.nautaran.org\/#\/schema\/person\/d1534bc0cff9cbd7d1b5cfc12e946a35"},"headline":"Jornadas sobre ciberseguridad en Aran","datePublished":"2024-10-25T11:29:06+00:00","dateModified":"2024-10-25T11:34:32+00:00","mainEntityOfPage":{"@id":"https:\/\/www.nautaran.org\/es\/noticias\/jornadas-sobre-ciberseguridad-en-aran\/"},"wordCount":100,"image":{"@id":"https:\/\/www.nautaran.org\/es\/noticias\/jornadas-sobre-ciberseguridad-en-aran\/#primaryimage"},"thumbnailUrl":"https:\/\/www.nautaran.org\/wp-content\/uploads\/2024\/10\/Ciberseguretat6.jpg","articleSection":["Destacado portada","Noticias","Noticias Pueblo Arties","Noticias Pueblo Bagergue","Noticias Pueblo Baqueira","Noticias Pueblo Gar\u00f2s","Noticias Pueblo Gessa","Noticias Pueblo Mongarri","Noticias Pueblo Salard\u00fa","Noticias Pueblo Tred\u00f2s","Noticias Pueblo Unha","Noticias | Acci\u00f3n social","Noticias | Cultura"],"inLanguage":"es"},{"@type":"WebPage","@id":"https:\/\/www.nautaran.org\/es\/noticias\/jornadas-sobre-ciberseguridad-en-aran\/","url":"https:\/\/www.nautaran.org\/es\/noticias\/jornadas-sobre-ciberseguridad-en-aran\/","name":"Jornadas sobre ciberseguridad en Aran - Ajuntament de Naut Aran","isPartOf":{"@id":"https:\/\/www.nautaran.org\/#website"},"primaryImageOfPage":{"@id":"https:\/\/www.nautaran.org\/es\/noticias\/jornadas-sobre-ciberseguridad-en-aran\/#primaryimage"},"image":{"@id":"https:\/\/www.nautaran.org\/es\/noticias\/jornadas-sobre-ciberseguridad-en-aran\/#primaryimage"},"thumbnailUrl":"https:\/\/www.nautaran.org\/wp-content\/uploads\/2024\/10\/Ciberseguretat6.jpg","datePublished":"2024-10-25T11:29:06+00:00","dateModified":"2024-10-25T11:34:32+00:00","author":{"@id":"https:\/\/www.nautaran.org\/#\/schema\/person\/d1534bc0cff9cbd7d1b5cfc12e946a35"},"breadcrumb":{"@id":"https:\/\/www.nautaran.org\/es\/noticias\/jornadas-sobre-ciberseguridad-en-aran\/#breadcrumb"},"inLanguage":"es","potentialAction":[{"@type":"ReadAction","target":["https:\/\/www.nautaran.org\/es\/noticias\/jornadas-sobre-ciberseguridad-en-aran\/"]}]},{"@type":"ImageObject","inLanguage":"es","@id":"https:\/\/www.nautaran.org\/es\/noticias\/jornadas-sobre-ciberseguridad-en-aran\/#primaryimage","url":"https:\/\/www.nautaran.org\/wp-content\/uploads\/2024\/10\/Ciberseguretat6.jpg","contentUrl":"https:\/\/www.nautaran.org\/wp-content\/uploads\/2024\/10\/Ciberseguretat6.jpg","width":1600,"height":900},{"@type":"BreadcrumbList","@id":"https:\/\/www.nautaran.org\/es\/noticias\/jornadas-sobre-ciberseguridad-en-aran\/#breadcrumb","itemListElement":[{"@type":"ListItem","position":1,"name":"Portada","item":"https:\/\/www.nautaran.org\/es\/home-2\/"},{"@type":"ListItem","position":2,"name":"Jornadas sobre ciberseguridad en Aran"}]},{"@type":"WebSite","@id":"https:\/\/www.nautaran.org\/#website","url":"https:\/\/www.nautaran.org\/","name":"Ajuntament de Naut Aran","description":"Naut Aran","potentialAction":[{"@type":"SearchAction","target":{"@type":"EntryPoint","urlTemplate":"https:\/\/www.nautaran.org\/?s={search_term_string}"},"query-input":{"@type":"PropertyValueSpecification","valueRequired":true,"valueName":"search_term_string"}}],"inLanguage":"es"},{"@type":"Person","@id":"https:\/\/www.nautaran.org\/#\/schema\/person\/d1534bc0cff9cbd7d1b5cfc12e946a35","name":"nautaran","image":{"@type":"ImageObject","inLanguage":"es","@id":"https:\/\/www.nautaran.org\/#\/schema\/person\/image\/","url":"https:\/\/secure.gravatar.com\/avatar\/80a09b1f8ae692a4acce17816a6597a844f3f59cda069b47a176c85e26e41c03?s=96&d=mm&r=g","contentUrl":"https:\/\/secure.gravatar.com\/avatar\/80a09b1f8ae692a4acce17816a6597a844f3f59cda069b47a176c85e26e41c03?s=96&d=mm&r=g","caption":"nautaran"},"url":"https:\/\/www.nautaran.org\/es\/author\/nautaran\/"}]}},"_links":{"self":[{"href":"https:\/\/www.nautaran.org\/es\/wp-json\/wp\/v2\/posts\/21775","targetHints":{"allow":["GET"]}}],"collection":[{"href":"https:\/\/www.nautaran.org\/es\/wp-json\/wp\/v2\/posts"}],"about":[{"href":"https:\/\/www.nautaran.org\/es\/wp-json\/wp\/v2\/types\/post"}],"author":[{"embeddable":true,"href":"https:\/\/www.nautaran.org\/es\/wp-json\/wp\/v2\/users\/4"}],"replies":[{"embeddable":true,"href":"https:\/\/www.nautaran.org\/es\/wp-json\/wp\/v2\/comments?post=21775"}],"version-history":[{"count":2,"href":"https:\/\/www.nautaran.org\/es\/wp-json\/wp\/v2\/posts\/21775\/revisions"}],"predecessor-version":[{"id":21779,"href":"https:\/\/www.nautaran.org\/es\/wp-json\/wp\/v2\/posts\/21775\/revisions\/21779"}],"wp:featuredmedia":[{"embeddable":true,"href":"https:\/\/www.nautaran.org\/es\/wp-json\/wp\/v2\/media\/21772"}],"wp:attachment":[{"href":"https:\/\/www.nautaran.org\/es\/wp-json\/wp\/v2\/media?parent=21775"}],"wp:term":[{"taxonomy":"category","embeddable":true,"href":"https:\/\/www.nautaran.org\/es\/wp-json\/wp\/v2\/categories?post=21775"},{"taxonomy":"post_tag","embeddable":true,"href":"https:\/\/www.nautaran.org\/es\/wp-json\/wp\/v2\/tags?post=21775"}],"curies":[{"name":"wp","href":"https:\/\/api.w.org\/{rel}","templated":true}]}}