{"id":22043,"date":"2024-11-26T20:26:27","date_gmt":"2024-11-26T19:26:27","guid":{"rendered":"https:\/\/www.nautaran.org\/sin-categoria\/naut-aran-finance-un-libre-quexplicara-era-realitat-juridica-dera-val-daran\/"},"modified":"2024-11-26T20:29:13","modified_gmt":"2024-11-26T19:29:13","slug":"naut-aran-financia-un-libro-que-explicara-la-realidad-juridica-del-valle-de-aran","status":"publish","type":"post","link":"https:\/\/www.nautaran.org\/es\/noticias\/naut-aran-financia-un-libro-que-explicara-la-realidad-juridica-del-valle-de-aran\/","title":{"rendered":"Naut Aran financia un libro que explicar\u00e1 la realidad jur\u00eddica del Valle de Ar\u00e1n"},"content":{"rendered":"<p>El Ayuntamiento de Naut Aran financiar\u00e1 300 ejemplares del libro \u201cEl R\u00e9gimen Especial de Aran\u201d que es un conjunto de doce estudios jur\u00eddicos independientes elaborados por especialistas en la materia, dirigidos por Antonio Ezquerra, catedr\u00e1tico de Derecho Administrativo de la Universitat de Lleida con el objetivo de promover la realidad aranesa por toda Espa\u00f1a.<\/p>\n<p>Durante la jornada del martes 26 de noviembre se present\u00f3 en la sede del Institut d\u2019Estudis Aranesi-Acad\u00e8mia Aranesa dera Lengua Occitana esta publicaci\u00f3n y cu\u00e1les ser\u00e1n los ejes fundamentales que compondr\u00e1n la acci\u00f3n. Dentro de esta selecci\u00f3n, los cap\u00edtulos se dividen por \u00e1reas como por ejemplo las competencias del territorio, el Conselh Generau, los \u2018ter\u00e7ons\u2019, el r\u00e9gimen general del territorio u otros como por ejemplo estudios sobre la pol\u00edtica y derechos ling\u00fc\u00edsticos del aran\u00e9s, medio ambiente o deportes.<\/p>\n<p>El presidente del Institut de Estudis Aranesi-Acad\u00e8mia Aranesa dera Lengua Occitana, J\u00e8p de Montoya, afirma que \u201cgracias a la ayuda del Ayuntamiento de Naut Aran, esta publicaci\u00f3n tendr\u00e1 una gran trascendencia a nivel acad\u00e9mico y administrativo porque quiere mostrar la realidad aranesa y que somos un territorio singular\u201d.<\/p>\n<p>Por su lado, el alcalde del Ayuntamiento de Naut Aran, C\u00e9sar Ruiz-Canela, explica que \u201chemos cre\u00eddo que era fundamental que esta publicaci\u00f3n pudiera ver la luz. Todos los juristas de Espa\u00f1a tendr\u00e1n acceso a este documento y podr\u00e1n descubrir la realidad de Aran. Hay que tener en cuenta que muchos de los grandes especialistas de este pa\u00eds no saben que tenemos un r\u00e9gimen especial, ni quiz\u00e1s como funcionan las emergencias en nuestro pa\u00eds o las competencias a las que tenemos derecho.<\/p>\n<p>La previsi\u00f3n del consistorio es la de poder presentar este libro sobre el r\u00e9gimen especial del Valle de Ar\u00e1n durante la primavera en el municipio.<\/p>\n<p><a href=\"https:\/\/www.nautaran.org\/wp-content\/uploads\/2024\/11\/Libre2.png\"><img loading=\"lazy\" decoding=\"async\" class=\"alignnone wp-image-22035 size-full\" src=\"https:\/\/www.nautaran.org\/wp-content\/uploads\/2024\/11\/Libre2.png\" alt=\"\" width=\"1920\" height=\"1080\" srcset=\"https:\/\/www.nautaran.org\/wp-content\/uploads\/2024\/11\/Libre2.png 1920w, https:\/\/www.nautaran.org\/wp-content\/uploads\/2024\/11\/Libre2-1280x720.png 1280w, https:\/\/www.nautaran.org\/wp-content\/uploads\/2024\/11\/Libre2-980x551.png 980w, https:\/\/www.nautaran.org\/wp-content\/uploads\/2024\/11\/Libre2-480x270.png 480w\" sizes=\"auto, (min-width: 0px) and (max-width: 480px) 480px, (min-width: 481px) and (max-width: 980px) 980px, (min-width: 981px) and (max-width: 1280px) 1280px, (min-width: 1281px) 1920px, 100vw\" \/><\/a><\/p>\n","protected":false},"excerpt":{"rendered":"<p>El Ayuntamiento de Naut Aran financiar\u00e1 300 ejemplares del libro \u201cEl R\u00e9gimen Especial de Aran\u201d que es un conjunto de doce estudios jur\u00eddicos independientes elaborados por especialistas en la materia, dirigidos por Antonio Ezquerra, catedr\u00e1tico de Derecho Administrativo de la Universitat de Lleida con el objetivo de promover la realidad aranesa por toda Espa\u00f1a. Durante [&hellip;]<\/p>\n","protected":false},"author":4,"featured_media":22040,"comment_status":"closed","ping_status":"closed","sticky":false,"template":"","format":"standard","meta":{"_acf_changed":false,"_et_pb_use_builder":"","_et_pb_old_content":"","_et_gb_content_width":"","footnotes":""},"categories":[27,17,22],"tags":[],"class_list":["post-22043","post","type-post","status-publish","format-standard","has-post-thumbnail","hentry","category-destacado-portada","category-noticias","category-cultura"],"acf":[],"yoast_head":"<!-- This site is optimized with the Yoast SEO plugin v26.8 - https:\/\/yoast.com\/product\/yoast-seo-wordpress\/ -->\n<title>Naut Aran financia un libro que explicar\u00e1 la realidad jur\u00eddica del Valle de Ar\u00e1n - Ajuntament de Naut Aran<\/title>\n<meta name=\"robots\" content=\"index, follow, max-snippet:-1, max-image-preview:large, max-video-preview:-1\" \/>\n<link rel=\"canonical\" href=\"https:\/\/www.nautaran.org\/es\/noticias\/naut-aran-financia-un-libro-que-explicara-la-realidad-juridica-del-valle-de-aran\/\" \/>\n<meta property=\"og:locale\" content=\"es_ES\" \/>\n<meta property=\"og:type\" content=\"article\" \/>\n<meta property=\"og:title\" content=\"Naut Aran financia un libro que explicar\u00e1 la realidad jur\u00eddica del Valle de Ar\u00e1n - Ajuntament de Naut Aran\" \/>\n<meta property=\"og:description\" content=\"El Ayuntamiento de Naut Aran financiar\u00e1 300 ejemplares del libro \u201cEl R\u00e9gimen Especial de Aran\u201d que es un conjunto de doce estudios jur\u00eddicos independientes elaborados por especialistas en la materia, dirigidos por Antonio Ezquerra, catedr\u00e1tico de Derecho Administrativo de la Universitat de Lleida con el objetivo de promover la realidad aranesa por toda Espa\u00f1a. Durante [&hellip;]\" \/>\n<meta property=\"og:url\" content=\"https:\/\/www.nautaran.org\/es\/noticias\/naut-aran-financia-un-libro-que-explicara-la-realidad-juridica-del-valle-de-aran\/\" \/>\n<meta property=\"og:site_name\" content=\"Ajuntament de Naut Aran\" \/>\n<meta property=\"article:published_time\" content=\"2024-11-26T19:26:27+00:00\" \/>\n<meta property=\"article:modified_time\" content=\"2024-11-26T19:29:13+00:00\" \/>\n<meta property=\"og:image\" content=\"https:\/\/www.nautaran.org\/wp-content\/uploads\/2024\/11\/Libre-1024x576.png\" \/>\n\t<meta property=\"og:image:width\" content=\"1024\" \/>\n\t<meta property=\"og:image:height\" content=\"576\" \/>\n\t<meta property=\"og:image:type\" content=\"image\/png\" \/>\n<meta name=\"author\" content=\"nautaran\" \/>\n<meta name=\"twitter:card\" content=\"summary_large_image\" \/>\n<meta name=\"twitter:label1\" content=\"Escrito por\" \/>\n\t<meta name=\"twitter:data1\" content=\"nautaran\" \/>\n\t<meta name=\"twitter:label2\" content=\"Tiempo de lectura\" \/>\n\t<meta name=\"twitter:data2\" content=\"2 minutos\" \/>\n<script type=\"application\/ld+json\" class=\"yoast-schema-graph\">{\"@context\":\"https:\/\/schema.org\",\"@graph\":[{\"@type\":\"Article\",\"@id\":\"https:\/\/www.nautaran.org\/es\/noticias\/naut-aran-financia-un-libro-que-explicara-la-realidad-juridica-del-valle-de-aran\/#article\",\"isPartOf\":{\"@id\":\"https:\/\/www.nautaran.org\/es\/noticias\/naut-aran-financia-un-libro-que-explicara-la-realidad-juridica-del-valle-de-aran\/\"},\"author\":{\"name\":\"nautaran\",\"@id\":\"https:\/\/www.nautaran.org\/#\/schema\/person\/d1534bc0cff9cbd7d1b5cfc12e946a35\"},\"headline\":\"Naut Aran financia un libro que explicar\u00e1 la realidad jur\u00eddica del Valle de Ar\u00e1n\",\"datePublished\":\"2024-11-26T19:26:27+00:00\",\"dateModified\":\"2024-11-26T19:29:13+00:00\",\"mainEntityOfPage\":{\"@id\":\"https:\/\/www.nautaran.org\/es\/noticias\/naut-aran-financia-un-libro-que-explicara-la-realidad-juridica-del-valle-de-aran\/\"},\"wordCount\":335,\"image\":{\"@id\":\"https:\/\/www.nautaran.org\/es\/noticias\/naut-aran-financia-un-libro-que-explicara-la-realidad-juridica-del-valle-de-aran\/#primaryimage\"},\"thumbnailUrl\":\"https:\/\/www.nautaran.org\/wp-content\/uploads\/2024\/11\/Libre.png\",\"articleSection\":[\"Destacado portada\",\"Noticias\",\"Noticias | Cultura\"],\"inLanguage\":\"es\"},{\"@type\":\"WebPage\",\"@id\":\"https:\/\/www.nautaran.org\/es\/noticias\/naut-aran-financia-un-libro-que-explicara-la-realidad-juridica-del-valle-de-aran\/\",\"url\":\"https:\/\/www.nautaran.org\/es\/noticias\/naut-aran-financia-un-libro-que-explicara-la-realidad-juridica-del-valle-de-aran\/\",\"name\":\"Naut Aran financia un libro que explicar\u00e1 la realidad jur\u00eddica del Valle de Ar\u00e1n - Ajuntament de Naut Aran\",\"isPartOf\":{\"@id\":\"https:\/\/www.nautaran.org\/#website\"},\"primaryImageOfPage\":{\"@id\":\"https:\/\/www.nautaran.org\/es\/noticias\/naut-aran-financia-un-libro-que-explicara-la-realidad-juridica-del-valle-de-aran\/#primaryimage\"},\"image\":{\"@id\":\"https:\/\/www.nautaran.org\/es\/noticias\/naut-aran-financia-un-libro-que-explicara-la-realidad-juridica-del-valle-de-aran\/#primaryimage\"},\"thumbnailUrl\":\"https:\/\/www.nautaran.org\/wp-content\/uploads\/2024\/11\/Libre.png\",\"datePublished\":\"2024-11-26T19:26:27+00:00\",\"dateModified\":\"2024-11-26T19:29:13+00:00\",\"author\":{\"@id\":\"https:\/\/www.nautaran.org\/#\/schema\/person\/d1534bc0cff9cbd7d1b5cfc12e946a35\"},\"breadcrumb\":{\"@id\":\"https:\/\/www.nautaran.org\/es\/noticias\/naut-aran-financia-un-libro-que-explicara-la-realidad-juridica-del-valle-de-aran\/#breadcrumb\"},\"inLanguage\":\"es\",\"potentialAction\":[{\"@type\":\"ReadAction\",\"target\":[\"https:\/\/www.nautaran.org\/es\/noticias\/naut-aran-financia-un-libro-que-explicara-la-realidad-juridica-del-valle-de-aran\/\"]}]},{\"@type\":\"ImageObject\",\"inLanguage\":\"es\",\"@id\":\"https:\/\/www.nautaran.org\/es\/noticias\/naut-aran-financia-un-libro-que-explicara-la-realidad-juridica-del-valle-de-aran\/#primaryimage\",\"url\":\"https:\/\/www.nautaran.org\/wp-content\/uploads\/2024\/11\/Libre.png\",\"contentUrl\":\"https:\/\/www.nautaran.org\/wp-content\/uploads\/2024\/11\/Libre.png\",\"width\":1920,\"height\":1080},{\"@type\":\"BreadcrumbList\",\"@id\":\"https:\/\/www.nautaran.org\/es\/noticias\/naut-aran-financia-un-libro-que-explicara-la-realidad-juridica-del-valle-de-aran\/#breadcrumb\",\"itemListElement\":[{\"@type\":\"ListItem\",\"position\":1,\"name\":\"Portada\",\"item\":\"https:\/\/www.nautaran.org\/es\/home-2\/\"},{\"@type\":\"ListItem\",\"position\":2,\"name\":\"Naut Aran financia un libro que explicar\u00e1 la realidad jur\u00eddica del Valle de Ar\u00e1n\"}]},{\"@type\":\"WebSite\",\"@id\":\"https:\/\/www.nautaran.org\/#website\",\"url\":\"https:\/\/www.nautaran.org\/\",\"name\":\"Ajuntament de Naut Aran\",\"description\":\"Naut Aran\",\"potentialAction\":[{\"@type\":\"SearchAction\",\"target\":{\"@type\":\"EntryPoint\",\"urlTemplate\":\"https:\/\/www.nautaran.org\/?s={search_term_string}\"},\"query-input\":{\"@type\":\"PropertyValueSpecification\",\"valueRequired\":true,\"valueName\":\"search_term_string\"}}],\"inLanguage\":\"es\"},{\"@type\":\"Person\",\"@id\":\"https:\/\/www.nautaran.org\/#\/schema\/person\/d1534bc0cff9cbd7d1b5cfc12e946a35\",\"name\":\"nautaran\",\"image\":{\"@type\":\"ImageObject\",\"inLanguage\":\"es\",\"@id\":\"https:\/\/www.nautaran.org\/#\/schema\/person\/image\/\",\"url\":\"https:\/\/secure.gravatar.com\/avatar\/80a09b1f8ae692a4acce17816a6597a844f3f59cda069b47a176c85e26e41c03?s=96&d=mm&r=g\",\"contentUrl\":\"https:\/\/secure.gravatar.com\/avatar\/80a09b1f8ae692a4acce17816a6597a844f3f59cda069b47a176c85e26e41c03?s=96&d=mm&r=g\",\"caption\":\"nautaran\"},\"url\":\"https:\/\/www.nautaran.org\/es\/author\/nautaran\/\"}]}<\/script>\n<!-- \/ Yoast SEO plugin. -->","yoast_head_json":{"title":"Naut Aran financia un libro que explicar\u00e1 la realidad jur\u00eddica del Valle de Ar\u00e1n - Ajuntament de Naut Aran","robots":{"index":"index","follow":"follow","max-snippet":"max-snippet:-1","max-image-preview":"max-image-preview:large","max-video-preview":"max-video-preview:-1"},"canonical":"https:\/\/www.nautaran.org\/es\/noticias\/naut-aran-financia-un-libro-que-explicara-la-realidad-juridica-del-valle-de-aran\/","og_locale":"es_ES","og_type":"article","og_title":"Naut Aran financia un libro que explicar\u00e1 la realidad jur\u00eddica del Valle de Ar\u00e1n - Ajuntament de Naut Aran","og_description":"El Ayuntamiento de Naut Aran financiar\u00e1 300 ejemplares del libro \u201cEl R\u00e9gimen Especial de Aran\u201d que es un conjunto de doce estudios jur\u00eddicos independientes elaborados por especialistas en la materia, dirigidos por Antonio Ezquerra, catedr\u00e1tico de Derecho Administrativo de la Universitat de Lleida con el objetivo de promover la realidad aranesa por toda Espa\u00f1a. Durante [&hellip;]","og_url":"https:\/\/www.nautaran.org\/es\/noticias\/naut-aran-financia-un-libro-que-explicara-la-realidad-juridica-del-valle-de-aran\/","og_site_name":"Ajuntament de Naut Aran","article_published_time":"2024-11-26T19:26:27+00:00","article_modified_time":"2024-11-26T19:29:13+00:00","og_image":[{"width":1024,"height":576,"url":"https:\/\/www.nautaran.org\/wp-content\/uploads\/2024\/11\/Libre-1024x576.png","type":"image\/png"}],"author":"nautaran","twitter_card":"summary_large_image","twitter_misc":{"Escrito por":"nautaran","Tiempo de lectura":"2 minutos"},"schema":{"@context":"https:\/\/schema.org","@graph":[{"@type":"Article","@id":"https:\/\/www.nautaran.org\/es\/noticias\/naut-aran-financia-un-libro-que-explicara-la-realidad-juridica-del-valle-de-aran\/#article","isPartOf":{"@id":"https:\/\/www.nautaran.org\/es\/noticias\/naut-aran-financia-un-libro-que-explicara-la-realidad-juridica-del-valle-de-aran\/"},"author":{"name":"nautaran","@id":"https:\/\/www.nautaran.org\/#\/schema\/person\/d1534bc0cff9cbd7d1b5cfc12e946a35"},"headline":"Naut Aran financia un libro que explicar\u00e1 la realidad jur\u00eddica del Valle de Ar\u00e1n","datePublished":"2024-11-26T19:26:27+00:00","dateModified":"2024-11-26T19:29:13+00:00","mainEntityOfPage":{"@id":"https:\/\/www.nautaran.org\/es\/noticias\/naut-aran-financia-un-libro-que-explicara-la-realidad-juridica-del-valle-de-aran\/"},"wordCount":335,"image":{"@id":"https:\/\/www.nautaran.org\/es\/noticias\/naut-aran-financia-un-libro-que-explicara-la-realidad-juridica-del-valle-de-aran\/#primaryimage"},"thumbnailUrl":"https:\/\/www.nautaran.org\/wp-content\/uploads\/2024\/11\/Libre.png","articleSection":["Destacado portada","Noticias","Noticias | Cultura"],"inLanguage":"es"},{"@type":"WebPage","@id":"https:\/\/www.nautaran.org\/es\/noticias\/naut-aran-financia-un-libro-que-explicara-la-realidad-juridica-del-valle-de-aran\/","url":"https:\/\/www.nautaran.org\/es\/noticias\/naut-aran-financia-un-libro-que-explicara-la-realidad-juridica-del-valle-de-aran\/","name":"Naut Aran financia un libro que explicar\u00e1 la realidad jur\u00eddica del Valle de Ar\u00e1n - Ajuntament de Naut Aran","isPartOf":{"@id":"https:\/\/www.nautaran.org\/#website"},"primaryImageOfPage":{"@id":"https:\/\/www.nautaran.org\/es\/noticias\/naut-aran-financia-un-libro-que-explicara-la-realidad-juridica-del-valle-de-aran\/#primaryimage"},"image":{"@id":"https:\/\/www.nautaran.org\/es\/noticias\/naut-aran-financia-un-libro-que-explicara-la-realidad-juridica-del-valle-de-aran\/#primaryimage"},"thumbnailUrl":"https:\/\/www.nautaran.org\/wp-content\/uploads\/2024\/11\/Libre.png","datePublished":"2024-11-26T19:26:27+00:00","dateModified":"2024-11-26T19:29:13+00:00","author":{"@id":"https:\/\/www.nautaran.org\/#\/schema\/person\/d1534bc0cff9cbd7d1b5cfc12e946a35"},"breadcrumb":{"@id":"https:\/\/www.nautaran.org\/es\/noticias\/naut-aran-financia-un-libro-que-explicara-la-realidad-juridica-del-valle-de-aran\/#breadcrumb"},"inLanguage":"es","potentialAction":[{"@type":"ReadAction","target":["https:\/\/www.nautaran.org\/es\/noticias\/naut-aran-financia-un-libro-que-explicara-la-realidad-juridica-del-valle-de-aran\/"]}]},{"@type":"ImageObject","inLanguage":"es","@id":"https:\/\/www.nautaran.org\/es\/noticias\/naut-aran-financia-un-libro-que-explicara-la-realidad-juridica-del-valle-de-aran\/#primaryimage","url":"https:\/\/www.nautaran.org\/wp-content\/uploads\/2024\/11\/Libre.png","contentUrl":"https:\/\/www.nautaran.org\/wp-content\/uploads\/2024\/11\/Libre.png","width":1920,"height":1080},{"@type":"BreadcrumbList","@id":"https:\/\/www.nautaran.org\/es\/noticias\/naut-aran-financia-un-libro-que-explicara-la-realidad-juridica-del-valle-de-aran\/#breadcrumb","itemListElement":[{"@type":"ListItem","position":1,"name":"Portada","item":"https:\/\/www.nautaran.org\/es\/home-2\/"},{"@type":"ListItem","position":2,"name":"Naut Aran financia un libro que explicar\u00e1 la realidad jur\u00eddica del Valle de Ar\u00e1n"}]},{"@type":"WebSite","@id":"https:\/\/www.nautaran.org\/#website","url":"https:\/\/www.nautaran.org\/","name":"Ajuntament de Naut Aran","description":"Naut Aran","potentialAction":[{"@type":"SearchAction","target":{"@type":"EntryPoint","urlTemplate":"https:\/\/www.nautaran.org\/?s={search_term_string}"},"query-input":{"@type":"PropertyValueSpecification","valueRequired":true,"valueName":"search_term_string"}}],"inLanguage":"es"},{"@type":"Person","@id":"https:\/\/www.nautaran.org\/#\/schema\/person\/d1534bc0cff9cbd7d1b5cfc12e946a35","name":"nautaran","image":{"@type":"ImageObject","inLanguage":"es","@id":"https:\/\/www.nautaran.org\/#\/schema\/person\/image\/","url":"https:\/\/secure.gravatar.com\/avatar\/80a09b1f8ae692a4acce17816a6597a844f3f59cda069b47a176c85e26e41c03?s=96&d=mm&r=g","contentUrl":"https:\/\/secure.gravatar.com\/avatar\/80a09b1f8ae692a4acce17816a6597a844f3f59cda069b47a176c85e26e41c03?s=96&d=mm&r=g","caption":"nautaran"},"url":"https:\/\/www.nautaran.org\/es\/author\/nautaran\/"}]}},"_links":{"self":[{"href":"https:\/\/www.nautaran.org\/es\/wp-json\/wp\/v2\/posts\/22043","targetHints":{"allow":["GET"]}}],"collection":[{"href":"https:\/\/www.nautaran.org\/es\/wp-json\/wp\/v2\/posts"}],"about":[{"href":"https:\/\/www.nautaran.org\/es\/wp-json\/wp\/v2\/types\/post"}],"author":[{"embeddable":true,"href":"https:\/\/www.nautaran.org\/es\/wp-json\/wp\/v2\/users\/4"}],"replies":[{"embeddable":true,"href":"https:\/\/www.nautaran.org\/es\/wp-json\/wp\/v2\/comments?post=22043"}],"version-history":[{"count":2,"href":"https:\/\/www.nautaran.org\/es\/wp-json\/wp\/v2\/posts\/22043\/revisions"}],"predecessor-version":[{"id":22049,"href":"https:\/\/www.nautaran.org\/es\/wp-json\/wp\/v2\/posts\/22043\/revisions\/22049"}],"wp:featuredmedia":[{"embeddable":true,"href":"https:\/\/www.nautaran.org\/es\/wp-json\/wp\/v2\/media\/22040"}],"wp:attachment":[{"href":"https:\/\/www.nautaran.org\/es\/wp-json\/wp\/v2\/media?parent=22043"}],"wp:term":[{"taxonomy":"category","embeddable":true,"href":"https:\/\/www.nautaran.org\/es\/wp-json\/wp\/v2\/categories?post=22043"},{"taxonomy":"post_tag","embeddable":true,"href":"https:\/\/www.nautaran.org\/es\/wp-json\/wp\/v2\/tags?post=22043"}],"curies":[{"name":"wp","href":"https:\/\/api.w.org\/{rel}","templated":true}]}}