{"id":22123,"date":"2024-12-03T16:15:19","date_gmt":"2024-12-03T15:15:19","guid":{"rendered":"https:\/\/www.nautaran.org\/sin-categoria\/sinicie-era-regulacion-per-parquimetre-en-tres-parcatges-de-naut-aran\/"},"modified":"2024-12-03T16:18:33","modified_gmt":"2024-12-03T15:18:33","slug":"se-inicia-la-regulacion-por-parquimetro-en-tres-aparcamientos-de-naut-aran","status":"publish","type":"post","link":"https:\/\/www.nautaran.org\/es\/noticias\/se-inicia-la-regulacion-por-parquimetro-en-tres-aparcamientos-de-naut-aran\/","title":{"rendered":"Se inicia la regulaci\u00f3n por parqu\u00edmetro en tres aparcamientos de Naut Aran"},"content":{"rendered":"<p>El pleno del Ayuntamiento de Naut Aran dio luz verde el pasado 19 de septiembre de 2024 a la prueba piloto de regulaci\u00f3n por parqu\u00edmetro en tres estacionamientos de las poblaciones de Gar\u00f2s, Arties y Salard\u00fa. Durante la jornada del 3 de diciembre de 2024, esta nueva normativa es una realidad y se encuentra en funcionamiento con el objetivo de regular el aparcamiento en el municipio as\u00ed como generar una contraprestaci\u00f3n en las fincas que tienen alquiladas el consistorio anualmente.<\/p>\n<p>Los aparcamientos se encuentran localizados en Arties, a la altura de la carretera C-28 a la salida del pueblo a mano derecha en direcci\u00f3n a Salard\u00fa, en Gar\u00f2s, en la Calle deth Fort en una zona de tierra, y en la Calle des Arroquets de Salard\u00fa. Cabe recordar que en estos lugares se cobrar\u00e1 a un precio de 0,30 c\u00e9ntimos la hora, con una hora gratuita para todos los usuarios. Asimismo, los vecinos de Naut Aran que lo deseen, podr\u00e1n aparcar su veh\u00edculo de forma gratuita el tiempo que quieran gracias a la bonificaci\u00f3n por el pago del impuesto de circulaci\u00f3n en el propio municipio. Podr\u00e1n recoger un adhesivo distintivo en el consistorio que les permitir\u00e1 el libre ingreso a estos espacios.<\/p>\n<p>Dentro de estas fincas, se podr\u00e1 estacionar el tiempo que se desee y la forma de pago ser\u00e1 mediante efectivo, con monedas, o a trav\u00e9s de la aplicaci\u00f3n m\u00f3vil \u2018Paymeter\u2019 que permitir\u00e1 a los usuarios poder controlar el tiempo de estancia u otras modificaciones de forma m\u00e1s sencilla.<\/p>\n<p><a href=\"https:\/\/www.nautaran.org\/wp-content\/uploads\/2024\/12\/Parc7.jpg\"><img loading=\"lazy\" decoding=\"async\" class=\"alignnone wp-image-22118 size-full\" src=\"https:\/\/www.nautaran.org\/wp-content\/uploads\/2024\/12\/Parc7.jpg\" alt=\"\" width=\"1200\" height=\"1600\" srcset=\"https:\/\/www.nautaran.org\/wp-content\/uploads\/2024\/12\/Parc7.jpg 1200w, https:\/\/www.nautaran.org\/wp-content\/uploads\/2024\/12\/Parc7-980x1307.jpg 980w, https:\/\/www.nautaran.org\/wp-content\/uploads\/2024\/12\/Parc7-480x640.jpg 480w\" sizes=\"auto, (min-width: 0px) and (max-width: 480px) 480px, (min-width: 481px) and (max-width: 980px) 980px, (min-width: 981px) 1200px, 100vw\" \/><\/a><\/p>\n<p>El alcalde de Naut Aran, C\u00e9sar Ruiz-Canela, destaca que \u201cesta prueba piloto que hemos impulsado en los aparcamientos de nuestro municipio la hacemos \u00fanicamente en aquellas fincas que nos cuesta un alquiler anual. Nuestro objetivo es que pueda haber una rotaci\u00f3n de veh\u00edculos en estos aparcamientos regulados para que no se queden remolques u otros medios de transporte durante meses all\u00e1\u201d.<\/p>\n<p>En el caso que se detecte que un veh\u00edculo no ha validado el pago en efectivo o mediante la aplicaci\u00f3n m\u00f3vil \u2018Paymeter\u2019 se proceder\u00e1 a sancionar al titular con un importe de 7,20\u20ac que supone un precio de 24 horas de tarifa.<\/p>\n","protected":false},"excerpt":{"rendered":"<p>El pleno del Ayuntamiento de Naut Aran dio luz verde el pasado 19 de septiembre de 2024 a la prueba piloto de regulaci\u00f3n por parqu\u00edmetro en tres estacionamientos de las poblaciones de Gar\u00f2s, Arties y Salard\u00fa. Durante la jornada del 3 de diciembre de 2024, esta nueva normativa es una realidad y se encuentra en [&hellip;]<\/p>\n","protected":false},"author":4,"featured_media":22117,"comment_status":"closed","ping_status":"closed","sticky":false,"template":"","format":"standard","meta":{"_acf_changed":false,"_et_pb_use_builder":"","_et_pb_old_content":"","_et_gb_content_width":"","footnotes":""},"categories":[27,17,823,822,825,18,19],"tags":[854,855,842,856,857,858],"class_list":["post-22123","post","type-post","status-publish","format-standard","has-post-thumbnail","hentry","category-destacado-portada","category-noticias","category-noticias-pueblo-arties","category-noticias-pueblo-garos","category-noticias-pueblo-salardu","category-infraestructuras","category-turismo","tag-arties-es","tag-garos-es","tag-naut-aran-es","tag-parquimetres-es","tag-paymeter-es","tag-salardu-es"],"acf":[],"yoast_head":"<!-- This site is optimized with the Yoast SEO plugin v26.8 - https:\/\/yoast.com\/product\/yoast-seo-wordpress\/ -->\n<title>Se inicia la regulaci\u00f3n por parqu\u00edmetro en tres aparcamientos de Naut Aran - Ajuntament de Naut Aran<\/title>\n<meta name=\"robots\" content=\"index, follow, max-snippet:-1, max-image-preview:large, max-video-preview:-1\" \/>\n<link rel=\"canonical\" href=\"https:\/\/www.nautaran.org\/es\/noticias\/se-inicia-la-regulacion-por-parquimetro-en-tres-aparcamientos-de-naut-aran\/\" \/>\n<meta property=\"og:locale\" content=\"es_ES\" \/>\n<meta property=\"og:type\" content=\"article\" \/>\n<meta property=\"og:title\" content=\"Se inicia la regulaci\u00f3n por parqu\u00edmetro en tres aparcamientos de Naut Aran - Ajuntament de Naut Aran\" \/>\n<meta property=\"og:description\" content=\"El pleno del Ayuntamiento de Naut Aran dio luz verde el pasado 19 de septiembre de 2024 a la prueba piloto de regulaci\u00f3n por parqu\u00edmetro en tres estacionamientos de las poblaciones de Gar\u00f2s, Arties y Salard\u00fa. Durante la jornada del 3 de diciembre de 2024, esta nueva normativa es una realidad y se encuentra en [&hellip;]\" \/>\n<meta property=\"og:url\" content=\"https:\/\/www.nautaran.org\/es\/noticias\/se-inicia-la-regulacion-por-parquimetro-en-tres-aparcamientos-de-naut-aran\/\" \/>\n<meta property=\"og:site_name\" content=\"Ajuntament de Naut Aran\" \/>\n<meta property=\"article:published_time\" content=\"2024-12-03T15:15:19+00:00\" \/>\n<meta property=\"article:modified_time\" content=\"2024-12-03T15:18:33+00:00\" \/>\n<meta property=\"og:image\" content=\"https:\/\/www.nautaran.org\/wp-content\/uploads\/2024\/12\/Parc3.jpg\" \/>\n\t<meta property=\"og:image:width\" content=\"1008\" \/>\n\t<meta property=\"og:image:height\" content=\"630\" \/>\n\t<meta property=\"og:image:type\" content=\"image\/jpeg\" \/>\n<meta name=\"author\" content=\"nautaran\" \/>\n<meta name=\"twitter:card\" content=\"summary_large_image\" \/>\n<meta name=\"twitter:label1\" content=\"Escrito por\" \/>\n\t<meta name=\"twitter:data1\" content=\"nautaran\" \/>\n\t<meta name=\"twitter:label2\" content=\"Tiempo de lectura\" \/>\n\t<meta name=\"twitter:data2\" content=\"2 minutos\" \/>\n<script type=\"application\/ld+json\" class=\"yoast-schema-graph\">{\"@context\":\"https:\/\/schema.org\",\"@graph\":[{\"@type\":\"Article\",\"@id\":\"https:\/\/www.nautaran.org\/es\/noticias\/se-inicia-la-regulacion-por-parquimetro-en-tres-aparcamientos-de-naut-aran\/#article\",\"isPartOf\":{\"@id\":\"https:\/\/www.nautaran.org\/es\/noticias\/se-inicia-la-regulacion-por-parquimetro-en-tres-aparcamientos-de-naut-aran\/\"},\"author\":{\"name\":\"nautaran\",\"@id\":\"https:\/\/www.nautaran.org\/#\/schema\/person\/d1534bc0cff9cbd7d1b5cfc12e946a35\"},\"headline\":\"Se inicia la regulaci\u00f3n por parqu\u00edmetro en tres aparcamientos de Naut Aran\",\"datePublished\":\"2024-12-03T15:15:19+00:00\",\"dateModified\":\"2024-12-03T15:18:33+00:00\",\"mainEntityOfPage\":{\"@id\":\"https:\/\/www.nautaran.org\/es\/noticias\/se-inicia-la-regulacion-por-parquimetro-en-tres-aparcamientos-de-naut-aran\/\"},\"wordCount\":382,\"image\":{\"@id\":\"https:\/\/www.nautaran.org\/es\/noticias\/se-inicia-la-regulacion-por-parquimetro-en-tres-aparcamientos-de-naut-aran\/#primaryimage\"},\"thumbnailUrl\":\"https:\/\/www.nautaran.org\/wp-content\/uploads\/2024\/12\/Parc3.jpg\",\"keywords\":[\"Arties\",\"Gar\u00f2s\",\"Naut Aran\",\"Parquim\u00e8tres\",\"Paymeter\",\"Salard\u00fa\"],\"articleSection\":[\"Destacado portada\",\"Noticias\",\"Noticias Pueblo Arties\",\"Noticias Pueblo Gar\u00f2s\",\"Noticias Pueblo Salard\u00fa\",\"Noticias | Infraestructuras\",\"Noticias | Turismo\"],\"inLanguage\":\"es\"},{\"@type\":\"WebPage\",\"@id\":\"https:\/\/www.nautaran.org\/es\/noticias\/se-inicia-la-regulacion-por-parquimetro-en-tres-aparcamientos-de-naut-aran\/\",\"url\":\"https:\/\/www.nautaran.org\/es\/noticias\/se-inicia-la-regulacion-por-parquimetro-en-tres-aparcamientos-de-naut-aran\/\",\"name\":\"Se inicia la regulaci\u00f3n por parqu\u00edmetro en tres aparcamientos de Naut Aran - Ajuntament de Naut Aran\",\"isPartOf\":{\"@id\":\"https:\/\/www.nautaran.org\/#website\"},\"primaryImageOfPage\":{\"@id\":\"https:\/\/www.nautaran.org\/es\/noticias\/se-inicia-la-regulacion-por-parquimetro-en-tres-aparcamientos-de-naut-aran\/#primaryimage\"},\"image\":{\"@id\":\"https:\/\/www.nautaran.org\/es\/noticias\/se-inicia-la-regulacion-por-parquimetro-en-tres-aparcamientos-de-naut-aran\/#primaryimage\"},\"thumbnailUrl\":\"https:\/\/www.nautaran.org\/wp-content\/uploads\/2024\/12\/Parc3.jpg\",\"datePublished\":\"2024-12-03T15:15:19+00:00\",\"dateModified\":\"2024-12-03T15:18:33+00:00\",\"author\":{\"@id\":\"https:\/\/www.nautaran.org\/#\/schema\/person\/d1534bc0cff9cbd7d1b5cfc12e946a35\"},\"breadcrumb\":{\"@id\":\"https:\/\/www.nautaran.org\/es\/noticias\/se-inicia-la-regulacion-por-parquimetro-en-tres-aparcamientos-de-naut-aran\/#breadcrumb\"},\"inLanguage\":\"es\",\"potentialAction\":[{\"@type\":\"ReadAction\",\"target\":[\"https:\/\/www.nautaran.org\/es\/noticias\/se-inicia-la-regulacion-por-parquimetro-en-tres-aparcamientos-de-naut-aran\/\"]}]},{\"@type\":\"ImageObject\",\"inLanguage\":\"es\",\"@id\":\"https:\/\/www.nautaran.org\/es\/noticias\/se-inicia-la-regulacion-por-parquimetro-en-tres-aparcamientos-de-naut-aran\/#primaryimage\",\"url\":\"https:\/\/www.nautaran.org\/wp-content\/uploads\/2024\/12\/Parc3.jpg\",\"contentUrl\":\"https:\/\/www.nautaran.org\/wp-content\/uploads\/2024\/12\/Parc3.jpg\",\"width\":1008,\"height\":630},{\"@type\":\"BreadcrumbList\",\"@id\":\"https:\/\/www.nautaran.org\/es\/noticias\/se-inicia-la-regulacion-por-parquimetro-en-tres-aparcamientos-de-naut-aran\/#breadcrumb\",\"itemListElement\":[{\"@type\":\"ListItem\",\"position\":1,\"name\":\"Portada\",\"item\":\"https:\/\/www.nautaran.org\/es\/home-2\/\"},{\"@type\":\"ListItem\",\"position\":2,\"name\":\"Se inicia la regulaci\u00f3n por parqu\u00edmetro en tres aparcamientos de Naut Aran\"}]},{\"@type\":\"WebSite\",\"@id\":\"https:\/\/www.nautaran.org\/#website\",\"url\":\"https:\/\/www.nautaran.org\/\",\"name\":\"Ajuntament de Naut Aran\",\"description\":\"Naut Aran\",\"potentialAction\":[{\"@type\":\"SearchAction\",\"target\":{\"@type\":\"EntryPoint\",\"urlTemplate\":\"https:\/\/www.nautaran.org\/?s={search_term_string}\"},\"query-input\":{\"@type\":\"PropertyValueSpecification\",\"valueRequired\":true,\"valueName\":\"search_term_string\"}}],\"inLanguage\":\"es\"},{\"@type\":\"Person\",\"@id\":\"https:\/\/www.nautaran.org\/#\/schema\/person\/d1534bc0cff9cbd7d1b5cfc12e946a35\",\"name\":\"nautaran\",\"image\":{\"@type\":\"ImageObject\",\"inLanguage\":\"es\",\"@id\":\"https:\/\/www.nautaran.org\/#\/schema\/person\/image\/\",\"url\":\"https:\/\/secure.gravatar.com\/avatar\/80a09b1f8ae692a4acce17816a6597a844f3f59cda069b47a176c85e26e41c03?s=96&d=mm&r=g\",\"contentUrl\":\"https:\/\/secure.gravatar.com\/avatar\/80a09b1f8ae692a4acce17816a6597a844f3f59cda069b47a176c85e26e41c03?s=96&d=mm&r=g\",\"caption\":\"nautaran\"},\"url\":\"https:\/\/www.nautaran.org\/es\/author\/nautaran\/\"}]}<\/script>\n<!-- \/ Yoast SEO plugin. -->","yoast_head_json":{"title":"Se inicia la regulaci\u00f3n por parqu\u00edmetro en tres aparcamientos de Naut Aran - Ajuntament de Naut Aran","robots":{"index":"index","follow":"follow","max-snippet":"max-snippet:-1","max-image-preview":"max-image-preview:large","max-video-preview":"max-video-preview:-1"},"canonical":"https:\/\/www.nautaran.org\/es\/noticias\/se-inicia-la-regulacion-por-parquimetro-en-tres-aparcamientos-de-naut-aran\/","og_locale":"es_ES","og_type":"article","og_title":"Se inicia la regulaci\u00f3n por parqu\u00edmetro en tres aparcamientos de Naut Aran - Ajuntament de Naut Aran","og_description":"El pleno del Ayuntamiento de Naut Aran dio luz verde el pasado 19 de septiembre de 2024 a la prueba piloto de regulaci\u00f3n por parqu\u00edmetro en tres estacionamientos de las poblaciones de Gar\u00f2s, Arties y Salard\u00fa. Durante la jornada del 3 de diciembre de 2024, esta nueva normativa es una realidad y se encuentra en [&hellip;]","og_url":"https:\/\/www.nautaran.org\/es\/noticias\/se-inicia-la-regulacion-por-parquimetro-en-tres-aparcamientos-de-naut-aran\/","og_site_name":"Ajuntament de Naut Aran","article_published_time":"2024-12-03T15:15:19+00:00","article_modified_time":"2024-12-03T15:18:33+00:00","og_image":[{"width":1008,"height":630,"url":"https:\/\/www.nautaran.org\/wp-content\/uploads\/2024\/12\/Parc3.jpg","type":"image\/jpeg"}],"author":"nautaran","twitter_card":"summary_large_image","twitter_misc":{"Escrito por":"nautaran","Tiempo de lectura":"2 minutos"},"schema":{"@context":"https:\/\/schema.org","@graph":[{"@type":"Article","@id":"https:\/\/www.nautaran.org\/es\/noticias\/se-inicia-la-regulacion-por-parquimetro-en-tres-aparcamientos-de-naut-aran\/#article","isPartOf":{"@id":"https:\/\/www.nautaran.org\/es\/noticias\/se-inicia-la-regulacion-por-parquimetro-en-tres-aparcamientos-de-naut-aran\/"},"author":{"name":"nautaran","@id":"https:\/\/www.nautaran.org\/#\/schema\/person\/d1534bc0cff9cbd7d1b5cfc12e946a35"},"headline":"Se inicia la regulaci\u00f3n por parqu\u00edmetro en tres aparcamientos de Naut Aran","datePublished":"2024-12-03T15:15:19+00:00","dateModified":"2024-12-03T15:18:33+00:00","mainEntityOfPage":{"@id":"https:\/\/www.nautaran.org\/es\/noticias\/se-inicia-la-regulacion-por-parquimetro-en-tres-aparcamientos-de-naut-aran\/"},"wordCount":382,"image":{"@id":"https:\/\/www.nautaran.org\/es\/noticias\/se-inicia-la-regulacion-por-parquimetro-en-tres-aparcamientos-de-naut-aran\/#primaryimage"},"thumbnailUrl":"https:\/\/www.nautaran.org\/wp-content\/uploads\/2024\/12\/Parc3.jpg","keywords":["Arties","Gar\u00f2s","Naut Aran","Parquim\u00e8tres","Paymeter","Salard\u00fa"],"articleSection":["Destacado portada","Noticias","Noticias Pueblo Arties","Noticias Pueblo Gar\u00f2s","Noticias Pueblo Salard\u00fa","Noticias | Infraestructuras","Noticias | Turismo"],"inLanguage":"es"},{"@type":"WebPage","@id":"https:\/\/www.nautaran.org\/es\/noticias\/se-inicia-la-regulacion-por-parquimetro-en-tres-aparcamientos-de-naut-aran\/","url":"https:\/\/www.nautaran.org\/es\/noticias\/se-inicia-la-regulacion-por-parquimetro-en-tres-aparcamientos-de-naut-aran\/","name":"Se inicia la regulaci\u00f3n por parqu\u00edmetro en tres aparcamientos de Naut Aran - Ajuntament de Naut Aran","isPartOf":{"@id":"https:\/\/www.nautaran.org\/#website"},"primaryImageOfPage":{"@id":"https:\/\/www.nautaran.org\/es\/noticias\/se-inicia-la-regulacion-por-parquimetro-en-tres-aparcamientos-de-naut-aran\/#primaryimage"},"image":{"@id":"https:\/\/www.nautaran.org\/es\/noticias\/se-inicia-la-regulacion-por-parquimetro-en-tres-aparcamientos-de-naut-aran\/#primaryimage"},"thumbnailUrl":"https:\/\/www.nautaran.org\/wp-content\/uploads\/2024\/12\/Parc3.jpg","datePublished":"2024-12-03T15:15:19+00:00","dateModified":"2024-12-03T15:18:33+00:00","author":{"@id":"https:\/\/www.nautaran.org\/#\/schema\/person\/d1534bc0cff9cbd7d1b5cfc12e946a35"},"breadcrumb":{"@id":"https:\/\/www.nautaran.org\/es\/noticias\/se-inicia-la-regulacion-por-parquimetro-en-tres-aparcamientos-de-naut-aran\/#breadcrumb"},"inLanguage":"es","potentialAction":[{"@type":"ReadAction","target":["https:\/\/www.nautaran.org\/es\/noticias\/se-inicia-la-regulacion-por-parquimetro-en-tres-aparcamientos-de-naut-aran\/"]}]},{"@type":"ImageObject","inLanguage":"es","@id":"https:\/\/www.nautaran.org\/es\/noticias\/se-inicia-la-regulacion-por-parquimetro-en-tres-aparcamientos-de-naut-aran\/#primaryimage","url":"https:\/\/www.nautaran.org\/wp-content\/uploads\/2024\/12\/Parc3.jpg","contentUrl":"https:\/\/www.nautaran.org\/wp-content\/uploads\/2024\/12\/Parc3.jpg","width":1008,"height":630},{"@type":"BreadcrumbList","@id":"https:\/\/www.nautaran.org\/es\/noticias\/se-inicia-la-regulacion-por-parquimetro-en-tres-aparcamientos-de-naut-aran\/#breadcrumb","itemListElement":[{"@type":"ListItem","position":1,"name":"Portada","item":"https:\/\/www.nautaran.org\/es\/home-2\/"},{"@type":"ListItem","position":2,"name":"Se inicia la regulaci\u00f3n por parqu\u00edmetro en tres aparcamientos de Naut Aran"}]},{"@type":"WebSite","@id":"https:\/\/www.nautaran.org\/#website","url":"https:\/\/www.nautaran.org\/","name":"Ajuntament de Naut Aran","description":"Naut Aran","potentialAction":[{"@type":"SearchAction","target":{"@type":"EntryPoint","urlTemplate":"https:\/\/www.nautaran.org\/?s={search_term_string}"},"query-input":{"@type":"PropertyValueSpecification","valueRequired":true,"valueName":"search_term_string"}}],"inLanguage":"es"},{"@type":"Person","@id":"https:\/\/www.nautaran.org\/#\/schema\/person\/d1534bc0cff9cbd7d1b5cfc12e946a35","name":"nautaran","image":{"@type":"ImageObject","inLanguage":"es","@id":"https:\/\/www.nautaran.org\/#\/schema\/person\/image\/","url":"https:\/\/secure.gravatar.com\/avatar\/80a09b1f8ae692a4acce17816a6597a844f3f59cda069b47a176c85e26e41c03?s=96&d=mm&r=g","contentUrl":"https:\/\/secure.gravatar.com\/avatar\/80a09b1f8ae692a4acce17816a6597a844f3f59cda069b47a176c85e26e41c03?s=96&d=mm&r=g","caption":"nautaran"},"url":"https:\/\/www.nautaran.org\/es\/author\/nautaran\/"}]}},"_links":{"self":[{"href":"https:\/\/www.nautaran.org\/es\/wp-json\/wp\/v2\/posts\/22123","targetHints":{"allow":["GET"]}}],"collection":[{"href":"https:\/\/www.nautaran.org\/es\/wp-json\/wp\/v2\/posts"}],"about":[{"href":"https:\/\/www.nautaran.org\/es\/wp-json\/wp\/v2\/types\/post"}],"author":[{"embeddable":true,"href":"https:\/\/www.nautaran.org\/es\/wp-json\/wp\/v2\/users\/4"}],"replies":[{"embeddable":true,"href":"https:\/\/www.nautaran.org\/es\/wp-json\/wp\/v2\/comments?post=22123"}],"version-history":[{"count":1,"href":"https:\/\/www.nautaran.org\/es\/wp-json\/wp\/v2\/posts\/22123\/revisions"}],"predecessor-version":[{"id":22125,"href":"https:\/\/www.nautaran.org\/es\/wp-json\/wp\/v2\/posts\/22123\/revisions\/22125"}],"wp:featuredmedia":[{"embeddable":true,"href":"https:\/\/www.nautaran.org\/es\/wp-json\/wp\/v2\/media\/22117"}],"wp:attachment":[{"href":"https:\/\/www.nautaran.org\/es\/wp-json\/wp\/v2\/media?parent=22123"}],"wp:term":[{"taxonomy":"category","embeddable":true,"href":"https:\/\/www.nautaran.org\/es\/wp-json\/wp\/v2\/categories?post=22123"},{"taxonomy":"post_tag","embeddable":true,"href":"https:\/\/www.nautaran.org\/es\/wp-json\/wp\/v2\/tags?post=22123"}],"curies":[{"name":"wp","href":"https:\/\/api.w.org\/{rel}","templated":true}]}}