{"id":22207,"date":"2024-12-18T10:00:08","date_gmt":"2024-12-18T09:00:08","guid":{"rendered":"https:\/\/www.nautaran.org\/sin-categoria\/comunicat-de-naut-aran-respecte-eth-traspas-de-mossen-jusep-amiell\/"},"modified":"2024-12-18T09:55:43","modified_gmt":"2024-12-18T08:55:43","slug":"comunicado-de-naut-aran-respecto-el-fallecimiento-de-mosen-jusep-amiell","status":"publish","type":"post","link":"https:\/\/www.nautaran.org\/es\/noticias\/comunicado-de-naut-aran-respecto-el-fallecimiento-de-mosen-jusep-amiell\/","title":{"rendered":"Comunicado de Naut Aran respecto el fallecimiento de Mosen Jus\u00e8p Amiell"},"content":{"rendered":"<p>El Ayuntamiento de Naut Aran quiere transmitir su m\u00e1s sentido p\u00e9same a familiares y amigos del sacerdote aran\u00e9s y vecino de Naut Aran, Mosen Jus\u00e8p Amiell Sol\u00e8. Sacerdote y escritor aran\u00e9s, Amiell Estudi\u00f3 en el Seminario de la Seu d\u2019Urgell y fue ordenado sacerdote el 1954. Ha sido rector de Boss\u00f2st el a\u00f1o 1973 y de la Pobla de Segur el 1977. El 17 de enero de 1979 don\u00f3 a la Capilla del Pater Noster de Jerusalen el Padre Nuestro en aran\u00e9s. Posteriormente fue director espiritual del Seminario Diocesano y el 1991 fue nombrado rector de Vielha y arcipreste del Valle de Ar\u00e1n de 1991 a 2005. Actualmente era can\u00f3nigo del Cap\u00edtulo Catedralicio del Obispado d\u2019Urgell, el primer aran\u00e9s designado para este cargo desde 1805.<\/p>\n<p>Ha participado activamente en el resurgimiento de la cultura aranesa y ha sido secretario de la fundaci\u00f3n del Mus\u00e8u Etnol\u00f2gic dera Val d\u2019Aran, miembro del Patronat deth Mus\u00e8u dera Val d\u2019Aran y cofundador de la revista T\u00e8rra Aranesa. Tambi\u00e9n ha traducido al aran\u00e9s el Nuevo Testamento (2010) y los Salmos (2011), as\u00ed como tambi\u00e9n ha escrito Goigs de santos venerados en el Valle de Ar\u00e1n.<\/p>\n<p>Por su labor de defensa y promoci\u00f3n de la lengua aranesa, por su normalizaci\u00f3n en la liturgia y la vida cotidiana, ha recibido entre otros galardones el Premio Lengua Viua en 2004, la Midalha d\u2019\u00d2r del Conselh Generau d\u2019Aran en 2010 y la Creu de Sant Jordi en 2012. En agosto de 2018 se realiz\u00f3 un homenaje en vida al Mos\u00e9n Jos\u00e8p Amiell con la colocaci\u00f3n de un busto delante de la iglesia de Sant Juli\u00e0 en la localidad de Gar\u00f2s.<\/p>\n<p>Defensor del patrimonio aran\u00e9s y de su pueblo, Gar\u00f2s, financi\u00f3 con fondos propios la rehabilitaci\u00f3n del comunidor, un espacio religioso que serv\u00eda para proteger a los vecinos de fen\u00f3menos adversos.<\/p>\n<p>El alcalde de Naut Aran, ha lamentado la p\u00e9rdida de Amiell destacando su figura afirmando que \u201ces con toda probabilidad el aran\u00e9s m\u00e1s ilustre que ha vivido nunca antes en nuestro municipio. Ha realizado grandes trabajos de divulgaci\u00f3n de la fe y la cultura y lengua aranesas y es sin duda una gran p\u00e9rdida para todos los vecinos que residimos, no s\u00f3lo en el municipio, sino en el resto del Valle de Aran. Decidimos construir un busto para preservar su memoria en el 2018 y es uno de los grandes legados que nos queda, as\u00ed como todo el trayecto vital que ha recorrido y brillado en su presencia.\u201d<\/p>\n<p><a href=\"https:\/\/www.nautaran.org\/wp-content\/uploads\/2024\/12\/Acte-Bust-agost-2018.jpg\"><img loading=\"lazy\" decoding=\"async\" class=\"alignnone wp-image-22199 size-full\" src=\"https:\/\/www.nautaran.org\/wp-content\/uploads\/2024\/12\/Acte-Bust-agost-2018.jpg\" alt=\"\" width=\"1600\" height=\"1200\" srcset=\"https:\/\/www.nautaran.org\/wp-content\/uploads\/2024\/12\/Acte-Bust-agost-2018.jpg 1600w, https:\/\/www.nautaran.org\/wp-content\/uploads\/2024\/12\/Acte-Bust-agost-2018-1280x960.jpg 1280w, https:\/\/www.nautaran.org\/wp-content\/uploads\/2024\/12\/Acte-Bust-agost-2018-980x735.jpg 980w, https:\/\/www.nautaran.org\/wp-content\/uploads\/2024\/12\/Acte-Bust-agost-2018-480x360.jpg 480w\" sizes=\"auto, (min-width: 0px) and (max-width: 480px) 480px, (min-width: 481px) and (max-width: 980px) 980px, (min-width: 981px) and (max-width: 1280px) 1280px, (min-width: 1281px) 1600px, 100vw\" \/><\/a><\/p>\n","protected":false},"excerpt":{"rendered":"<p>El Ayuntamiento de Naut Aran quiere transmitir su m\u00e1s sentido p\u00e9same a familiares y amigos del sacerdote aran\u00e9s y vecino de Naut Aran, Mosen Jus\u00e8p Amiell Sol\u00e8. Sacerdote y escritor aran\u00e9s, Amiell Estudi\u00f3 en el Seminario de la Seu d\u2019Urgell y fue ordenado sacerdote el 1954. Ha sido rector de Boss\u00f2st el a\u00f1o 1973 y [&hellip;]<\/p>\n","protected":false},"author":4,"featured_media":22204,"comment_status":"closed","ping_status":"closed","sticky":false,"template":"","format":"standard","meta":{"_acf_changed":false,"_et_pb_use_builder":"","_et_pb_old_content":"","_et_gb_content_width":"","footnotes":""},"categories":[27,17,823,826,829,822,824,833,825,828,827,20,22,21,18,23,19],"tags":[],"class_list":["post-22207","post","type-post","status-publish","format-standard","has-post-thumbnail","hentry","category-destacado-portada","category-noticias","category-noticias-pueblo-arties","category-noticias-pueblo-bagergue","category-noticias-pueblo-baqueira","category-noticias-pueblo-garos","category-noticias-pueblo-gessa","category-noticias-pueblo-mongarri","category-noticias-pueblo-salardu","category-noticias-pueblo-tredos","category-noticias-pueblo-unha","category-accion-social","category-cultura","category-deportes","category-infraestructuras","category-medio-natural","category-turismo"],"acf":[],"yoast_head":"<!-- This site is optimized with the Yoast SEO plugin v26.8 - https:\/\/yoast.com\/product\/yoast-seo-wordpress\/ -->\n<title>Comunicado de Naut Aran respecto el fallecimiento de Mosen Jus\u00e8p Amiell - Ajuntament de Naut Aran<\/title>\n<meta name=\"robots\" content=\"index, follow, max-snippet:-1, max-image-preview:large, max-video-preview:-1\" \/>\n<link rel=\"canonical\" href=\"https:\/\/www.nautaran.org\/es\/noticias\/comunicado-de-naut-aran-respecto-el-fallecimiento-de-mosen-jusep-amiell\/\" \/>\n<meta property=\"og:locale\" content=\"es_ES\" \/>\n<meta property=\"og:type\" content=\"article\" \/>\n<meta property=\"og:title\" content=\"Comunicado de Naut Aran respecto el fallecimiento de Mosen Jus\u00e8p Amiell - Ajuntament de Naut Aran\" \/>\n<meta property=\"og:description\" content=\"El Ayuntamiento de Naut Aran quiere transmitir su m\u00e1s sentido p\u00e9same a familiares y amigos del sacerdote aran\u00e9s y vecino de Naut Aran, Mosen Jus\u00e8p Amiell Sol\u00e8. Sacerdote y escritor aran\u00e9s, Amiell Estudi\u00f3 en el Seminario de la Seu d\u2019Urgell y fue ordenado sacerdote el 1954. Ha sido rector de Boss\u00f2st el a\u00f1o 1973 y [&hellip;]\" \/>\n<meta property=\"og:url\" content=\"https:\/\/www.nautaran.org\/es\/noticias\/comunicado-de-naut-aran-respecto-el-fallecimiento-de-mosen-jusep-amiell\/\" \/>\n<meta property=\"og:site_name\" content=\"Ajuntament de Naut Aran\" \/>\n<meta property=\"article:published_time\" content=\"2024-12-18T09:00:08+00:00\" \/>\n<meta property=\"og:image\" content=\"https:\/\/www.nautaran.org\/wp-content\/uploads\/2024\/12\/MossenAmiell-1024x546.png\" \/>\n\t<meta property=\"og:image:width\" content=\"1024\" \/>\n\t<meta property=\"og:image:height\" content=\"546\" \/>\n\t<meta property=\"og:image:type\" content=\"image\/png\" \/>\n<meta name=\"author\" content=\"nautaran\" \/>\n<meta name=\"twitter:card\" content=\"summary_large_image\" \/>\n<meta name=\"twitter:label1\" content=\"Escrito por\" \/>\n\t<meta name=\"twitter:data1\" content=\"nautaran\" \/>\n\t<meta name=\"twitter:label2\" content=\"Tiempo de lectura\" \/>\n\t<meta name=\"twitter:data2\" content=\"3 minutos\" \/>\n<script type=\"application\/ld+json\" class=\"yoast-schema-graph\">{\"@context\":\"https:\/\/schema.org\",\"@graph\":[{\"@type\":\"Article\",\"@id\":\"https:\/\/www.nautaran.org\/es\/noticias\/comunicado-de-naut-aran-respecto-el-fallecimiento-de-mosen-jusep-amiell\/#article\",\"isPartOf\":{\"@id\":\"https:\/\/www.nautaran.org\/es\/noticias\/comunicado-de-naut-aran-respecto-el-fallecimiento-de-mosen-jusep-amiell\/\"},\"author\":{\"name\":\"nautaran\",\"@id\":\"https:\/\/www.nautaran.org\/#\/schema\/person\/d1534bc0cff9cbd7d1b5cfc12e946a35\"},\"headline\":\"Comunicado de Naut Aran respecto el fallecimiento de Mosen Jus\u00e8p Amiell\",\"datePublished\":\"2024-12-18T09:00:08+00:00\",\"mainEntityOfPage\":{\"@id\":\"https:\/\/www.nautaran.org\/es\/noticias\/comunicado-de-naut-aran-respecto-el-fallecimiento-de-mosen-jusep-amiell\/\"},\"wordCount\":449,\"image\":{\"@id\":\"https:\/\/www.nautaran.org\/es\/noticias\/comunicado-de-naut-aran-respecto-el-fallecimiento-de-mosen-jusep-amiell\/#primaryimage\"},\"thumbnailUrl\":\"https:\/\/www.nautaran.org\/wp-content\/uploads\/2024\/12\/MossenAmiell.png\",\"articleSection\":[\"Destacado portada\",\"Noticias\",\"Noticias Pueblo Arties\",\"Noticias Pueblo Bagergue\",\"Noticias Pueblo Baqueira\",\"Noticias Pueblo Gar\u00f2s\",\"Noticias Pueblo Gessa\",\"Noticias Pueblo Mongarri\",\"Noticias Pueblo Salard\u00fa\",\"Noticias Pueblo Tred\u00f2s\",\"Noticias Pueblo Unha\",\"Noticias | Acci\u00f3n social\",\"Noticias | Cultura\",\"Noticias | Deportes\",\"Noticias | Infraestructuras\",\"Noticias | Medio Natural\",\"Noticias | Turismo\"],\"inLanguage\":\"es\"},{\"@type\":\"WebPage\",\"@id\":\"https:\/\/www.nautaran.org\/es\/noticias\/comunicado-de-naut-aran-respecto-el-fallecimiento-de-mosen-jusep-amiell\/\",\"url\":\"https:\/\/www.nautaran.org\/es\/noticias\/comunicado-de-naut-aran-respecto-el-fallecimiento-de-mosen-jusep-amiell\/\",\"name\":\"Comunicado de Naut Aran respecto el fallecimiento de Mosen Jus\u00e8p Amiell - Ajuntament de Naut Aran\",\"isPartOf\":{\"@id\":\"https:\/\/www.nautaran.org\/#website\"},\"primaryImageOfPage\":{\"@id\":\"https:\/\/www.nautaran.org\/es\/noticias\/comunicado-de-naut-aran-respecto-el-fallecimiento-de-mosen-jusep-amiell\/#primaryimage\"},\"image\":{\"@id\":\"https:\/\/www.nautaran.org\/es\/noticias\/comunicado-de-naut-aran-respecto-el-fallecimiento-de-mosen-jusep-amiell\/#primaryimage\"},\"thumbnailUrl\":\"https:\/\/www.nautaran.org\/wp-content\/uploads\/2024\/12\/MossenAmiell.png\",\"datePublished\":\"2024-12-18T09:00:08+00:00\",\"author\":{\"@id\":\"https:\/\/www.nautaran.org\/#\/schema\/person\/d1534bc0cff9cbd7d1b5cfc12e946a35\"},\"breadcrumb\":{\"@id\":\"https:\/\/www.nautaran.org\/es\/noticias\/comunicado-de-naut-aran-respecto-el-fallecimiento-de-mosen-jusep-amiell\/#breadcrumb\"},\"inLanguage\":\"es\",\"potentialAction\":[{\"@type\":\"ReadAction\",\"target\":[\"https:\/\/www.nautaran.org\/es\/noticias\/comunicado-de-naut-aran-respecto-el-fallecimiento-de-mosen-jusep-amiell\/\"]}]},{\"@type\":\"ImageObject\",\"inLanguage\":\"es\",\"@id\":\"https:\/\/www.nautaran.org\/es\/noticias\/comunicado-de-naut-aran-respecto-el-fallecimiento-de-mosen-jusep-amiell\/#primaryimage\",\"url\":\"https:\/\/www.nautaran.org\/wp-content\/uploads\/2024\/12\/MossenAmiell.png\",\"contentUrl\":\"https:\/\/www.nautaran.org\/wp-content\/uploads\/2024\/12\/MossenAmiell.png\",\"width\":1170,\"height\":624},{\"@type\":\"BreadcrumbList\",\"@id\":\"https:\/\/www.nautaran.org\/es\/noticias\/comunicado-de-naut-aran-respecto-el-fallecimiento-de-mosen-jusep-amiell\/#breadcrumb\",\"itemListElement\":[{\"@type\":\"ListItem\",\"position\":1,\"name\":\"Portada\",\"item\":\"https:\/\/www.nautaran.org\/es\/home-2\/\"},{\"@type\":\"ListItem\",\"position\":2,\"name\":\"Comunicado de Naut Aran respecto el fallecimiento de Mosen Jus\u00e8p Amiell\"}]},{\"@type\":\"WebSite\",\"@id\":\"https:\/\/www.nautaran.org\/#website\",\"url\":\"https:\/\/www.nautaran.org\/\",\"name\":\"Ajuntament de Naut Aran\",\"description\":\"Naut Aran\",\"potentialAction\":[{\"@type\":\"SearchAction\",\"target\":{\"@type\":\"EntryPoint\",\"urlTemplate\":\"https:\/\/www.nautaran.org\/?s={search_term_string}\"},\"query-input\":{\"@type\":\"PropertyValueSpecification\",\"valueRequired\":true,\"valueName\":\"search_term_string\"}}],\"inLanguage\":\"es\"},{\"@type\":\"Person\",\"@id\":\"https:\/\/www.nautaran.org\/#\/schema\/person\/d1534bc0cff9cbd7d1b5cfc12e946a35\",\"name\":\"nautaran\",\"image\":{\"@type\":\"ImageObject\",\"inLanguage\":\"es\",\"@id\":\"https:\/\/www.nautaran.org\/#\/schema\/person\/image\/\",\"url\":\"https:\/\/secure.gravatar.com\/avatar\/80a09b1f8ae692a4acce17816a6597a844f3f59cda069b47a176c85e26e41c03?s=96&d=mm&r=g\",\"contentUrl\":\"https:\/\/secure.gravatar.com\/avatar\/80a09b1f8ae692a4acce17816a6597a844f3f59cda069b47a176c85e26e41c03?s=96&d=mm&r=g\",\"caption\":\"nautaran\"},\"url\":\"https:\/\/www.nautaran.org\/es\/author\/nautaran\/\"}]}<\/script>\n<!-- \/ Yoast SEO plugin. -->","yoast_head_json":{"title":"Comunicado de Naut Aran respecto el fallecimiento de Mosen Jus\u00e8p Amiell - Ajuntament de Naut Aran","robots":{"index":"index","follow":"follow","max-snippet":"max-snippet:-1","max-image-preview":"max-image-preview:large","max-video-preview":"max-video-preview:-1"},"canonical":"https:\/\/www.nautaran.org\/es\/noticias\/comunicado-de-naut-aran-respecto-el-fallecimiento-de-mosen-jusep-amiell\/","og_locale":"es_ES","og_type":"article","og_title":"Comunicado de Naut Aran respecto el fallecimiento de Mosen Jus\u00e8p Amiell - Ajuntament de Naut Aran","og_description":"El Ayuntamiento de Naut Aran quiere transmitir su m\u00e1s sentido p\u00e9same a familiares y amigos del sacerdote aran\u00e9s y vecino de Naut Aran, Mosen Jus\u00e8p Amiell Sol\u00e8. Sacerdote y escritor aran\u00e9s, Amiell Estudi\u00f3 en el Seminario de la Seu d\u2019Urgell y fue ordenado sacerdote el 1954. Ha sido rector de Boss\u00f2st el a\u00f1o 1973 y [&hellip;]","og_url":"https:\/\/www.nautaran.org\/es\/noticias\/comunicado-de-naut-aran-respecto-el-fallecimiento-de-mosen-jusep-amiell\/","og_site_name":"Ajuntament de Naut Aran","article_published_time":"2024-12-18T09:00:08+00:00","og_image":[{"width":1024,"height":546,"url":"https:\/\/www.nautaran.org\/wp-content\/uploads\/2024\/12\/MossenAmiell-1024x546.png","type":"image\/png"}],"author":"nautaran","twitter_card":"summary_large_image","twitter_misc":{"Escrito por":"nautaran","Tiempo de lectura":"3 minutos"},"schema":{"@context":"https:\/\/schema.org","@graph":[{"@type":"Article","@id":"https:\/\/www.nautaran.org\/es\/noticias\/comunicado-de-naut-aran-respecto-el-fallecimiento-de-mosen-jusep-amiell\/#article","isPartOf":{"@id":"https:\/\/www.nautaran.org\/es\/noticias\/comunicado-de-naut-aran-respecto-el-fallecimiento-de-mosen-jusep-amiell\/"},"author":{"name":"nautaran","@id":"https:\/\/www.nautaran.org\/#\/schema\/person\/d1534bc0cff9cbd7d1b5cfc12e946a35"},"headline":"Comunicado de Naut Aran respecto el fallecimiento de Mosen Jus\u00e8p Amiell","datePublished":"2024-12-18T09:00:08+00:00","mainEntityOfPage":{"@id":"https:\/\/www.nautaran.org\/es\/noticias\/comunicado-de-naut-aran-respecto-el-fallecimiento-de-mosen-jusep-amiell\/"},"wordCount":449,"image":{"@id":"https:\/\/www.nautaran.org\/es\/noticias\/comunicado-de-naut-aran-respecto-el-fallecimiento-de-mosen-jusep-amiell\/#primaryimage"},"thumbnailUrl":"https:\/\/www.nautaran.org\/wp-content\/uploads\/2024\/12\/MossenAmiell.png","articleSection":["Destacado portada","Noticias","Noticias Pueblo Arties","Noticias Pueblo Bagergue","Noticias Pueblo Baqueira","Noticias Pueblo Gar\u00f2s","Noticias Pueblo Gessa","Noticias Pueblo Mongarri","Noticias Pueblo Salard\u00fa","Noticias Pueblo Tred\u00f2s","Noticias Pueblo Unha","Noticias | Acci\u00f3n social","Noticias | Cultura","Noticias | Deportes","Noticias | Infraestructuras","Noticias | Medio Natural","Noticias | Turismo"],"inLanguage":"es"},{"@type":"WebPage","@id":"https:\/\/www.nautaran.org\/es\/noticias\/comunicado-de-naut-aran-respecto-el-fallecimiento-de-mosen-jusep-amiell\/","url":"https:\/\/www.nautaran.org\/es\/noticias\/comunicado-de-naut-aran-respecto-el-fallecimiento-de-mosen-jusep-amiell\/","name":"Comunicado de Naut Aran respecto el fallecimiento de Mosen Jus\u00e8p Amiell - Ajuntament de Naut Aran","isPartOf":{"@id":"https:\/\/www.nautaran.org\/#website"},"primaryImageOfPage":{"@id":"https:\/\/www.nautaran.org\/es\/noticias\/comunicado-de-naut-aran-respecto-el-fallecimiento-de-mosen-jusep-amiell\/#primaryimage"},"image":{"@id":"https:\/\/www.nautaran.org\/es\/noticias\/comunicado-de-naut-aran-respecto-el-fallecimiento-de-mosen-jusep-amiell\/#primaryimage"},"thumbnailUrl":"https:\/\/www.nautaran.org\/wp-content\/uploads\/2024\/12\/MossenAmiell.png","datePublished":"2024-12-18T09:00:08+00:00","author":{"@id":"https:\/\/www.nautaran.org\/#\/schema\/person\/d1534bc0cff9cbd7d1b5cfc12e946a35"},"breadcrumb":{"@id":"https:\/\/www.nautaran.org\/es\/noticias\/comunicado-de-naut-aran-respecto-el-fallecimiento-de-mosen-jusep-amiell\/#breadcrumb"},"inLanguage":"es","potentialAction":[{"@type":"ReadAction","target":["https:\/\/www.nautaran.org\/es\/noticias\/comunicado-de-naut-aran-respecto-el-fallecimiento-de-mosen-jusep-amiell\/"]}]},{"@type":"ImageObject","inLanguage":"es","@id":"https:\/\/www.nautaran.org\/es\/noticias\/comunicado-de-naut-aran-respecto-el-fallecimiento-de-mosen-jusep-amiell\/#primaryimage","url":"https:\/\/www.nautaran.org\/wp-content\/uploads\/2024\/12\/MossenAmiell.png","contentUrl":"https:\/\/www.nautaran.org\/wp-content\/uploads\/2024\/12\/MossenAmiell.png","width":1170,"height":624},{"@type":"BreadcrumbList","@id":"https:\/\/www.nautaran.org\/es\/noticias\/comunicado-de-naut-aran-respecto-el-fallecimiento-de-mosen-jusep-amiell\/#breadcrumb","itemListElement":[{"@type":"ListItem","position":1,"name":"Portada","item":"https:\/\/www.nautaran.org\/es\/home-2\/"},{"@type":"ListItem","position":2,"name":"Comunicado de Naut Aran respecto el fallecimiento de Mosen Jus\u00e8p Amiell"}]},{"@type":"WebSite","@id":"https:\/\/www.nautaran.org\/#website","url":"https:\/\/www.nautaran.org\/","name":"Ajuntament de Naut Aran","description":"Naut Aran","potentialAction":[{"@type":"SearchAction","target":{"@type":"EntryPoint","urlTemplate":"https:\/\/www.nautaran.org\/?s={search_term_string}"},"query-input":{"@type":"PropertyValueSpecification","valueRequired":true,"valueName":"search_term_string"}}],"inLanguage":"es"},{"@type":"Person","@id":"https:\/\/www.nautaran.org\/#\/schema\/person\/d1534bc0cff9cbd7d1b5cfc12e946a35","name":"nautaran","image":{"@type":"ImageObject","inLanguage":"es","@id":"https:\/\/www.nautaran.org\/#\/schema\/person\/image\/","url":"https:\/\/secure.gravatar.com\/avatar\/80a09b1f8ae692a4acce17816a6597a844f3f59cda069b47a176c85e26e41c03?s=96&d=mm&r=g","contentUrl":"https:\/\/secure.gravatar.com\/avatar\/80a09b1f8ae692a4acce17816a6597a844f3f59cda069b47a176c85e26e41c03?s=96&d=mm&r=g","caption":"nautaran"},"url":"https:\/\/www.nautaran.org\/es\/author\/nautaran\/"}]}},"_links":{"self":[{"href":"https:\/\/www.nautaran.org\/es\/wp-json\/wp\/v2\/posts\/22207","targetHints":{"allow":["GET"]}}],"collection":[{"href":"https:\/\/www.nautaran.org\/es\/wp-json\/wp\/v2\/posts"}],"about":[{"href":"https:\/\/www.nautaran.org\/es\/wp-json\/wp\/v2\/types\/post"}],"author":[{"embeddable":true,"href":"https:\/\/www.nautaran.org\/es\/wp-json\/wp\/v2\/users\/4"}],"replies":[{"embeddable":true,"href":"https:\/\/www.nautaran.org\/es\/wp-json\/wp\/v2\/comments?post=22207"}],"version-history":[{"count":2,"href":"https:\/\/www.nautaran.org\/es\/wp-json\/wp\/v2\/posts\/22207\/revisions"}],"predecessor-version":[{"id":22211,"href":"https:\/\/www.nautaran.org\/es\/wp-json\/wp\/v2\/posts\/22207\/revisions\/22211"}],"wp:featuredmedia":[{"embeddable":true,"href":"https:\/\/www.nautaran.org\/es\/wp-json\/wp\/v2\/media\/22204"}],"wp:attachment":[{"href":"https:\/\/www.nautaran.org\/es\/wp-json\/wp\/v2\/media?parent=22207"}],"wp:term":[{"taxonomy":"category","embeddable":true,"href":"https:\/\/www.nautaran.org\/es\/wp-json\/wp\/v2\/categories?post=22207"},{"taxonomy":"post_tag","embeddable":true,"href":"https:\/\/www.nautaran.org\/es\/wp-json\/wp\/v2\/tags?post=22207"}],"curies":[{"name":"wp","href":"https:\/\/api.w.org\/{rel}","templated":true}]}}