{"id":22413,"date":"2025-02-13T18:42:42","date_gmt":"2025-02-13T17:42:42","guid":{"rendered":"https:\/\/www.nautaran.org\/sin-categoria\/naut-aran-tre-a-licitacion-es-4-viuendes-e-9-places-de-parcatge-dera-placa-dera-pica-de-salardu\/"},"modified":"2025-02-13T18:44:22","modified_gmt":"2025-02-13T17:44:22","slug":"naut-aran-saca-a-licitacion-las-4-viviendas-y-9-plazas-de-aparcamiento-de-la-plaza-de-la-pica-de-salardu","status":"publish","type":"post","link":"https:\/\/www.nautaran.org\/es\/noticias\/naut-aran-saca-a-licitacion-las-4-viviendas-y-9-plazas-de-aparcamiento-de-la-plaza-de-la-pica-de-salardu\/","title":{"rendered":"Naut Aran saca a licitaci\u00f3n las 4 viviendas y 9 plazas de aparcamiento de la Plaza de la Pica de Salard\u00fa"},"content":{"rendered":"<p>El Pleno del Ayuntamiento de Naut Aran ha aprobado esta ma\u00f1ana por unanimidad la licitaci\u00f3n para la adjudicaci\u00f3n del contrato de obras por las 4 viviendas y 9 plazas de aparcamiento que se construir\u00e1n en la Plaza de la Pica de Salard\u00fa. Esta acci\u00f3n, impulsada por el equipo de gobierno de Converg\u00e9ncia Aranesa, tiene como objetivo potenciar el parque de vivienda asequible municipal.<\/p>\n<p>Esta aprobaci\u00f3n contar\u00e1 con 1 mes de exposici\u00f3n p\u00fablica y, en caso de no tener ninguna alegaci\u00f3n ni sugerencia ser\u00e1 considerada aprobada definitivamente. El presupuesto de salida de esta licitaci\u00f3n ser\u00e1 916.000 euros IVA incluido aproximadamente.<\/p>\n<p>Ser\u00e1n, en total, dos viviendas de dos dormitorios y dos viviendas de tres dormitorios. El precio de alquiler seguir\u00e1 los mismos criterios que las de la vivienda asequible de Gar\u00f3s. Por lo tanto, de dos dormitorios el precio final ser\u00e1 de 450\u20ac de alquiler mensual, y los de tres dormitorios, de 600\u20ac de precio mensual. Adem\u00e1s, tambi\u00e9n se construir\u00e1n 9 plazas de aparcamiento que se ofrecer\u00e1n de alquiler primero a los futuros habitantes de las viviendas.<\/p>\n<p>El alcalde de Naut Aran, C\u00e9sar Ruiz-Canela, destaca que \u201cseguimos trabajando por nuestros vecinos de Naut Aran. Nuestro ayuntamiento trabaja para crear medidas directas que puedan tener un beneficio por nuestra ciudadan\u00eda y esta es un ejemplo m\u00e1s. La creaci\u00f3n de 4 viviendas directas m\u00e1s, sumadas a la de Gar\u00f3s y la de Tred\u00f2s, nos hace afirmar que el parque de vivienda asequible municipal ser\u00e1 una realidad bien pronto\u201d.<\/p>\n<p>El periodo de ejecuci\u00f3n de la obra ser\u00e1 15 meses. A finales del a\u00f1o 2026 se espera que ya puedan entrar a vivir vecinos en estas viviendas en Salard\u00fa.<\/p>\n","protected":false},"excerpt":{"rendered":"<p>El Pleno del Ayuntamiento de Naut Aran ha aprobado esta ma\u00f1ana por unanimidad la licitaci\u00f3n para la adjudicaci\u00f3n del contrato de obras por las 4 viviendas y 9 plazas de aparcamiento que se construir\u00e1n en la Plaza de la Pica de Salard\u00fa. Esta acci\u00f3n, impulsada por el equipo de gobierno de Converg\u00e9ncia Aranesa, tiene como [&hellip;]<\/p>\n","protected":false},"author":4,"featured_media":22410,"comment_status":"closed","ping_status":"closed","sticky":false,"template":"","format":"standard","meta":{"_acf_changed":false,"_et_pb_use_builder":"","_et_pb_old_content":"","_et_gb_content_width":"","footnotes":""},"categories":[27,17,823,826,829,822,824,833,825,828,827,20,22,21,18,23,19],"tags":[],"class_list":["post-22413","post","type-post","status-publish","format-standard","has-post-thumbnail","hentry","category-destacado-portada","category-noticias","category-noticias-pueblo-arties","category-noticias-pueblo-bagergue","category-noticias-pueblo-baqueira","category-noticias-pueblo-garos","category-noticias-pueblo-gessa","category-noticias-pueblo-mongarri","category-noticias-pueblo-salardu","category-noticias-pueblo-tredos","category-noticias-pueblo-unha","category-accion-social","category-cultura","category-deportes","category-infraestructuras","category-medio-natural","category-turismo"],"acf":[],"yoast_head":"<!-- This site is optimized with the Yoast SEO plugin v26.8 - https:\/\/yoast.com\/product\/yoast-seo-wordpress\/ -->\n<title>Naut Aran saca a licitaci\u00f3n las 4 viviendas y 9 plazas de aparcamiento de la Plaza de la Pica de Salard\u00fa - Ajuntament de Naut Aran<\/title>\n<meta name=\"robots\" content=\"index, follow, max-snippet:-1, max-image-preview:large, max-video-preview:-1\" \/>\n<link rel=\"canonical\" href=\"https:\/\/www.nautaran.org\/es\/noticias\/naut-aran-saca-a-licitacion-las-4-viviendas-y-9-plazas-de-aparcamiento-de-la-plaza-de-la-pica-de-salardu\/\" \/>\n<meta property=\"og:locale\" content=\"es_ES\" \/>\n<meta property=\"og:type\" content=\"article\" \/>\n<meta property=\"og:title\" content=\"Naut Aran saca a licitaci\u00f3n las 4 viviendas y 9 plazas de aparcamiento de la Plaza de la Pica de Salard\u00fa - Ajuntament de Naut Aran\" \/>\n<meta property=\"og:description\" content=\"El Pleno del Ayuntamiento de Naut Aran ha aprobado esta ma\u00f1ana por unanimidad la licitaci\u00f3n para la adjudicaci\u00f3n del contrato de obras por las 4 viviendas y 9 plazas de aparcamiento que se construir\u00e1n en la Plaza de la Pica de Salard\u00fa. Esta acci\u00f3n, impulsada por el equipo de gobierno de Converg\u00e9ncia Aranesa, tiene como [&hellip;]\" \/>\n<meta property=\"og:url\" content=\"https:\/\/www.nautaran.org\/es\/noticias\/naut-aran-saca-a-licitacion-las-4-viviendas-y-9-plazas-de-aparcamiento-de-la-plaza-de-la-pica-de-salardu\/\" \/>\n<meta property=\"og:site_name\" content=\"Ajuntament de Naut Aran\" \/>\n<meta property=\"article:published_time\" content=\"2025-02-13T17:42:42+00:00\" \/>\n<meta property=\"article:modified_time\" content=\"2025-02-13T17:44:22+00:00\" \/>\n<meta property=\"og:image\" content=\"https:\/\/www.nautaran.org\/wp-content\/uploads\/2025\/02\/250213-Plen-NautAran2.jpg\" \/>\n\t<meta property=\"og:image:width\" content=\"2048\" \/>\n\t<meta property=\"og:image:height\" content=\"1536\" \/>\n\t<meta property=\"og:image:type\" content=\"image\/jpeg\" \/>\n<meta name=\"author\" content=\"nautaran\" \/>\n<meta name=\"twitter:card\" content=\"summary_large_image\" \/>\n<meta name=\"twitter:label1\" content=\"Escrito por\" \/>\n\t<meta name=\"twitter:data1\" content=\"nautaran\" \/>\n\t<meta name=\"twitter:label2\" content=\"Tiempo de lectura\" \/>\n\t<meta name=\"twitter:data2\" content=\"2 minutos\" \/>\n<script type=\"application\/ld+json\" class=\"yoast-schema-graph\">{\"@context\":\"https:\/\/schema.org\",\"@graph\":[{\"@type\":\"Article\",\"@id\":\"https:\/\/www.nautaran.org\/es\/noticias\/naut-aran-saca-a-licitacion-las-4-viviendas-y-9-plazas-de-aparcamiento-de-la-plaza-de-la-pica-de-salardu\/#article\",\"isPartOf\":{\"@id\":\"https:\/\/www.nautaran.org\/es\/noticias\/naut-aran-saca-a-licitacion-las-4-viviendas-y-9-plazas-de-aparcamiento-de-la-plaza-de-la-pica-de-salardu\/\"},\"author\":{\"name\":\"nautaran\",\"@id\":\"https:\/\/www.nautaran.org\/#\/schema\/person\/d1534bc0cff9cbd7d1b5cfc12e946a35\"},\"headline\":\"Naut Aran saca a licitaci\u00f3n las 4 viviendas y 9 plazas de aparcamiento de la Plaza de la Pica de Salard\u00fa\",\"datePublished\":\"2025-02-13T17:42:42+00:00\",\"dateModified\":\"2025-02-13T17:44:22+00:00\",\"mainEntityOfPage\":{\"@id\":\"https:\/\/www.nautaran.org\/es\/noticias\/naut-aran-saca-a-licitacion-las-4-viviendas-y-9-plazas-de-aparcamiento-de-la-plaza-de-la-pica-de-salardu\/\"},\"wordCount\":309,\"image\":{\"@id\":\"https:\/\/www.nautaran.org\/es\/noticias\/naut-aran-saca-a-licitacion-las-4-viviendas-y-9-plazas-de-aparcamiento-de-la-plaza-de-la-pica-de-salardu\/#primaryimage\"},\"thumbnailUrl\":\"https:\/\/www.nautaran.org\/wp-content\/uploads\/2025\/02\/250213-Plen-NautAran2.jpg\",\"articleSection\":[\"Destacado portada\",\"Noticias\",\"Noticias Pueblo Arties\",\"Noticias Pueblo Bagergue\",\"Noticias Pueblo Baqueira\",\"Noticias Pueblo Gar\u00f2s\",\"Noticias Pueblo Gessa\",\"Noticias Pueblo Mongarri\",\"Noticias Pueblo Salard\u00fa\",\"Noticias Pueblo Tred\u00f2s\",\"Noticias Pueblo Unha\",\"Noticias | Acci\u00f3n social\",\"Noticias | Cultura\",\"Noticias | Deportes\",\"Noticias | Infraestructuras\",\"Noticias | Medio Natural\",\"Noticias | Turismo\"],\"inLanguage\":\"es\"},{\"@type\":\"WebPage\",\"@id\":\"https:\/\/www.nautaran.org\/es\/noticias\/naut-aran-saca-a-licitacion-las-4-viviendas-y-9-plazas-de-aparcamiento-de-la-plaza-de-la-pica-de-salardu\/\",\"url\":\"https:\/\/www.nautaran.org\/es\/noticias\/naut-aran-saca-a-licitacion-las-4-viviendas-y-9-plazas-de-aparcamiento-de-la-plaza-de-la-pica-de-salardu\/\",\"name\":\"Naut Aran saca a licitaci\u00f3n las 4 viviendas y 9 plazas de aparcamiento de la Plaza de la Pica de Salard\u00fa - Ajuntament de Naut Aran\",\"isPartOf\":{\"@id\":\"https:\/\/www.nautaran.org\/#website\"},\"primaryImageOfPage\":{\"@id\":\"https:\/\/www.nautaran.org\/es\/noticias\/naut-aran-saca-a-licitacion-las-4-viviendas-y-9-plazas-de-aparcamiento-de-la-plaza-de-la-pica-de-salardu\/#primaryimage\"},\"image\":{\"@id\":\"https:\/\/www.nautaran.org\/es\/noticias\/naut-aran-saca-a-licitacion-las-4-viviendas-y-9-plazas-de-aparcamiento-de-la-plaza-de-la-pica-de-salardu\/#primaryimage\"},\"thumbnailUrl\":\"https:\/\/www.nautaran.org\/wp-content\/uploads\/2025\/02\/250213-Plen-NautAran2.jpg\",\"datePublished\":\"2025-02-13T17:42:42+00:00\",\"dateModified\":\"2025-02-13T17:44:22+00:00\",\"author\":{\"@id\":\"https:\/\/www.nautaran.org\/#\/schema\/person\/d1534bc0cff9cbd7d1b5cfc12e946a35\"},\"breadcrumb\":{\"@id\":\"https:\/\/www.nautaran.org\/es\/noticias\/naut-aran-saca-a-licitacion-las-4-viviendas-y-9-plazas-de-aparcamiento-de-la-plaza-de-la-pica-de-salardu\/#breadcrumb\"},\"inLanguage\":\"es\",\"potentialAction\":[{\"@type\":\"ReadAction\",\"target\":[\"https:\/\/www.nautaran.org\/es\/noticias\/naut-aran-saca-a-licitacion-las-4-viviendas-y-9-plazas-de-aparcamiento-de-la-plaza-de-la-pica-de-salardu\/\"]}]},{\"@type\":\"ImageObject\",\"inLanguage\":\"es\",\"@id\":\"https:\/\/www.nautaran.org\/es\/noticias\/naut-aran-saca-a-licitacion-las-4-viviendas-y-9-plazas-de-aparcamiento-de-la-plaza-de-la-pica-de-salardu\/#primaryimage\",\"url\":\"https:\/\/www.nautaran.org\/wp-content\/uploads\/2025\/02\/250213-Plen-NautAran2.jpg\",\"contentUrl\":\"https:\/\/www.nautaran.org\/wp-content\/uploads\/2025\/02\/250213-Plen-NautAran2.jpg\",\"width\":2048,\"height\":1536},{\"@type\":\"BreadcrumbList\",\"@id\":\"https:\/\/www.nautaran.org\/es\/noticias\/naut-aran-saca-a-licitacion-las-4-viviendas-y-9-plazas-de-aparcamiento-de-la-plaza-de-la-pica-de-salardu\/#breadcrumb\",\"itemListElement\":[{\"@type\":\"ListItem\",\"position\":1,\"name\":\"Portada\",\"item\":\"https:\/\/www.nautaran.org\/es\/home-2\/\"},{\"@type\":\"ListItem\",\"position\":2,\"name\":\"Naut Aran saca a licitaci\u00f3n las 4 viviendas y 9 plazas de aparcamiento de la Plaza de la Pica de Salard\u00fa\"}]},{\"@type\":\"WebSite\",\"@id\":\"https:\/\/www.nautaran.org\/#website\",\"url\":\"https:\/\/www.nautaran.org\/\",\"name\":\"Ajuntament de Naut Aran\",\"description\":\"Naut Aran\",\"potentialAction\":[{\"@type\":\"SearchAction\",\"target\":{\"@type\":\"EntryPoint\",\"urlTemplate\":\"https:\/\/www.nautaran.org\/?s={search_term_string}\"},\"query-input\":{\"@type\":\"PropertyValueSpecification\",\"valueRequired\":true,\"valueName\":\"search_term_string\"}}],\"inLanguage\":\"es\"},{\"@type\":\"Person\",\"@id\":\"https:\/\/www.nautaran.org\/#\/schema\/person\/d1534bc0cff9cbd7d1b5cfc12e946a35\",\"name\":\"nautaran\",\"image\":{\"@type\":\"ImageObject\",\"inLanguage\":\"es\",\"@id\":\"https:\/\/www.nautaran.org\/#\/schema\/person\/image\/\",\"url\":\"https:\/\/secure.gravatar.com\/avatar\/80a09b1f8ae692a4acce17816a6597a844f3f59cda069b47a176c85e26e41c03?s=96&d=mm&r=g\",\"contentUrl\":\"https:\/\/secure.gravatar.com\/avatar\/80a09b1f8ae692a4acce17816a6597a844f3f59cda069b47a176c85e26e41c03?s=96&d=mm&r=g\",\"caption\":\"nautaran\"},\"url\":\"https:\/\/www.nautaran.org\/es\/author\/nautaran\/\"}]}<\/script>\n<!-- \/ Yoast SEO plugin. -->","yoast_head_json":{"title":"Naut Aran saca a licitaci\u00f3n las 4 viviendas y 9 plazas de aparcamiento de la Plaza de la Pica de Salard\u00fa - Ajuntament de Naut Aran","robots":{"index":"index","follow":"follow","max-snippet":"max-snippet:-1","max-image-preview":"max-image-preview:large","max-video-preview":"max-video-preview:-1"},"canonical":"https:\/\/www.nautaran.org\/es\/noticias\/naut-aran-saca-a-licitacion-las-4-viviendas-y-9-plazas-de-aparcamiento-de-la-plaza-de-la-pica-de-salardu\/","og_locale":"es_ES","og_type":"article","og_title":"Naut Aran saca a licitaci\u00f3n las 4 viviendas y 9 plazas de aparcamiento de la Plaza de la Pica de Salard\u00fa - Ajuntament de Naut Aran","og_description":"El Pleno del Ayuntamiento de Naut Aran ha aprobado esta ma\u00f1ana por unanimidad la licitaci\u00f3n para la adjudicaci\u00f3n del contrato de obras por las 4 viviendas y 9 plazas de aparcamiento que se construir\u00e1n en la Plaza de la Pica de Salard\u00fa. Esta acci\u00f3n, impulsada por el equipo de gobierno de Converg\u00e9ncia Aranesa, tiene como [&hellip;]","og_url":"https:\/\/www.nautaran.org\/es\/noticias\/naut-aran-saca-a-licitacion-las-4-viviendas-y-9-plazas-de-aparcamiento-de-la-plaza-de-la-pica-de-salardu\/","og_site_name":"Ajuntament de Naut Aran","article_published_time":"2025-02-13T17:42:42+00:00","article_modified_time":"2025-02-13T17:44:22+00:00","og_image":[{"width":2048,"height":1536,"url":"https:\/\/www.nautaran.org\/wp-content\/uploads\/2025\/02\/250213-Plen-NautAran2.jpg","type":"image\/jpeg"}],"author":"nautaran","twitter_card":"summary_large_image","twitter_misc":{"Escrito por":"nautaran","Tiempo de lectura":"2 minutos"},"schema":{"@context":"https:\/\/schema.org","@graph":[{"@type":"Article","@id":"https:\/\/www.nautaran.org\/es\/noticias\/naut-aran-saca-a-licitacion-las-4-viviendas-y-9-plazas-de-aparcamiento-de-la-plaza-de-la-pica-de-salardu\/#article","isPartOf":{"@id":"https:\/\/www.nautaran.org\/es\/noticias\/naut-aran-saca-a-licitacion-las-4-viviendas-y-9-plazas-de-aparcamiento-de-la-plaza-de-la-pica-de-salardu\/"},"author":{"name":"nautaran","@id":"https:\/\/www.nautaran.org\/#\/schema\/person\/d1534bc0cff9cbd7d1b5cfc12e946a35"},"headline":"Naut Aran saca a licitaci\u00f3n las 4 viviendas y 9 plazas de aparcamiento de la Plaza de la Pica de Salard\u00fa","datePublished":"2025-02-13T17:42:42+00:00","dateModified":"2025-02-13T17:44:22+00:00","mainEntityOfPage":{"@id":"https:\/\/www.nautaran.org\/es\/noticias\/naut-aran-saca-a-licitacion-las-4-viviendas-y-9-plazas-de-aparcamiento-de-la-plaza-de-la-pica-de-salardu\/"},"wordCount":309,"image":{"@id":"https:\/\/www.nautaran.org\/es\/noticias\/naut-aran-saca-a-licitacion-las-4-viviendas-y-9-plazas-de-aparcamiento-de-la-plaza-de-la-pica-de-salardu\/#primaryimage"},"thumbnailUrl":"https:\/\/www.nautaran.org\/wp-content\/uploads\/2025\/02\/250213-Plen-NautAran2.jpg","articleSection":["Destacado portada","Noticias","Noticias Pueblo Arties","Noticias Pueblo Bagergue","Noticias Pueblo Baqueira","Noticias Pueblo Gar\u00f2s","Noticias Pueblo Gessa","Noticias Pueblo Mongarri","Noticias Pueblo Salard\u00fa","Noticias Pueblo Tred\u00f2s","Noticias Pueblo Unha","Noticias | Acci\u00f3n social","Noticias | Cultura","Noticias | Deportes","Noticias | Infraestructuras","Noticias | Medio Natural","Noticias | Turismo"],"inLanguage":"es"},{"@type":"WebPage","@id":"https:\/\/www.nautaran.org\/es\/noticias\/naut-aran-saca-a-licitacion-las-4-viviendas-y-9-plazas-de-aparcamiento-de-la-plaza-de-la-pica-de-salardu\/","url":"https:\/\/www.nautaran.org\/es\/noticias\/naut-aran-saca-a-licitacion-las-4-viviendas-y-9-plazas-de-aparcamiento-de-la-plaza-de-la-pica-de-salardu\/","name":"Naut Aran saca a licitaci\u00f3n las 4 viviendas y 9 plazas de aparcamiento de la Plaza de la Pica de Salard\u00fa - Ajuntament de Naut Aran","isPartOf":{"@id":"https:\/\/www.nautaran.org\/#website"},"primaryImageOfPage":{"@id":"https:\/\/www.nautaran.org\/es\/noticias\/naut-aran-saca-a-licitacion-las-4-viviendas-y-9-plazas-de-aparcamiento-de-la-plaza-de-la-pica-de-salardu\/#primaryimage"},"image":{"@id":"https:\/\/www.nautaran.org\/es\/noticias\/naut-aran-saca-a-licitacion-las-4-viviendas-y-9-plazas-de-aparcamiento-de-la-plaza-de-la-pica-de-salardu\/#primaryimage"},"thumbnailUrl":"https:\/\/www.nautaran.org\/wp-content\/uploads\/2025\/02\/250213-Plen-NautAran2.jpg","datePublished":"2025-02-13T17:42:42+00:00","dateModified":"2025-02-13T17:44:22+00:00","author":{"@id":"https:\/\/www.nautaran.org\/#\/schema\/person\/d1534bc0cff9cbd7d1b5cfc12e946a35"},"breadcrumb":{"@id":"https:\/\/www.nautaran.org\/es\/noticias\/naut-aran-saca-a-licitacion-las-4-viviendas-y-9-plazas-de-aparcamiento-de-la-plaza-de-la-pica-de-salardu\/#breadcrumb"},"inLanguage":"es","potentialAction":[{"@type":"ReadAction","target":["https:\/\/www.nautaran.org\/es\/noticias\/naut-aran-saca-a-licitacion-las-4-viviendas-y-9-plazas-de-aparcamiento-de-la-plaza-de-la-pica-de-salardu\/"]}]},{"@type":"ImageObject","inLanguage":"es","@id":"https:\/\/www.nautaran.org\/es\/noticias\/naut-aran-saca-a-licitacion-las-4-viviendas-y-9-plazas-de-aparcamiento-de-la-plaza-de-la-pica-de-salardu\/#primaryimage","url":"https:\/\/www.nautaran.org\/wp-content\/uploads\/2025\/02\/250213-Plen-NautAran2.jpg","contentUrl":"https:\/\/www.nautaran.org\/wp-content\/uploads\/2025\/02\/250213-Plen-NautAran2.jpg","width":2048,"height":1536},{"@type":"BreadcrumbList","@id":"https:\/\/www.nautaran.org\/es\/noticias\/naut-aran-saca-a-licitacion-las-4-viviendas-y-9-plazas-de-aparcamiento-de-la-plaza-de-la-pica-de-salardu\/#breadcrumb","itemListElement":[{"@type":"ListItem","position":1,"name":"Portada","item":"https:\/\/www.nautaran.org\/es\/home-2\/"},{"@type":"ListItem","position":2,"name":"Naut Aran saca a licitaci\u00f3n las 4 viviendas y 9 plazas de aparcamiento de la Plaza de la Pica de Salard\u00fa"}]},{"@type":"WebSite","@id":"https:\/\/www.nautaran.org\/#website","url":"https:\/\/www.nautaran.org\/","name":"Ajuntament de Naut Aran","description":"Naut Aran","potentialAction":[{"@type":"SearchAction","target":{"@type":"EntryPoint","urlTemplate":"https:\/\/www.nautaran.org\/?s={search_term_string}"},"query-input":{"@type":"PropertyValueSpecification","valueRequired":true,"valueName":"search_term_string"}}],"inLanguage":"es"},{"@type":"Person","@id":"https:\/\/www.nautaran.org\/#\/schema\/person\/d1534bc0cff9cbd7d1b5cfc12e946a35","name":"nautaran","image":{"@type":"ImageObject","inLanguage":"es","@id":"https:\/\/www.nautaran.org\/#\/schema\/person\/image\/","url":"https:\/\/secure.gravatar.com\/avatar\/80a09b1f8ae692a4acce17816a6597a844f3f59cda069b47a176c85e26e41c03?s=96&d=mm&r=g","contentUrl":"https:\/\/secure.gravatar.com\/avatar\/80a09b1f8ae692a4acce17816a6597a844f3f59cda069b47a176c85e26e41c03?s=96&d=mm&r=g","caption":"nautaran"},"url":"https:\/\/www.nautaran.org\/es\/author\/nautaran\/"}]}},"_links":{"self":[{"href":"https:\/\/www.nautaran.org\/es\/wp-json\/wp\/v2\/posts\/22413","targetHints":{"allow":["GET"]}}],"collection":[{"href":"https:\/\/www.nautaran.org\/es\/wp-json\/wp\/v2\/posts"}],"about":[{"href":"https:\/\/www.nautaran.org\/es\/wp-json\/wp\/v2\/types\/post"}],"author":[{"embeddable":true,"href":"https:\/\/www.nautaran.org\/es\/wp-json\/wp\/v2\/users\/4"}],"replies":[{"embeddable":true,"href":"https:\/\/www.nautaran.org\/es\/wp-json\/wp\/v2\/comments?post=22413"}],"version-history":[{"count":1,"href":"https:\/\/www.nautaran.org\/es\/wp-json\/wp\/v2\/posts\/22413\/revisions"}],"predecessor-version":[{"id":22415,"href":"https:\/\/www.nautaran.org\/es\/wp-json\/wp\/v2\/posts\/22413\/revisions\/22415"}],"wp:featuredmedia":[{"embeddable":true,"href":"https:\/\/www.nautaran.org\/es\/wp-json\/wp\/v2\/media\/22410"}],"wp:attachment":[{"href":"https:\/\/www.nautaran.org\/es\/wp-json\/wp\/v2\/media?parent=22413"}],"wp:term":[{"taxonomy":"category","embeddable":true,"href":"https:\/\/www.nautaran.org\/es\/wp-json\/wp\/v2\/categories?post=22413"},{"taxonomy":"post_tag","embeddable":true,"href":"https:\/\/www.nautaran.org\/es\/wp-json\/wp\/v2\/tags?post=22413"}],"curies":[{"name":"wp","href":"https:\/\/api.w.org\/{rel}","templated":true}]}}