{"id":22675,"date":"2025-04-02T11:24:25","date_gmt":"2025-04-02T10:24:25","guid":{"rendered":"https:\/\/www.nautaran.org\/sin-categoria\/dotze-sollicituds-entath-pis-de-loguer-assequible-de-garos\/"},"modified":"2025-04-02T11:26:40","modified_gmt":"2025-04-02T10:26:40","slug":"doce-solicitudes-para-el-piso-de-alquiler-asequible-de-garos","status":"publish","type":"post","link":"https:\/\/www.nautaran.org\/es\/noticias\/doce-solicitudes-para-el-piso-de-alquiler-asequible-de-garos\/","title":{"rendered":"Doce solicitudes para el piso de alquiler asequible de Gar\u00f2s"},"content":{"rendered":"<p>El Ayuntamiento de Naut Aran ha finalizado oficialmente el periodo para solicitar la posibilidad de vivir en el piso de alquiler asequible de la poblaci\u00f3n de Gar\u00f2s durante un plazo de cinco a\u00f1os as\u00ed como lo establec\u00edan las bases reguladas por el propio consistorio que fueron aprobadas por la Comisi\u00f3n de Vivienda en la que se encuentran representados todos los grupos pol\u00edticos con representaci\u00f3n en el pleno.<\/p>\n<p>El piso, ubicado en la calle Solei n\u00famero 11 de Gar\u00f2s, es el primero que ha ofrecido el equipo de gobierno y con el que pretende poner la primera piedra del llamado parque de vivienda municipal que proyecta el ayuntamiento. Una vez finalizado el proceso de solicitudes y otorgado a un particular o familia, el precio que deber\u00e1 pagar por mensualidad el inquilino o inquilinos ser\u00e1 de 450\u20ac, gastos aparte.<\/p>\n<p>En total, se han presentado 12 solicitudes por parte de vecinos del municipio de Naut Aran. Durante la pr\u00f3xima semana se reunir\u00e1 la Comisi\u00f3n de Vivienda para hacer la ponderaci\u00f3n de cada uno de los casos y se resolver\u00e1 parcialmente la que ser\u00e1 la candidatura ganadora de la primera vivienda de alquiler asequible en la zona. La previsi\u00f3n del consistorio es que, durante el mes de junio, ya pueda estar vivienda una familia en \u00e9l.<\/p>\n<p>El alcalde, C\u00e9sar Ruiz-Canela, destaca que \u201cestamos muy felices que haya habido este n\u00famero de solicitudes porque demuestra que falta vivienda de alquiler asequible. Trabajamos de forma activa en esta cuesti\u00f3n y nuestro objetivo es, durante los pr\u00f3ximos tres a\u00f1os, impulsar hasta 30 viviendas de alquiler asequible entre los diversos proyectos que llevaremos a cabo.\u201d<\/p>\n<p>Entre las caracter\u00edsticas de la vivienda de Gar\u00f2s, destaca un amplio sal\u00f3n, una cocina completamente equipada con acabados de alta calidad, un ba\u00f1o completo, sala de calderas, lavadora y secadora as\u00ed como dos habitaciones. Su precio en mercado podr\u00eda duplicar actualmente e incluso superar esa cifra de la que se oferta como alquiler asequible.<\/p>\n","protected":false},"excerpt":{"rendered":"<p>El Ayuntamiento de Naut Aran ha finalizado oficialmente el periodo para solicitar la posibilidad de vivir en el piso de alquiler asequible de la poblaci\u00f3n de Gar\u00f2s durante un plazo de cinco a\u00f1os as\u00ed como lo establec\u00edan las bases reguladas por el propio consistorio que fueron aprobadas por la Comisi\u00f3n de Vivienda en la que [&hellip;]<\/p>\n","protected":false},"author":4,"featured_media":20089,"comment_status":"closed","ping_status":"closed","sticky":false,"template":"","format":"standard","meta":{"_acf_changed":false,"_et_pb_use_builder":"","_et_pb_old_content":"","_et_gb_content_width":"","footnotes":""},"categories":[27,17,823,822,20,18,19],"tags":[855,863],"class_list":["post-22675","post","type-post","status-publish","format-standard","has-post-thumbnail","hentry","category-destacado-portada","category-noticias","category-noticias-pueblo-arties","category-noticias-pueblo-garos","category-accion-social","category-infraestructuras","category-turismo","tag-garos-es","tag-pis-loguer-assequible-es"],"acf":[],"yoast_head":"<!-- This site is optimized with the Yoast SEO plugin v26.8 - https:\/\/yoast.com\/product\/yoast-seo-wordpress\/ -->\n<title>Doce solicitudes para el piso de alquiler asequible de Gar\u00f2s - Ajuntament de Naut Aran<\/title>\n<meta name=\"robots\" content=\"index, follow, max-snippet:-1, max-image-preview:large, max-video-preview:-1\" \/>\n<link rel=\"canonical\" href=\"https:\/\/www.nautaran.org\/es\/noticias\/doce-solicitudes-para-el-piso-de-alquiler-asequible-de-garos\/\" \/>\n<meta property=\"og:locale\" content=\"es_ES\" \/>\n<meta property=\"og:type\" content=\"article\" \/>\n<meta property=\"og:title\" content=\"Doce solicitudes para el piso de alquiler asequible de Gar\u00f2s - Ajuntament de Naut Aran\" \/>\n<meta property=\"og:description\" content=\"El Ayuntamiento de Naut Aran ha finalizado oficialmente el periodo para solicitar la posibilidad de vivir en el piso de alquiler asequible de la poblaci\u00f3n de Gar\u00f2s durante un plazo de cinco a\u00f1os as\u00ed como lo establec\u00edan las bases reguladas por el propio consistorio que fueron aprobadas por la Comisi\u00f3n de Vivienda en la que [&hellip;]\" \/>\n<meta property=\"og:url\" content=\"https:\/\/www.nautaran.org\/es\/noticias\/doce-solicitudes-para-el-piso-de-alquiler-asequible-de-garos\/\" \/>\n<meta property=\"og:site_name\" content=\"Ajuntament de Naut Aran\" \/>\n<meta property=\"article:published_time\" content=\"2025-04-02T10:24:25+00:00\" \/>\n<meta property=\"article:modified_time\" content=\"2025-04-02T10:26:40+00:00\" \/>\n<meta property=\"og:image\" content=\"https:\/\/www.nautaran.org\/wp-content\/uploads\/2024\/04\/Garos-1024x768.jpg\" \/>\n\t<meta property=\"og:image:width\" content=\"1024\" \/>\n\t<meta property=\"og:image:height\" content=\"768\" \/>\n\t<meta property=\"og:image:type\" content=\"image\/jpeg\" \/>\n<meta name=\"author\" content=\"nautaran\" \/>\n<meta name=\"twitter:card\" content=\"summary_large_image\" \/>\n<meta name=\"twitter:label1\" content=\"Escrito por\" \/>\n\t<meta name=\"twitter:data1\" content=\"nautaran\" \/>\n\t<meta name=\"twitter:label2\" content=\"Tiempo de lectura\" \/>\n\t<meta name=\"twitter:data2\" content=\"2 minutos\" \/>\n<script type=\"application\/ld+json\" class=\"yoast-schema-graph\">{\"@context\":\"https:\/\/schema.org\",\"@graph\":[{\"@type\":\"Article\",\"@id\":\"https:\/\/www.nautaran.org\/es\/noticias\/doce-solicitudes-para-el-piso-de-alquiler-asequible-de-garos\/#article\",\"isPartOf\":{\"@id\":\"https:\/\/www.nautaran.org\/es\/noticias\/doce-solicitudes-para-el-piso-de-alquiler-asequible-de-garos\/\"},\"author\":{\"name\":\"nautaran\",\"@id\":\"https:\/\/www.nautaran.org\/#\/schema\/person\/d1534bc0cff9cbd7d1b5cfc12e946a35\"},\"headline\":\"Doce solicitudes para el piso de alquiler asequible de Gar\u00f2s\",\"datePublished\":\"2025-04-02T10:24:25+00:00\",\"dateModified\":\"2025-04-02T10:26:40+00:00\",\"mainEntityOfPage\":{\"@id\":\"https:\/\/www.nautaran.org\/es\/noticias\/doce-solicitudes-para-el-piso-de-alquiler-asequible-de-garos\/\"},\"wordCount\":351,\"image\":{\"@id\":\"https:\/\/www.nautaran.org\/es\/noticias\/doce-solicitudes-para-el-piso-de-alquiler-asequible-de-garos\/#primaryimage\"},\"thumbnailUrl\":\"https:\/\/www.nautaran.org\/wp-content\/uploads\/2024\/04\/Garos.jpg\",\"keywords\":[\"Gar\u00f2s\",\"Pis logu\u00e8r assequible\"],\"articleSection\":[\"Destacado portada\",\"Noticias\",\"Noticias Pueblo Arties\",\"Noticias Pueblo Gar\u00f2s\",\"Noticias | Acci\u00f3n social\",\"Noticias | Infraestructuras\",\"Noticias | Turismo\"],\"inLanguage\":\"es\"},{\"@type\":\"WebPage\",\"@id\":\"https:\/\/www.nautaran.org\/es\/noticias\/doce-solicitudes-para-el-piso-de-alquiler-asequible-de-garos\/\",\"url\":\"https:\/\/www.nautaran.org\/es\/noticias\/doce-solicitudes-para-el-piso-de-alquiler-asequible-de-garos\/\",\"name\":\"Doce solicitudes para el piso de alquiler asequible de Gar\u00f2s - Ajuntament de Naut Aran\",\"isPartOf\":{\"@id\":\"https:\/\/www.nautaran.org\/#website\"},\"primaryImageOfPage\":{\"@id\":\"https:\/\/www.nautaran.org\/es\/noticias\/doce-solicitudes-para-el-piso-de-alquiler-asequible-de-garos\/#primaryimage\"},\"image\":{\"@id\":\"https:\/\/www.nautaran.org\/es\/noticias\/doce-solicitudes-para-el-piso-de-alquiler-asequible-de-garos\/#primaryimage\"},\"thumbnailUrl\":\"https:\/\/www.nautaran.org\/wp-content\/uploads\/2024\/04\/Garos.jpg\",\"datePublished\":\"2025-04-02T10:24:25+00:00\",\"dateModified\":\"2025-04-02T10:26:40+00:00\",\"author\":{\"@id\":\"https:\/\/www.nautaran.org\/#\/schema\/person\/d1534bc0cff9cbd7d1b5cfc12e946a35\"},\"breadcrumb\":{\"@id\":\"https:\/\/www.nautaran.org\/es\/noticias\/doce-solicitudes-para-el-piso-de-alquiler-asequible-de-garos\/#breadcrumb\"},\"inLanguage\":\"es\",\"potentialAction\":[{\"@type\":\"ReadAction\",\"target\":[\"https:\/\/www.nautaran.org\/es\/noticias\/doce-solicitudes-para-el-piso-de-alquiler-asequible-de-garos\/\"]}]},{\"@type\":\"ImageObject\",\"inLanguage\":\"es\",\"@id\":\"https:\/\/www.nautaran.org\/es\/noticias\/doce-solicitudes-para-el-piso-de-alquiler-asequible-de-garos\/#primaryimage\",\"url\":\"https:\/\/www.nautaran.org\/wp-content\/uploads\/2024\/04\/Garos.jpg\",\"contentUrl\":\"https:\/\/www.nautaran.org\/wp-content\/uploads\/2024\/04\/Garos.jpg\",\"width\":4032,\"height\":3024},{\"@type\":\"BreadcrumbList\",\"@id\":\"https:\/\/www.nautaran.org\/es\/noticias\/doce-solicitudes-para-el-piso-de-alquiler-asequible-de-garos\/#breadcrumb\",\"itemListElement\":[{\"@type\":\"ListItem\",\"position\":1,\"name\":\"Portada\",\"item\":\"https:\/\/www.nautaran.org\/es\/home-2\/\"},{\"@type\":\"ListItem\",\"position\":2,\"name\":\"Doce solicitudes para el piso de alquiler asequible de Gar\u00f2s\"}]},{\"@type\":\"WebSite\",\"@id\":\"https:\/\/www.nautaran.org\/#website\",\"url\":\"https:\/\/www.nautaran.org\/\",\"name\":\"Ajuntament de Naut Aran\",\"description\":\"Naut Aran\",\"potentialAction\":[{\"@type\":\"SearchAction\",\"target\":{\"@type\":\"EntryPoint\",\"urlTemplate\":\"https:\/\/www.nautaran.org\/?s={search_term_string}\"},\"query-input\":{\"@type\":\"PropertyValueSpecification\",\"valueRequired\":true,\"valueName\":\"search_term_string\"}}],\"inLanguage\":\"es\"},{\"@type\":\"Person\",\"@id\":\"https:\/\/www.nautaran.org\/#\/schema\/person\/d1534bc0cff9cbd7d1b5cfc12e946a35\",\"name\":\"nautaran\",\"image\":{\"@type\":\"ImageObject\",\"inLanguage\":\"es\",\"@id\":\"https:\/\/www.nautaran.org\/#\/schema\/person\/image\/\",\"url\":\"https:\/\/secure.gravatar.com\/avatar\/80a09b1f8ae692a4acce17816a6597a844f3f59cda069b47a176c85e26e41c03?s=96&d=mm&r=g\",\"contentUrl\":\"https:\/\/secure.gravatar.com\/avatar\/80a09b1f8ae692a4acce17816a6597a844f3f59cda069b47a176c85e26e41c03?s=96&d=mm&r=g\",\"caption\":\"nautaran\"},\"url\":\"https:\/\/www.nautaran.org\/es\/author\/nautaran\/\"}]}<\/script>\n<!-- \/ Yoast SEO plugin. -->","yoast_head_json":{"title":"Doce solicitudes para el piso de alquiler asequible de Gar\u00f2s - Ajuntament de Naut Aran","robots":{"index":"index","follow":"follow","max-snippet":"max-snippet:-1","max-image-preview":"max-image-preview:large","max-video-preview":"max-video-preview:-1"},"canonical":"https:\/\/www.nautaran.org\/es\/noticias\/doce-solicitudes-para-el-piso-de-alquiler-asequible-de-garos\/","og_locale":"es_ES","og_type":"article","og_title":"Doce solicitudes para el piso de alquiler asequible de Gar\u00f2s - Ajuntament de Naut Aran","og_description":"El Ayuntamiento de Naut Aran ha finalizado oficialmente el periodo para solicitar la posibilidad de vivir en el piso de alquiler asequible de la poblaci\u00f3n de Gar\u00f2s durante un plazo de cinco a\u00f1os as\u00ed como lo establec\u00edan las bases reguladas por el propio consistorio que fueron aprobadas por la Comisi\u00f3n de Vivienda en la que [&hellip;]","og_url":"https:\/\/www.nautaran.org\/es\/noticias\/doce-solicitudes-para-el-piso-de-alquiler-asequible-de-garos\/","og_site_name":"Ajuntament de Naut Aran","article_published_time":"2025-04-02T10:24:25+00:00","article_modified_time":"2025-04-02T10:26:40+00:00","og_image":[{"width":1024,"height":768,"url":"https:\/\/www.nautaran.org\/wp-content\/uploads\/2024\/04\/Garos-1024x768.jpg","type":"image\/jpeg"}],"author":"nautaran","twitter_card":"summary_large_image","twitter_misc":{"Escrito por":"nautaran","Tiempo de lectura":"2 minutos"},"schema":{"@context":"https:\/\/schema.org","@graph":[{"@type":"Article","@id":"https:\/\/www.nautaran.org\/es\/noticias\/doce-solicitudes-para-el-piso-de-alquiler-asequible-de-garos\/#article","isPartOf":{"@id":"https:\/\/www.nautaran.org\/es\/noticias\/doce-solicitudes-para-el-piso-de-alquiler-asequible-de-garos\/"},"author":{"name":"nautaran","@id":"https:\/\/www.nautaran.org\/#\/schema\/person\/d1534bc0cff9cbd7d1b5cfc12e946a35"},"headline":"Doce solicitudes para el piso de alquiler asequible de Gar\u00f2s","datePublished":"2025-04-02T10:24:25+00:00","dateModified":"2025-04-02T10:26:40+00:00","mainEntityOfPage":{"@id":"https:\/\/www.nautaran.org\/es\/noticias\/doce-solicitudes-para-el-piso-de-alquiler-asequible-de-garos\/"},"wordCount":351,"image":{"@id":"https:\/\/www.nautaran.org\/es\/noticias\/doce-solicitudes-para-el-piso-de-alquiler-asequible-de-garos\/#primaryimage"},"thumbnailUrl":"https:\/\/www.nautaran.org\/wp-content\/uploads\/2024\/04\/Garos.jpg","keywords":["Gar\u00f2s","Pis logu\u00e8r assequible"],"articleSection":["Destacado portada","Noticias","Noticias Pueblo Arties","Noticias Pueblo Gar\u00f2s","Noticias | Acci\u00f3n social","Noticias | Infraestructuras","Noticias | Turismo"],"inLanguage":"es"},{"@type":"WebPage","@id":"https:\/\/www.nautaran.org\/es\/noticias\/doce-solicitudes-para-el-piso-de-alquiler-asequible-de-garos\/","url":"https:\/\/www.nautaran.org\/es\/noticias\/doce-solicitudes-para-el-piso-de-alquiler-asequible-de-garos\/","name":"Doce solicitudes para el piso de alquiler asequible de Gar\u00f2s - Ajuntament de Naut Aran","isPartOf":{"@id":"https:\/\/www.nautaran.org\/#website"},"primaryImageOfPage":{"@id":"https:\/\/www.nautaran.org\/es\/noticias\/doce-solicitudes-para-el-piso-de-alquiler-asequible-de-garos\/#primaryimage"},"image":{"@id":"https:\/\/www.nautaran.org\/es\/noticias\/doce-solicitudes-para-el-piso-de-alquiler-asequible-de-garos\/#primaryimage"},"thumbnailUrl":"https:\/\/www.nautaran.org\/wp-content\/uploads\/2024\/04\/Garos.jpg","datePublished":"2025-04-02T10:24:25+00:00","dateModified":"2025-04-02T10:26:40+00:00","author":{"@id":"https:\/\/www.nautaran.org\/#\/schema\/person\/d1534bc0cff9cbd7d1b5cfc12e946a35"},"breadcrumb":{"@id":"https:\/\/www.nautaran.org\/es\/noticias\/doce-solicitudes-para-el-piso-de-alquiler-asequible-de-garos\/#breadcrumb"},"inLanguage":"es","potentialAction":[{"@type":"ReadAction","target":["https:\/\/www.nautaran.org\/es\/noticias\/doce-solicitudes-para-el-piso-de-alquiler-asequible-de-garos\/"]}]},{"@type":"ImageObject","inLanguage":"es","@id":"https:\/\/www.nautaran.org\/es\/noticias\/doce-solicitudes-para-el-piso-de-alquiler-asequible-de-garos\/#primaryimage","url":"https:\/\/www.nautaran.org\/wp-content\/uploads\/2024\/04\/Garos.jpg","contentUrl":"https:\/\/www.nautaran.org\/wp-content\/uploads\/2024\/04\/Garos.jpg","width":4032,"height":3024},{"@type":"BreadcrumbList","@id":"https:\/\/www.nautaran.org\/es\/noticias\/doce-solicitudes-para-el-piso-de-alquiler-asequible-de-garos\/#breadcrumb","itemListElement":[{"@type":"ListItem","position":1,"name":"Portada","item":"https:\/\/www.nautaran.org\/es\/home-2\/"},{"@type":"ListItem","position":2,"name":"Doce solicitudes para el piso de alquiler asequible de Gar\u00f2s"}]},{"@type":"WebSite","@id":"https:\/\/www.nautaran.org\/#website","url":"https:\/\/www.nautaran.org\/","name":"Ajuntament de Naut Aran","description":"Naut Aran","potentialAction":[{"@type":"SearchAction","target":{"@type":"EntryPoint","urlTemplate":"https:\/\/www.nautaran.org\/?s={search_term_string}"},"query-input":{"@type":"PropertyValueSpecification","valueRequired":true,"valueName":"search_term_string"}}],"inLanguage":"es"},{"@type":"Person","@id":"https:\/\/www.nautaran.org\/#\/schema\/person\/d1534bc0cff9cbd7d1b5cfc12e946a35","name":"nautaran","image":{"@type":"ImageObject","inLanguage":"es","@id":"https:\/\/www.nautaran.org\/#\/schema\/person\/image\/","url":"https:\/\/secure.gravatar.com\/avatar\/80a09b1f8ae692a4acce17816a6597a844f3f59cda069b47a176c85e26e41c03?s=96&d=mm&r=g","contentUrl":"https:\/\/secure.gravatar.com\/avatar\/80a09b1f8ae692a4acce17816a6597a844f3f59cda069b47a176c85e26e41c03?s=96&d=mm&r=g","caption":"nautaran"},"url":"https:\/\/www.nautaran.org\/es\/author\/nautaran\/"}]}},"_links":{"self":[{"href":"https:\/\/www.nautaran.org\/es\/wp-json\/wp\/v2\/posts\/22675","targetHints":{"allow":["GET"]}}],"collection":[{"href":"https:\/\/www.nautaran.org\/es\/wp-json\/wp\/v2\/posts"}],"about":[{"href":"https:\/\/www.nautaran.org\/es\/wp-json\/wp\/v2\/types\/post"}],"author":[{"embeddable":true,"href":"https:\/\/www.nautaran.org\/es\/wp-json\/wp\/v2\/users\/4"}],"replies":[{"embeddable":true,"href":"https:\/\/www.nautaran.org\/es\/wp-json\/wp\/v2\/comments?post=22675"}],"version-history":[{"count":1,"href":"https:\/\/www.nautaran.org\/es\/wp-json\/wp\/v2\/posts\/22675\/revisions"}],"predecessor-version":[{"id":22678,"href":"https:\/\/www.nautaran.org\/es\/wp-json\/wp\/v2\/posts\/22675\/revisions\/22678"}],"wp:featuredmedia":[{"embeddable":true,"href":"https:\/\/www.nautaran.org\/es\/wp-json\/wp\/v2\/media\/20089"}],"wp:attachment":[{"href":"https:\/\/www.nautaran.org\/es\/wp-json\/wp\/v2\/media?parent=22675"}],"wp:term":[{"taxonomy":"category","embeddable":true,"href":"https:\/\/www.nautaran.org\/es\/wp-json\/wp\/v2\/categories?post=22675"},{"taxonomy":"post_tag","embeddable":true,"href":"https:\/\/www.nautaran.org\/es\/wp-json\/wp\/v2\/tags?post=22675"}],"curies":[{"name":"wp","href":"https:\/\/api.w.org\/{rel}","templated":true}]}}