{"id":23011,"date":"2025-06-03T13:32:44","date_gmt":"2025-06-03T12:32:44","guid":{"rendered":"https:\/\/www.nautaran.org\/sin-categoria\/naut-aran-daurira-era-piscina-municipau-eth-6-de-junh\/"},"modified":"2025-06-03T13:35:20","modified_gmt":"2025-06-03T12:35:20","slug":"naut-aran-abrira-la-piscina-municipal-el-6-de-junio","status":"publish","type":"post","link":"https:\/\/www.nautaran.org\/es\/noticias\/naut-aran-abrira-la-piscina-municipal-el-6-de-junio\/","title":{"rendered":"Naut Aran abrir\u00e1 la piscina municipal el 6 de junio"},"content":{"rendered":"<p>El Ayuntamiento de Naut Aran trabaja durante estas semanas en la adecuaci\u00f3n definitiva del espacio de la piscina climatizada del municipio ubicada en Salard\u00fa para que se encuentre en perfectas condiciones de cara a su apertura, prevista para este pr\u00f3ximo viernes 6 de junio.<\/p>\n<p>En este sentido, desde el consistorio, se ofrecer\u00e1 la posibilidad de acceder y disfrutar de estas instalaciones de manera completamente gratuita en una jornada de puertas abiertas en esta fecha de estreno para que puedan descubrir los usuarios de todas las ventajas que dispondr\u00e1n a lo largo de toda la temporada de verano.<\/p>\n<p>A partir del s\u00e1bado d\u00eda 7 de junio la entrada al recinto tendr\u00e1 dos costes diferentes, para los residentes del municipio de Naut Aran, y para los del resto del Valle de Aran y visitantes. Sobre esto, el coste por d\u00eda para los residentes de Naut Aran menores de 7 a\u00f1os ser\u00e1 gratuito; para los de 7 a menores de 18, 2 euros por d\u00eda; para los adultos de 18 a 65, 3 euros por d\u00eda y para los mayores de 65, gratuito.<\/p>\n<p>En cuanto a los abonos de temporada para los vecinos del municipio, el coste para los j\u00f3venes de 7 a menores de 18 a\u00f1os, ser\u00e1 de 18 euros; de 18 a 65 a\u00f1os tendr\u00e1 un coste de 30 euros y finalmente tambi\u00e9n se ha propuesto un pack familiar por valor de 50 euros.<\/p>\n<p>El alcalde de Naut Aran, C\u00e9sar Ruiz-Canela, destaca que \u201cla piscina municipal de Salard\u00fa es uno de los principales atractivos con los que contamos en nuestro territorio porque es un complejo espectacular con dos piscinas, una para los m\u00e1s peque\u00f1os, y otra para mayores, con un bar y restaurante propio y unas condiciones para disfrutar del buen tiempo durante un gran n\u00famero de horas. Esperamos una gran llegada de visitantes durante esta temporada\u201d.<\/p>\n<p>El cierre del complejo est\u00e1 contemplado para el d\u00eda 7 de septiembre.<\/p>\n<p><a href=\"https:\/\/www.nautaran.org\/wp-content\/uploads\/2025\/06\/IMG_7865.png\"><img loading=\"lazy\" decoding=\"async\" class=\"alignnone wp-image-23005 size-full\" src=\"https:\/\/www.nautaran.org\/wp-content\/uploads\/2025\/06\/IMG_7865.png\" alt=\"\" width=\"1587\" height=\"2245\" srcset=\"https:\/\/www.nautaran.org\/wp-content\/uploads\/2025\/06\/IMG_7865.png 1587w, https:\/\/www.nautaran.org\/wp-content\/uploads\/2025\/06\/IMG_7865-1280x1811.png 1280w, https:\/\/www.nautaran.org\/wp-content\/uploads\/2025\/06\/IMG_7865-980x1386.png 980w, https:\/\/www.nautaran.org\/wp-content\/uploads\/2025\/06\/IMG_7865-480x679.png 480w\" sizes=\"auto, (min-width: 0px) and (max-width: 480px) 480px, (min-width: 481px) and (max-width: 980px) 980px, (min-width: 981px) and (max-width: 1280px) 1280px, (min-width: 1281px) 1587px, 100vw\" \/><\/a><\/p>\n","protected":false},"excerpt":{"rendered":"<p>El Ayuntamiento de Naut Aran trabaja durante estas semanas en la adecuaci\u00f3n definitiva del espacio de la piscina climatizada del municipio ubicada en Salard\u00fa para que se encuentre en perfectas condiciones de cara a su apertura, prevista para este pr\u00f3ximo viernes 6 de junio. En este sentido, desde el consistorio, se ofrecer\u00e1 la posibilidad de [&hellip;]<\/p>\n","protected":false},"author":4,"featured_media":23004,"comment_status":"closed","ping_status":"closed","sticky":false,"template":"","format":"standard","meta":{"_acf_changed":false,"_et_pb_use_builder":"","_et_pb_old_content":"","_et_gb_content_width":"","footnotes":""},"categories":[27,17,825,20,18,19],"tags":[],"class_list":["post-23011","post","type-post","status-publish","format-standard","has-post-thumbnail","hentry","category-destacado-portada","category-noticias","category-noticias-pueblo-salardu","category-accion-social","category-infraestructuras","category-turismo"],"acf":[],"yoast_head":"<!-- This site is optimized with the Yoast SEO plugin v26.8 - https:\/\/yoast.com\/product\/yoast-seo-wordpress\/ -->\n<title>Naut Aran abrir\u00e1 la piscina municipal el 6 de junio - Ajuntament de Naut Aran<\/title>\n<meta name=\"robots\" content=\"index, follow, max-snippet:-1, max-image-preview:large, max-video-preview:-1\" \/>\n<link rel=\"canonical\" href=\"https:\/\/www.nautaran.org\/es\/noticias\/naut-aran-abrira-la-piscina-municipal-el-6-de-junio\/\" \/>\n<meta property=\"og:locale\" content=\"es_ES\" \/>\n<meta property=\"og:type\" content=\"article\" \/>\n<meta property=\"og:title\" content=\"Naut Aran abrir\u00e1 la piscina municipal el 6 de junio - Ajuntament de Naut Aran\" \/>\n<meta property=\"og:description\" content=\"El Ayuntamiento de Naut Aran trabaja durante estas semanas en la adecuaci\u00f3n definitiva del espacio de la piscina climatizada del municipio ubicada en Salard\u00fa para que se encuentre en perfectas condiciones de cara a su apertura, prevista para este pr\u00f3ximo viernes 6 de junio. En este sentido, desde el consistorio, se ofrecer\u00e1 la posibilidad de [&hellip;]\" \/>\n<meta property=\"og:url\" content=\"https:\/\/www.nautaran.org\/es\/noticias\/naut-aran-abrira-la-piscina-municipal-el-6-de-junio\/\" \/>\n<meta property=\"og:site_name\" content=\"Ajuntament de Naut Aran\" \/>\n<meta property=\"article:published_time\" content=\"2025-06-03T12:32:44+00:00\" \/>\n<meta property=\"article:modified_time\" content=\"2025-06-03T12:35:20+00:00\" \/>\n<meta property=\"og:image\" content=\"https:\/\/www.nautaran.org\/wp-content\/uploads\/2025\/06\/Piscina-1024x768.jpg\" \/>\n\t<meta property=\"og:image:width\" content=\"1024\" \/>\n\t<meta property=\"og:image:height\" content=\"768\" \/>\n\t<meta property=\"og:image:type\" content=\"image\/jpeg\" \/>\n<meta name=\"author\" content=\"nautaran\" \/>\n<meta name=\"twitter:card\" content=\"summary_large_image\" \/>\n<meta name=\"twitter:label1\" content=\"Escrito por\" \/>\n\t<meta name=\"twitter:data1\" content=\"nautaran\" \/>\n\t<meta name=\"twitter:label2\" content=\"Tiempo de lectura\" \/>\n\t<meta name=\"twitter:data2\" content=\"2 minutos\" \/>\n<script type=\"application\/ld+json\" class=\"yoast-schema-graph\">{\"@context\":\"https:\/\/schema.org\",\"@graph\":[{\"@type\":\"Article\",\"@id\":\"https:\/\/www.nautaran.org\/es\/noticias\/naut-aran-abrira-la-piscina-municipal-el-6-de-junio\/#article\",\"isPartOf\":{\"@id\":\"https:\/\/www.nautaran.org\/es\/noticias\/naut-aran-abrira-la-piscina-municipal-el-6-de-junio\/\"},\"author\":{\"name\":\"nautaran\",\"@id\":\"https:\/\/www.nautaran.org\/#\/schema\/person\/d1534bc0cff9cbd7d1b5cfc12e946a35\"},\"headline\":\"Naut Aran abrir\u00e1 la piscina municipal el 6 de junio\",\"datePublished\":\"2025-06-03T12:32:44+00:00\",\"dateModified\":\"2025-06-03T12:35:20+00:00\",\"mainEntityOfPage\":{\"@id\":\"https:\/\/www.nautaran.org\/es\/noticias\/naut-aran-abrira-la-piscina-municipal-el-6-de-junio\/\"},\"wordCount\":327,\"image\":{\"@id\":\"https:\/\/www.nautaran.org\/es\/noticias\/naut-aran-abrira-la-piscina-municipal-el-6-de-junio\/#primaryimage\"},\"thumbnailUrl\":\"https:\/\/www.nautaran.org\/wp-content\/uploads\/2025\/06\/Piscina.jpg\",\"articleSection\":[\"Destacado portada\",\"Noticias\",\"Noticias Pueblo Salard\u00fa\",\"Noticias | Acci\u00f3n social\",\"Noticias | Infraestructuras\",\"Noticias | Turismo\"],\"inLanguage\":\"es\"},{\"@type\":\"WebPage\",\"@id\":\"https:\/\/www.nautaran.org\/es\/noticias\/naut-aran-abrira-la-piscina-municipal-el-6-de-junio\/\",\"url\":\"https:\/\/www.nautaran.org\/es\/noticias\/naut-aran-abrira-la-piscina-municipal-el-6-de-junio\/\",\"name\":\"Naut Aran abrir\u00e1 la piscina municipal el 6 de junio - Ajuntament de Naut Aran\",\"isPartOf\":{\"@id\":\"https:\/\/www.nautaran.org\/#website\"},\"primaryImageOfPage\":{\"@id\":\"https:\/\/www.nautaran.org\/es\/noticias\/naut-aran-abrira-la-piscina-municipal-el-6-de-junio\/#primaryimage\"},\"image\":{\"@id\":\"https:\/\/www.nautaran.org\/es\/noticias\/naut-aran-abrira-la-piscina-municipal-el-6-de-junio\/#primaryimage\"},\"thumbnailUrl\":\"https:\/\/www.nautaran.org\/wp-content\/uploads\/2025\/06\/Piscina.jpg\",\"datePublished\":\"2025-06-03T12:32:44+00:00\",\"dateModified\":\"2025-06-03T12:35:20+00:00\",\"author\":{\"@id\":\"https:\/\/www.nautaran.org\/#\/schema\/person\/d1534bc0cff9cbd7d1b5cfc12e946a35\"},\"breadcrumb\":{\"@id\":\"https:\/\/www.nautaran.org\/es\/noticias\/naut-aran-abrira-la-piscina-municipal-el-6-de-junio\/#breadcrumb\"},\"inLanguage\":\"es\",\"potentialAction\":[{\"@type\":\"ReadAction\",\"target\":[\"https:\/\/www.nautaran.org\/es\/noticias\/naut-aran-abrira-la-piscina-municipal-el-6-de-junio\/\"]}]},{\"@type\":\"ImageObject\",\"inLanguage\":\"es\",\"@id\":\"https:\/\/www.nautaran.org\/es\/noticias\/naut-aran-abrira-la-piscina-municipal-el-6-de-junio\/#primaryimage\",\"url\":\"https:\/\/www.nautaran.org\/wp-content\/uploads\/2025\/06\/Piscina.jpg\",\"contentUrl\":\"https:\/\/www.nautaran.org\/wp-content\/uploads\/2025\/06\/Piscina.jpg\",\"width\":4032,\"height\":3024},{\"@type\":\"BreadcrumbList\",\"@id\":\"https:\/\/www.nautaran.org\/es\/noticias\/naut-aran-abrira-la-piscina-municipal-el-6-de-junio\/#breadcrumb\",\"itemListElement\":[{\"@type\":\"ListItem\",\"position\":1,\"name\":\"Portada\",\"item\":\"https:\/\/www.nautaran.org\/es\/home-2\/\"},{\"@type\":\"ListItem\",\"position\":2,\"name\":\"Naut Aran abrir\u00e1 la piscina municipal el 6 de junio\"}]},{\"@type\":\"WebSite\",\"@id\":\"https:\/\/www.nautaran.org\/#website\",\"url\":\"https:\/\/www.nautaran.org\/\",\"name\":\"Ajuntament de Naut Aran\",\"description\":\"Naut Aran\",\"potentialAction\":[{\"@type\":\"SearchAction\",\"target\":{\"@type\":\"EntryPoint\",\"urlTemplate\":\"https:\/\/www.nautaran.org\/?s={search_term_string}\"},\"query-input\":{\"@type\":\"PropertyValueSpecification\",\"valueRequired\":true,\"valueName\":\"search_term_string\"}}],\"inLanguage\":\"es\"},{\"@type\":\"Person\",\"@id\":\"https:\/\/www.nautaran.org\/#\/schema\/person\/d1534bc0cff9cbd7d1b5cfc12e946a35\",\"name\":\"nautaran\",\"image\":{\"@type\":\"ImageObject\",\"inLanguage\":\"es\",\"@id\":\"https:\/\/www.nautaran.org\/#\/schema\/person\/image\/\",\"url\":\"https:\/\/secure.gravatar.com\/avatar\/80a09b1f8ae692a4acce17816a6597a844f3f59cda069b47a176c85e26e41c03?s=96&d=mm&r=g\",\"contentUrl\":\"https:\/\/secure.gravatar.com\/avatar\/80a09b1f8ae692a4acce17816a6597a844f3f59cda069b47a176c85e26e41c03?s=96&d=mm&r=g\",\"caption\":\"nautaran\"},\"url\":\"https:\/\/www.nautaran.org\/es\/author\/nautaran\/\"}]}<\/script>\n<!-- \/ Yoast SEO plugin. -->","yoast_head_json":{"title":"Naut Aran abrir\u00e1 la piscina municipal el 6 de junio - Ajuntament de Naut Aran","robots":{"index":"index","follow":"follow","max-snippet":"max-snippet:-1","max-image-preview":"max-image-preview:large","max-video-preview":"max-video-preview:-1"},"canonical":"https:\/\/www.nautaran.org\/es\/noticias\/naut-aran-abrira-la-piscina-municipal-el-6-de-junio\/","og_locale":"es_ES","og_type":"article","og_title":"Naut Aran abrir\u00e1 la piscina municipal el 6 de junio - Ajuntament de Naut Aran","og_description":"El Ayuntamiento de Naut Aran trabaja durante estas semanas en la adecuaci\u00f3n definitiva del espacio de la piscina climatizada del municipio ubicada en Salard\u00fa para que se encuentre en perfectas condiciones de cara a su apertura, prevista para este pr\u00f3ximo viernes 6 de junio. En este sentido, desde el consistorio, se ofrecer\u00e1 la posibilidad de [&hellip;]","og_url":"https:\/\/www.nautaran.org\/es\/noticias\/naut-aran-abrira-la-piscina-municipal-el-6-de-junio\/","og_site_name":"Ajuntament de Naut Aran","article_published_time":"2025-06-03T12:32:44+00:00","article_modified_time":"2025-06-03T12:35:20+00:00","og_image":[{"width":1024,"height":768,"url":"https:\/\/www.nautaran.org\/wp-content\/uploads\/2025\/06\/Piscina-1024x768.jpg","type":"image\/jpeg"}],"author":"nautaran","twitter_card":"summary_large_image","twitter_misc":{"Escrito por":"nautaran","Tiempo de lectura":"2 minutos"},"schema":{"@context":"https:\/\/schema.org","@graph":[{"@type":"Article","@id":"https:\/\/www.nautaran.org\/es\/noticias\/naut-aran-abrira-la-piscina-municipal-el-6-de-junio\/#article","isPartOf":{"@id":"https:\/\/www.nautaran.org\/es\/noticias\/naut-aran-abrira-la-piscina-municipal-el-6-de-junio\/"},"author":{"name":"nautaran","@id":"https:\/\/www.nautaran.org\/#\/schema\/person\/d1534bc0cff9cbd7d1b5cfc12e946a35"},"headline":"Naut Aran abrir\u00e1 la piscina municipal el 6 de junio","datePublished":"2025-06-03T12:32:44+00:00","dateModified":"2025-06-03T12:35:20+00:00","mainEntityOfPage":{"@id":"https:\/\/www.nautaran.org\/es\/noticias\/naut-aran-abrira-la-piscina-municipal-el-6-de-junio\/"},"wordCount":327,"image":{"@id":"https:\/\/www.nautaran.org\/es\/noticias\/naut-aran-abrira-la-piscina-municipal-el-6-de-junio\/#primaryimage"},"thumbnailUrl":"https:\/\/www.nautaran.org\/wp-content\/uploads\/2025\/06\/Piscina.jpg","articleSection":["Destacado portada","Noticias","Noticias Pueblo Salard\u00fa","Noticias | Acci\u00f3n social","Noticias | Infraestructuras","Noticias | Turismo"],"inLanguage":"es"},{"@type":"WebPage","@id":"https:\/\/www.nautaran.org\/es\/noticias\/naut-aran-abrira-la-piscina-municipal-el-6-de-junio\/","url":"https:\/\/www.nautaran.org\/es\/noticias\/naut-aran-abrira-la-piscina-municipal-el-6-de-junio\/","name":"Naut Aran abrir\u00e1 la piscina municipal el 6 de junio - Ajuntament de Naut Aran","isPartOf":{"@id":"https:\/\/www.nautaran.org\/#website"},"primaryImageOfPage":{"@id":"https:\/\/www.nautaran.org\/es\/noticias\/naut-aran-abrira-la-piscina-municipal-el-6-de-junio\/#primaryimage"},"image":{"@id":"https:\/\/www.nautaran.org\/es\/noticias\/naut-aran-abrira-la-piscina-municipal-el-6-de-junio\/#primaryimage"},"thumbnailUrl":"https:\/\/www.nautaran.org\/wp-content\/uploads\/2025\/06\/Piscina.jpg","datePublished":"2025-06-03T12:32:44+00:00","dateModified":"2025-06-03T12:35:20+00:00","author":{"@id":"https:\/\/www.nautaran.org\/#\/schema\/person\/d1534bc0cff9cbd7d1b5cfc12e946a35"},"breadcrumb":{"@id":"https:\/\/www.nautaran.org\/es\/noticias\/naut-aran-abrira-la-piscina-municipal-el-6-de-junio\/#breadcrumb"},"inLanguage":"es","potentialAction":[{"@type":"ReadAction","target":["https:\/\/www.nautaran.org\/es\/noticias\/naut-aran-abrira-la-piscina-municipal-el-6-de-junio\/"]}]},{"@type":"ImageObject","inLanguage":"es","@id":"https:\/\/www.nautaran.org\/es\/noticias\/naut-aran-abrira-la-piscina-municipal-el-6-de-junio\/#primaryimage","url":"https:\/\/www.nautaran.org\/wp-content\/uploads\/2025\/06\/Piscina.jpg","contentUrl":"https:\/\/www.nautaran.org\/wp-content\/uploads\/2025\/06\/Piscina.jpg","width":4032,"height":3024},{"@type":"BreadcrumbList","@id":"https:\/\/www.nautaran.org\/es\/noticias\/naut-aran-abrira-la-piscina-municipal-el-6-de-junio\/#breadcrumb","itemListElement":[{"@type":"ListItem","position":1,"name":"Portada","item":"https:\/\/www.nautaran.org\/es\/home-2\/"},{"@type":"ListItem","position":2,"name":"Naut Aran abrir\u00e1 la piscina municipal el 6 de junio"}]},{"@type":"WebSite","@id":"https:\/\/www.nautaran.org\/#website","url":"https:\/\/www.nautaran.org\/","name":"Ajuntament de Naut Aran","description":"Naut Aran","potentialAction":[{"@type":"SearchAction","target":{"@type":"EntryPoint","urlTemplate":"https:\/\/www.nautaran.org\/?s={search_term_string}"},"query-input":{"@type":"PropertyValueSpecification","valueRequired":true,"valueName":"search_term_string"}}],"inLanguage":"es"},{"@type":"Person","@id":"https:\/\/www.nautaran.org\/#\/schema\/person\/d1534bc0cff9cbd7d1b5cfc12e946a35","name":"nautaran","image":{"@type":"ImageObject","inLanguage":"es","@id":"https:\/\/www.nautaran.org\/#\/schema\/person\/image\/","url":"https:\/\/secure.gravatar.com\/avatar\/80a09b1f8ae692a4acce17816a6597a844f3f59cda069b47a176c85e26e41c03?s=96&d=mm&r=g","contentUrl":"https:\/\/secure.gravatar.com\/avatar\/80a09b1f8ae692a4acce17816a6597a844f3f59cda069b47a176c85e26e41c03?s=96&d=mm&r=g","caption":"nautaran"},"url":"https:\/\/www.nautaran.org\/es\/author\/nautaran\/"}]}},"_links":{"self":[{"href":"https:\/\/www.nautaran.org\/es\/wp-json\/wp\/v2\/posts\/23011","targetHints":{"allow":["GET"]}}],"collection":[{"href":"https:\/\/www.nautaran.org\/es\/wp-json\/wp\/v2\/posts"}],"about":[{"href":"https:\/\/www.nautaran.org\/es\/wp-json\/wp\/v2\/types\/post"}],"author":[{"embeddable":true,"href":"https:\/\/www.nautaran.org\/es\/wp-json\/wp\/v2\/users\/4"}],"replies":[{"embeddable":true,"href":"https:\/\/www.nautaran.org\/es\/wp-json\/wp\/v2\/comments?post=23011"}],"version-history":[{"count":1,"href":"https:\/\/www.nautaran.org\/es\/wp-json\/wp\/v2\/posts\/23011\/revisions"}],"predecessor-version":[{"id":23013,"href":"https:\/\/www.nautaran.org\/es\/wp-json\/wp\/v2\/posts\/23011\/revisions\/23013"}],"wp:featuredmedia":[{"embeddable":true,"href":"https:\/\/www.nautaran.org\/es\/wp-json\/wp\/v2\/media\/23004"}],"wp:attachment":[{"href":"https:\/\/www.nautaran.org\/es\/wp-json\/wp\/v2\/media?parent=23011"}],"wp:term":[{"taxonomy":"category","embeddable":true,"href":"https:\/\/www.nautaran.org\/es\/wp-json\/wp\/v2\/categories?post=23011"},{"taxonomy":"post_tag","embeddable":true,"href":"https:\/\/www.nautaran.org\/es\/wp-json\/wp\/v2\/tags?post=23011"}],"curies":[{"name":"wp","href":"https:\/\/api.w.org\/{rel}","templated":true}]}}