{"id":24192,"date":"2025-09-04T09:48:52","date_gmt":"2025-09-04T08:48:52","guid":{"rendered":"https:\/\/www.nautaran.org\/sin-categoria\/trabalhs-de-prevencion-dauant-daiguats-en-arriu-garona-en-salardu-e-tredos\/"},"modified":"2025-09-04T09:54:02","modified_gmt":"2025-09-04T08:54:02","slug":"trabajos-de-prevencion-de-inundaciones-en-los-entornos-de-salardu-y-tredos","status":"publish","type":"post","link":"https:\/\/www.nautaran.org\/es\/noticias\/trabajos-de-prevencion-de-inundaciones-en-los-entornos-de-salardu-y-tredos\/","title":{"rendered":"Trabajos de prevenci\u00f3n de inundaciones en los entornos de Salard\u00fa y Tred\u00f2s"},"content":{"rendered":"<p>Estos d\u00edas con personal propio del ayuntamiento hemos empezado a desbrozar toda la zona del casco urbano del r\u00edo Garona a su paso por la poblaci\u00f3n de Salard\u00fa.<\/p>\n<p>Desde el consistorio, contamos con el benepl\u00e1cito de la Agencia Catalana del Agua, la Confederaci\u00f3n Hidrogr\u00e1fica del Ebro as\u00ed como el informe de Medio ambiente del Conselh Generau para llevar adelante esta acci\u00f3n. Tenemos una subvenci\u00f3n del ACA para hacer los trabajos.<\/p>\n<p>Una vez ejecutado este tramo urbano en la zona de Salard\u00fa, nos desplazaremos hasta Tred\u00f2s para hacer tambi\u00e9n la limpieza de estos entornos. Con esta actuaci\u00f3n nos aseguramos de tener el cauce del r\u00edo en buenas condiciones por si hubieran incrementos del caudal de agua y no puedan producirse mayores incidencias.<\/p>\n","protected":false},"excerpt":{"rendered":"<p>Estos d\u00edas con personal propio del ayuntamiento hemos empezado a desbrozar toda la zona del casco urbano del r\u00edo Garona a su paso por la poblaci\u00f3n de Salard\u00fa. Desde el consistorio, contamos con el benepl\u00e1cito de la Agencia Catalana del Agua, la Confederaci\u00f3n Hidrogr\u00e1fica del Ebro as\u00ed como el informe de Medio ambiente del Conselh [&hellip;]<\/p>\n","protected":false},"author":4,"featured_media":24189,"comment_status":"closed","ping_status":"closed","sticky":false,"template":"","format":"standard","meta":{"_acf_changed":false,"_et_pb_use_builder":"","_et_pb_old_content":"","_et_gb_content_width":"","footnotes":""},"categories":[27,17,825,828,23],"tags":[],"class_list":["post-24192","post","type-post","status-publish","format-standard","has-post-thumbnail","hentry","category-destacado-portada","category-noticias","category-noticias-pueblo-salardu","category-noticias-pueblo-tredos","category-medio-natural"],"acf":[],"yoast_head":"<!-- This site is optimized with the Yoast SEO plugin v26.8 - https:\/\/yoast.com\/product\/yoast-seo-wordpress\/ -->\n<title>Trabajos de prevenci\u00f3n de inundaciones en los entornos de Salard\u00fa y Tred\u00f2s - Ajuntament de Naut Aran<\/title>\n<meta name=\"robots\" content=\"index, follow, max-snippet:-1, max-image-preview:large, max-video-preview:-1\" \/>\n<link rel=\"canonical\" href=\"https:\/\/www.nautaran.org\/es\/noticias\/trabajos-de-prevencion-de-inundaciones-en-los-entornos-de-salardu-y-tredos\/\" \/>\n<meta property=\"og:locale\" content=\"es_ES\" \/>\n<meta property=\"og:type\" content=\"article\" \/>\n<meta property=\"og:title\" content=\"Trabajos de prevenci\u00f3n de inundaciones en los entornos de Salard\u00fa y Tred\u00f2s - Ajuntament de Naut Aran\" \/>\n<meta property=\"og:description\" content=\"Estos d\u00edas con personal propio del ayuntamiento hemos empezado a desbrozar toda la zona del casco urbano del r\u00edo Garona a su paso por la poblaci\u00f3n de Salard\u00fa. Desde el consistorio, contamos con el benepl\u00e1cito de la Agencia Catalana del Agua, la Confederaci\u00f3n Hidrogr\u00e1fica del Ebro as\u00ed como el informe de Medio ambiente del Conselh [&hellip;]\" \/>\n<meta property=\"og:url\" content=\"https:\/\/www.nautaran.org\/es\/noticias\/trabajos-de-prevencion-de-inundaciones-en-los-entornos-de-salardu-y-tredos\/\" \/>\n<meta property=\"og:site_name\" content=\"Ajuntament de Naut Aran\" \/>\n<meta property=\"article:published_time\" content=\"2025-09-04T08:48:52+00:00\" \/>\n<meta property=\"article:modified_time\" content=\"2025-09-04T08:54:02+00:00\" \/>\n<meta property=\"og:image\" content=\"https:\/\/www.nautaran.org\/wp-content\/uploads\/2025\/09\/C15D13A8-23A7-4723-BE20-4D33DCBEC8B7.jpg\" \/>\n\t<meta property=\"og:image:width\" content=\"1200\" \/>\n\t<meta property=\"og:image:height\" content=\"1500\" \/>\n\t<meta property=\"og:image:type\" content=\"image\/jpeg\" \/>\n<meta name=\"author\" content=\"nautaran\" \/>\n<meta name=\"twitter:card\" content=\"summary_large_image\" \/>\n<meta name=\"twitter:label1\" content=\"Escrito por\" \/>\n\t<meta name=\"twitter:data1\" content=\"nautaran\" \/>\n\t<meta name=\"twitter:label2\" content=\"Tiempo de lectura\" \/>\n\t<meta name=\"twitter:data2\" content=\"1 minuto\" \/>\n<script type=\"application\/ld+json\" class=\"yoast-schema-graph\">{\"@context\":\"https:\/\/schema.org\",\"@graph\":[{\"@type\":\"Article\",\"@id\":\"https:\/\/www.nautaran.org\/es\/noticias\/trabajos-de-prevencion-de-inundaciones-en-los-entornos-de-salardu-y-tredos\/#article\",\"isPartOf\":{\"@id\":\"https:\/\/www.nautaran.org\/es\/noticias\/trabajos-de-prevencion-de-inundaciones-en-los-entornos-de-salardu-y-tredos\/\"},\"author\":{\"name\":\"nautaran\",\"@id\":\"https:\/\/www.nautaran.org\/#\/schema\/person\/d1534bc0cff9cbd7d1b5cfc12e946a35\"},\"headline\":\"Trabajos de prevenci\u00f3n de inundaciones en los entornos de Salard\u00fa y Tred\u00f2s\",\"datePublished\":\"2025-09-04T08:48:52+00:00\",\"dateModified\":\"2025-09-04T08:54:02+00:00\",\"mainEntityOfPage\":{\"@id\":\"https:\/\/www.nautaran.org\/es\/noticias\/trabajos-de-prevencion-de-inundaciones-en-los-entornos-de-salardu-y-tredos\/\"},\"wordCount\":147,\"image\":{\"@id\":\"https:\/\/www.nautaran.org\/es\/noticias\/trabajos-de-prevencion-de-inundaciones-en-los-entornos-de-salardu-y-tredos\/#primaryimage\"},\"thumbnailUrl\":\"https:\/\/www.nautaran.org\/wp-content\/uploads\/2025\/09\/C15D13A8-23A7-4723-BE20-4D33DCBEC8B7.jpg\",\"articleSection\":[\"Destacado portada\",\"Noticias\",\"Noticias Pueblo Salard\u00fa\",\"Noticias Pueblo Tred\u00f2s\",\"Noticias | Medio Natural\"],\"inLanguage\":\"es\"},{\"@type\":\"WebPage\",\"@id\":\"https:\/\/www.nautaran.org\/es\/noticias\/trabajos-de-prevencion-de-inundaciones-en-los-entornos-de-salardu-y-tredos\/\",\"url\":\"https:\/\/www.nautaran.org\/es\/noticias\/trabajos-de-prevencion-de-inundaciones-en-los-entornos-de-salardu-y-tredos\/\",\"name\":\"Trabajos de prevenci\u00f3n de inundaciones en los entornos de Salard\u00fa y Tred\u00f2s - Ajuntament de Naut Aran\",\"isPartOf\":{\"@id\":\"https:\/\/www.nautaran.org\/#website\"},\"primaryImageOfPage\":{\"@id\":\"https:\/\/www.nautaran.org\/es\/noticias\/trabajos-de-prevencion-de-inundaciones-en-los-entornos-de-salardu-y-tredos\/#primaryimage\"},\"image\":{\"@id\":\"https:\/\/www.nautaran.org\/es\/noticias\/trabajos-de-prevencion-de-inundaciones-en-los-entornos-de-salardu-y-tredos\/#primaryimage\"},\"thumbnailUrl\":\"https:\/\/www.nautaran.org\/wp-content\/uploads\/2025\/09\/C15D13A8-23A7-4723-BE20-4D33DCBEC8B7.jpg\",\"datePublished\":\"2025-09-04T08:48:52+00:00\",\"dateModified\":\"2025-09-04T08:54:02+00:00\",\"author\":{\"@id\":\"https:\/\/www.nautaran.org\/#\/schema\/person\/d1534bc0cff9cbd7d1b5cfc12e946a35\"},\"breadcrumb\":{\"@id\":\"https:\/\/www.nautaran.org\/es\/noticias\/trabajos-de-prevencion-de-inundaciones-en-los-entornos-de-salardu-y-tredos\/#breadcrumb\"},\"inLanguage\":\"es\",\"potentialAction\":[{\"@type\":\"ReadAction\",\"target\":[\"https:\/\/www.nautaran.org\/es\/noticias\/trabajos-de-prevencion-de-inundaciones-en-los-entornos-de-salardu-y-tredos\/\"]}]},{\"@type\":\"ImageObject\",\"inLanguage\":\"es\",\"@id\":\"https:\/\/www.nautaran.org\/es\/noticias\/trabajos-de-prevencion-de-inundaciones-en-los-entornos-de-salardu-y-tredos\/#primaryimage\",\"url\":\"https:\/\/www.nautaran.org\/wp-content\/uploads\/2025\/09\/C15D13A8-23A7-4723-BE20-4D33DCBEC8B7.jpg\",\"contentUrl\":\"https:\/\/www.nautaran.org\/wp-content\/uploads\/2025\/09\/C15D13A8-23A7-4723-BE20-4D33DCBEC8B7.jpg\",\"width\":1200,\"height\":1500},{\"@type\":\"BreadcrumbList\",\"@id\":\"https:\/\/www.nautaran.org\/es\/noticias\/trabajos-de-prevencion-de-inundaciones-en-los-entornos-de-salardu-y-tredos\/#breadcrumb\",\"itemListElement\":[{\"@type\":\"ListItem\",\"position\":1,\"name\":\"Portada\",\"item\":\"https:\/\/www.nautaran.org\/es\/home-2\/\"},{\"@type\":\"ListItem\",\"position\":2,\"name\":\"Trabajos de prevenci\u00f3n de inundaciones en los entornos de Salard\u00fa y Tred\u00f2s\"}]},{\"@type\":\"WebSite\",\"@id\":\"https:\/\/www.nautaran.org\/#website\",\"url\":\"https:\/\/www.nautaran.org\/\",\"name\":\"Ajuntament de Naut Aran\",\"description\":\"Naut Aran\",\"potentialAction\":[{\"@type\":\"SearchAction\",\"target\":{\"@type\":\"EntryPoint\",\"urlTemplate\":\"https:\/\/www.nautaran.org\/?s={search_term_string}\"},\"query-input\":{\"@type\":\"PropertyValueSpecification\",\"valueRequired\":true,\"valueName\":\"search_term_string\"}}],\"inLanguage\":\"es\"},{\"@type\":\"Person\",\"@id\":\"https:\/\/www.nautaran.org\/#\/schema\/person\/d1534bc0cff9cbd7d1b5cfc12e946a35\",\"name\":\"nautaran\",\"image\":{\"@type\":\"ImageObject\",\"inLanguage\":\"es\",\"@id\":\"https:\/\/www.nautaran.org\/#\/schema\/person\/image\/\",\"url\":\"https:\/\/secure.gravatar.com\/avatar\/80a09b1f8ae692a4acce17816a6597a844f3f59cda069b47a176c85e26e41c03?s=96&d=mm&r=g\",\"contentUrl\":\"https:\/\/secure.gravatar.com\/avatar\/80a09b1f8ae692a4acce17816a6597a844f3f59cda069b47a176c85e26e41c03?s=96&d=mm&r=g\",\"caption\":\"nautaran\"},\"url\":\"https:\/\/www.nautaran.org\/es\/author\/nautaran\/\"}]}<\/script>\n<!-- \/ Yoast SEO plugin. -->","yoast_head_json":{"title":"Trabajos de prevenci\u00f3n de inundaciones en los entornos de Salard\u00fa y Tred\u00f2s - Ajuntament de Naut Aran","robots":{"index":"index","follow":"follow","max-snippet":"max-snippet:-1","max-image-preview":"max-image-preview:large","max-video-preview":"max-video-preview:-1"},"canonical":"https:\/\/www.nautaran.org\/es\/noticias\/trabajos-de-prevencion-de-inundaciones-en-los-entornos-de-salardu-y-tredos\/","og_locale":"es_ES","og_type":"article","og_title":"Trabajos de prevenci\u00f3n de inundaciones en los entornos de Salard\u00fa y Tred\u00f2s - Ajuntament de Naut Aran","og_description":"Estos d\u00edas con personal propio del ayuntamiento hemos empezado a desbrozar toda la zona del casco urbano del r\u00edo Garona a su paso por la poblaci\u00f3n de Salard\u00fa. Desde el consistorio, contamos con el benepl\u00e1cito de la Agencia Catalana del Agua, la Confederaci\u00f3n Hidrogr\u00e1fica del Ebro as\u00ed como el informe de Medio ambiente del Conselh [&hellip;]","og_url":"https:\/\/www.nautaran.org\/es\/noticias\/trabajos-de-prevencion-de-inundaciones-en-los-entornos-de-salardu-y-tredos\/","og_site_name":"Ajuntament de Naut Aran","article_published_time":"2025-09-04T08:48:52+00:00","article_modified_time":"2025-09-04T08:54:02+00:00","og_image":[{"width":1200,"height":1500,"url":"https:\/\/www.nautaran.org\/wp-content\/uploads\/2025\/09\/C15D13A8-23A7-4723-BE20-4D33DCBEC8B7.jpg","type":"image\/jpeg"}],"author":"nautaran","twitter_card":"summary_large_image","twitter_misc":{"Escrito por":"nautaran","Tiempo de lectura":"1 minuto"},"schema":{"@context":"https:\/\/schema.org","@graph":[{"@type":"Article","@id":"https:\/\/www.nautaran.org\/es\/noticias\/trabajos-de-prevencion-de-inundaciones-en-los-entornos-de-salardu-y-tredos\/#article","isPartOf":{"@id":"https:\/\/www.nautaran.org\/es\/noticias\/trabajos-de-prevencion-de-inundaciones-en-los-entornos-de-salardu-y-tredos\/"},"author":{"name":"nautaran","@id":"https:\/\/www.nautaran.org\/#\/schema\/person\/d1534bc0cff9cbd7d1b5cfc12e946a35"},"headline":"Trabajos de prevenci\u00f3n de inundaciones en los entornos de Salard\u00fa y Tred\u00f2s","datePublished":"2025-09-04T08:48:52+00:00","dateModified":"2025-09-04T08:54:02+00:00","mainEntityOfPage":{"@id":"https:\/\/www.nautaran.org\/es\/noticias\/trabajos-de-prevencion-de-inundaciones-en-los-entornos-de-salardu-y-tredos\/"},"wordCount":147,"image":{"@id":"https:\/\/www.nautaran.org\/es\/noticias\/trabajos-de-prevencion-de-inundaciones-en-los-entornos-de-salardu-y-tredos\/#primaryimage"},"thumbnailUrl":"https:\/\/www.nautaran.org\/wp-content\/uploads\/2025\/09\/C15D13A8-23A7-4723-BE20-4D33DCBEC8B7.jpg","articleSection":["Destacado portada","Noticias","Noticias Pueblo Salard\u00fa","Noticias Pueblo Tred\u00f2s","Noticias | Medio Natural"],"inLanguage":"es"},{"@type":"WebPage","@id":"https:\/\/www.nautaran.org\/es\/noticias\/trabajos-de-prevencion-de-inundaciones-en-los-entornos-de-salardu-y-tredos\/","url":"https:\/\/www.nautaran.org\/es\/noticias\/trabajos-de-prevencion-de-inundaciones-en-los-entornos-de-salardu-y-tredos\/","name":"Trabajos de prevenci\u00f3n de inundaciones en los entornos de Salard\u00fa y Tred\u00f2s - Ajuntament de Naut Aran","isPartOf":{"@id":"https:\/\/www.nautaran.org\/#website"},"primaryImageOfPage":{"@id":"https:\/\/www.nautaran.org\/es\/noticias\/trabajos-de-prevencion-de-inundaciones-en-los-entornos-de-salardu-y-tredos\/#primaryimage"},"image":{"@id":"https:\/\/www.nautaran.org\/es\/noticias\/trabajos-de-prevencion-de-inundaciones-en-los-entornos-de-salardu-y-tredos\/#primaryimage"},"thumbnailUrl":"https:\/\/www.nautaran.org\/wp-content\/uploads\/2025\/09\/C15D13A8-23A7-4723-BE20-4D33DCBEC8B7.jpg","datePublished":"2025-09-04T08:48:52+00:00","dateModified":"2025-09-04T08:54:02+00:00","author":{"@id":"https:\/\/www.nautaran.org\/#\/schema\/person\/d1534bc0cff9cbd7d1b5cfc12e946a35"},"breadcrumb":{"@id":"https:\/\/www.nautaran.org\/es\/noticias\/trabajos-de-prevencion-de-inundaciones-en-los-entornos-de-salardu-y-tredos\/#breadcrumb"},"inLanguage":"es","potentialAction":[{"@type":"ReadAction","target":["https:\/\/www.nautaran.org\/es\/noticias\/trabajos-de-prevencion-de-inundaciones-en-los-entornos-de-salardu-y-tredos\/"]}]},{"@type":"ImageObject","inLanguage":"es","@id":"https:\/\/www.nautaran.org\/es\/noticias\/trabajos-de-prevencion-de-inundaciones-en-los-entornos-de-salardu-y-tredos\/#primaryimage","url":"https:\/\/www.nautaran.org\/wp-content\/uploads\/2025\/09\/C15D13A8-23A7-4723-BE20-4D33DCBEC8B7.jpg","contentUrl":"https:\/\/www.nautaran.org\/wp-content\/uploads\/2025\/09\/C15D13A8-23A7-4723-BE20-4D33DCBEC8B7.jpg","width":1200,"height":1500},{"@type":"BreadcrumbList","@id":"https:\/\/www.nautaran.org\/es\/noticias\/trabajos-de-prevencion-de-inundaciones-en-los-entornos-de-salardu-y-tredos\/#breadcrumb","itemListElement":[{"@type":"ListItem","position":1,"name":"Portada","item":"https:\/\/www.nautaran.org\/es\/home-2\/"},{"@type":"ListItem","position":2,"name":"Trabajos de prevenci\u00f3n de inundaciones en los entornos de Salard\u00fa y Tred\u00f2s"}]},{"@type":"WebSite","@id":"https:\/\/www.nautaran.org\/#website","url":"https:\/\/www.nautaran.org\/","name":"Ajuntament de Naut Aran","description":"Naut Aran","potentialAction":[{"@type":"SearchAction","target":{"@type":"EntryPoint","urlTemplate":"https:\/\/www.nautaran.org\/?s={search_term_string}"},"query-input":{"@type":"PropertyValueSpecification","valueRequired":true,"valueName":"search_term_string"}}],"inLanguage":"es"},{"@type":"Person","@id":"https:\/\/www.nautaran.org\/#\/schema\/person\/d1534bc0cff9cbd7d1b5cfc12e946a35","name":"nautaran","image":{"@type":"ImageObject","inLanguage":"es","@id":"https:\/\/www.nautaran.org\/#\/schema\/person\/image\/","url":"https:\/\/secure.gravatar.com\/avatar\/80a09b1f8ae692a4acce17816a6597a844f3f59cda069b47a176c85e26e41c03?s=96&d=mm&r=g","contentUrl":"https:\/\/secure.gravatar.com\/avatar\/80a09b1f8ae692a4acce17816a6597a844f3f59cda069b47a176c85e26e41c03?s=96&d=mm&r=g","caption":"nautaran"},"url":"https:\/\/www.nautaran.org\/es\/author\/nautaran\/"}]}},"_links":{"self":[{"href":"https:\/\/www.nautaran.org\/es\/wp-json\/wp\/v2\/posts\/24192","targetHints":{"allow":["GET"]}}],"collection":[{"href":"https:\/\/www.nautaran.org\/es\/wp-json\/wp\/v2\/posts"}],"about":[{"href":"https:\/\/www.nautaran.org\/es\/wp-json\/wp\/v2\/types\/post"}],"author":[{"embeddable":true,"href":"https:\/\/www.nautaran.org\/es\/wp-json\/wp\/v2\/users\/4"}],"replies":[{"embeddable":true,"href":"https:\/\/www.nautaran.org\/es\/wp-json\/wp\/v2\/comments?post=24192"}],"version-history":[{"count":2,"href":"https:\/\/www.nautaran.org\/es\/wp-json\/wp\/v2\/posts\/24192\/revisions"}],"predecessor-version":[{"id":24196,"href":"https:\/\/www.nautaran.org\/es\/wp-json\/wp\/v2\/posts\/24192\/revisions\/24196"}],"wp:featuredmedia":[{"embeddable":true,"href":"https:\/\/www.nautaran.org\/es\/wp-json\/wp\/v2\/media\/24189"}],"wp:attachment":[{"href":"https:\/\/www.nautaran.org\/es\/wp-json\/wp\/v2\/media?parent=24192"}],"wp:term":[{"taxonomy":"category","embeddable":true,"href":"https:\/\/www.nautaran.org\/es\/wp-json\/wp\/v2\/categories?post=24192"},{"taxonomy":"post_tag","embeddable":true,"href":"https:\/\/www.nautaran.org\/es\/wp-json\/wp\/v2\/tags?post=24192"}],"curies":[{"name":"wp","href":"https:\/\/api.w.org\/{rel}","templated":true}]}}