{"id":25116,"date":"2025-12-04T19:51:54","date_gmt":"2025-12-04T18:51:54","guid":{"rendered":"https:\/\/www.nautaran.org\/sin-categoria\/arties-enlumene-eth-ceu-aguest-diuendres-5-de-deseme\/"},"modified":"2025-12-04T19:54:06","modified_gmt":"2025-12-04T18:54:06","slug":"arties-ilumina-el-cielo-este-viernes-5-de-diciembre","status":"publish","type":"post","link":"https:\/\/www.nautaran.org\/es\/noticias\/arties-ilumina-el-cielo-este-viernes-5-de-diciembre\/","title":{"rendered":"Arties ilumina el cielo este viernes 5 de diciembre"},"content":{"rendered":"<p>La asociaci\u00f3n de comerciantes de Arties junto con la EMD de Arties e Gar\u00f2s dar\u00e1n por iniciadas las fiestas de Navidad a partir de este viernes 5 de diciembre con el encendido del \u00e1rbol de Navidad junto con el lanzamiento de farolillos al cielo, una de las acciones m\u00e1s espectaculares y presenciadas por m\u00e1s personas.<\/p>\n<p>Este acontecimiento, que tiene lugar en la Plaza Ortau de Arties, acerca a centenares de personas venidas del propio municipio de Naut Aran, as\u00ed como el resto del Valle de Ar\u00e1n o de otros puntos del territorio. La magia y simbolismo que se genera a lo largo de esta tradici\u00f3n, hace venir a un p\u00fablico familiar que disfruta de una forma diferente del inicio de la temporada. El acto arrancar\u00e1 a las 18:30 con una muestra de bailes araneses ofrecidos por el grupo de baile \u2018Es Fradins de Vielha\u2019, que ejectuar\u00e1n un conjunto de bailes hasta las 19:00 de la tarde. Ser\u00e1 entonces que llegar\u00e1 el gran momento de la tarde, cuando ya la oscuridad habr\u00e1 aumentado, y se encender\u00e1 el \u00e1rbol y se proceder\u00e1 al lanzamiento de farolillos al cielo ofreciendo una espectacular y bonita imagen.<\/p>\n<p>La alcaldesa de la EMD de Arties e Gar\u00f3s, Lina Fanlo destaca que \u201cesta jornada no puede llegar en un mejor momento. Es fant\u00e1stico empezar y dar el inicio a una nueva temporada de invierno con nuestras monta\u00f1as llenas de nieve y con el fr\u00edo. Hay una gran sensaci\u00f3n que ser\u00e1 una excelente temporada de esqu\u00ed. Quiero invitar a todos los vecinos, personas de la Valle y resto de lugares que descubran Arties, que vengan a disfrutar del acontecimiento porque es una de las acciones m\u00e1s emblem\u00e1ticas del a\u00f1o\u201d.<\/p>\n","protected":false},"excerpt":{"rendered":"<p>La asociaci\u00f3n de comerciantes de Arties junto con la EMD de Arties e Gar\u00f2s dar\u00e1n por iniciadas las fiestas de Navidad a partir de este viernes 5 de diciembre con el encendido del \u00e1rbol de Navidad junto con el lanzamiento de farolillos al cielo, una de las acciones m\u00e1s espectaculares y presenciadas por m\u00e1s personas. [&hellip;]<\/p>\n","protected":false},"author":4,"featured_media":25113,"comment_status":"closed","ping_status":"closed","sticky":false,"template":"","format":"standard","meta":{"_acf_changed":false,"_et_pb_use_builder":"","_et_pb_old_content":"","_et_gb_content_width":"","footnotes":""},"categories":[27,17,823,20,19],"tags":[854,975],"class_list":["post-25116","post","type-post","status-publish","format-standard","has-post-thumbnail","hentry","category-destacado-portada","category-noticias","category-noticias-pueblo-arties","category-accion-social","category-turismo","tag-arties-es","tag-lancament-de-fanaus-es"],"acf":[],"yoast_head":"<!-- This site is optimized with the Yoast SEO plugin v26.8 - https:\/\/yoast.com\/product\/yoast-seo-wordpress\/ -->\n<title>Arties ilumina el cielo este viernes 5 de diciembre - Ajuntament de Naut Aran<\/title>\n<meta name=\"robots\" content=\"index, follow, max-snippet:-1, max-image-preview:large, max-video-preview:-1\" \/>\n<link rel=\"canonical\" href=\"https:\/\/www.nautaran.org\/es\/noticias\/arties-ilumina-el-cielo-este-viernes-5-de-diciembre\/\" \/>\n<meta property=\"og:locale\" content=\"es_ES\" \/>\n<meta property=\"og:type\" content=\"article\" \/>\n<meta property=\"og:title\" content=\"Arties ilumina el cielo este viernes 5 de diciembre - Ajuntament de Naut Aran\" \/>\n<meta property=\"og:description\" content=\"La asociaci\u00f3n de comerciantes de Arties junto con la EMD de Arties e Gar\u00f2s dar\u00e1n por iniciadas las fiestas de Navidad a partir de este viernes 5 de diciembre con el encendido del \u00e1rbol de Navidad junto con el lanzamiento de farolillos al cielo, una de las acciones m\u00e1s espectaculares y presenciadas por m\u00e1s personas. [&hellip;]\" \/>\n<meta property=\"og:url\" content=\"https:\/\/www.nautaran.org\/es\/noticias\/arties-ilumina-el-cielo-este-viernes-5-de-diciembre\/\" \/>\n<meta property=\"og:site_name\" content=\"Ajuntament de Naut Aran\" \/>\n<meta property=\"article:published_time\" content=\"2025-12-04T18:51:54+00:00\" \/>\n<meta property=\"article:modified_time\" content=\"2025-12-04T18:54:06+00:00\" \/>\n<meta property=\"og:image\" content=\"https:\/\/www.nautaran.org\/wp-content\/uploads\/2025\/12\/VisitARties-Nadau.jpg\" \/>\n\t<meta property=\"og:image:width\" content=\"980\" \/>\n\t<meta property=\"og:image:height\" content=\"653\" \/>\n\t<meta property=\"og:image:type\" content=\"image\/jpeg\" \/>\n<meta name=\"author\" content=\"nautaran\" \/>\n<meta name=\"twitter:card\" content=\"summary_large_image\" \/>\n<meta name=\"twitter:label1\" content=\"Escrito por\" \/>\n\t<meta name=\"twitter:data1\" content=\"nautaran\" \/>\n\t<meta name=\"twitter:label2\" content=\"Tiempo de lectura\" \/>\n\t<meta name=\"twitter:data2\" content=\"2 minutos\" \/>\n<script type=\"application\/ld+json\" class=\"yoast-schema-graph\">{\"@context\":\"https:\/\/schema.org\",\"@graph\":[{\"@type\":\"Article\",\"@id\":\"https:\/\/www.nautaran.org\/es\/noticias\/arties-ilumina-el-cielo-este-viernes-5-de-diciembre\/#article\",\"isPartOf\":{\"@id\":\"https:\/\/www.nautaran.org\/es\/noticias\/arties-ilumina-el-cielo-este-viernes-5-de-diciembre\/\"},\"author\":{\"name\":\"nautaran\",\"@id\":\"https:\/\/www.nautaran.org\/#\/schema\/person\/d1534bc0cff9cbd7d1b5cfc12e946a35\"},\"headline\":\"Arties ilumina el cielo este viernes 5 de diciembre\",\"datePublished\":\"2025-12-04T18:51:54+00:00\",\"dateModified\":\"2025-12-04T18:54:06+00:00\",\"mainEntityOfPage\":{\"@id\":\"https:\/\/www.nautaran.org\/es\/noticias\/arties-ilumina-el-cielo-este-viernes-5-de-diciembre\/\"},\"wordCount\":303,\"image\":{\"@id\":\"https:\/\/www.nautaran.org\/es\/noticias\/arties-ilumina-el-cielo-este-viernes-5-de-diciembre\/#primaryimage\"},\"thumbnailUrl\":\"https:\/\/www.nautaran.org\/wp-content\/uploads\/2025\/12\/VisitARties-Nadau.jpg\",\"keywords\":[\"Arties\",\"lan\u00e7ament de fanaus\"],\"articleSection\":[\"Destacado portada\",\"Noticias\",\"Noticias Pueblo Arties\",\"Noticias | Acci\u00f3n social\",\"Noticias | Turismo\"],\"inLanguage\":\"es\"},{\"@type\":\"WebPage\",\"@id\":\"https:\/\/www.nautaran.org\/es\/noticias\/arties-ilumina-el-cielo-este-viernes-5-de-diciembre\/\",\"url\":\"https:\/\/www.nautaran.org\/es\/noticias\/arties-ilumina-el-cielo-este-viernes-5-de-diciembre\/\",\"name\":\"Arties ilumina el cielo este viernes 5 de diciembre - Ajuntament de Naut Aran\",\"isPartOf\":{\"@id\":\"https:\/\/www.nautaran.org\/#website\"},\"primaryImageOfPage\":{\"@id\":\"https:\/\/www.nautaran.org\/es\/noticias\/arties-ilumina-el-cielo-este-viernes-5-de-diciembre\/#primaryimage\"},\"image\":{\"@id\":\"https:\/\/www.nautaran.org\/es\/noticias\/arties-ilumina-el-cielo-este-viernes-5-de-diciembre\/#primaryimage\"},\"thumbnailUrl\":\"https:\/\/www.nautaran.org\/wp-content\/uploads\/2025\/12\/VisitARties-Nadau.jpg\",\"datePublished\":\"2025-12-04T18:51:54+00:00\",\"dateModified\":\"2025-12-04T18:54:06+00:00\",\"author\":{\"@id\":\"https:\/\/www.nautaran.org\/#\/schema\/person\/d1534bc0cff9cbd7d1b5cfc12e946a35\"},\"breadcrumb\":{\"@id\":\"https:\/\/www.nautaran.org\/es\/noticias\/arties-ilumina-el-cielo-este-viernes-5-de-diciembre\/#breadcrumb\"},\"inLanguage\":\"es\",\"potentialAction\":[{\"@type\":\"ReadAction\",\"target\":[\"https:\/\/www.nautaran.org\/es\/noticias\/arties-ilumina-el-cielo-este-viernes-5-de-diciembre\/\"]}]},{\"@type\":\"ImageObject\",\"inLanguage\":\"es\",\"@id\":\"https:\/\/www.nautaran.org\/es\/noticias\/arties-ilumina-el-cielo-este-viernes-5-de-diciembre\/#primaryimage\",\"url\":\"https:\/\/www.nautaran.org\/wp-content\/uploads\/2025\/12\/VisitARties-Nadau.jpg\",\"contentUrl\":\"https:\/\/www.nautaran.org\/wp-content\/uploads\/2025\/12\/VisitARties-Nadau.jpg\",\"width\":980,\"height\":653},{\"@type\":\"BreadcrumbList\",\"@id\":\"https:\/\/www.nautaran.org\/es\/noticias\/arties-ilumina-el-cielo-este-viernes-5-de-diciembre\/#breadcrumb\",\"itemListElement\":[{\"@type\":\"ListItem\",\"position\":1,\"name\":\"Portada\",\"item\":\"https:\/\/www.nautaran.org\/es\/home-2\/\"},{\"@type\":\"ListItem\",\"position\":2,\"name\":\"Arties ilumina el cielo este viernes 5 de diciembre\"}]},{\"@type\":\"WebSite\",\"@id\":\"https:\/\/www.nautaran.org\/#website\",\"url\":\"https:\/\/www.nautaran.org\/\",\"name\":\"Ajuntament de Naut Aran\",\"description\":\"Naut Aran\",\"potentialAction\":[{\"@type\":\"SearchAction\",\"target\":{\"@type\":\"EntryPoint\",\"urlTemplate\":\"https:\/\/www.nautaran.org\/?s={search_term_string}\"},\"query-input\":{\"@type\":\"PropertyValueSpecification\",\"valueRequired\":true,\"valueName\":\"search_term_string\"}}],\"inLanguage\":\"es\"},{\"@type\":\"Person\",\"@id\":\"https:\/\/www.nautaran.org\/#\/schema\/person\/d1534bc0cff9cbd7d1b5cfc12e946a35\",\"name\":\"nautaran\",\"image\":{\"@type\":\"ImageObject\",\"inLanguage\":\"es\",\"@id\":\"https:\/\/www.nautaran.org\/#\/schema\/person\/image\/\",\"url\":\"https:\/\/secure.gravatar.com\/avatar\/80a09b1f8ae692a4acce17816a6597a844f3f59cda069b47a176c85e26e41c03?s=96&d=mm&r=g\",\"contentUrl\":\"https:\/\/secure.gravatar.com\/avatar\/80a09b1f8ae692a4acce17816a6597a844f3f59cda069b47a176c85e26e41c03?s=96&d=mm&r=g\",\"caption\":\"nautaran\"},\"url\":\"https:\/\/www.nautaran.org\/es\/author\/nautaran\/\"}]}<\/script>\n<!-- \/ Yoast SEO plugin. -->","yoast_head_json":{"title":"Arties ilumina el cielo este viernes 5 de diciembre - Ajuntament de Naut Aran","robots":{"index":"index","follow":"follow","max-snippet":"max-snippet:-1","max-image-preview":"max-image-preview:large","max-video-preview":"max-video-preview:-1"},"canonical":"https:\/\/www.nautaran.org\/es\/noticias\/arties-ilumina-el-cielo-este-viernes-5-de-diciembre\/","og_locale":"es_ES","og_type":"article","og_title":"Arties ilumina el cielo este viernes 5 de diciembre - Ajuntament de Naut Aran","og_description":"La asociaci\u00f3n de comerciantes de Arties junto con la EMD de Arties e Gar\u00f2s dar\u00e1n por iniciadas las fiestas de Navidad a partir de este viernes 5 de diciembre con el encendido del \u00e1rbol de Navidad junto con el lanzamiento de farolillos al cielo, una de las acciones m\u00e1s espectaculares y presenciadas por m\u00e1s personas. [&hellip;]","og_url":"https:\/\/www.nautaran.org\/es\/noticias\/arties-ilumina-el-cielo-este-viernes-5-de-diciembre\/","og_site_name":"Ajuntament de Naut Aran","article_published_time":"2025-12-04T18:51:54+00:00","article_modified_time":"2025-12-04T18:54:06+00:00","og_image":[{"width":980,"height":653,"url":"https:\/\/www.nautaran.org\/wp-content\/uploads\/2025\/12\/VisitARties-Nadau.jpg","type":"image\/jpeg"}],"author":"nautaran","twitter_card":"summary_large_image","twitter_misc":{"Escrito por":"nautaran","Tiempo de lectura":"2 minutos"},"schema":{"@context":"https:\/\/schema.org","@graph":[{"@type":"Article","@id":"https:\/\/www.nautaran.org\/es\/noticias\/arties-ilumina-el-cielo-este-viernes-5-de-diciembre\/#article","isPartOf":{"@id":"https:\/\/www.nautaran.org\/es\/noticias\/arties-ilumina-el-cielo-este-viernes-5-de-diciembre\/"},"author":{"name":"nautaran","@id":"https:\/\/www.nautaran.org\/#\/schema\/person\/d1534bc0cff9cbd7d1b5cfc12e946a35"},"headline":"Arties ilumina el cielo este viernes 5 de diciembre","datePublished":"2025-12-04T18:51:54+00:00","dateModified":"2025-12-04T18:54:06+00:00","mainEntityOfPage":{"@id":"https:\/\/www.nautaran.org\/es\/noticias\/arties-ilumina-el-cielo-este-viernes-5-de-diciembre\/"},"wordCount":303,"image":{"@id":"https:\/\/www.nautaran.org\/es\/noticias\/arties-ilumina-el-cielo-este-viernes-5-de-diciembre\/#primaryimage"},"thumbnailUrl":"https:\/\/www.nautaran.org\/wp-content\/uploads\/2025\/12\/VisitARties-Nadau.jpg","keywords":["Arties","lan\u00e7ament de fanaus"],"articleSection":["Destacado portada","Noticias","Noticias Pueblo Arties","Noticias | Acci\u00f3n social","Noticias | Turismo"],"inLanguage":"es"},{"@type":"WebPage","@id":"https:\/\/www.nautaran.org\/es\/noticias\/arties-ilumina-el-cielo-este-viernes-5-de-diciembre\/","url":"https:\/\/www.nautaran.org\/es\/noticias\/arties-ilumina-el-cielo-este-viernes-5-de-diciembre\/","name":"Arties ilumina el cielo este viernes 5 de diciembre - Ajuntament de Naut Aran","isPartOf":{"@id":"https:\/\/www.nautaran.org\/#website"},"primaryImageOfPage":{"@id":"https:\/\/www.nautaran.org\/es\/noticias\/arties-ilumina-el-cielo-este-viernes-5-de-diciembre\/#primaryimage"},"image":{"@id":"https:\/\/www.nautaran.org\/es\/noticias\/arties-ilumina-el-cielo-este-viernes-5-de-diciembre\/#primaryimage"},"thumbnailUrl":"https:\/\/www.nautaran.org\/wp-content\/uploads\/2025\/12\/VisitARties-Nadau.jpg","datePublished":"2025-12-04T18:51:54+00:00","dateModified":"2025-12-04T18:54:06+00:00","author":{"@id":"https:\/\/www.nautaran.org\/#\/schema\/person\/d1534bc0cff9cbd7d1b5cfc12e946a35"},"breadcrumb":{"@id":"https:\/\/www.nautaran.org\/es\/noticias\/arties-ilumina-el-cielo-este-viernes-5-de-diciembre\/#breadcrumb"},"inLanguage":"es","potentialAction":[{"@type":"ReadAction","target":["https:\/\/www.nautaran.org\/es\/noticias\/arties-ilumina-el-cielo-este-viernes-5-de-diciembre\/"]}]},{"@type":"ImageObject","inLanguage":"es","@id":"https:\/\/www.nautaran.org\/es\/noticias\/arties-ilumina-el-cielo-este-viernes-5-de-diciembre\/#primaryimage","url":"https:\/\/www.nautaran.org\/wp-content\/uploads\/2025\/12\/VisitARties-Nadau.jpg","contentUrl":"https:\/\/www.nautaran.org\/wp-content\/uploads\/2025\/12\/VisitARties-Nadau.jpg","width":980,"height":653},{"@type":"BreadcrumbList","@id":"https:\/\/www.nautaran.org\/es\/noticias\/arties-ilumina-el-cielo-este-viernes-5-de-diciembre\/#breadcrumb","itemListElement":[{"@type":"ListItem","position":1,"name":"Portada","item":"https:\/\/www.nautaran.org\/es\/home-2\/"},{"@type":"ListItem","position":2,"name":"Arties ilumina el cielo este viernes 5 de diciembre"}]},{"@type":"WebSite","@id":"https:\/\/www.nautaran.org\/#website","url":"https:\/\/www.nautaran.org\/","name":"Ajuntament de Naut Aran","description":"Naut Aran","potentialAction":[{"@type":"SearchAction","target":{"@type":"EntryPoint","urlTemplate":"https:\/\/www.nautaran.org\/?s={search_term_string}"},"query-input":{"@type":"PropertyValueSpecification","valueRequired":true,"valueName":"search_term_string"}}],"inLanguage":"es"},{"@type":"Person","@id":"https:\/\/www.nautaran.org\/#\/schema\/person\/d1534bc0cff9cbd7d1b5cfc12e946a35","name":"nautaran","image":{"@type":"ImageObject","inLanguage":"es","@id":"https:\/\/www.nautaran.org\/#\/schema\/person\/image\/","url":"https:\/\/secure.gravatar.com\/avatar\/80a09b1f8ae692a4acce17816a6597a844f3f59cda069b47a176c85e26e41c03?s=96&d=mm&r=g","contentUrl":"https:\/\/secure.gravatar.com\/avatar\/80a09b1f8ae692a4acce17816a6597a844f3f59cda069b47a176c85e26e41c03?s=96&d=mm&r=g","caption":"nautaran"},"url":"https:\/\/www.nautaran.org\/es\/author\/nautaran\/"}]}},"_links":{"self":[{"href":"https:\/\/www.nautaran.org\/es\/wp-json\/wp\/v2\/posts\/25116","targetHints":{"allow":["GET"]}}],"collection":[{"href":"https:\/\/www.nautaran.org\/es\/wp-json\/wp\/v2\/posts"}],"about":[{"href":"https:\/\/www.nautaran.org\/es\/wp-json\/wp\/v2\/types\/post"}],"author":[{"embeddable":true,"href":"https:\/\/www.nautaran.org\/es\/wp-json\/wp\/v2\/users\/4"}],"replies":[{"embeddable":true,"href":"https:\/\/www.nautaran.org\/es\/wp-json\/wp\/v2\/comments?post=25116"}],"version-history":[{"count":1,"href":"https:\/\/www.nautaran.org\/es\/wp-json\/wp\/v2\/posts\/25116\/revisions"}],"predecessor-version":[{"id":25118,"href":"https:\/\/www.nautaran.org\/es\/wp-json\/wp\/v2\/posts\/25116\/revisions\/25118"}],"wp:featuredmedia":[{"embeddable":true,"href":"https:\/\/www.nautaran.org\/es\/wp-json\/wp\/v2\/media\/25113"}],"wp:attachment":[{"href":"https:\/\/www.nautaran.org\/es\/wp-json\/wp\/v2\/media?parent=25116"}],"wp:term":[{"taxonomy":"category","embeddable":true,"href":"https:\/\/www.nautaran.org\/es\/wp-json\/wp\/v2\/categories?post=25116"},{"taxonomy":"post_tag","embeddable":true,"href":"https:\/\/www.nautaran.org\/es\/wp-json\/wp\/v2\/tags?post=25116"}],"curies":[{"name":"wp","href":"https:\/\/api.w.org\/{rel}","templated":true}]}}