{"id":25187,"date":"2025-12-17T12:00:06","date_gmt":"2025-12-17T11:00:06","guid":{"rendered":"https:\/\/www.nautaran.org\/?p=25187"},"modified":"2025-12-17T12:01:36","modified_gmt":"2025-12-17T11:01:36","slug":"conde-diuern-2025-26-3a-edicion-de-conde-cuert-infantil-en-aranes","status":"publish","type":"post","link":"https:\/\/www.nautaran.org\/es\/anuncios\/conde-diuern-2025-26-3a-edicion-de-conde-cuert-infantil-en-aranes\/","title":{"rendered":"\u00abCONDE D\u2019IU\u00c8RN\u00bb 2025-26 3\u00aa Edici\u00f3n de cuento corto infantil en aran\u00e9s."},"content":{"rendered":"<div>La Biblioteca Municipal de Salard\u00fa y el Ayuntamiento de Naut Aran convocan la tercera edici\u00f3n del Conde d\u2019Iu\u00e8rn, que tiene como objetivo promover la creaci\u00f3n literaria en aran\u00e9s entre los ni\u00f1os y ni\u00f1as, mediante el formato de c\u00f3mic.<\/div>\n<blockquote><p><strong>G\u00e9nero:<\/strong> c\u00f3mic.<\/p>\n<div>\n<p><strong>Edici\u00f3n:<\/strong> Tercera edici\u00f3n abierta a ni\u00f1os y ni\u00f1as de 8 a 16 a\u00f1os.<\/p>\n<p><strong>Premio:<\/strong> Ganador 150 euros. Acc\u00e9sit 100 euros.<\/p>\n<p><strong>Convoca:<\/strong> Biblioteca Municipal de Salard\u00fa y Ayuntamiento de Naut Aran.<\/p>\n<p><strong>El periodo de recepci\u00f3n de los c\u00f3mics ser\u00e1 del 21 de diciembre de 2025 al 20 de marzo de 2026.<\/strong><\/p>\n<\/div>\n<\/blockquote>\n<div>\n<p><strong>BASES<\/strong><\/p>\n<ol>\n<li>El trabajo presentado debe estar escrito en aran\u00e9s.<\/li>\n<li>Requisitos de los participantes en dos categor\u00edas:\n<ul>\n<li><strong>INFANTIL: Nacidos entre los a\u00f1os 2017 y 2014 (8\/11).<\/strong><\/li>\n<li><strong>JUVENIL: Nacidos entre los a\u00f1os 2013 y 2009 (12\/16).<\/strong><\/li>\n<\/ul>\n<\/li>\n<li>Tem\u00e1tica: <strong>EL INVIERNO EN EL A\u00d1O 2076<\/strong>.<\/li>\n<li>Solo se podr\u00e1 presentar un c\u00f3mic por autor, el cual deber\u00e1 ser in\u00e9dito y no haber sido premiado en concursos anteriores.<\/li>\n<li>Las obras se presentar\u00e1n en formato DIN A4, <strong>por una sola cara<\/strong>.\n<ul>\n<li>Tendr\u00e1n una extensi\u00f3n m\u00ednima de 2 p\u00e1ginas y m\u00e1xima de 6.<\/li>\n<li>Las p\u00e1ginas estar\u00e1n numeradas.<\/li>\n<li>Se podr\u00e1n realizar en blanco y negro o a color.<\/li>\n<li>En la portada debe figurar el t\u00edtulo de la obra y el seud\u00f3nimo.<\/li>\n<\/ul>\n<\/li>\n<li>Los originales deber\u00e1n enviarse por correo electr\u00f3nico a <strong>biblioteca@nautaran.org con el asunto: Conde d\u2019Iu\u00e8rn.<\/strong><\/li>\n<li>En el mismo correo, se deben adjuntar dos documentos PDF independientes:\n<ul>\n<li>Un documento contendr\u00e1 la obra, el nombre de la obra y el seud\u00f3nimo.<\/li>\n<li>En el segundo documento, los datos personales: nombre y apellidos, fecha de nacimiento, direcci\u00f3n postal, tel\u00e9fono de contacto y correo electr\u00f3nico.<\/li>\n<\/ul>\n<\/li>\n<li>Los trabajos que no cumplan alguno de los requisitos descritos en estas bases ser\u00e1n desestimados.<\/li>\n<li>El jurado elegir\u00e1 el relato ganador que optar\u00e1 al premio. La decisi\u00f3n del jurado ser\u00e1 irrevocable y se reservar\u00e1 el derecho a declarar el premio desierto si el jurado considera que los trabajos presentados no tienen suficiente calidad.<\/li>\n<li>La comunicaci\u00f3n del ganador se publicar\u00e1 el 23 de abril de 2026.<\/li>\n<li>El premio consistir\u00e1 en:\n<ul>\n<li><strong>Ganador: 150 euros.<\/strong><\/li>\n<li><strong>Acc\u00e9sit: 100 euros.<\/strong><\/li>\n<\/ul>\n<\/li>\n<li>Para recoger el premio, el concursante deber\u00e1 identificarse con el documento oportuno.<\/li>\n<li>La participaci\u00f3n en este concurso supone el conocimiento y aceptaci\u00f3n \u00edntegra de las bases, as\u00ed como la obediencia de las decisiones que adopte el jurado.<\/li>\n<li>Para m\u00e1s informaci\u00f3n: 973 64 55 32.<\/li>\n<\/ol>\n<\/div>\n<p><a href=\"https:\/\/www.nautaran.org\/wp-content\/uploads\/2025\/12\/condeiuern25-26.png\"><img loading=\"lazy\" decoding=\"async\" class=\"aligncenter size-large wp-image-25189\" src=\"https:\/\/www.nautaran.org\/wp-content\/uploads\/2025\/12\/condeiuern25-26-819x1024.png\" alt=\"\" width=\"819\" height=\"1024\" \/><\/a><\/p>\n<p>&nbsp;<\/p>\n","protected":false},"excerpt":{"rendered":"<p>La Biblioteca Municipal de Salard\u00fa y el Ayuntamiento de Naut Aran convocan la tercera edici\u00f3n del Conde d\u2019Iu\u00e8rn, que tiene como objetivo promover la creaci\u00f3n literaria en aran\u00e9s entre los ni\u00f1os y ni\u00f1as, mediante el formato de c\u00f3mic. G\u00e9nero: c\u00f3mic. Edici\u00f3n: Tercera edici\u00f3n abierta a ni\u00f1os y ni\u00f1as de 8 a 16 a\u00f1os. Premio: Ganador [&hellip;]<\/p>\n","protected":false},"author":6,"featured_media":0,"comment_status":"closed","ping_status":"closed","sticky":false,"template":"","format":"standard","meta":{"_acf_changed":false,"_et_pb_use_builder":"","_et_pb_old_content":"","_et_gb_content_width":"","footnotes":""},"categories":[71],"tags":[],"class_list":["post-25187","post","type-post","status-publish","format-standard","hentry","category-anuncios"],"acf":[],"yoast_head":"<!-- This site is optimized with the Yoast SEO plugin v26.8 - https:\/\/yoast.com\/product\/yoast-seo-wordpress\/ -->\n<title>&quot;CONDE D\u2019IU\u00c8RN&quot; 2025-26 3\u00aa Edici\u00f3n de cuento corto infantil en aran\u00e9s. - Ajuntament de Naut Aran<\/title>\n<meta name=\"robots\" content=\"index, follow, max-snippet:-1, max-image-preview:large, max-video-preview:-1\" \/>\n<link rel=\"canonical\" href=\"https:\/\/www.nautaran.org\/es\/anuncios\/conde-diuern-2025-26-3a-edicion-de-conde-cuert-infantil-en-aranes\/\" \/>\n<meta property=\"og:locale\" content=\"es_ES\" \/>\n<meta property=\"og:type\" content=\"article\" \/>\n<meta property=\"og:title\" content=\"&quot;CONDE D\u2019IU\u00c8RN&quot; 2025-26 3\u00aa Edici\u00f3n de cuento corto infantil en aran\u00e9s. - Ajuntament de Naut Aran\" \/>\n<meta property=\"og:description\" content=\"La Biblioteca Municipal de Salard\u00fa y el Ayuntamiento de Naut Aran convocan la tercera edici\u00f3n del Conde d\u2019Iu\u00e8rn, que tiene como objetivo promover la creaci\u00f3n literaria en aran\u00e9s entre los ni\u00f1os y ni\u00f1as, mediante el formato de c\u00f3mic. G\u00e9nero: c\u00f3mic. Edici\u00f3n: Tercera edici\u00f3n abierta a ni\u00f1os y ni\u00f1as de 8 a 16 a\u00f1os. Premio: Ganador [&hellip;]\" \/>\n<meta property=\"og:url\" content=\"https:\/\/www.nautaran.org\/es\/anuncios\/conde-diuern-2025-26-3a-edicion-de-conde-cuert-infantil-en-aranes\/\" \/>\n<meta property=\"og:site_name\" content=\"Ajuntament de Naut Aran\" \/>\n<meta property=\"article:published_time\" content=\"2025-12-17T11:00:06+00:00\" \/>\n<meta property=\"article:modified_time\" content=\"2025-12-17T11:01:36+00:00\" \/>\n<meta property=\"og:image\" content=\"https:\/\/www.nautaran.org\/wp-content\/uploads\/2025\/12\/condeiuern25-26-819x1024.png\" \/>\n<meta name=\"author\" content=\"informatica\" \/>\n<meta name=\"twitter:card\" content=\"summary_large_image\" \/>\n<meta name=\"twitter:label1\" content=\"Escrito por\" \/>\n\t<meta name=\"twitter:data1\" content=\"informatica\" \/>\n\t<meta name=\"twitter:label2\" content=\"Tiempo de lectura\" \/>\n\t<meta name=\"twitter:data2\" content=\"2 minutos\" \/>\n<script type=\"application\/ld+json\" class=\"yoast-schema-graph\">{\"@context\":\"https:\/\/schema.org\",\"@graph\":[{\"@type\":\"Article\",\"@id\":\"https:\/\/www.nautaran.org\/es\/anuncios\/conde-diuern-2025-26-3a-edicion-de-conde-cuert-infantil-en-aranes\/#article\",\"isPartOf\":{\"@id\":\"https:\/\/www.nautaran.org\/es\/anuncios\/conde-diuern-2025-26-3a-edicion-de-conde-cuert-infantil-en-aranes\/\"},\"author\":{\"name\":\"informatica\",\"@id\":\"https:\/\/www.nautaran.org\/#\/schema\/person\/8f71607aa003085aff1dc4f2a168f26b\"},\"headline\":\"\u00abCONDE D\u2019IU\u00c8RN\u00bb 2025-26 3\u00aa Edici\u00f3n de cuento corto infantil en aran\u00e9s.\",\"datePublished\":\"2025-12-17T11:00:06+00:00\",\"dateModified\":\"2025-12-17T11:01:36+00:00\",\"mainEntityOfPage\":{\"@id\":\"https:\/\/www.nautaran.org\/es\/anuncios\/conde-diuern-2025-26-3a-edicion-de-conde-cuert-infantil-en-aranes\/\"},\"wordCount\":425,\"image\":{\"@id\":\"https:\/\/www.nautaran.org\/es\/anuncios\/conde-diuern-2025-26-3a-edicion-de-conde-cuert-infantil-en-aranes\/#primaryimage\"},\"thumbnailUrl\":\"https:\/\/www.nautaran.org\/wp-content\/uploads\/2025\/12\/condeiuern25-26-819x1024.png\",\"articleSection\":[\"Anuncios\"],\"inLanguage\":\"es\"},{\"@type\":\"WebPage\",\"@id\":\"https:\/\/www.nautaran.org\/es\/anuncios\/conde-diuern-2025-26-3a-edicion-de-conde-cuert-infantil-en-aranes\/\",\"url\":\"https:\/\/www.nautaran.org\/es\/anuncios\/conde-diuern-2025-26-3a-edicion-de-conde-cuert-infantil-en-aranes\/\",\"name\":\"\\\"CONDE D\u2019IU\u00c8RN\\\" 2025-26 3\u00aa Edici\u00f3n de cuento corto infantil en aran\u00e9s. - Ajuntament de Naut Aran\",\"isPartOf\":{\"@id\":\"https:\/\/www.nautaran.org\/#website\"},\"primaryImageOfPage\":{\"@id\":\"https:\/\/www.nautaran.org\/es\/anuncios\/conde-diuern-2025-26-3a-edicion-de-conde-cuert-infantil-en-aranes\/#primaryimage\"},\"image\":{\"@id\":\"https:\/\/www.nautaran.org\/es\/anuncios\/conde-diuern-2025-26-3a-edicion-de-conde-cuert-infantil-en-aranes\/#primaryimage\"},\"thumbnailUrl\":\"https:\/\/www.nautaran.org\/wp-content\/uploads\/2025\/12\/condeiuern25-26-819x1024.png\",\"datePublished\":\"2025-12-17T11:00:06+00:00\",\"dateModified\":\"2025-12-17T11:01:36+00:00\",\"author\":{\"@id\":\"https:\/\/www.nautaran.org\/#\/schema\/person\/8f71607aa003085aff1dc4f2a168f26b\"},\"breadcrumb\":{\"@id\":\"https:\/\/www.nautaran.org\/es\/anuncios\/conde-diuern-2025-26-3a-edicion-de-conde-cuert-infantil-en-aranes\/#breadcrumb\"},\"inLanguage\":\"es\",\"potentialAction\":[{\"@type\":\"ReadAction\",\"target\":[\"https:\/\/www.nautaran.org\/es\/anuncios\/conde-diuern-2025-26-3a-edicion-de-conde-cuert-infantil-en-aranes\/\"]}]},{\"@type\":\"ImageObject\",\"inLanguage\":\"es\",\"@id\":\"https:\/\/www.nautaran.org\/es\/anuncios\/conde-diuern-2025-26-3a-edicion-de-conde-cuert-infantil-en-aranes\/#primaryimage\",\"url\":\"https:\/\/www.nautaran.org\/wp-content\/uploads\/2025\/12\/condeiuern25-26-819x1024.png\",\"contentUrl\":\"https:\/\/www.nautaran.org\/wp-content\/uploads\/2025\/12\/condeiuern25-26-819x1024.png\"},{\"@type\":\"BreadcrumbList\",\"@id\":\"https:\/\/www.nautaran.org\/es\/anuncios\/conde-diuern-2025-26-3a-edicion-de-conde-cuert-infantil-en-aranes\/#breadcrumb\",\"itemListElement\":[{\"@type\":\"ListItem\",\"position\":1,\"name\":\"Portada\",\"item\":\"https:\/\/www.nautaran.org\/es\/home-2\/\"},{\"@type\":\"ListItem\",\"position\":2,\"name\":\"\\\"CONDE D\u2019IU\u00c8RN\\\" 2025-26 3\u00aa Edici\u00f3n de cuento corto infantil en aran\u00e9s.\"}]},{\"@type\":\"WebSite\",\"@id\":\"https:\/\/www.nautaran.org\/#website\",\"url\":\"https:\/\/www.nautaran.org\/\",\"name\":\"Ajuntament de Naut Aran\",\"description\":\"Naut Aran\",\"potentialAction\":[{\"@type\":\"SearchAction\",\"target\":{\"@type\":\"EntryPoint\",\"urlTemplate\":\"https:\/\/www.nautaran.org\/?s={search_term_string}\"},\"query-input\":{\"@type\":\"PropertyValueSpecification\",\"valueRequired\":true,\"valueName\":\"search_term_string\"}}],\"inLanguage\":\"es\"},{\"@type\":\"Person\",\"@id\":\"https:\/\/www.nautaran.org\/#\/schema\/person\/8f71607aa003085aff1dc4f2a168f26b\",\"name\":\"informatica\",\"image\":{\"@type\":\"ImageObject\",\"inLanguage\":\"es\",\"@id\":\"https:\/\/www.nautaran.org\/#\/schema\/person\/image\/\",\"url\":\"https:\/\/secure.gravatar.com\/avatar\/9f3f085cca4a986cfc788ecd854bd494076bc935f40d8232c246acb379688023?s=96&d=mm&r=g\",\"contentUrl\":\"https:\/\/secure.gravatar.com\/avatar\/9f3f085cca4a986cfc788ecd854bd494076bc935f40d8232c246acb379688023?s=96&d=mm&r=g\",\"caption\":\"informatica\"},\"url\":\"https:\/\/www.nautaran.org\/es\/author\/informatica\/\"}]}<\/script>\n<!-- \/ Yoast SEO plugin. -->","yoast_head_json":{"title":"\"CONDE D\u2019IU\u00c8RN\" 2025-26 3\u00aa Edici\u00f3n de cuento corto infantil en aran\u00e9s. - Ajuntament de Naut Aran","robots":{"index":"index","follow":"follow","max-snippet":"max-snippet:-1","max-image-preview":"max-image-preview:large","max-video-preview":"max-video-preview:-1"},"canonical":"https:\/\/www.nautaran.org\/es\/anuncios\/conde-diuern-2025-26-3a-edicion-de-conde-cuert-infantil-en-aranes\/","og_locale":"es_ES","og_type":"article","og_title":"\"CONDE D\u2019IU\u00c8RN\" 2025-26 3\u00aa Edici\u00f3n de cuento corto infantil en aran\u00e9s. - Ajuntament de Naut Aran","og_description":"La Biblioteca Municipal de Salard\u00fa y el Ayuntamiento de Naut Aran convocan la tercera edici\u00f3n del Conde d\u2019Iu\u00e8rn, que tiene como objetivo promover la creaci\u00f3n literaria en aran\u00e9s entre los ni\u00f1os y ni\u00f1as, mediante el formato de c\u00f3mic. G\u00e9nero: c\u00f3mic. Edici\u00f3n: Tercera edici\u00f3n abierta a ni\u00f1os y ni\u00f1as de 8 a 16 a\u00f1os. Premio: Ganador [&hellip;]","og_url":"https:\/\/www.nautaran.org\/es\/anuncios\/conde-diuern-2025-26-3a-edicion-de-conde-cuert-infantil-en-aranes\/","og_site_name":"Ajuntament de Naut Aran","article_published_time":"2025-12-17T11:00:06+00:00","article_modified_time":"2025-12-17T11:01:36+00:00","og_image":[{"url":"https:\/\/www.nautaran.org\/wp-content\/uploads\/2025\/12\/condeiuern25-26-819x1024.png","type":"","width":"","height":""}],"author":"informatica","twitter_card":"summary_large_image","twitter_misc":{"Escrito por":"informatica","Tiempo de lectura":"2 minutos"},"schema":{"@context":"https:\/\/schema.org","@graph":[{"@type":"Article","@id":"https:\/\/www.nautaran.org\/es\/anuncios\/conde-diuern-2025-26-3a-edicion-de-conde-cuert-infantil-en-aranes\/#article","isPartOf":{"@id":"https:\/\/www.nautaran.org\/es\/anuncios\/conde-diuern-2025-26-3a-edicion-de-conde-cuert-infantil-en-aranes\/"},"author":{"name":"informatica","@id":"https:\/\/www.nautaran.org\/#\/schema\/person\/8f71607aa003085aff1dc4f2a168f26b"},"headline":"\u00abCONDE D\u2019IU\u00c8RN\u00bb 2025-26 3\u00aa Edici\u00f3n de cuento corto infantil en aran\u00e9s.","datePublished":"2025-12-17T11:00:06+00:00","dateModified":"2025-12-17T11:01:36+00:00","mainEntityOfPage":{"@id":"https:\/\/www.nautaran.org\/es\/anuncios\/conde-diuern-2025-26-3a-edicion-de-conde-cuert-infantil-en-aranes\/"},"wordCount":425,"image":{"@id":"https:\/\/www.nautaran.org\/es\/anuncios\/conde-diuern-2025-26-3a-edicion-de-conde-cuert-infantil-en-aranes\/#primaryimage"},"thumbnailUrl":"https:\/\/www.nautaran.org\/wp-content\/uploads\/2025\/12\/condeiuern25-26-819x1024.png","articleSection":["Anuncios"],"inLanguage":"es"},{"@type":"WebPage","@id":"https:\/\/www.nautaran.org\/es\/anuncios\/conde-diuern-2025-26-3a-edicion-de-conde-cuert-infantil-en-aranes\/","url":"https:\/\/www.nautaran.org\/es\/anuncios\/conde-diuern-2025-26-3a-edicion-de-conde-cuert-infantil-en-aranes\/","name":"\"CONDE D\u2019IU\u00c8RN\" 2025-26 3\u00aa Edici\u00f3n de cuento corto infantil en aran\u00e9s. - Ajuntament de Naut Aran","isPartOf":{"@id":"https:\/\/www.nautaran.org\/#website"},"primaryImageOfPage":{"@id":"https:\/\/www.nautaran.org\/es\/anuncios\/conde-diuern-2025-26-3a-edicion-de-conde-cuert-infantil-en-aranes\/#primaryimage"},"image":{"@id":"https:\/\/www.nautaran.org\/es\/anuncios\/conde-diuern-2025-26-3a-edicion-de-conde-cuert-infantil-en-aranes\/#primaryimage"},"thumbnailUrl":"https:\/\/www.nautaran.org\/wp-content\/uploads\/2025\/12\/condeiuern25-26-819x1024.png","datePublished":"2025-12-17T11:00:06+00:00","dateModified":"2025-12-17T11:01:36+00:00","author":{"@id":"https:\/\/www.nautaran.org\/#\/schema\/person\/8f71607aa003085aff1dc4f2a168f26b"},"breadcrumb":{"@id":"https:\/\/www.nautaran.org\/es\/anuncios\/conde-diuern-2025-26-3a-edicion-de-conde-cuert-infantil-en-aranes\/#breadcrumb"},"inLanguage":"es","potentialAction":[{"@type":"ReadAction","target":["https:\/\/www.nautaran.org\/es\/anuncios\/conde-diuern-2025-26-3a-edicion-de-conde-cuert-infantil-en-aranes\/"]}]},{"@type":"ImageObject","inLanguage":"es","@id":"https:\/\/www.nautaran.org\/es\/anuncios\/conde-diuern-2025-26-3a-edicion-de-conde-cuert-infantil-en-aranes\/#primaryimage","url":"https:\/\/www.nautaran.org\/wp-content\/uploads\/2025\/12\/condeiuern25-26-819x1024.png","contentUrl":"https:\/\/www.nautaran.org\/wp-content\/uploads\/2025\/12\/condeiuern25-26-819x1024.png"},{"@type":"BreadcrumbList","@id":"https:\/\/www.nautaran.org\/es\/anuncios\/conde-diuern-2025-26-3a-edicion-de-conde-cuert-infantil-en-aranes\/#breadcrumb","itemListElement":[{"@type":"ListItem","position":1,"name":"Portada","item":"https:\/\/www.nautaran.org\/es\/home-2\/"},{"@type":"ListItem","position":2,"name":"\"CONDE D\u2019IU\u00c8RN\" 2025-26 3\u00aa Edici\u00f3n de cuento corto infantil en aran\u00e9s."}]},{"@type":"WebSite","@id":"https:\/\/www.nautaran.org\/#website","url":"https:\/\/www.nautaran.org\/","name":"Ajuntament de Naut Aran","description":"Naut Aran","potentialAction":[{"@type":"SearchAction","target":{"@type":"EntryPoint","urlTemplate":"https:\/\/www.nautaran.org\/?s={search_term_string}"},"query-input":{"@type":"PropertyValueSpecification","valueRequired":true,"valueName":"search_term_string"}}],"inLanguage":"es"},{"@type":"Person","@id":"https:\/\/www.nautaran.org\/#\/schema\/person\/8f71607aa003085aff1dc4f2a168f26b","name":"informatica","image":{"@type":"ImageObject","inLanguage":"es","@id":"https:\/\/www.nautaran.org\/#\/schema\/person\/image\/","url":"https:\/\/secure.gravatar.com\/avatar\/9f3f085cca4a986cfc788ecd854bd494076bc935f40d8232c246acb379688023?s=96&d=mm&r=g","contentUrl":"https:\/\/secure.gravatar.com\/avatar\/9f3f085cca4a986cfc788ecd854bd494076bc935f40d8232c246acb379688023?s=96&d=mm&r=g","caption":"informatica"},"url":"https:\/\/www.nautaran.org\/es\/author\/informatica\/"}]}},"_links":{"self":[{"href":"https:\/\/www.nautaran.org\/es\/wp-json\/wp\/v2\/posts\/25187","targetHints":{"allow":["GET"]}}],"collection":[{"href":"https:\/\/www.nautaran.org\/es\/wp-json\/wp\/v2\/posts"}],"about":[{"href":"https:\/\/www.nautaran.org\/es\/wp-json\/wp\/v2\/types\/post"}],"author":[{"embeddable":true,"href":"https:\/\/www.nautaran.org\/es\/wp-json\/wp\/v2\/users\/6"}],"replies":[{"embeddable":true,"href":"https:\/\/www.nautaran.org\/es\/wp-json\/wp\/v2\/comments?post=25187"}],"version-history":[{"count":3,"href":"https:\/\/www.nautaran.org\/es\/wp-json\/wp\/v2\/posts\/25187\/revisions"}],"predecessor-version":[{"id":25197,"href":"https:\/\/www.nautaran.org\/es\/wp-json\/wp\/v2\/posts\/25187\/revisions\/25197"}],"wp:attachment":[{"href":"https:\/\/www.nautaran.org\/es\/wp-json\/wp\/v2\/media?parent=25187"}],"wp:term":[{"taxonomy":"category","embeddable":true,"href":"https:\/\/www.nautaran.org\/es\/wp-json\/wp\/v2\/categories?post=25187"},{"taxonomy":"post_tag","embeddable":true,"href":"https:\/\/www.nautaran.org\/es\/wp-json\/wp\/v2\/tags?post=25187"}],"curies":[{"name":"wp","href":"https:\/\/api.w.org\/{rel}","templated":true}]}}