{"id":8203,"date":"2021-04-04T21:18:48","date_gmt":"2021-04-04T20:18:48","guid":{"rendered":"https:\/\/www.nautaran.org\/?p=8203"},"modified":"2024-09-05T13:41:40","modified_gmt":"2024-09-05T12:41:40","slug":"la-poblacion-de-gessa-estrenara-su-nuevo-gimnasio-el-martes","status":"publish","type":"post","link":"https:\/\/www.nautaran.org\/es\/destacado-portada\/la-poblacion-de-gessa-estrenara-su-nuevo-gimnasio-el-martes\/","title":{"rendered":"La poblaci\u00f3n de Gessa estrenar\u00e1 su nuevo gimnasio el martes"},"content":{"rendered":"<p>El Ayuntamiento de Naut Aran inaugurar\u00e1 forma oficial el nuevo gimnasio de Gessa este pr\u00f3ximo martes 6 de abril para las personas empadronadas en el municipio. Tras m\u00e1s de cuatro meses de trabajo y con un presupuesto de 70.000 euros, el consistorio ha reformado \u00edntegramente la sala social del pueblo y la ha readaptado en un espacio deportivo compuesto por tres zonas.<\/p>\n<p>En este sentido, la primera, se ha reconvertido en bar, siendo as\u00ed el primero en el pueblo tras m\u00e1s de 20 a\u00f1os sin tener ninguno. Por otra parte, se ha adecuado una estancia para colocar todo tipo de maquinaria y elementos de fitness. Por \u00faltimo, la sala de baile del pueblo se ha adaptado en un espacio de \u2018crossfit\u2019 y de actividades dirigidas que se plantear\u00e1n durante las pr\u00f3ximas semanas.<\/p>\n<p>Con las restricciones sanitarias actuales impuestas por la Generalitat de Catalu\u00f1a, el gimnasio municipal de Naut Aran podr\u00eda acoger en la zona interior hasta un 30% del m\u00e1ximo del aforo total. Por tanto, y seg\u00fan los metros cuadrados de la instalaci\u00f3n, \u00fanicamente cinco personas podr\u00edan utilizar la zona de bar, otras cinco la de fitness y cinco m\u00e1s la sala de actividades coordinadas y \u2018crossfit\u2019.<\/p>\n<p><img loading=\"lazy\" decoding=\"async\" class=\"aligncenter size-full wp-image-8207\" src=\"https:\/\/www.nautaran.org\/wp-content\/uploads\/2021\/04\/IMG_1543.jpg\" alt=\"\" width=\"4032\" height=\"3024\" srcset=\"https:\/\/www.nautaran.org\/wp-content\/uploads\/2021\/04\/IMG_1543.jpg 4032w, https:\/\/www.nautaran.org\/wp-content\/uploads\/2021\/04\/IMG_1543-1280x960.jpg 1280w, https:\/\/www.nautaran.org\/wp-content\/uploads\/2021\/04\/IMG_1543-980x735.jpg 980w, https:\/\/www.nautaran.org\/wp-content\/uploads\/2021\/04\/IMG_1543-480x360.jpg 480w\" sizes=\"auto, (min-width: 0px) and (max-width: 480px) 480px, (min-width: 481px) and (max-width: 980px) 980px, (min-width: 981px) and (max-width: 1280px) 1280px, (min-width: 1281px) 4032px, 100vw\" \/><\/p>\n<p>El alcalde de Naut Aran, Cesar Ruiz-Canela, destaca que \u201cestamos trabajando en un sistema de reservas online mediante una aplicaci\u00f3n para que nuestros vecinos puedan reservar y no se encuentren en la situaci\u00f3n de que al llegar no tienen lugar para poder ejercitarse y mantener h\u00e1bitos saludables.\u201d<\/p>\n<p>Hasta el d\u00eda 6 de junio el gimnasio de Gessa ser\u00e1 gratuito para los vecinos empadronados en el municipio para que puedan disfrutar de estas instalaciones. A partir de esa fecha, el consistorio fijar\u00e1 un precio para sus vecinos, y otra tarifa para el resto de vecinos del Valle de Ar\u00e1n y turistas.<\/p>\n<p><img loading=\"lazy\" decoding=\"async\" class=\"aligncenter size-full wp-image-8216\" src=\"https:\/\/www.nautaran.org\/wp-content\/uploads\/2021\/04\/IMG_1546.jpg\" alt=\"\" width=\"4032\" height=\"3024\" srcset=\"https:\/\/www.nautaran.org\/wp-content\/uploads\/2021\/04\/IMG_1546.jpg 4032w, https:\/\/www.nautaran.org\/wp-content\/uploads\/2021\/04\/IMG_1546-1280x960.jpg 1280w, https:\/\/www.nautaran.org\/wp-content\/uploads\/2021\/04\/IMG_1546-980x735.jpg 980w, https:\/\/www.nautaran.org\/wp-content\/uploads\/2021\/04\/IMG_1546-480x360.jpg 480w\" sizes=\"auto, (min-width: 0px) and (max-width: 480px) 480px, (min-width: 481px) and (max-width: 980px) 980px, (min-width: 981px) and (max-width: 1280px) 1280px, (min-width: 1281px) 4032px, 100vw\" \/><\/p>\n<p>El horario de apertura al p\u00fablico ser\u00e1 de martes a s\u00e1bado de 14:00 a 21:00 aunque el Ayuntamiento de Naut Aran est\u00e1 trabajando con el futuro sistema de reservas para abrir desde las 08:00 de la ma\u00f1ana hasta las 22:00 de la noche.<\/p>\n<p>Ruiz-Canela concreta que \u201cel nuevo gimnasio de Gessa supone una necesidad que cubrimos entre nuestros vecinos ya que actualmente se ten\u00edan que desplazar a lugares como Vielha o Boss\u00f2st para hacer deporte y mantener h\u00e1bitos saludables.\u201d<\/p>\n","protected":false},"excerpt":{"rendered":"<p>El Ayuntamiento de Naut Aran inaugurar\u00e1 forma oficial el nuevo gimnasio de Gessa este pr\u00f3ximo martes 6 de abril para las personas empadronadas en el municipio. Tras m\u00e1s de cuatro meses de trabajo y con un presupuesto de 70.000 euros, el consistorio ha reformado \u00edntegramente la sala social del pueblo y la ha readaptado en [&hellip;]<\/p>\n","protected":false},"author":4,"featured_media":8213,"comment_status":"closed","ping_status":"closed","sticky":false,"template":"","format":"standard","meta":{"_acf_changed":false,"_et_pb_use_builder":"","_et_pb_old_content":"","_et_gb_content_width":"","footnotes":""},"categories":[27,17,824,20,21,18,19],"tags":[],"class_list":["post-8203","post","type-post","status-publish","format-standard","has-post-thumbnail","hentry","category-destacado-portada","category-noticias","category-noticias-pueblo-gessa","category-accion-social","category-deportes","category-infraestructuras","category-turismo"],"acf":[],"yoast_head":"<!-- This site is optimized with the Yoast SEO plugin v26.8 - https:\/\/yoast.com\/product\/yoast-seo-wordpress\/ -->\n<title>La poblaci\u00f3n de Gessa estrenar\u00e1 su nuevo gimnasio el martes - Ajuntament de Naut Aran<\/title>\n<meta name=\"robots\" content=\"index, follow, max-snippet:-1, max-image-preview:large, max-video-preview:-1\" \/>\n<link rel=\"canonical\" href=\"https:\/\/www.nautaran.org\/es\/noticias\/la-poblacion-de-gessa-estrenara-su-nuevo-gimnasio-el-martes\/\" \/>\n<meta property=\"og:locale\" content=\"es_ES\" \/>\n<meta property=\"og:type\" content=\"article\" \/>\n<meta property=\"og:title\" content=\"La poblaci\u00f3n de Gessa estrenar\u00e1 su nuevo gimnasio el martes - Ajuntament de Naut Aran\" \/>\n<meta property=\"og:description\" content=\"El Ayuntamiento de Naut Aran inaugurar\u00e1 forma oficial el nuevo gimnasio de Gessa este pr\u00f3ximo martes 6 de abril para las personas empadronadas en el municipio. Tras m\u00e1s de cuatro meses de trabajo y con un presupuesto de 70.000 euros, el consistorio ha reformado \u00edntegramente la sala social del pueblo y la ha readaptado en [&hellip;]\" \/>\n<meta property=\"og:url\" content=\"https:\/\/www.nautaran.org\/es\/noticias\/la-poblacion-de-gessa-estrenara-su-nuevo-gimnasio-el-martes\/\" \/>\n<meta property=\"og:site_name\" content=\"Ajuntament de Naut Aran\" \/>\n<meta property=\"article:published_time\" content=\"2021-04-04T20:18:48+00:00\" \/>\n<meta property=\"article:modified_time\" content=\"2024-09-05T12:41:40+00:00\" \/>\n<meta property=\"og:image\" content=\"https:\/\/www.nautaran.org\/wp-content\/uploads\/2021\/04\/IMG_1545-1024x768.jpg\" \/>\n\t<meta property=\"og:image:width\" content=\"1024\" \/>\n\t<meta property=\"og:image:height\" content=\"768\" \/>\n\t<meta property=\"og:image:type\" content=\"image\/jpeg\" \/>\n<meta name=\"author\" content=\"nautaran\" \/>\n<meta name=\"twitter:card\" content=\"summary_large_image\" \/>\n<meta name=\"twitter:label1\" content=\"Escrito por\" \/>\n\t<meta name=\"twitter:data1\" content=\"nautaran\" \/>\n\t<meta name=\"twitter:label2\" content=\"Tiempo de lectura\" \/>\n\t<meta name=\"twitter:data2\" content=\"2 minutos\" \/>\n<script type=\"application\/ld+json\" class=\"yoast-schema-graph\">{\"@context\":\"https:\/\/schema.org\",\"@graph\":[{\"@type\":\"Article\",\"@id\":\"https:\/\/www.nautaran.org\/es\/noticias\/la-poblacion-de-gessa-estrenara-su-nuevo-gimnasio-el-martes\/#article\",\"isPartOf\":{\"@id\":\"https:\/\/www.nautaran.org\/es\/noticias\/la-poblacion-de-gessa-estrenara-su-nuevo-gimnasio-el-martes\/\"},\"author\":{\"name\":\"nautaran\",\"@id\":\"https:\/\/www.nautaran.org\/#\/schema\/person\/d1534bc0cff9cbd7d1b5cfc12e946a35\"},\"headline\":\"La poblaci\u00f3n de Gessa estrenar\u00e1 su nuevo gimnasio el martes\",\"datePublished\":\"2021-04-04T20:18:48+00:00\",\"dateModified\":\"2024-09-05T12:41:40+00:00\",\"mainEntityOfPage\":{\"@id\":\"https:\/\/www.nautaran.org\/es\/noticias\/la-poblacion-de-gessa-estrenara-su-nuevo-gimnasio-el-martes\/\"},\"wordCount\":402,\"image\":{\"@id\":\"https:\/\/www.nautaran.org\/es\/noticias\/la-poblacion-de-gessa-estrenara-su-nuevo-gimnasio-el-martes\/#primaryimage\"},\"thumbnailUrl\":\"https:\/\/www.nautaran.org\/wp-content\/uploads\/2021\/04\/IMG_1545.jpg\",\"articleSection\":[\"Destacado portada\",\"Noticias\",\"Noticias Pueblo Gessa\",\"Noticias | Acci\u00f3n social\",\"Noticias | Deportes\",\"Noticias | Infraestructuras\",\"Noticias | Turismo\"],\"inLanguage\":\"es\"},{\"@type\":\"WebPage\",\"@id\":\"https:\/\/www.nautaran.org\/es\/noticias\/la-poblacion-de-gessa-estrenara-su-nuevo-gimnasio-el-martes\/\",\"url\":\"https:\/\/www.nautaran.org\/es\/noticias\/la-poblacion-de-gessa-estrenara-su-nuevo-gimnasio-el-martes\/\",\"name\":\"La poblaci\u00f3n de Gessa estrenar\u00e1 su nuevo gimnasio el martes - Ajuntament de Naut Aran\",\"isPartOf\":{\"@id\":\"https:\/\/www.nautaran.org\/#website\"},\"primaryImageOfPage\":{\"@id\":\"https:\/\/www.nautaran.org\/es\/noticias\/la-poblacion-de-gessa-estrenara-su-nuevo-gimnasio-el-martes\/#primaryimage\"},\"image\":{\"@id\":\"https:\/\/www.nautaran.org\/es\/noticias\/la-poblacion-de-gessa-estrenara-su-nuevo-gimnasio-el-martes\/#primaryimage\"},\"thumbnailUrl\":\"https:\/\/www.nautaran.org\/wp-content\/uploads\/2021\/04\/IMG_1545.jpg\",\"datePublished\":\"2021-04-04T20:18:48+00:00\",\"dateModified\":\"2024-09-05T12:41:40+00:00\",\"author\":{\"@id\":\"https:\/\/www.nautaran.org\/#\/schema\/person\/d1534bc0cff9cbd7d1b5cfc12e946a35\"},\"breadcrumb\":{\"@id\":\"https:\/\/www.nautaran.org\/es\/noticias\/la-poblacion-de-gessa-estrenara-su-nuevo-gimnasio-el-martes\/#breadcrumb\"},\"inLanguage\":\"es\",\"potentialAction\":[{\"@type\":\"ReadAction\",\"target\":[\"https:\/\/www.nautaran.org\/es\/noticias\/la-poblacion-de-gessa-estrenara-su-nuevo-gimnasio-el-martes\/\"]}]},{\"@type\":\"ImageObject\",\"inLanguage\":\"es\",\"@id\":\"https:\/\/www.nautaran.org\/es\/noticias\/la-poblacion-de-gessa-estrenara-su-nuevo-gimnasio-el-martes\/#primaryimage\",\"url\":\"https:\/\/www.nautaran.org\/wp-content\/uploads\/2021\/04\/IMG_1545.jpg\",\"contentUrl\":\"https:\/\/www.nautaran.org\/wp-content\/uploads\/2021\/04\/IMG_1545.jpg\",\"width\":4032,\"height\":3024},{\"@type\":\"BreadcrumbList\",\"@id\":\"https:\/\/www.nautaran.org\/es\/noticias\/la-poblacion-de-gessa-estrenara-su-nuevo-gimnasio-el-martes\/#breadcrumb\",\"itemListElement\":[{\"@type\":\"ListItem\",\"position\":1,\"name\":\"Portada\",\"item\":\"https:\/\/www.nautaran.org\/es\/home-2\/\"},{\"@type\":\"ListItem\",\"position\":2,\"name\":\"La poblaci\u00f3n de Gessa estrenar\u00e1 su nuevo gimnasio el martes\"}]},{\"@type\":\"WebSite\",\"@id\":\"https:\/\/www.nautaran.org\/#website\",\"url\":\"https:\/\/www.nautaran.org\/\",\"name\":\"Ajuntament de Naut Aran\",\"description\":\"Naut Aran\",\"potentialAction\":[{\"@type\":\"SearchAction\",\"target\":{\"@type\":\"EntryPoint\",\"urlTemplate\":\"https:\/\/www.nautaran.org\/?s={search_term_string}\"},\"query-input\":{\"@type\":\"PropertyValueSpecification\",\"valueRequired\":true,\"valueName\":\"search_term_string\"}}],\"inLanguage\":\"es\"},{\"@type\":\"Person\",\"@id\":\"https:\/\/www.nautaran.org\/#\/schema\/person\/d1534bc0cff9cbd7d1b5cfc12e946a35\",\"name\":\"nautaran\",\"image\":{\"@type\":\"ImageObject\",\"inLanguage\":\"es\",\"@id\":\"https:\/\/www.nautaran.org\/#\/schema\/person\/image\/\",\"url\":\"https:\/\/secure.gravatar.com\/avatar\/80a09b1f8ae692a4acce17816a6597a844f3f59cda069b47a176c85e26e41c03?s=96&d=mm&r=g\",\"contentUrl\":\"https:\/\/secure.gravatar.com\/avatar\/80a09b1f8ae692a4acce17816a6597a844f3f59cda069b47a176c85e26e41c03?s=96&d=mm&r=g\",\"caption\":\"nautaran\"},\"url\":\"https:\/\/www.nautaran.org\/es\/author\/nautaran\/\"}]}<\/script>\n<!-- \/ Yoast SEO plugin. -->","yoast_head_json":{"title":"La poblaci\u00f3n de Gessa estrenar\u00e1 su nuevo gimnasio el martes - Ajuntament de Naut Aran","robots":{"index":"index","follow":"follow","max-snippet":"max-snippet:-1","max-image-preview":"max-image-preview:large","max-video-preview":"max-video-preview:-1"},"canonical":"https:\/\/www.nautaran.org\/es\/noticias\/la-poblacion-de-gessa-estrenara-su-nuevo-gimnasio-el-martes\/","og_locale":"es_ES","og_type":"article","og_title":"La poblaci\u00f3n de Gessa estrenar\u00e1 su nuevo gimnasio el martes - Ajuntament de Naut Aran","og_description":"El Ayuntamiento de Naut Aran inaugurar\u00e1 forma oficial el nuevo gimnasio de Gessa este pr\u00f3ximo martes 6 de abril para las personas empadronadas en el municipio. Tras m\u00e1s de cuatro meses de trabajo y con un presupuesto de 70.000 euros, el consistorio ha reformado \u00edntegramente la sala social del pueblo y la ha readaptado en [&hellip;]","og_url":"https:\/\/www.nautaran.org\/es\/noticias\/la-poblacion-de-gessa-estrenara-su-nuevo-gimnasio-el-martes\/","og_site_name":"Ajuntament de Naut Aran","article_published_time":"2021-04-04T20:18:48+00:00","article_modified_time":"2024-09-05T12:41:40+00:00","og_image":[{"width":1024,"height":768,"url":"https:\/\/www.nautaran.org\/wp-content\/uploads\/2021\/04\/IMG_1545-1024x768.jpg","type":"image\/jpeg"}],"author":"nautaran","twitter_card":"summary_large_image","twitter_misc":{"Escrito por":"nautaran","Tiempo de lectura":"2 minutos"},"schema":{"@context":"https:\/\/schema.org","@graph":[{"@type":"Article","@id":"https:\/\/www.nautaran.org\/es\/noticias\/la-poblacion-de-gessa-estrenara-su-nuevo-gimnasio-el-martes\/#article","isPartOf":{"@id":"https:\/\/www.nautaran.org\/es\/noticias\/la-poblacion-de-gessa-estrenara-su-nuevo-gimnasio-el-martes\/"},"author":{"name":"nautaran","@id":"https:\/\/www.nautaran.org\/#\/schema\/person\/d1534bc0cff9cbd7d1b5cfc12e946a35"},"headline":"La poblaci\u00f3n de Gessa estrenar\u00e1 su nuevo gimnasio el martes","datePublished":"2021-04-04T20:18:48+00:00","dateModified":"2024-09-05T12:41:40+00:00","mainEntityOfPage":{"@id":"https:\/\/www.nautaran.org\/es\/noticias\/la-poblacion-de-gessa-estrenara-su-nuevo-gimnasio-el-martes\/"},"wordCount":402,"image":{"@id":"https:\/\/www.nautaran.org\/es\/noticias\/la-poblacion-de-gessa-estrenara-su-nuevo-gimnasio-el-martes\/#primaryimage"},"thumbnailUrl":"https:\/\/www.nautaran.org\/wp-content\/uploads\/2021\/04\/IMG_1545.jpg","articleSection":["Destacado portada","Noticias","Noticias Pueblo Gessa","Noticias | Acci\u00f3n social","Noticias | Deportes","Noticias | Infraestructuras","Noticias | Turismo"],"inLanguage":"es"},{"@type":"WebPage","@id":"https:\/\/www.nautaran.org\/es\/noticias\/la-poblacion-de-gessa-estrenara-su-nuevo-gimnasio-el-martes\/","url":"https:\/\/www.nautaran.org\/es\/noticias\/la-poblacion-de-gessa-estrenara-su-nuevo-gimnasio-el-martes\/","name":"La poblaci\u00f3n de Gessa estrenar\u00e1 su nuevo gimnasio el martes - Ajuntament de Naut Aran","isPartOf":{"@id":"https:\/\/www.nautaran.org\/#website"},"primaryImageOfPage":{"@id":"https:\/\/www.nautaran.org\/es\/noticias\/la-poblacion-de-gessa-estrenara-su-nuevo-gimnasio-el-martes\/#primaryimage"},"image":{"@id":"https:\/\/www.nautaran.org\/es\/noticias\/la-poblacion-de-gessa-estrenara-su-nuevo-gimnasio-el-martes\/#primaryimage"},"thumbnailUrl":"https:\/\/www.nautaran.org\/wp-content\/uploads\/2021\/04\/IMG_1545.jpg","datePublished":"2021-04-04T20:18:48+00:00","dateModified":"2024-09-05T12:41:40+00:00","author":{"@id":"https:\/\/www.nautaran.org\/#\/schema\/person\/d1534bc0cff9cbd7d1b5cfc12e946a35"},"breadcrumb":{"@id":"https:\/\/www.nautaran.org\/es\/noticias\/la-poblacion-de-gessa-estrenara-su-nuevo-gimnasio-el-martes\/#breadcrumb"},"inLanguage":"es","potentialAction":[{"@type":"ReadAction","target":["https:\/\/www.nautaran.org\/es\/noticias\/la-poblacion-de-gessa-estrenara-su-nuevo-gimnasio-el-martes\/"]}]},{"@type":"ImageObject","inLanguage":"es","@id":"https:\/\/www.nautaran.org\/es\/noticias\/la-poblacion-de-gessa-estrenara-su-nuevo-gimnasio-el-martes\/#primaryimage","url":"https:\/\/www.nautaran.org\/wp-content\/uploads\/2021\/04\/IMG_1545.jpg","contentUrl":"https:\/\/www.nautaran.org\/wp-content\/uploads\/2021\/04\/IMG_1545.jpg","width":4032,"height":3024},{"@type":"BreadcrumbList","@id":"https:\/\/www.nautaran.org\/es\/noticias\/la-poblacion-de-gessa-estrenara-su-nuevo-gimnasio-el-martes\/#breadcrumb","itemListElement":[{"@type":"ListItem","position":1,"name":"Portada","item":"https:\/\/www.nautaran.org\/es\/home-2\/"},{"@type":"ListItem","position":2,"name":"La poblaci\u00f3n de Gessa estrenar\u00e1 su nuevo gimnasio el martes"}]},{"@type":"WebSite","@id":"https:\/\/www.nautaran.org\/#website","url":"https:\/\/www.nautaran.org\/","name":"Ajuntament de Naut Aran","description":"Naut Aran","potentialAction":[{"@type":"SearchAction","target":{"@type":"EntryPoint","urlTemplate":"https:\/\/www.nautaran.org\/?s={search_term_string}"},"query-input":{"@type":"PropertyValueSpecification","valueRequired":true,"valueName":"search_term_string"}}],"inLanguage":"es"},{"@type":"Person","@id":"https:\/\/www.nautaran.org\/#\/schema\/person\/d1534bc0cff9cbd7d1b5cfc12e946a35","name":"nautaran","image":{"@type":"ImageObject","inLanguage":"es","@id":"https:\/\/www.nautaran.org\/#\/schema\/person\/image\/","url":"https:\/\/secure.gravatar.com\/avatar\/80a09b1f8ae692a4acce17816a6597a844f3f59cda069b47a176c85e26e41c03?s=96&d=mm&r=g","contentUrl":"https:\/\/secure.gravatar.com\/avatar\/80a09b1f8ae692a4acce17816a6597a844f3f59cda069b47a176c85e26e41c03?s=96&d=mm&r=g","caption":"nautaran"},"url":"https:\/\/www.nautaran.org\/es\/author\/nautaran\/"}]}},"_links":{"self":[{"href":"https:\/\/www.nautaran.org\/es\/wp-json\/wp\/v2\/posts\/8203","targetHints":{"allow":["GET"]}}],"collection":[{"href":"https:\/\/www.nautaran.org\/es\/wp-json\/wp\/v2\/posts"}],"about":[{"href":"https:\/\/www.nautaran.org\/es\/wp-json\/wp\/v2\/types\/post"}],"author":[{"embeddable":true,"href":"https:\/\/www.nautaran.org\/es\/wp-json\/wp\/v2\/users\/4"}],"replies":[{"embeddable":true,"href":"https:\/\/www.nautaran.org\/es\/wp-json\/wp\/v2\/comments?post=8203"}],"version-history":[{"count":1,"href":"https:\/\/www.nautaran.org\/es\/wp-json\/wp\/v2\/posts\/8203\/revisions"}],"predecessor-version":[{"id":8243,"href":"https:\/\/www.nautaran.org\/es\/wp-json\/wp\/v2\/posts\/8203\/revisions\/8243"}],"wp:featuredmedia":[{"embeddable":true,"href":"https:\/\/www.nautaran.org\/es\/wp-json\/wp\/v2\/media\/8213"}],"wp:attachment":[{"href":"https:\/\/www.nautaran.org\/es\/wp-json\/wp\/v2\/media?parent=8203"}],"wp:term":[{"taxonomy":"category","embeddable":true,"href":"https:\/\/www.nautaran.org\/es\/wp-json\/wp\/v2\/categories?post=8203"},{"taxonomy":"post_tag","embeddable":true,"href":"https:\/\/www.nautaran.org\/es\/wp-json\/wp\/v2\/tags?post=8203"}],"curies":[{"name":"wp","href":"https:\/\/api.w.org\/{rel}","templated":true}]}}